{"id":11159,"date":"2026-04-30T22:02:41","date_gmt":"2026-04-30T22:02:41","guid":{"rendered":"https:\/\/bladnanews.com\/infantino-officially-opposes-moving-iran-matches-from-us\/"},"modified":"2026-04-30T22:02:41","modified_gmt":"2026-04-30T22:02:41","slug":"infantino-soppose-officiellement-au-deplacement-des-matchs-de-liran-hors-des-etats-unis","status":"publish","type":"post","link":"https:\/\/bladnanews.com\/fr\/infantino-soppose-officiellement-au-deplacement-des-matchs-de-liran-hors-des-etats-unis\/","title":{"rendered":"Infantino s'oppose officiellement au d\u00e9placement des matchs de l'Iran depuis les \u00c9tats-Unis"},"content":{"rendered":"<p>Le pr\u00e9sident de la FIFA, Gianni Infantino, a officiellement annonc\u00e9 son opposition \u00e0 toute proposition visant \u00e0 d\u00e9placer les matchs de l'Iran hors des \u00c9tats-Unis, mettant ainsi fin aux sp\u00e9culations croissantes concernant un \u00e9ventuel changement de lieu.<\/p>\n<p>Dans un communiqu\u00e9 publi\u00e9 mardi, Infantino a confirm\u00e9 que les matchs pr\u00e9vus sur le sol am\u00e9ricain se d\u00e9rouleraient comme initialement pr\u00e9vu. Cette d\u00e9cision intervient apr\u00e8s des semaines de discussions sur les tensions politiques entourant la participation de la R\u00e9publique islamique d'Iran aux comp\u00e9titions internationales organis\u00e9es aux \u00c9tats-Unis.<\/p>\n<p>\u201c Les matchs se joueront aux \u00c9tats-Unis comme pr\u00e9vu \u201d, a d\u00e9clar\u00e9 Infantino dans son communiqu\u00e9 officiel. \u201c Il n'y a aucune raison de les d\u00e9placer. Le football doit rester s\u00e9par\u00e9 de la politique. \u201d<\/p>\n<p>Les d\u00e9clarations du pr\u00e9sident de la FIFA mettent fin aux rumeurs qui circulaient ces derniers jours, selon lesquelles les rencontres de l'Iran pourraient \u00eatre relocalis\u00e9es dans un lieu neutre en raison des tensions diplomatiques entre T\u00e9h\u00e9ran et Washington. Plusieurs m\u00e9dias avaient rapport\u00e9 que des responsables iraniens faisaient pression pour un changement de lieu, invoquant des pr\u00e9occupations concernant les questions de visa et la s\u00e9curit\u00e9 de leur d\u00e9l\u00e9gation.<\/p>\n<p>Infantino a toutefois pr\u00e9cis\u00e9 que la FIFA n'acc\u00e9derait pas \u00e0 une telle demande. Il a soulign\u00e9 que le calendrier du tournoi et l'attribution des lieux avaient \u00e9t\u00e9 convenus bien \u00e0 l'avance et que tout changement de derni\u00e8re minute perturberait l'int\u00e9grit\u00e9 de la comp\u00e9tition.<\/p>\n<p>\u201c Nous avons un calendrier clair et un pays h\u00f4te clair \u201d, a ajout\u00e9 Infantino. \u201c Toutes les \u00e9quipes participantes, y compris l'Iran, ont accept\u00e9 ces conditions. Nous ne rouvrirons pas cette discussion. \u201d<\/p>\n<p>Cette d\u00e9cision constitue un coup dur pour les autorit\u00e9s footballistiques iraniennes, qui esp\u00e9raient obtenir un lieu neutre pour les matchs de leur \u00e9quipe nationale. Des sources proches de la F\u00e9d\u00e9ration iranienne de football avaient pr\u00e9c\u00e9demment indiqu\u00e9 qu'elles exploraient des options pour jouer en dehors des \u00c9tats-Unis, invoquant ce qu'elles d\u00e9crivaient comme une \u201c pression politique sans pr\u00e9c\u00e9dent \u201d.\u201d<\/p>\n<p>Malgr\u00e9 ces efforts, la position ferme d'Infantino ne laisse \u00e0 l'Iran d'autre alternative que de se rendre aux \u00c9tats-Unis pour ses prochaines rencontres. Le premier de ces matchs est pr\u00e9vu pour juin 2026, dans le cadre de la phase de groupes de la Coupe du Monde de la FIFA.<\/p>\n<p>L'Iran a \u00e9t\u00e9 plac\u00e9 dans le Groupe B aux c\u00f4t\u00e9s de l'Angleterre, des \u00c9tats-Unis et d'un vainqueur de barrage encore \u00e0 d\u00e9terminer. Le match contre les \u00c9tats-Unis, en particulier, suscite une attention politique intense, compte tenu des tensions de longue date entre les deux nations.<\/p>\n<p>La d\u00e9claration d'Infantino devrait apaiser les inqui\u00e9tudes parmi les organisateurs du tournoi et les villes h\u00f4tes, qui craignaient qu'un changement de lieu ne cr\u00e9e un chaos logistique. Les \u00c9tats-Unis co-organisent la Coupe du Monde 2026 aux c\u00f4t\u00e9s du Canada et du Mexique, et toute relocalisation de matchs aurait n\u00e9cessit\u00e9 des ajustements importants au calendrier et aux infrastructures.<\/p>\n<p>Pour l'instant, la participation de l'Iran aux \u00c9tats-Unis reste confirm\u00e9e, et tous les regards seront tourn\u00e9s vers les dynamiques politiques et sportives qui se d\u00e9rouleront \u00e0 l'approche du tournoi.<\/p>","protected":false},"excerpt":{"rendered":"<p>FIFA President Gianni Infantino has officially announced his opposition to any proposal to move Iran&#8217;s matches away from the United [&hellip;]<\/p>\n","protected":false},"author":3,"featured_media":11158,"comment_status":"","ping_status":"open","sticky":false,"template":"","format":"standard","meta":{"googlesitekit_rrm_CAow_uzEDA:productID":"","site-sidebar-layout":"default","site-content-layout":"","ast-site-content-layout":"default","site-content-style":"default","site-sidebar-style":"default","ast-global-header-display":"","ast-banner-title-visibility":"","ast-main-header-display":"","ast-hfb-above-header-display":"","ast-hfb-below-header-display":"","ast-hfb-mobile-header-display":"","site-post-title":"","ast-breadcrumbs-content":"","ast-featured-img":"","footer-sml-layout":"","ast-disable-related-posts":"","theme-transparent-header-meta":"","adv-header-id-meta":"","stick-header-meta":"","header-above-stick-meta":"","header-main-stick-meta":"","header-below-stick-meta":"","astra-migrate-meta-layouts":"default","ast-page-background-enabled":"default","ast-page-background-meta":{"desktop":{"background-color":"var(--ast-global-color-5)","background-image":"","background-repeat":"repeat","background-position":"center center","background-size":"auto","background-attachment":"scroll","background-type":"","background-media":"","overlay-type":"","overlay-color":"","overlay-opacity":"","overlay-gradient":""},"tablet":{"background-color":"","background-image":"","background-repeat":"repeat","background-position":"center center","background-size":"auto","background-attachment":"scroll","background-type":"","background-media":"","overlay-type":"","overlay-color":"","overlay-opacity":"","overlay-gradient":""},"mobile":{"background-color":"","background-image":"","background-repeat":"repeat","background-position":"center center","background-size":"auto","background-attachment":"scroll","background-type":"","background-media":"","overlay-type":"","overlay-color":"","overlay-opacity":"","overlay-gradient":""}},"ast-content-background-meta":{"desktop":{"background-color":"var(--ast-global-color-4)","background-image":"","background-repeat":"repeat","background-position":"center center","background-size":"auto","background-attachment":"scroll","background-type":"","background-media":"","overlay-type":"","overlay-color":"","overlay-opacity":"","overlay-gradient":""},"tablet":{"background-color":"var(--ast-global-color-4)","background-image":"","background-repeat":"repeat","background-position":"center center","background-size":"auto","background-attachment":"scroll","background-type":"","background-media":"","overlay-type":"","overlay-color":"","overlay-opacity":"","overlay-gradient":""},"mobile":{"background-color":"var(--ast-global-color-4)","background-image":"","background-repeat":"repeat","background-position":"center center","background-size":"auto","background-attachment":"scroll","background-type":"","background-media":"","overlay-type":"","overlay-color":"","overlay-opacity":"","overlay-gradient":""}},"footnotes":""},"categories":[20,1],"tags":[],"class_list":["post-11159","post","type-post","status-publish","format-standard","has-post-thumbnail","hentry","category-international","category-football-latest-news"],"yoast_head":"<!-- This site is optimized with the Yoast SEO Premium plugin v26.6 (Yoast SEO v27.5) - https:\/\/yoast.com\/product\/yoast-seo-premium-wordpress\/ -->\n<title>Infantino officially opposes moving Iran matches from US - Bladna News<\/title>\n<meta name=\"robots\" content=\"index, follow, max-snippet:-1, max-image-preview:large, max-video-preview:-1\" \/>\n<link rel=\"canonical\" href=\"https:\/\/bladnanews.com\/fr\/infantino-soppose-officiellement-au-deplacement-des-matchs-de-liran-hors-des-etats-unis\/\" \/>\n<meta property=\"og:locale\" content=\"fr_FR\" \/>\n<meta property=\"og:type\" content=\"article\" \/>\n<meta property=\"og:title\" content=\"Infantino officially opposes moving Iran matches from US\" \/>\n<meta property=\"og:description\" content=\"FIFA President Gianni Infantino has officially announced his opposition to any proposal to move Iran&#8217;s matches away from the United [&hellip;]\" \/>\n<meta property=\"og:url\" content=\"https:\/\/bladnanews.com\/fr\/infantino-soppose-officiellement-au-deplacement-des-matchs-de-liran-hors-des-etats-unis\/\" \/>\n<meta property=\"og:site_name\" content=\"Bladna News\" \/>\n<meta property=\"article:published_time\" content=\"2026-04-30T22:02:41+00:00\" \/>\n<meta property=\"og:image\" content=\"https:\/\/bladnanews.com\/wp-content\/uploads\/2025\/12\/freepik__bladna-newscom-moroccan-soccer-homepage-banner-mor__41838.png\" \/>\n\t<meta property=\"og:image:width\" content=\"1312\" \/>\n\t<meta property=\"og:image:height\" content=\"736\" \/>\n\t<meta property=\"og:image:type\" content=\"image\/png\" \/>\n<meta name=\"author\" content=\"Bladna News Staff\" \/>\n<meta name=\"twitter:card\" content=\"summary_large_image\" \/>\n<meta name=\"twitter:label1\" content=\"\u00c9crit par\" \/>\n\t<meta name=\"twitter:data1\" content=\"Bladna News Staff\" \/>\n\t<meta name=\"twitter:label2\" content=\"Dur\u00e9e de lecture estim\u00e9e\" \/>\n\t<meta name=\"twitter:data2\" content=\"2 minutes\" \/>\n<script type=\"application\/ld+json\" class=\"yoast-schema-graph\">{\"@context\":\"https:\\\/\\\/schema.org\",\"@graph\":[{\"@type\":\"Article\",\"@id\":\"https:\\\/\\\/bladnanews.com\\\/infantino-officially-opposes-moving-iran-matches-from-us\\\/#article\",\"isPartOf\":{\"@id\":\"https:\\\/\\\/bladnanews.com\\\/infantino-officially-opposes-moving-iran-matches-from-us\\\/\"},\"author\":{\"name\":\"Bladna News Staff\",\"@id\":\"https:\\\/\\\/mediumseagreen-eel-531711.hostingersite.com\\\/#\\\/schema\\\/person\\\/268e18a453ab080ebf76df6ef7845083\"},\"headline\":\"Infantino officially opposes moving Iran matches from US\",\"datePublished\":\"2026-04-30T22:02:41+00:00\",\"mainEntityOfPage\":{\"@id\":\"https:\\\/\\\/bladnanews.com\\\/infantino-officially-opposes-moving-iran-matches-from-us\\\/\"},\"wordCount\":468,\"publisher\":{\"@id\":\"https:\\\/\\\/mediumseagreen-eel-531711.hostingersite.com\\\/#organization\"},\"image\":{\"@id\":\"https:\\\/\\\/bladnanews.com\\\/infantino-officially-opposes-moving-iran-matches-from-us\\\/#primaryimage\"},\"thumbnailUrl\":\"https:\\\/\\\/bladnanews.com\\\/wp-content\\\/uploads\\\/2026\\\/05\\\/s889371a67c05d47c08202b5723f3b60bde8e7125-ipad.jpg.jpg\",\"articleSection\":[\"International\",\"Latest News\"],\"inLanguage\":\"fr-FR\",\"copyrightYear\":\"2026\",\"copyrightHolder\":{\"@id\":\"https:\\\/\\\/bladnanews.com\\\/fr\\\/#organization\"}},{\"@type\":\"WebPage\",\"@id\":\"https:\\\/\\\/bladnanews.com\\\/infantino-officially-opposes-moving-iran-matches-from-us\\\/\",\"url\":\"https:\\\/\\\/bladnanews.com\\\/infantino-officially-opposes-moving-iran-matches-from-us\\\/\",\"name\":\"Infantino officially opposes moving Iran matches from US - Bladna News\",\"isPartOf\":{\"@id\":\"https:\\\/\\\/mediumseagreen-eel-531711.hostingersite.com\\\/#website\"},\"primaryImageOfPage\":{\"@id\":\"https:\\\/\\\/bladnanews.com\\\/infantino-officially-opposes-moving-iran-matches-from-us\\\/#primaryimage\"},\"image\":{\"@id\":\"https:\\\/\\\/bladnanews.com\\\/infantino-officially-opposes-moving-iran-matches-from-us\\\/#primaryimage\"},\"thumbnailUrl\":\"https:\\\/\\\/bladnanews.com\\\/wp-content\\\/uploads\\\/2026\\\/05\\\/s889371a67c05d47c08202b5723f3b60bde8e7125-ipad.jpg.jpg\",\"datePublished\":\"2026-04-30T22:02:41+00:00\",\"breadcrumb\":{\"@id\":\"https:\\\/\\\/bladnanews.com\\\/infantino-officially-opposes-moving-iran-matches-from-us\\\/#breadcrumb\"},\"inLanguage\":\"fr-FR\",\"potentialAction\":[{\"@type\":\"ReadAction\",\"target\":[\"https:\\\/\\\/bladnanews.com\\\/infantino-officially-opposes-moving-iran-matches-from-us\\\/\"]}]},{\"@type\":\"ImageObject\",\"inLanguage\":\"fr-FR\",\"@id\":\"https:\\\/\\\/bladnanews.com\\\/infantino-officially-opposes-moving-iran-matches-from-us\\\/#primaryimage\",\"url\":\"https:\\\/\\\/bladnanews.com\\\/wp-content\\\/uploads\\\/2026\\\/05\\\/s889371a67c05d47c08202b5723f3b60bde8e7125-ipad.jpg.jpg\",\"contentUrl\":\"https:\\\/\\\/bladnanews.com\\\/wp-content\\\/uploads\\\/2026\\\/05\\\/s889371a67c05d47c08202b5723f3b60bde8e7125-ipad.jpg.jpg\",\"width\":1536,\"height\":864,\"caption\":\"Infantino officially opposes moving Iran matches from US\"},{\"@type\":\"BreadcrumbList\",\"@id\":\"https:\\\/\\\/bladnanews.com\\\/infantino-officially-opposes-moving-iran-matches-from-us\\\/#breadcrumb\",\"itemListElement\":[{\"@type\":\"ListItem\",\"position\":1,\"name\":\"Home\",\"item\":\"https:\\\/\\\/bladnanews.com\\\/\"},{\"@type\":\"ListItem\",\"position\":2,\"name\":\"Infantino officially opposes moving Iran matches from US\"}]},{\"@type\":\"WebSite\",\"@id\":\"https:\\\/\\\/mediumseagreen-eel-531711.hostingersite.com\\\/#website\",\"url\":\"https:\\\/\\\/mediumseagreen-eel-531711.hostingersite.com\\\/\",\"name\":\"Bladna News - Morocco\",\"description\":\"Where Moroccan Football Meets the World\",\"publisher\":{\"@id\":\"https:\\\/\\\/mediumseagreen-eel-531711.hostingersite.com\\\/#organization\"},\"potentialAction\":[{\"@type\":\"SearchAction\",\"target\":{\"@type\":\"EntryPoint\",\"urlTemplate\":\"https:\\\/\\\/mediumseagreen-eel-531711.hostingersite.com\\\/?s={search_term_string}\"},\"query-input\":{\"@type\":\"PropertyValueSpecification\",\"valueRequired\":true,\"valueName\":\"search_term_string\"}}],\"inLanguage\":\"fr-FR\"},{\"@type\":\"Organization\",\"@id\":\"https:\\\/\\\/mediumseagreen-eel-531711.hostingersite.com\\\/#organization\",\"name\":\"Bladna News.com\",\"url\":\"https:\\\/\\\/mediumseagreen-eel-531711.hostingersite.com\\\/\",\"logo\":{\"@type\":\"ImageObject\",\"inLanguage\":\"fr-FR\",\"@id\":\"https:\\\/\\\/mediumseagreen-eel-531711.hostingersite.com\\\/#\\\/schema\\\/logo\\\/image\\\/\",\"url\":\"https:\\\/\\\/bladnanews.com\\\/wp-content\\\/uploads\\\/2025\\\/12\\\/logo-bladnanews-V2-web-black-red.png\",\"contentUrl\":\"https:\\\/\\\/bladnanews.com\\\/wp-content\\\/uploads\\\/2025\\\/12\\\/logo-bladnanews-V2-web-black-red.png\",\"width\":703,\"height\":287,\"caption\":\"Bladna News.com\"},\"image\":{\"@id\":\"https:\\\/\\\/mediumseagreen-eel-531711.hostingersite.com\\\/#\\\/schema\\\/logo\\\/image\\\/\"},\"email\":\"info@bladnanews.com\",\"legalName\":\"Bladna News\"},{\"@type\":\"Person\",\"@id\":\"https:\\\/\\\/mediumseagreen-eel-531711.hostingersite.com\\\/#\\\/schema\\\/person\\\/268e18a453ab080ebf76df6ef7845083\",\"name\":\"Bladna News Staff\",\"url\":\"https:\\\/\\\/bladnanews.com\\\/fr\\\/author\\\/bladna-news-staff\\\/\"}]}<\/script>\n<!-- \/ Yoast SEO Premium plugin. -->","yoast_head_json":{"title":"Infantino s'oppose officiellement au d\u00e9placement des matchs de l'Iran depuis les \u00c9tats-Unis - Bladna News","robots":{"index":"index","follow":"follow","max-snippet":"max-snippet:-1","max-image-preview":"max-image-preview:large","max-video-preview":"max-video-preview:-1"},"canonical":"https:\/\/bladnanews.com\/fr\/infantino-soppose-officiellement-au-deplacement-des-matchs-de-liran-hors-des-etats-unis\/","og_locale":"fr_FR","og_type":"article","og_title":"Infantino officially opposes moving Iran matches from US","og_description":"FIFA President Gianni Infantino has officially announced his opposition to any proposal to move Iran&#8217;s matches away from the United [&hellip;]","og_url":"https:\/\/bladnanews.com\/fr\/infantino-soppose-officiellement-au-deplacement-des-matchs-de-liran-hors-des-etats-unis\/","og_site_name":"Bladna News","article_published_time":"2026-04-30T22:02:41+00:00","og_image":[{"width":1312,"height":736,"url":"https:\/\/bladnanews.com\/wp-content\/uploads\/2025\/12\/freepik__bladna-newscom-moroccan-soccer-homepage-banner-mor__41838.png","type":"image\/png"}],"author":"Bladna News Staff","twitter_card":"summary_large_image","twitter_misc":{"\u00c9crit par":"Bladna News Staff","Dur\u00e9e de lecture estim\u00e9e":"2 minutes"},"schema":{"@context":"https:\/\/schema.org","@graph":[{"@type":"Article","@id":"https:\/\/bladnanews.com\/infantino-officially-opposes-moving-iran-matches-from-us\/#article","isPartOf":{"@id":"https:\/\/bladnanews.com\/infantino-officially-opposes-moving-iran-matches-from-us\/"},"author":{"name":"Bladna News Staff","@id":"https:\/\/mediumseagreen-eel-531711.hostingersite.com\/#\/schema\/person\/268e18a453ab080ebf76df6ef7845083"},"headline":"Infantino officially opposes moving Iran matches from US","datePublished":"2026-04-30T22:02:41+00:00","mainEntityOfPage":{"@id":"https:\/\/bladnanews.com\/infantino-officially-opposes-moving-iran-matches-from-us\/"},"wordCount":468,"publisher":{"@id":"https:\/\/mediumseagreen-eel-531711.hostingersite.com\/#organization"},"image":{"@id":"https:\/\/bladnanews.com\/infantino-officially-opposes-moving-iran-matches-from-us\/#primaryimage"},"thumbnailUrl":"https:\/\/bladnanews.com\/wp-content\/uploads\/2026\/05\/s889371a67c05d47c08202b5723f3b60bde8e7125-ipad.jpg.jpg","articleSection":["International","Latest News"],"inLanguage":"fr-FR","copyrightYear":"2026","copyrightHolder":{"@id":"https:\/\/bladnanews.com\/fr\/#organization"}},{"@type":"WebPage","@id":"https:\/\/bladnanews.com\/infantino-officially-opposes-moving-iran-matches-from-us\/","url":"https:\/\/bladnanews.com\/infantino-officially-opposes-moving-iran-matches-from-us\/","name":"Infantino s'oppose officiellement au d\u00e9placement des matchs de l'Iran depuis les \u00c9tats-Unis - Bladna News","isPartOf":{"@id":"https:\/\/mediumseagreen-eel-531711.hostingersite.com\/#website"},"primaryImageOfPage":{"@id":"https:\/\/bladnanews.com\/infantino-officially-opposes-moving-iran-matches-from-us\/#primaryimage"},"image":{"@id":"https:\/\/bladnanews.com\/infantino-officially-opposes-moving-iran-matches-from-us\/#primaryimage"},"thumbnailUrl":"https:\/\/bladnanews.com\/wp-content\/uploads\/2026\/05\/s889371a67c05d47c08202b5723f3b60bde8e7125-ipad.jpg.jpg","datePublished":"2026-04-30T22:02:41+00:00","breadcrumb":{"@id":"https:\/\/bladnanews.com\/infantino-officially-opposes-moving-iran-matches-from-us\/#breadcrumb"},"inLanguage":"fr-FR","potentialAction":[{"@type":"ReadAction","target":["https:\/\/bladnanews.com\/infantino-officially-opposes-moving-iran-matches-from-us\/"]}]},{"@type":"ImageObject","inLanguage":"fr-FR","@id":"https:\/\/bladnanews.com\/infantino-officially-opposes-moving-iran-matches-from-us\/#primaryimage","url":"https:\/\/bladnanews.com\/wp-content\/uploads\/2026\/05\/s889371a67c05d47c08202b5723f3b60bde8e7125-ipad.jpg.jpg","contentUrl":"https:\/\/bladnanews.com\/wp-content\/uploads\/2026\/05\/s889371a67c05d47c08202b5723f3b60bde8e7125-ipad.jpg.jpg","width":1536,"height":864,"caption":"Infantino officially opposes moving Iran matches from US"},{"@type":"BreadcrumbList","@id":"https:\/\/bladnanews.com\/infantino-officially-opposes-moving-iran-matches-from-us\/#breadcrumb","itemListElement":[{"@type":"ListItem","position":1,"name":"Home","item":"https:\/\/bladnanews.com\/"},{"@type":"ListItem","position":2,"name":"Infantino officially opposes moving Iran matches from US"}]},{"@type":"WebSite","@id":"https:\/\/mediumseagreen-eel-531711.hostingersite.com\/#website","url":"https:\/\/mediumseagreen-eel-531711.hostingersite.com\/","name":"Bladna News - Maroc","description":"Quand le football marocain rencontre le monde","publisher":{"@id":"https:\/\/mediumseagreen-eel-531711.hostingersite.com\/#organization"},"potentialAction":[{"@type":"SearchAction","target":{"@type":"EntryPoint","urlTemplate":"https:\/\/mediumseagreen-eel-531711.hostingersite.com\/?s={search_term_string}"},"query-input":{"@type":"PropertyValueSpecification","valueRequired":true,"valueName":"search_term_string"}}],"inLanguage":"fr-FR"},{"@type":"Organization","@id":"https:\/\/mediumseagreen-eel-531711.hostingersite.com\/#organization","name":"Bladna News.com","url":"https:\/\/mediumseagreen-eel-531711.hostingersite.com\/","logo":{"@type":"ImageObject","inLanguage":"fr-FR","@id":"https:\/\/mediumseagreen-eel-531711.hostingersite.com\/#\/schema\/logo\/image\/","url":"https:\/\/bladnanews.com\/wp-content\/uploads\/2025\/12\/logo-bladnanews-V2-web-black-red.png","contentUrl":"https:\/\/bladnanews.com\/wp-content\/uploads\/2025\/12\/logo-bladnanews-V2-web-black-red.png","width":703,"height":287,"caption":"Bladna News.com"},"image":{"@id":"https:\/\/mediumseagreen-eel-531711.hostingersite.com\/#\/schema\/logo\/image\/"},"email":"info@bladnanews.com","legalName":"Bladna News"},{"@type":"Person","@id":"https:\/\/mediumseagreen-eel-531711.hostingersite.com\/#\/schema\/person\/268e18a453ab080ebf76df6ef7845083","name":"\u00c9quipe r\u00e9dactionnelle de Bladna News","url":"https:\/\/bladnanews.com\/fr\/author\/bladna-news-staff\/"}]}},"_links":{"self":[{"href":"https:\/\/bladnanews.com\/fr\/wp-json\/wp\/v2\/posts\/11159","targetHints":{"allow":["GET"]}}],"collection":[{"href":"https:\/\/bladnanews.com\/fr\/wp-json\/wp\/v2\/posts"}],"about":[{"href":"https:\/\/bladnanews.com\/fr\/wp-json\/wp\/v2\/types\/post"}],"author":[{"embeddable":true,"href":"https:\/\/bladnanews.com\/fr\/wp-json\/wp\/v2\/users\/3"}],"replies":[{"embeddable":true,"href":"https:\/\/bladnanews.com\/fr\/wp-json\/wp\/v2\/comments?post=11159"}],"version-history":[{"count":0,"href":"https:\/\/bladnanews.com\/fr\/wp-json\/wp\/v2\/posts\/11159\/revisions"}],"wp:featuredmedia":[{"embeddable":true,"href":"https:\/\/bladnanews.com\/fr\/wp-json\/wp\/v2\/media\/11158"}],"wp:attachment":[{"href":"https:\/\/bladnanews.com\/fr\/wp-json\/wp\/v2\/media?parent=11159"}],"wp:term":[{"taxonomy":"category","embeddable":true,"href":"https:\/\/bladnanews.com\/fr\/wp-json\/wp\/v2\/categories?post=11159"},{"taxonomy":"post_tag","embeddable":true,"href":"https:\/\/bladnanews.com\/fr\/wp-json\/wp\/v2\/tags?post=11159"}],"curies":[{"name":"wp","href":"https:\/\/api.w.org\/{rel}","templated":true}]}}