{"id":11161,"date":"2026-05-01T11:07:57","date_gmt":"2026-05-01T11:07:57","guid":{"rendered":"https:\/\/bladnanews.com\/arsenal-star-faces-ban-after-comments-about-atletico-referee\/"},"modified":"2026-05-01T11:07:57","modified_gmt":"2026-05-01T11:07:57","slug":"une-star-darsenal-risque-une-suspension-apres-ses-commentaires-sur-larbitre-de-latletico","status":"publish","type":"post","link":"https:\/\/bladnanews.com\/fr\/une-star-darsenal-risque-une-suspension-apres-ses-commentaires-sur-larbitre-de-latletico\/","title":{"rendered":"Une star d'Arsenal risque une suspension apr\u00e8s ses commentaires sur l'arbitre de l'Atl\u00e9tico"},"content":{"rendered":"<p>Une star d'Arsenal risque une suspension potentielle apr\u00e8s ses commentaires explosifs \u00e0 propos de l'arbitre qui a offici\u00e9 lors du r\u00e9cent choc de l'\u00e9quipe contre l'Atl\u00e9tico Madrid. Les propos du joueur, tenus peu apr\u00e8s le coup de sifflet final, ont suscit\u00e9 la controverse et attir\u00e9 l'attention de la commission de discipline de la comp\u00e9tition.<\/p>\n<p>L'incident remonte au match disput\u00e9 le 12 mars 2026, lorsqu'Arsenal a affront\u00e9 l'Atl\u00e9tico Madrid dans une rencontre \u00e0 enjeux \u00e9lev\u00e9s. Le match s'est termin\u00e9 sur un score nul de 1-1, mais le r\u00e9sultat a \u00e9t\u00e9 \u00e9clips\u00e9 par la sortie du joueur apr\u00e8s le match. S'adressant aux journalistes, il a accus\u00e9 l'arbitre de partialit\u00e9 et affirm\u00e9 que plusieurs d\u00e9cisions cl\u00e9s avaient \u00e9t\u00e9 d\u00e9favorables \u00e0 son \u00e9quipe.<\/p>\n<p>\u201c Je n'ai jamais rien vu de tel \u201d, a d\u00e9clar\u00e9 la star d'Arsenal. \u201c L'arbitre a commis des erreurs qui ont chang\u00e9 le match. Ce n'est pas qu'une seule d\u00e9cision, c'\u00e9tait l'ensemble du sch\u00e9ma. Nous avions l'impression de jouer contre bien plus que l'Atl\u00e9tico ce soir. \u201d<\/p>\n<p>Les commentaires ont imm\u00e9diatement \u00e9t\u00e9 signal\u00e9s par les officiels du match et inclus dans le rapport de l'arbitre. Selon des sources proches du club, le joueur a depuis \u00e9t\u00e9 contact\u00e9 par l'instance dirigeante et invit\u00e9 \u00e0 expliquer ses d\u00e9clarations. Une audience formelle devrait avoir lieu dans les dix prochains jours.<\/p>\n<p>Ce n'est pas la premi\u00e8re fois que le joueur est impliqu\u00e9 dans une controverse arbitrale. En novembre 2025, il avait \u00e9t\u00e9 sanctionn\u00e9 d'une amende pour des remarques similaires apr\u00e8s un match de Premier League. Cet incident avait donn\u00e9 lieu \u00e0 un avertissement mais pas \u00e0 une suspension. Cette fois, cependant, la punition pourrait \u00eatre plus s\u00e9v\u00e8re.<\/p>\n<p>L'entra\u00eeneur d'Arsenal, Mikel Arteta, a abord\u00e9 la situation lors de sa conf\u00e9rence de presse d'avant-match vendredi. \u201c Nous sommes conscients de la situation et nous la g\u00e9rons en interne \u201d, a d\u00e9clar\u00e9 Arteta. \u201c Le joueur est \u00e9motif et passionn\u00e9, mais nous devons aussi respecter les officiels. Nous attendrons que la proc\u00e9dure suive son cours. \u201d<\/p>\n<p>Le club n'a pas publi\u00e9 de d\u00e9claration officielle, mais des initi\u00e9s sugg\u00e8rent qu'Arsenal pr\u00e9pare une d\u00e9fense fond\u00e9e sur le droit du joueur \u00e0 exprimer sa frustration dans le feu de l'action. Cependant, la commission de discipline devrait adopter une position ferme, surtout compte tenu des ant\u00e9c\u00e9dents du joueur.<\/p>\n<p>S'il est reconnu coupable, la star d'Arsenal pourrait encourir une suspension allant de deux \u00e0 cinq matchs. Une telle suspension constituerait un coup dur pour la campagne de l'\u00e9quipe, avec des rencontres cruciales tant en championnat qu'en comp\u00e9tition europ\u00e9enne pr\u00e9vues en avril 2026.<\/p>\n<p>Le joueur en question n'a pas fait d'autres commentaires depuis ses premi\u00e8res d\u00e9clarations. Ses co\u00e9quipiers se sont ralli\u00e9s \u00e0 lui, plusieurs d'entre eux ayant publi\u00e9 des messages de soutien sur les r\u00e9seaux sociaux. Mais l'attention se porte d\u00e9sormais sur l'audience, o\u00f9 le sort de l'un des hommes cl\u00e9s d'Arsenal sera d\u00e9cid\u00e9.<\/p>","protected":false},"excerpt":{"rendered":"<p>Arsenal star faces a potential suspension after his explosive comments about the referee who officiated the team\u2019s recent clash with [&hellip;]<\/p>\n","protected":false},"author":3,"featured_media":11160,"comment_status":"","ping_status":"open","sticky":false,"template":"","format":"standard","meta":{"googlesitekit_rrm_CAow_uzEDA:productID":"","site-sidebar-layout":"default","site-content-layout":"","ast-site-content-layout":"default","site-content-style":"default","site-sidebar-style":"default","ast-global-header-display":"","ast-banner-title-visibility":"","ast-main-header-display":"","ast-hfb-above-header-display":"","ast-hfb-below-header-display":"","ast-hfb-mobile-header-display":"","site-post-title":"","ast-breadcrumbs-content":"","ast-featured-img":"","footer-sml-layout":"","ast-disable-related-posts":"","theme-transparent-header-meta":"","adv-header-id-meta":"","stick-header-meta":"","header-above-stick-meta":"","header-main-stick-meta":"","header-below-stick-meta":"","astra-migrate-meta-layouts":"default","ast-page-background-enabled":"default","ast-page-background-meta":{"desktop":{"background-color":"var(--ast-global-color-5)","background-image":"","background-repeat":"repeat","background-position":"center center","background-size":"auto","background-attachment":"scroll","background-type":"","background-media":"","overlay-type":"","overlay-color":"","overlay-opacity":"","overlay-gradient":""},"tablet":{"background-color":"","background-image":"","background-repeat":"repeat","background-position":"center center","background-size":"auto","background-attachment":"scroll","background-type":"","background-media":"","overlay-type":"","overlay-color":"","overlay-opacity":"","overlay-gradient":""},"mobile":{"background-color":"","background-image":"","background-repeat":"repeat","background-position":"center center","background-size":"auto","background-attachment":"scroll","background-type":"","background-media":"","overlay-type":"","overlay-color":"","overlay-opacity":"","overlay-gradient":""}},"ast-content-background-meta":{"desktop":{"background-color":"var(--ast-global-color-4)","background-image":"","background-repeat":"repeat","background-position":"center center","background-size":"auto","background-attachment":"scroll","background-type":"","background-media":"","overlay-type":"","overlay-color":"","overlay-opacity":"","overlay-gradient":""},"tablet":{"background-color":"var(--ast-global-color-4)","background-image":"","background-repeat":"repeat","background-position":"center center","background-size":"auto","background-attachment":"scroll","background-type":"","background-media":"","overlay-type":"","overlay-color":"","overlay-opacity":"","overlay-gradient":""},"mobile":{"background-color":"var(--ast-global-color-4)","background-image":"","background-repeat":"repeat","background-position":"center center","background-size":"auto","background-attachment":"scroll","background-type":"","background-media":"","overlay-type":"","overlay-color":"","overlay-opacity":"","overlay-gradient":""}},"footnotes":""},"categories":[20,1],"tags":[],"class_list":["post-11161","post","type-post","status-publish","format-standard","has-post-thumbnail","hentry","category-international","category-football-latest-news"],"yoast_head":"<!-- This site is optimized with the Yoast SEO Premium plugin v26.6 (Yoast SEO v27.5) - https:\/\/yoast.com\/product\/yoast-seo-premium-wordpress\/ -->\n<title>Arsenal star faces ban after comments about Atletico referee - Bladna News<\/title>\n<meta name=\"robots\" content=\"index, follow, max-snippet:-1, max-image-preview:large, max-video-preview:-1\" \/>\n<link rel=\"canonical\" href=\"https:\/\/bladnanews.com\/fr\/une-star-darsenal-risque-une-suspension-apres-ses-commentaires-sur-larbitre-de-latletico\/\" \/>\n<meta property=\"og:locale\" content=\"fr_FR\" \/>\n<meta property=\"og:type\" content=\"article\" \/>\n<meta property=\"og:title\" content=\"Arsenal star faces ban after comments about Atletico referee\" \/>\n<meta property=\"og:description\" content=\"Arsenal star faces a potential suspension after his explosive comments about the referee who officiated the team\u2019s recent clash with [&hellip;]\" \/>\n<meta property=\"og:url\" content=\"https:\/\/bladnanews.com\/fr\/une-star-darsenal-risque-une-suspension-apres-ses-commentaires-sur-larbitre-de-latletico\/\" \/>\n<meta property=\"og:site_name\" content=\"Bladna News\" \/>\n<meta property=\"article:published_time\" content=\"2026-05-01T11:07:57+00:00\" \/>\n<meta property=\"og:image\" content=\"https:\/\/bladnanews.com\/wp-content\/uploads\/2025\/12\/freepik__bladna-newscom-moroccan-soccer-homepage-banner-mor__41838.png\" \/>\n\t<meta property=\"og:image:width\" content=\"1312\" \/>\n\t<meta property=\"og:image:height\" content=\"736\" \/>\n\t<meta property=\"og:image:type\" content=\"image\/png\" \/>\n<meta name=\"author\" content=\"Bladna News Staff\" \/>\n<meta name=\"twitter:card\" content=\"summary_large_image\" \/>\n<meta name=\"twitter:label1\" content=\"\u00c9crit par\" \/>\n\t<meta name=\"twitter:data1\" content=\"Bladna News Staff\" \/>\n\t<meta name=\"twitter:label2\" content=\"Dur\u00e9e de lecture estim\u00e9e\" \/>\n\t<meta name=\"twitter:data2\" content=\"2 minutes\" \/>\n<script type=\"application\/ld+json\" class=\"yoast-schema-graph\">{\"@context\":\"https:\\\/\\\/schema.org\",\"@graph\":[{\"@type\":\"Article\",\"@id\":\"https:\\\/\\\/bladnanews.com\\\/arsenal-star-faces-ban-after-comments-about-atletico-referee\\\/#article\",\"isPartOf\":{\"@id\":\"https:\\\/\\\/bladnanews.com\\\/arsenal-star-faces-ban-after-comments-about-atletico-referee\\\/\"},\"author\":{\"name\":\"Bladna News Staff\",\"@id\":\"https:\\\/\\\/mediumseagreen-eel-531711.hostingersite.com\\\/#\\\/schema\\\/person\\\/268e18a453ab080ebf76df6ef7845083\"},\"headline\":\"Arsenal star faces ban after comments about Atletico referee\",\"datePublished\":\"2026-05-01T11:07:57+00:00\",\"mainEntityOfPage\":{\"@id\":\"https:\\\/\\\/bladnanews.com\\\/arsenal-star-faces-ban-after-comments-about-atletico-referee\\\/\"},\"wordCount\":440,\"publisher\":{\"@id\":\"https:\\\/\\\/mediumseagreen-eel-531711.hostingersite.com\\\/#organization\"},\"image\":{\"@id\":\"https:\\\/\\\/bladnanews.com\\\/arsenal-star-faces-ban-after-comments-about-atletico-referee\\\/#primaryimage\"},\"thumbnailUrl\":\"https:\\\/\\\/bladnanews.com\\\/wp-content\\\/uploads\\\/2026\\\/05\\\/GettyImages-2273141801.jpg-scaled.jpg\",\"articleSection\":[\"International\",\"Latest News\"],\"inLanguage\":\"fr-FR\",\"copyrightYear\":\"2026\",\"copyrightHolder\":{\"@id\":\"https:\\\/\\\/bladnanews.com\\\/fr\\\/#organization\"}},{\"@type\":\"WebPage\",\"@id\":\"https:\\\/\\\/bladnanews.com\\\/arsenal-star-faces-ban-after-comments-about-atletico-referee\\\/\",\"url\":\"https:\\\/\\\/bladnanews.com\\\/arsenal-star-faces-ban-after-comments-about-atletico-referee\\\/\",\"name\":\"Arsenal star faces ban after comments about Atletico referee - Bladna News\",\"isPartOf\":{\"@id\":\"https:\\\/\\\/mediumseagreen-eel-531711.hostingersite.com\\\/#website\"},\"primaryImageOfPage\":{\"@id\":\"https:\\\/\\\/bladnanews.com\\\/arsenal-star-faces-ban-after-comments-about-atletico-referee\\\/#primaryimage\"},\"image\":{\"@id\":\"https:\\\/\\\/bladnanews.com\\\/arsenal-star-faces-ban-after-comments-about-atletico-referee\\\/#primaryimage\"},\"thumbnailUrl\":\"https:\\\/\\\/bladnanews.com\\\/wp-content\\\/uploads\\\/2026\\\/05\\\/GettyImages-2273141801.jpg-scaled.jpg\",\"datePublished\":\"2026-05-01T11:07:57+00:00\",\"breadcrumb\":{\"@id\":\"https:\\\/\\\/bladnanews.com\\\/arsenal-star-faces-ban-after-comments-about-atletico-referee\\\/#breadcrumb\"},\"inLanguage\":\"fr-FR\",\"potentialAction\":[{\"@type\":\"ReadAction\",\"target\":[\"https:\\\/\\\/bladnanews.com\\\/arsenal-star-faces-ban-after-comments-about-atletico-referee\\\/\"]}]},{\"@type\":\"ImageObject\",\"inLanguage\":\"fr-FR\",\"@id\":\"https:\\\/\\\/bladnanews.com\\\/arsenal-star-faces-ban-after-comments-about-atletico-referee\\\/#primaryimage\",\"url\":\"https:\\\/\\\/bladnanews.com\\\/wp-content\\\/uploads\\\/2026\\\/05\\\/GettyImages-2273141801.jpg-scaled.jpg\",\"contentUrl\":\"https:\\\/\\\/bladnanews.com\\\/wp-content\\\/uploads\\\/2026\\\/05\\\/GettyImages-2273141801.jpg-scaled.jpg\",\"width\":2560,\"height\":1440,\"caption\":\"Arsenal star faces ban after comments about Atletico referee\"},{\"@type\":\"BreadcrumbList\",\"@id\":\"https:\\\/\\\/bladnanews.com\\\/arsenal-star-faces-ban-after-comments-about-atletico-referee\\\/#breadcrumb\",\"itemListElement\":[{\"@type\":\"ListItem\",\"position\":1,\"name\":\"Home\",\"item\":\"https:\\\/\\\/bladnanews.com\\\/\"},{\"@type\":\"ListItem\",\"position\":2,\"name\":\"Arsenal star faces ban after comments about Atletico referee\"}]},{\"@type\":\"WebSite\",\"@id\":\"https:\\\/\\\/mediumseagreen-eel-531711.hostingersite.com\\\/#website\",\"url\":\"https:\\\/\\\/mediumseagreen-eel-531711.hostingersite.com\\\/\",\"name\":\"Bladna News - Morocco\",\"description\":\"Where Moroccan Football Meets the World\",\"publisher\":{\"@id\":\"https:\\\/\\\/mediumseagreen-eel-531711.hostingersite.com\\\/#organization\"},\"potentialAction\":[{\"@type\":\"SearchAction\",\"target\":{\"@type\":\"EntryPoint\",\"urlTemplate\":\"https:\\\/\\\/mediumseagreen-eel-531711.hostingersite.com\\\/?s={search_term_string}\"},\"query-input\":{\"@type\":\"PropertyValueSpecification\",\"valueRequired\":true,\"valueName\":\"search_term_string\"}}],\"inLanguage\":\"fr-FR\"},{\"@type\":\"Organization\",\"@id\":\"https:\\\/\\\/mediumseagreen-eel-531711.hostingersite.com\\\/#organization\",\"name\":\"Bladna News.com\",\"url\":\"https:\\\/\\\/mediumseagreen-eel-531711.hostingersite.com\\\/\",\"logo\":{\"@type\":\"ImageObject\",\"inLanguage\":\"fr-FR\",\"@id\":\"https:\\\/\\\/mediumseagreen-eel-531711.hostingersite.com\\\/#\\\/schema\\\/logo\\\/image\\\/\",\"url\":\"https:\\\/\\\/bladnanews.com\\\/wp-content\\\/uploads\\\/2025\\\/12\\\/logo-bladnanews-V2-web-black-red.png\",\"contentUrl\":\"https:\\\/\\\/bladnanews.com\\\/wp-content\\\/uploads\\\/2025\\\/12\\\/logo-bladnanews-V2-web-black-red.png\",\"width\":703,\"height\":287,\"caption\":\"Bladna News.com\"},\"image\":{\"@id\":\"https:\\\/\\\/mediumseagreen-eel-531711.hostingersite.com\\\/#\\\/schema\\\/logo\\\/image\\\/\"},\"email\":\"info@bladnanews.com\",\"legalName\":\"Bladna News\"},{\"@type\":\"Person\",\"@id\":\"https:\\\/\\\/mediumseagreen-eel-531711.hostingersite.com\\\/#\\\/schema\\\/person\\\/268e18a453ab080ebf76df6ef7845083\",\"name\":\"Bladna News Staff\",\"url\":\"https:\\\/\\\/bladnanews.com\\\/fr\\\/author\\\/bladna-news-staff\\\/\"}]}<\/script>\n<!-- \/ Yoast SEO Premium plugin. -->","yoast_head_json":{"title":"La star d'Arsenal risque une suspension apr\u00e8s ses commentaires sur l'arbitre de l'Atl\u00e9tico - Bladna News","robots":{"index":"index","follow":"follow","max-snippet":"max-snippet:-1","max-image-preview":"max-image-preview:large","max-video-preview":"max-video-preview:-1"},"canonical":"https:\/\/bladnanews.com\/fr\/une-star-darsenal-risque-une-suspension-apres-ses-commentaires-sur-larbitre-de-latletico\/","og_locale":"fr_FR","og_type":"article","og_title":"Arsenal star faces ban after comments about Atletico referee","og_description":"Arsenal star faces a potential suspension after his explosive comments about the referee who officiated the team\u2019s recent clash with [&hellip;]","og_url":"https:\/\/bladnanews.com\/fr\/une-star-darsenal-risque-une-suspension-apres-ses-commentaires-sur-larbitre-de-latletico\/","og_site_name":"Bladna News","article_published_time":"2026-05-01T11:07:57+00:00","og_image":[{"width":1312,"height":736,"url":"https:\/\/bladnanews.com\/wp-content\/uploads\/2025\/12\/freepik__bladna-newscom-moroccan-soccer-homepage-banner-mor__41838.png","type":"image\/png"}],"author":"Bladna News Staff","twitter_card":"summary_large_image","twitter_misc":{"\u00c9crit par":"Bladna News Staff","Dur\u00e9e de lecture estim\u00e9e":"2 minutes"},"schema":{"@context":"https:\/\/schema.org","@graph":[{"@type":"Article","@id":"https:\/\/bladnanews.com\/arsenal-star-faces-ban-after-comments-about-atletico-referee\/#article","isPartOf":{"@id":"https:\/\/bladnanews.com\/arsenal-star-faces-ban-after-comments-about-atletico-referee\/"},"author":{"name":"Bladna News Staff","@id":"https:\/\/mediumseagreen-eel-531711.hostingersite.com\/#\/schema\/person\/268e18a453ab080ebf76df6ef7845083"},"headline":"Arsenal star faces ban after comments about Atletico referee","datePublished":"2026-05-01T11:07:57+00:00","mainEntityOfPage":{"@id":"https:\/\/bladnanews.com\/arsenal-star-faces-ban-after-comments-about-atletico-referee\/"},"wordCount":440,"publisher":{"@id":"https:\/\/mediumseagreen-eel-531711.hostingersite.com\/#organization"},"image":{"@id":"https:\/\/bladnanews.com\/arsenal-star-faces-ban-after-comments-about-atletico-referee\/#primaryimage"},"thumbnailUrl":"https:\/\/bladnanews.com\/wp-content\/uploads\/2026\/05\/GettyImages-2273141801.jpg-scaled.jpg","articleSection":["International","Latest News"],"inLanguage":"fr-FR","copyrightYear":"2026","copyrightHolder":{"@id":"https:\/\/bladnanews.com\/fr\/#organization"}},{"@type":"WebPage","@id":"https:\/\/bladnanews.com\/arsenal-star-faces-ban-after-comments-about-atletico-referee\/","url":"https:\/\/bladnanews.com\/arsenal-star-faces-ban-after-comments-about-atletico-referee\/","name":"La star d'Arsenal risque une suspension apr\u00e8s ses commentaires sur l'arbitre de l'Atl\u00e9tico - Bladna News","isPartOf":{"@id":"https:\/\/mediumseagreen-eel-531711.hostingersite.com\/#website"},"primaryImageOfPage":{"@id":"https:\/\/bladnanews.com\/arsenal-star-faces-ban-after-comments-about-atletico-referee\/#primaryimage"},"image":{"@id":"https:\/\/bladnanews.com\/arsenal-star-faces-ban-after-comments-about-atletico-referee\/#primaryimage"},"thumbnailUrl":"https:\/\/bladnanews.com\/wp-content\/uploads\/2026\/05\/GettyImages-2273141801.jpg-scaled.jpg","datePublished":"2026-05-01T11:07:57+00:00","breadcrumb":{"@id":"https:\/\/bladnanews.com\/arsenal-star-faces-ban-after-comments-about-atletico-referee\/#breadcrumb"},"inLanguage":"fr-FR","potentialAction":[{"@type":"ReadAction","target":["https:\/\/bladnanews.com\/arsenal-star-faces-ban-after-comments-about-atletico-referee\/"]}]},{"@type":"ImageObject","inLanguage":"fr-FR","@id":"https:\/\/bladnanews.com\/arsenal-star-faces-ban-after-comments-about-atletico-referee\/#primaryimage","url":"https:\/\/bladnanews.com\/wp-content\/uploads\/2026\/05\/GettyImages-2273141801.jpg-scaled.jpg","contentUrl":"https:\/\/bladnanews.com\/wp-content\/uploads\/2026\/05\/GettyImages-2273141801.jpg-scaled.jpg","width":2560,"height":1440,"caption":"Arsenal star faces ban after comments about Atletico referee"},{"@type":"BreadcrumbList","@id":"https:\/\/bladnanews.com\/arsenal-star-faces-ban-after-comments-about-atletico-referee\/#breadcrumb","itemListElement":[{"@type":"ListItem","position":1,"name":"Home","item":"https:\/\/bladnanews.com\/"},{"@type":"ListItem","position":2,"name":"Arsenal star faces ban after comments about Atletico referee"}]},{"@type":"WebSite","@id":"https:\/\/mediumseagreen-eel-531711.hostingersite.com\/#website","url":"https:\/\/mediumseagreen-eel-531711.hostingersite.com\/","name":"Bladna News - Maroc","description":"Quand le football marocain rencontre le monde","publisher":{"@id":"https:\/\/mediumseagreen-eel-531711.hostingersite.com\/#organization"},"potentialAction":[{"@type":"SearchAction","target":{"@type":"EntryPoint","urlTemplate":"https:\/\/mediumseagreen-eel-531711.hostingersite.com\/?s={search_term_string}"},"query-input":{"@type":"PropertyValueSpecification","valueRequired":true,"valueName":"search_term_string"}}],"inLanguage":"fr-FR"},{"@type":"Organization","@id":"https:\/\/mediumseagreen-eel-531711.hostingersite.com\/#organization","name":"Bladna News.com","url":"https:\/\/mediumseagreen-eel-531711.hostingersite.com\/","logo":{"@type":"ImageObject","inLanguage":"fr-FR","@id":"https:\/\/mediumseagreen-eel-531711.hostingersite.com\/#\/schema\/logo\/image\/","url":"https:\/\/bladnanews.com\/wp-content\/uploads\/2025\/12\/logo-bladnanews-V2-web-black-red.png","contentUrl":"https:\/\/bladnanews.com\/wp-content\/uploads\/2025\/12\/logo-bladnanews-V2-web-black-red.png","width":703,"height":287,"caption":"Bladna News.com"},"image":{"@id":"https:\/\/mediumseagreen-eel-531711.hostingersite.com\/#\/schema\/logo\/image\/"},"email":"info@bladnanews.com","legalName":"Bladna News"},{"@type":"Person","@id":"https:\/\/mediumseagreen-eel-531711.hostingersite.com\/#\/schema\/person\/268e18a453ab080ebf76df6ef7845083","name":"\u00c9quipe r\u00e9dactionnelle de Bladna News","url":"https:\/\/bladnanews.com\/fr\/author\/bladna-news-staff\/"}]}},"_links":{"self":[{"href":"https:\/\/bladnanews.com\/fr\/wp-json\/wp\/v2\/posts\/11161","targetHints":{"allow":["GET"]}}],"collection":[{"href":"https:\/\/bladnanews.com\/fr\/wp-json\/wp\/v2\/posts"}],"about":[{"href":"https:\/\/bladnanews.com\/fr\/wp-json\/wp\/v2\/types\/post"}],"author":[{"embeddable":true,"href":"https:\/\/bladnanews.com\/fr\/wp-json\/wp\/v2\/users\/3"}],"replies":[{"embeddable":true,"href":"https:\/\/bladnanews.com\/fr\/wp-json\/wp\/v2\/comments?post=11161"}],"version-history":[{"count":0,"href":"https:\/\/bladnanews.com\/fr\/wp-json\/wp\/v2\/posts\/11161\/revisions"}],"wp:featuredmedia":[{"embeddable":true,"href":"https:\/\/bladnanews.com\/fr\/wp-json\/wp\/v2\/media\/11160"}],"wp:attachment":[{"href":"https:\/\/bladnanews.com\/fr\/wp-json\/wp\/v2\/media?parent=11161"}],"wp:term":[{"taxonomy":"category","embeddable":true,"href":"https:\/\/bladnanews.com\/fr\/wp-json\/wp\/v2\/categories?post=11161"},{"taxonomy":"post_tag","embeddable":true,"href":"https:\/\/bladnanews.com\/fr\/wp-json\/wp\/v2\/tags?post=11161"}],"curies":[{"name":"wp","href":"https:\/\/api.w.org\/{rel}","templated":true}]}}