{"id":11169,"date":"2026-05-01T16:55:58","date_gmt":"2026-05-01T16:55:58","guid":{"rendered":"https:\/\/bladnanews.com\/morocco-tops-spain-to-strengthen-2030-world-cup-final-bid\/"},"modified":"2026-05-01T16:55:58","modified_gmt":"2026-05-01T16:55:58","slug":"le-maroc-devance-lespagne-pour-renforcer-sa-candidature-a-la-finale-de-la-coupe-du-monde-2030","status":"publish","type":"post","link":"https:\/\/bladnanews.com\/fr\/le-maroc-devance-lespagne-pour-renforcer-sa-candidature-a-la-finale-de-la-coupe-du-monde-2030\/","title":{"rendered":"Le Maroc devance l'Espagne pour renforcer sa candidature \u00e0 la finale de la Coupe du monde 2030"},"content":{"rendered":"<p>Le Maroc a renforc\u00e9 sa position dans la course \u00e0 l\u2019organisation de la finale de la Coupe du Monde 2030, apr\u00e8s avoir pris l\u2019avantage sur l\u2019Espagne lors de la derni\u00e8re phase du processus de candidature. Ce pays d\u2019Afrique du Nord est d\u00e9sormais consid\u00e9r\u00e9 comme un s\u00e9rieux pr\u00e9tendant pour accueillir le match phare du tournoi, qui sera co-organis\u00e9 par le Maroc, l\u2019Espagne et le Portugal.<\/p>\n<p>Selon des informations confirm\u00e9es, la candidature marocaine a gagn\u00e9 un \u00e9lan significatif ces derni\u00e8res semaines. Les plans d\u2019infrastructure avanc\u00e9s du pays, combin\u00e9s \u00e0 un fort soutien politique, ont impressionn\u00e9 la commission d\u2019\u00e9valuation de la FIFA. Des sources proches du processus indiquent que la proposition du Maroc pour la finale est d\u00e9sormais consid\u00e9r\u00e9e comme plus compl\u00e8te que l\u2019offre initiale de l\u2019Espagne.<\/p>\n<p>La Coupe du Monde 2030 sera une \u00e9dition historique, s\u2019\u00e9tendant sur trois continents et six pays. Le Maroc, l\u2019Espagne et le Portugal sont les co-organisateurs officiels, mais le lieu de la finale n\u2019a pas encore \u00e9t\u00e9 officiellement d\u00e9cid\u00e9. La d\u00e9cision devrait \u00eatre annonc\u00e9e en 2026, apr\u00e8s de nouvelles \u00e9valuations de la FIFA.<\/p>\n<p>La candidature du Maroc comprend des plans pour un stade nouvellement construit de 115 000 places pr\u00e8s de Casablanca, qui serait le plus grand d\u2019Afrique. Des responsables espagnols avaient auparavant insist\u00e9 pour que la finale se tienne au Santiago Bernab\u00e9u \u00e0 Madrid ou au Camp Nou \u00e0 Barcelone. Cependant, des d\u00e9veloppements r\u00e9cents sugg\u00e8rent que le Maroc a d\u00e9pass\u00e9 l\u2019Espagne dans les classements internes.<\/p>\n<p>Un haut responsable du football marocain a d\u00e9clar\u00e9 : \u201c Nous avons pr\u00e9sent\u00e9 un dossier complet et ambitieux. La finale de la Coupe du Monde 2030 au Maroc serait un moment historique pour l\u2019Afrique et le monde arabe. Nous sommes confiants dans nos chances. \u201d<\/p>\n<p>Les m\u00e9dias espagnols ont rapport\u00e9 que la F\u00e9d\u00e9ration espagnole de football travaille d\u00e9sormais \u00e0 am\u00e9liorer sa propre candidature, apr\u00e8s avoir appris que la proposition du Maroc avait obtenu des scores plus \u00e9lev\u00e9s dans plusieurs cat\u00e9gories cl\u00e9s, notamment la capacit\u00e9 des stades, les liaisons de transport et la planification de l\u2019h\u00e9ritage.<\/p>\n<p>La d\u00e9cision finale sera prise par le Conseil de la FIFA, avec un vote attendu fin 2026. D\u2019ici l\u00e0, la comp\u00e9tition entre le Maroc et l\u2019Espagne reste ouverte, mais l\u2019\u00e9lan se d\u00e9place clairement vers l\u2019Afrique du Nord.<\/p>","protected":false},"excerpt":{"rendered":"<p>Morocco has strengthened its position in the race to host the 2030 World Cup final, after emerging ahead of Spain [&hellip;]<\/p>\n","protected":false},"author":3,"featured_media":11168,"comment_status":"","ping_status":"open","sticky":false,"template":"","format":"standard","meta":{"googlesitekit_rrm_CAow_uzEDA:productID":"","site-sidebar-layout":"default","site-content-layout":"","ast-site-content-layout":"default","site-content-style":"default","site-sidebar-style":"default","ast-global-header-display":"","ast-banner-title-visibility":"","ast-main-header-display":"","ast-hfb-above-header-display":"","ast-hfb-below-header-display":"","ast-hfb-mobile-header-display":"","site-post-title":"","ast-breadcrumbs-content":"","ast-featured-img":"","footer-sml-layout":"","ast-disable-related-posts":"","theme-transparent-header-meta":"","adv-header-id-meta":"","stick-header-meta":"","header-above-stick-meta":"","header-main-stick-meta":"","header-below-stick-meta":"","astra-migrate-meta-layouts":"default","ast-page-background-enabled":"default","ast-page-background-meta":{"desktop":{"background-color":"var(--ast-global-color-5)","background-image":"","background-repeat":"repeat","background-position":"center center","background-size":"auto","background-attachment":"scroll","background-type":"","background-media":"","overlay-type":"","overlay-color":"","overlay-opacity":"","overlay-gradient":""},"tablet":{"background-color":"","background-image":"","background-repeat":"repeat","background-position":"center center","background-size":"auto","background-attachment":"scroll","background-type":"","background-media":"","overlay-type":"","overlay-color":"","overlay-opacity":"","overlay-gradient":""},"mobile":{"background-color":"","background-image":"","background-repeat":"repeat","background-position":"center center","background-size":"auto","background-attachment":"scroll","background-type":"","background-media":"","overlay-type":"","overlay-color":"","overlay-opacity":"","overlay-gradient":""}},"ast-content-background-meta":{"desktop":{"background-color":"var(--ast-global-color-4)","background-image":"","background-repeat":"repeat","background-position":"center center","background-size":"auto","background-attachment":"scroll","background-type":"","background-media":"","overlay-type":"","overlay-color":"","overlay-opacity":"","overlay-gradient":""},"tablet":{"background-color":"var(--ast-global-color-4)","background-image":"","background-repeat":"repeat","background-position":"center center","background-size":"auto","background-attachment":"scroll","background-type":"","background-media":"","overlay-type":"","overlay-color":"","overlay-opacity":"","overlay-gradient":""},"mobile":{"background-color":"var(--ast-global-color-4)","background-image":"","background-repeat":"repeat","background-position":"center center","background-size":"auto","background-attachment":"scroll","background-type":"","background-media":"","overlay-type":"","overlay-color":"","overlay-opacity":"","overlay-gradient":""}},"footnotes":""},"categories":[20,1],"tags":[],"class_list":["post-11169","post","type-post","status-publish","format-standard","has-post-thumbnail","hentry","category-international","category-football-latest-news"],"yoast_head":"<!-- This site is optimized with the Yoast SEO Premium plugin v26.6 (Yoast SEO v27.5) - https:\/\/yoast.com\/product\/yoast-seo-premium-wordpress\/ -->\n<title>Morocco tops Spain to strengthen 2030 World Cup final bid - Bladna News<\/title>\n<meta name=\"robots\" content=\"index, follow, max-snippet:-1, max-image-preview:large, max-video-preview:-1\" \/>\n<link rel=\"canonical\" href=\"https:\/\/bladnanews.com\/fr\/le-maroc-devance-lespagne-pour-renforcer-sa-candidature-a-la-finale-de-la-coupe-du-monde-2030\/\" \/>\n<meta property=\"og:locale\" content=\"fr_FR\" \/>\n<meta property=\"og:type\" content=\"article\" \/>\n<meta property=\"og:title\" content=\"Morocco tops Spain to strengthen 2030 World Cup final bid\" \/>\n<meta property=\"og:description\" content=\"Morocco has strengthened its position in the race to host the 2030 World Cup final, after emerging ahead of Spain [&hellip;]\" \/>\n<meta property=\"og:url\" content=\"https:\/\/bladnanews.com\/fr\/le-maroc-devance-lespagne-pour-renforcer-sa-candidature-a-la-finale-de-la-coupe-du-monde-2030\/\" \/>\n<meta property=\"og:site_name\" content=\"Bladna News\" \/>\n<meta property=\"article:published_time\" content=\"2026-05-01T16:55:58+00:00\" \/>\n<meta property=\"og:image\" content=\"https:\/\/bladnanews.com\/wp-content\/uploads\/2025\/12\/freepik__bladna-newscom-moroccan-soccer-homepage-banner-mor__41838.png\" \/>\n\t<meta property=\"og:image:width\" content=\"1312\" \/>\n\t<meta property=\"og:image:height\" content=\"736\" \/>\n\t<meta property=\"og:image:type\" content=\"image\/png\" \/>\n<meta name=\"author\" content=\"Bladna News Staff\" \/>\n<meta name=\"twitter:card\" content=\"summary_large_image\" \/>\n<meta name=\"twitter:label1\" content=\"\u00c9crit par\" \/>\n\t<meta name=\"twitter:data1\" content=\"Bladna News Staff\" \/>\n\t<meta name=\"twitter:label2\" content=\"Dur\u00e9e de lecture estim\u00e9e\" \/>\n\t<meta name=\"twitter:data2\" content=\"2 minutes\" \/>\n<script type=\"application\/ld+json\" class=\"yoast-schema-graph\">{\"@context\":\"https:\\\/\\\/schema.org\",\"@graph\":[{\"@type\":\"Article\",\"@id\":\"https:\\\/\\\/bladnanews.com\\\/morocco-tops-spain-to-strengthen-2030-world-cup-final-bid\\\/#article\",\"isPartOf\":{\"@id\":\"https:\\\/\\\/bladnanews.com\\\/morocco-tops-spain-to-strengthen-2030-world-cup-final-bid\\\/\"},\"author\":{\"name\":\"Bladna News Staff\",\"@id\":\"https:\\\/\\\/mediumseagreen-eel-531711.hostingersite.com\\\/#\\\/schema\\\/person\\\/268e18a453ab080ebf76df6ef7845083\"},\"headline\":\"Morocco tops Spain to strengthen 2030 World Cup final bid\",\"datePublished\":\"2026-05-01T16:55:58+00:00\",\"mainEntityOfPage\":{\"@id\":\"https:\\\/\\\/bladnanews.com\\\/morocco-tops-spain-to-strengthen-2030-world-cup-final-bid\\\/\"},\"wordCount\":334,\"publisher\":{\"@id\":\"https:\\\/\\\/mediumseagreen-eel-531711.hostingersite.com\\\/#organization\"},\"image\":{\"@id\":\"https:\\\/\\\/bladnanews.com\\\/morocco-tops-spain-to-strengthen-2030-world-cup-final-bid\\\/#primaryimage\"},\"thumbnailUrl\":\"https:\\\/\\\/bladnanews.com\\\/wp-content\\\/uploads\\\/2026\\\/05\\\/GettyImages-2273301615.jpg-scaled.jpg\",\"articleSection\":[\"International\",\"Latest News\"],\"inLanguage\":\"fr-FR\",\"copyrightYear\":\"2026\",\"copyrightHolder\":{\"@id\":\"https:\\\/\\\/bladnanews.com\\\/fr\\\/#organization\"}},{\"@type\":\"WebPage\",\"@id\":\"https:\\\/\\\/bladnanews.com\\\/morocco-tops-spain-to-strengthen-2030-world-cup-final-bid\\\/\",\"url\":\"https:\\\/\\\/bladnanews.com\\\/morocco-tops-spain-to-strengthen-2030-world-cup-final-bid\\\/\",\"name\":\"Morocco tops Spain to strengthen 2030 World Cup final bid - Bladna News\",\"isPartOf\":{\"@id\":\"https:\\\/\\\/mediumseagreen-eel-531711.hostingersite.com\\\/#website\"},\"primaryImageOfPage\":{\"@id\":\"https:\\\/\\\/bladnanews.com\\\/morocco-tops-spain-to-strengthen-2030-world-cup-final-bid\\\/#primaryimage\"},\"image\":{\"@id\":\"https:\\\/\\\/bladnanews.com\\\/morocco-tops-spain-to-strengthen-2030-world-cup-final-bid\\\/#primaryimage\"},\"thumbnailUrl\":\"https:\\\/\\\/bladnanews.com\\\/wp-content\\\/uploads\\\/2026\\\/05\\\/GettyImages-2273301615.jpg-scaled.jpg\",\"datePublished\":\"2026-05-01T16:55:58+00:00\",\"breadcrumb\":{\"@id\":\"https:\\\/\\\/bladnanews.com\\\/morocco-tops-spain-to-strengthen-2030-world-cup-final-bid\\\/#breadcrumb\"},\"inLanguage\":\"fr-FR\",\"potentialAction\":[{\"@type\":\"ReadAction\",\"target\":[\"https:\\\/\\\/bladnanews.com\\\/morocco-tops-spain-to-strengthen-2030-world-cup-final-bid\\\/\"]}]},{\"@type\":\"ImageObject\",\"inLanguage\":\"fr-FR\",\"@id\":\"https:\\\/\\\/bladnanews.com\\\/morocco-tops-spain-to-strengthen-2030-world-cup-final-bid\\\/#primaryimage\",\"url\":\"https:\\\/\\\/bladnanews.com\\\/wp-content\\\/uploads\\\/2026\\\/05\\\/GettyImages-2273301615.jpg-scaled.jpg\",\"contentUrl\":\"https:\\\/\\\/bladnanews.com\\\/wp-content\\\/uploads\\\/2026\\\/05\\\/GettyImages-2273301615.jpg-scaled.jpg\",\"width\":2560,\"height\":1440,\"caption\":\"Morocco tops Spain to strengthen 2030 World Cup final bid\"},{\"@type\":\"BreadcrumbList\",\"@id\":\"https:\\\/\\\/bladnanews.com\\\/morocco-tops-spain-to-strengthen-2030-world-cup-final-bid\\\/#breadcrumb\",\"itemListElement\":[{\"@type\":\"ListItem\",\"position\":1,\"name\":\"Home\",\"item\":\"https:\\\/\\\/bladnanews.com\\\/\"},{\"@type\":\"ListItem\",\"position\":2,\"name\":\"Morocco tops Spain to strengthen 2030 World Cup final bid\"}]},{\"@type\":\"WebSite\",\"@id\":\"https:\\\/\\\/mediumseagreen-eel-531711.hostingersite.com\\\/#website\",\"url\":\"https:\\\/\\\/mediumseagreen-eel-531711.hostingersite.com\\\/\",\"name\":\"Bladna News - Morocco\",\"description\":\"Where Moroccan Football Meets the World\",\"publisher\":{\"@id\":\"https:\\\/\\\/mediumseagreen-eel-531711.hostingersite.com\\\/#organization\"},\"potentialAction\":[{\"@type\":\"SearchAction\",\"target\":{\"@type\":\"EntryPoint\",\"urlTemplate\":\"https:\\\/\\\/mediumseagreen-eel-531711.hostingersite.com\\\/?s={search_term_string}\"},\"query-input\":{\"@type\":\"PropertyValueSpecification\",\"valueRequired\":true,\"valueName\":\"search_term_string\"}}],\"inLanguage\":\"fr-FR\"},{\"@type\":\"Organization\",\"@id\":\"https:\\\/\\\/mediumseagreen-eel-531711.hostingersite.com\\\/#organization\",\"name\":\"Bladna News.com\",\"url\":\"https:\\\/\\\/mediumseagreen-eel-531711.hostingersite.com\\\/\",\"logo\":{\"@type\":\"ImageObject\",\"inLanguage\":\"fr-FR\",\"@id\":\"https:\\\/\\\/mediumseagreen-eel-531711.hostingersite.com\\\/#\\\/schema\\\/logo\\\/image\\\/\",\"url\":\"https:\\\/\\\/bladnanews.com\\\/wp-content\\\/uploads\\\/2025\\\/12\\\/logo-bladnanews-V2-web-black-red.png\",\"contentUrl\":\"https:\\\/\\\/bladnanews.com\\\/wp-content\\\/uploads\\\/2025\\\/12\\\/logo-bladnanews-V2-web-black-red.png\",\"width\":703,\"height\":287,\"caption\":\"Bladna News.com\"},\"image\":{\"@id\":\"https:\\\/\\\/mediumseagreen-eel-531711.hostingersite.com\\\/#\\\/schema\\\/logo\\\/image\\\/\"},\"email\":\"info@bladnanews.com\",\"legalName\":\"Bladna News\"},{\"@type\":\"Person\",\"@id\":\"https:\\\/\\\/mediumseagreen-eel-531711.hostingersite.com\\\/#\\\/schema\\\/person\\\/268e18a453ab080ebf76df6ef7845083\",\"name\":\"Bladna News Staff\",\"url\":\"https:\\\/\\\/bladnanews.com\\\/fr\\\/author\\\/bladna-news-staff\\\/\"}]}<\/script>\n<!-- \/ Yoast SEO Premium plugin. -->","yoast_head_json":{"title":"Le Maroc devance l'Espagne pour renforcer sa candidature \u00e0 la finale de la Coupe du Monde 2030 - Bladna News","robots":{"index":"index","follow":"follow","max-snippet":"max-snippet:-1","max-image-preview":"max-image-preview:large","max-video-preview":"max-video-preview:-1"},"canonical":"https:\/\/bladnanews.com\/fr\/le-maroc-devance-lespagne-pour-renforcer-sa-candidature-a-la-finale-de-la-coupe-du-monde-2030\/","og_locale":"fr_FR","og_type":"article","og_title":"Morocco tops Spain to strengthen 2030 World Cup final bid","og_description":"Morocco has strengthened its position in the race to host the 2030 World Cup final, after emerging ahead of Spain [&hellip;]","og_url":"https:\/\/bladnanews.com\/fr\/le-maroc-devance-lespagne-pour-renforcer-sa-candidature-a-la-finale-de-la-coupe-du-monde-2030\/","og_site_name":"Bladna News","article_published_time":"2026-05-01T16:55:58+00:00","og_image":[{"width":1312,"height":736,"url":"https:\/\/bladnanews.com\/wp-content\/uploads\/2025\/12\/freepik__bladna-newscom-moroccan-soccer-homepage-banner-mor__41838.png","type":"image\/png"}],"author":"Bladna News Staff","twitter_card":"summary_large_image","twitter_misc":{"\u00c9crit par":"Bladna News Staff","Dur\u00e9e de lecture estim\u00e9e":"2 minutes"},"schema":{"@context":"https:\/\/schema.org","@graph":[{"@type":"Article","@id":"https:\/\/bladnanews.com\/morocco-tops-spain-to-strengthen-2030-world-cup-final-bid\/#article","isPartOf":{"@id":"https:\/\/bladnanews.com\/morocco-tops-spain-to-strengthen-2030-world-cup-final-bid\/"},"author":{"name":"Bladna News Staff","@id":"https:\/\/mediumseagreen-eel-531711.hostingersite.com\/#\/schema\/person\/268e18a453ab080ebf76df6ef7845083"},"headline":"Morocco tops Spain to strengthen 2030 World Cup final bid","datePublished":"2026-05-01T16:55:58+00:00","mainEntityOfPage":{"@id":"https:\/\/bladnanews.com\/morocco-tops-spain-to-strengthen-2030-world-cup-final-bid\/"},"wordCount":334,"publisher":{"@id":"https:\/\/mediumseagreen-eel-531711.hostingersite.com\/#organization"},"image":{"@id":"https:\/\/bladnanews.com\/morocco-tops-spain-to-strengthen-2030-world-cup-final-bid\/#primaryimage"},"thumbnailUrl":"https:\/\/bladnanews.com\/wp-content\/uploads\/2026\/05\/GettyImages-2273301615.jpg-scaled.jpg","articleSection":["International","Latest News"],"inLanguage":"fr-FR","copyrightYear":"2026","copyrightHolder":{"@id":"https:\/\/bladnanews.com\/fr\/#organization"}},{"@type":"WebPage","@id":"https:\/\/bladnanews.com\/morocco-tops-spain-to-strengthen-2030-world-cup-final-bid\/","url":"https:\/\/bladnanews.com\/morocco-tops-spain-to-strengthen-2030-world-cup-final-bid\/","name":"Le Maroc devance l'Espagne pour renforcer sa candidature \u00e0 la finale de la Coupe du Monde 2030 - Bladna News","isPartOf":{"@id":"https:\/\/mediumseagreen-eel-531711.hostingersite.com\/#website"},"primaryImageOfPage":{"@id":"https:\/\/bladnanews.com\/morocco-tops-spain-to-strengthen-2030-world-cup-final-bid\/#primaryimage"},"image":{"@id":"https:\/\/bladnanews.com\/morocco-tops-spain-to-strengthen-2030-world-cup-final-bid\/#primaryimage"},"thumbnailUrl":"https:\/\/bladnanews.com\/wp-content\/uploads\/2026\/05\/GettyImages-2273301615.jpg-scaled.jpg","datePublished":"2026-05-01T16:55:58+00:00","breadcrumb":{"@id":"https:\/\/bladnanews.com\/morocco-tops-spain-to-strengthen-2030-world-cup-final-bid\/#breadcrumb"},"inLanguage":"fr-FR","potentialAction":[{"@type":"ReadAction","target":["https:\/\/bladnanews.com\/morocco-tops-spain-to-strengthen-2030-world-cup-final-bid\/"]}]},{"@type":"ImageObject","inLanguage":"fr-FR","@id":"https:\/\/bladnanews.com\/morocco-tops-spain-to-strengthen-2030-world-cup-final-bid\/#primaryimage","url":"https:\/\/bladnanews.com\/wp-content\/uploads\/2026\/05\/GettyImages-2273301615.jpg-scaled.jpg","contentUrl":"https:\/\/bladnanews.com\/wp-content\/uploads\/2026\/05\/GettyImages-2273301615.jpg-scaled.jpg","width":2560,"height":1440,"caption":"Morocco tops Spain to strengthen 2030 World Cup final bid"},{"@type":"BreadcrumbList","@id":"https:\/\/bladnanews.com\/morocco-tops-spain-to-strengthen-2030-world-cup-final-bid\/#breadcrumb","itemListElement":[{"@type":"ListItem","position":1,"name":"Home","item":"https:\/\/bladnanews.com\/"},{"@type":"ListItem","position":2,"name":"Morocco tops Spain to strengthen 2030 World Cup final bid"}]},{"@type":"WebSite","@id":"https:\/\/mediumseagreen-eel-531711.hostingersite.com\/#website","url":"https:\/\/mediumseagreen-eel-531711.hostingersite.com\/","name":"Bladna News - Maroc","description":"Quand le football marocain rencontre le monde","publisher":{"@id":"https:\/\/mediumseagreen-eel-531711.hostingersite.com\/#organization"},"potentialAction":[{"@type":"SearchAction","target":{"@type":"EntryPoint","urlTemplate":"https:\/\/mediumseagreen-eel-531711.hostingersite.com\/?s={search_term_string}"},"query-input":{"@type":"PropertyValueSpecification","valueRequired":true,"valueName":"search_term_string"}}],"inLanguage":"fr-FR"},{"@type":"Organization","@id":"https:\/\/mediumseagreen-eel-531711.hostingersite.com\/#organization","name":"Bladna News.com","url":"https:\/\/mediumseagreen-eel-531711.hostingersite.com\/","logo":{"@type":"ImageObject","inLanguage":"fr-FR","@id":"https:\/\/mediumseagreen-eel-531711.hostingersite.com\/#\/schema\/logo\/image\/","url":"https:\/\/bladnanews.com\/wp-content\/uploads\/2025\/12\/logo-bladnanews-V2-web-black-red.png","contentUrl":"https:\/\/bladnanews.com\/wp-content\/uploads\/2025\/12\/logo-bladnanews-V2-web-black-red.png","width":703,"height":287,"caption":"Bladna News.com"},"image":{"@id":"https:\/\/mediumseagreen-eel-531711.hostingersite.com\/#\/schema\/logo\/image\/"},"email":"info@bladnanews.com","legalName":"Bladna News"},{"@type":"Person","@id":"https:\/\/mediumseagreen-eel-531711.hostingersite.com\/#\/schema\/person\/268e18a453ab080ebf76df6ef7845083","name":"\u00c9quipe r\u00e9dactionnelle de Bladna News","url":"https:\/\/bladnanews.com\/fr\/author\/bladna-news-staff\/"}]}},"_links":{"self":[{"href":"https:\/\/bladnanews.com\/fr\/wp-json\/wp\/v2\/posts\/11169","targetHints":{"allow":["GET"]}}],"collection":[{"href":"https:\/\/bladnanews.com\/fr\/wp-json\/wp\/v2\/posts"}],"about":[{"href":"https:\/\/bladnanews.com\/fr\/wp-json\/wp\/v2\/types\/post"}],"author":[{"embeddable":true,"href":"https:\/\/bladnanews.com\/fr\/wp-json\/wp\/v2\/users\/3"}],"replies":[{"embeddable":true,"href":"https:\/\/bladnanews.com\/fr\/wp-json\/wp\/v2\/comments?post=11169"}],"version-history":[{"count":0,"href":"https:\/\/bladnanews.com\/fr\/wp-json\/wp\/v2\/posts\/11169\/revisions"}],"wp:featuredmedia":[{"embeddable":true,"href":"https:\/\/bladnanews.com\/fr\/wp-json\/wp\/v2\/media\/11168"}],"wp:attachment":[{"href":"https:\/\/bladnanews.com\/fr\/wp-json\/wp\/v2\/media?parent=11169"}],"wp:term":[{"taxonomy":"category","embeddable":true,"href":"https:\/\/bladnanews.com\/fr\/wp-json\/wp\/v2\/categories?post=11169"},{"taxonomy":"post_tag","embeddable":true,"href":"https:\/\/bladnanews.com\/fr\/wp-json\/wp\/v2\/tags?post=11169"}],"curies":[{"name":"wp","href":"https:\/\/api.w.org\/{rel}","templated":true}]}}