{"id":11171,"date":"2026-05-01T16:58:11","date_gmt":"2026-05-01T16:58:11","guid":{"rendered":"https:\/\/bladnanews.com\/al-ahli-jeddah-targets-bayern-munich-striker\/"},"modified":"2026-05-01T16:58:11","modified_gmt":"2026-05-01T16:58:11","slug":"al-ahli-jeddah-cible-lattaquant-du-bayern-munich","status":"publish","type":"post","link":"https:\/\/bladnanews.com\/fr\/al-ahli-jeddah-cible-lattaquant-du-bayern-munich\/","title":{"rendered":"Al Ahli Jeddah cible l'attaquant du Bayern Munich"},"content":{"rendered":"<p>Al Ahli Jeddah a jet\u00e9 son d\u00e9volu sur un attaquant du Bayern Munich, alors que le club saoudien cherche \u00e0 renforcer ses options offensives avant la saison \u00e0 venir. Le club de la Saudi Pro League pr\u00e9parerait une approche pour cet attaquant, qui a eu du mal \u00e0 obtenir un temps de jeu r\u00e9gulier \u00e0 l'Allianz Arena cette saison.<\/p>\n<p>Selon des sources proches des n\u00e9gociations, Al Ahli a d\u00e9j\u00e0 initi\u00e9 des contacts avec les repr\u00e9sentants du joueur pour discuter d'un \u00e9ventuel transfert. Cet attaquant de 27 ans est consid\u00e9r\u00e9 comme une cible cl\u00e9 pour le club bas\u00e9 \u00e0 Jeddah, qui vise \u00e0 renforcer la profondeur de son effectif dans le dernier tiers du terrain.<\/p>\n<p>Le joueur a rejoint le Bayern Munich en 2022 mais s'est retrouv\u00e9 rel\u00e9gu\u00e9 dans la hi\u00e9rarchie sous la direction du club. Avec des opportunit\u00e9s limit\u00e9es en Bundesliga et en Ligue des champions, un transfert en Arabie Saoudite pourrait lui offrir un nouveau d\u00e9part et un temps de jeu r\u00e9gulier en \u00e9quipe premi\u00e8re.<\/p>\n<p>Al Ahli Jeddah est d\u00e9sireux de conclure l'affaire lors de la prochaine fen\u00eatre de transfert, les n\u00e9gociations devant s'intensifier dans les semaines \u00e0 venir. La direction du club estime que l'exp\u00e9rience et la capacit\u00e9 de but de l'attaquant constitueraient un ajout pr\u00e9cieux \u00e0 leur effectif.<\/p>\n<p>Le Bayern Munich serait ouvert \u00e0 laisser partir le joueur, \u00e0 condition qu'une offre appropri\u00e9e soit faite. Le champion allemand cherche \u00e0 rationaliser son effectif et pourrait utiliser les fonds provenant d'une \u00e9ventuelle vente pour r\u00e9investir dans d'autres secteurs.<\/p>\n<p>Le club saoudien a \u00e9t\u00e9 actif sur le march\u00e9 des transferts lors des r\u00e9centes fen\u00eatres, en recrutant plusieurs noms prestigieux. L'ajout d'un attaquant du Bayern Munich soulignerait davantage leur ambition de concourir pour les honneurs nationaux et continentaux.<\/p>\n<p>Aucune offre officielle n'a encore \u00e9t\u00e9 soumise, mais des sources indiquent qu'Al Ahli pr\u00e9pare une proposition formelle. Les repr\u00e9sentants du joueur devraient tenir des discussions avec les deux clubs dans un avenir proche pour examiner les conditions d'un \u00e9ventuel transfert.<\/p>","protected":false},"excerpt":{"rendered":"<p>Al Ahli Jeddah has set its sights on a Bayern Munich striker as the Saudi club looks to strengthen its [&hellip;]<\/p>\n","protected":false},"author":3,"featured_media":11170,"comment_status":"","ping_status":"open","sticky":false,"template":"","format":"standard","meta":{"googlesitekit_rrm_CAow_uzEDA:productID":"","site-sidebar-layout":"default","site-content-layout":"","ast-site-content-layout":"default","site-content-style":"default","site-sidebar-style":"default","ast-global-header-display":"","ast-banner-title-visibility":"","ast-main-header-display":"","ast-hfb-above-header-display":"","ast-hfb-below-header-display":"","ast-hfb-mobile-header-display":"","site-post-title":"","ast-breadcrumbs-content":"","ast-featured-img":"","footer-sml-layout":"","ast-disable-related-posts":"","theme-transparent-header-meta":"","adv-header-id-meta":"","stick-header-meta":"","header-above-stick-meta":"","header-main-stick-meta":"","header-below-stick-meta":"","astra-migrate-meta-layouts":"default","ast-page-background-enabled":"default","ast-page-background-meta":{"desktop":{"background-color":"var(--ast-global-color-5)","background-image":"","background-repeat":"repeat","background-position":"center center","background-size":"auto","background-attachment":"scroll","background-type":"","background-media":"","overlay-type":"","overlay-color":"","overlay-opacity":"","overlay-gradient":""},"tablet":{"background-color":"","background-image":"","background-repeat":"repeat","background-position":"center center","background-size":"auto","background-attachment":"scroll","background-type":"","background-media":"","overlay-type":"","overlay-color":"","overlay-opacity":"","overlay-gradient":""},"mobile":{"background-color":"","background-image":"","background-repeat":"repeat","background-position":"center center","background-size":"auto","background-attachment":"scroll","background-type":"","background-media":"","overlay-type":"","overlay-color":"","overlay-opacity":"","overlay-gradient":""}},"ast-content-background-meta":{"desktop":{"background-color":"var(--ast-global-color-4)","background-image":"","background-repeat":"repeat","background-position":"center center","background-size":"auto","background-attachment":"scroll","background-type":"","background-media":"","overlay-type":"","overlay-color":"","overlay-opacity":"","overlay-gradient":""},"tablet":{"background-color":"var(--ast-global-color-4)","background-image":"","background-repeat":"repeat","background-position":"center center","background-size":"auto","background-attachment":"scroll","background-type":"","background-media":"","overlay-type":"","overlay-color":"","overlay-opacity":"","overlay-gradient":""},"mobile":{"background-color":"var(--ast-global-color-4)","background-image":"","background-repeat":"repeat","background-position":"center center","background-size":"auto","background-attachment":"scroll","background-type":"","background-media":"","overlay-type":"","overlay-color":"","overlay-opacity":"","overlay-gradient":""}},"footnotes":""},"categories":[20,1],"tags":[],"class_list":["post-11171","post","type-post","status-publish","format-standard","has-post-thumbnail","hentry","category-international","category-football-latest-news"],"yoast_head":"<!-- This site is optimized with the Yoast SEO Premium plugin v26.6 (Yoast SEO v27.5) - https:\/\/yoast.com\/product\/yoast-seo-premium-wordpress\/ -->\n<title>Al Ahli Jeddah targets Bayern Munich striker - Bladna News<\/title>\n<meta name=\"robots\" content=\"index, follow, max-snippet:-1, max-image-preview:large, max-video-preview:-1\" \/>\n<link rel=\"canonical\" href=\"https:\/\/bladnanews.com\/fr\/al-ahli-jeddah-cible-lattaquant-du-bayern-munich\/\" \/>\n<meta property=\"og:locale\" content=\"fr_FR\" \/>\n<meta property=\"og:type\" content=\"article\" \/>\n<meta property=\"og:title\" content=\"Al Ahli Jeddah targets Bayern Munich striker\" \/>\n<meta property=\"og:description\" content=\"Al Ahli Jeddah has set its sights on a Bayern Munich striker as the Saudi club looks to strengthen its [&hellip;]\" \/>\n<meta property=\"og:url\" content=\"https:\/\/bladnanews.com\/fr\/al-ahli-jeddah-cible-lattaquant-du-bayern-munich\/\" \/>\n<meta property=\"og:site_name\" content=\"Bladna News\" \/>\n<meta property=\"article:published_time\" content=\"2026-05-01T16:58:11+00:00\" \/>\n<meta property=\"og:image\" content=\"https:\/\/bladnanews.com\/wp-content\/uploads\/2025\/12\/freepik__bladna-newscom-moroccan-soccer-homepage-banner-mor__41838.png\" \/>\n\t<meta property=\"og:image:width\" content=\"1312\" \/>\n\t<meta property=\"og:image:height\" content=\"736\" \/>\n\t<meta property=\"og:image:type\" content=\"image\/png\" \/>\n<meta name=\"author\" content=\"Bladna News Staff\" \/>\n<meta name=\"twitter:card\" content=\"summary_large_image\" \/>\n<meta name=\"twitter:label1\" content=\"\u00c9crit par\" \/>\n\t<meta name=\"twitter:data1\" content=\"Bladna News Staff\" \/>\n\t<meta name=\"twitter:label2\" content=\"Dur\u00e9e de lecture estim\u00e9e\" \/>\n\t<meta name=\"twitter:data2\" content=\"1 minute\" \/>\n<script type=\"application\/ld+json\" class=\"yoast-schema-graph\">{\"@context\":\"https:\\\/\\\/schema.org\",\"@graph\":[{\"@type\":\"Article\",\"@id\":\"https:\\\/\\\/bladnanews.com\\\/al-ahli-jeddah-targets-bayern-munich-striker\\\/#article\",\"isPartOf\":{\"@id\":\"https:\\\/\\\/bladnanews.com\\\/al-ahli-jeddah-targets-bayern-munich-striker\\\/\"},\"author\":{\"name\":\"Bladna News Staff\",\"@id\":\"https:\\\/\\\/mediumseagreen-eel-531711.hostingersite.com\\\/#\\\/schema\\\/person\\\/268e18a453ab080ebf76df6ef7845083\"},\"headline\":\"Al Ahli Jeddah targets Bayern Munich striker\",\"datePublished\":\"2026-05-01T16:58:11+00:00\",\"mainEntityOfPage\":{\"@id\":\"https:\\\/\\\/bladnanews.com\\\/al-ahli-jeddah-targets-bayern-munich-striker\\\/\"},\"wordCount\":309,\"publisher\":{\"@id\":\"https:\\\/\\\/mediumseagreen-eel-531711.hostingersite.com\\\/#organization\"},\"image\":{\"@id\":\"https:\\\/\\\/bladnanews.com\\\/al-ahli-jeddah-targets-bayern-munich-striker\\\/#primaryimage\"},\"thumbnailUrl\":\"https:\\\/\\\/bladnanews.com\\\/wp-content\\\/uploads\\\/2026\\\/05\\\/GettyImages-2260560494.jpg-scaled.jpg\",\"articleSection\":[\"International\",\"Latest News\"],\"inLanguage\":\"fr-FR\",\"copyrightYear\":\"2026\",\"copyrightHolder\":{\"@id\":\"https:\\\/\\\/bladnanews.com\\\/fr\\\/#organization\"}},{\"@type\":\"WebPage\",\"@id\":\"https:\\\/\\\/bladnanews.com\\\/al-ahli-jeddah-targets-bayern-munich-striker\\\/\",\"url\":\"https:\\\/\\\/bladnanews.com\\\/al-ahli-jeddah-targets-bayern-munich-striker\\\/\",\"name\":\"Al Ahli Jeddah targets Bayern Munich striker - Bladna News\",\"isPartOf\":{\"@id\":\"https:\\\/\\\/mediumseagreen-eel-531711.hostingersite.com\\\/#website\"},\"primaryImageOfPage\":{\"@id\":\"https:\\\/\\\/bladnanews.com\\\/al-ahli-jeddah-targets-bayern-munich-striker\\\/#primaryimage\"},\"image\":{\"@id\":\"https:\\\/\\\/bladnanews.com\\\/al-ahli-jeddah-targets-bayern-munich-striker\\\/#primaryimage\"},\"thumbnailUrl\":\"https:\\\/\\\/bladnanews.com\\\/wp-content\\\/uploads\\\/2026\\\/05\\\/GettyImages-2260560494.jpg-scaled.jpg\",\"datePublished\":\"2026-05-01T16:58:11+00:00\",\"breadcrumb\":{\"@id\":\"https:\\\/\\\/bladnanews.com\\\/al-ahli-jeddah-targets-bayern-munich-striker\\\/#breadcrumb\"},\"inLanguage\":\"fr-FR\",\"potentialAction\":[{\"@type\":\"ReadAction\",\"target\":[\"https:\\\/\\\/bladnanews.com\\\/al-ahli-jeddah-targets-bayern-munich-striker\\\/\"]}]},{\"@type\":\"ImageObject\",\"inLanguage\":\"fr-FR\",\"@id\":\"https:\\\/\\\/bladnanews.com\\\/al-ahli-jeddah-targets-bayern-munich-striker\\\/#primaryimage\",\"url\":\"https:\\\/\\\/bladnanews.com\\\/wp-content\\\/uploads\\\/2026\\\/05\\\/GettyImages-2260560494.jpg-scaled.jpg\",\"contentUrl\":\"https:\\\/\\\/bladnanews.com\\\/wp-content\\\/uploads\\\/2026\\\/05\\\/GettyImages-2260560494.jpg-scaled.jpg\",\"width\":2560,\"height\":1440,\"caption\":\"Al Ahli Jeddah targets Bayern Munich striker\"},{\"@type\":\"BreadcrumbList\",\"@id\":\"https:\\\/\\\/bladnanews.com\\\/al-ahli-jeddah-targets-bayern-munich-striker\\\/#breadcrumb\",\"itemListElement\":[{\"@type\":\"ListItem\",\"position\":1,\"name\":\"Home\",\"item\":\"https:\\\/\\\/bladnanews.com\\\/\"},{\"@type\":\"ListItem\",\"position\":2,\"name\":\"Al Ahli Jeddah targets Bayern Munich striker\"}]},{\"@type\":\"WebSite\",\"@id\":\"https:\\\/\\\/mediumseagreen-eel-531711.hostingersite.com\\\/#website\",\"url\":\"https:\\\/\\\/mediumseagreen-eel-531711.hostingersite.com\\\/\",\"name\":\"Bladna News - Morocco\",\"description\":\"Where Moroccan Football Meets the World\",\"publisher\":{\"@id\":\"https:\\\/\\\/mediumseagreen-eel-531711.hostingersite.com\\\/#organization\"},\"potentialAction\":[{\"@type\":\"SearchAction\",\"target\":{\"@type\":\"EntryPoint\",\"urlTemplate\":\"https:\\\/\\\/mediumseagreen-eel-531711.hostingersite.com\\\/?s={search_term_string}\"},\"query-input\":{\"@type\":\"PropertyValueSpecification\",\"valueRequired\":true,\"valueName\":\"search_term_string\"}}],\"inLanguage\":\"fr-FR\"},{\"@type\":\"Organization\",\"@id\":\"https:\\\/\\\/mediumseagreen-eel-531711.hostingersite.com\\\/#organization\",\"name\":\"Bladna News.com\",\"url\":\"https:\\\/\\\/mediumseagreen-eel-531711.hostingersite.com\\\/\",\"logo\":{\"@type\":\"ImageObject\",\"inLanguage\":\"fr-FR\",\"@id\":\"https:\\\/\\\/mediumseagreen-eel-531711.hostingersite.com\\\/#\\\/schema\\\/logo\\\/image\\\/\",\"url\":\"https:\\\/\\\/bladnanews.com\\\/wp-content\\\/uploads\\\/2025\\\/12\\\/logo-bladnanews-V2-web-black-red.png\",\"contentUrl\":\"https:\\\/\\\/bladnanews.com\\\/wp-content\\\/uploads\\\/2025\\\/12\\\/logo-bladnanews-V2-web-black-red.png\",\"width\":703,\"height\":287,\"caption\":\"Bladna News.com\"},\"image\":{\"@id\":\"https:\\\/\\\/mediumseagreen-eel-531711.hostingersite.com\\\/#\\\/schema\\\/logo\\\/image\\\/\"},\"email\":\"info@bladnanews.com\",\"legalName\":\"Bladna News\"},{\"@type\":\"Person\",\"@id\":\"https:\\\/\\\/mediumseagreen-eel-531711.hostingersite.com\\\/#\\\/schema\\\/person\\\/268e18a453ab080ebf76df6ef7845083\",\"name\":\"Bladna News Staff\",\"url\":\"https:\\\/\\\/bladnanews.com\\\/fr\\\/author\\\/bladna-news-staff\\\/\"}]}<\/script>\n<!-- \/ Yoast SEO Premium plugin. -->","yoast_head_json":{"title":"Al Ahli Jeddah cible l'attaquant du Bayern Munich - Bladna News","robots":{"index":"index","follow":"follow","max-snippet":"max-snippet:-1","max-image-preview":"max-image-preview:large","max-video-preview":"max-video-preview:-1"},"canonical":"https:\/\/bladnanews.com\/fr\/al-ahli-jeddah-cible-lattaquant-du-bayern-munich\/","og_locale":"fr_FR","og_type":"article","og_title":"Al Ahli Jeddah targets Bayern Munich striker","og_description":"Al Ahli Jeddah has set its sights on a Bayern Munich striker as the Saudi club looks to strengthen its [&hellip;]","og_url":"https:\/\/bladnanews.com\/fr\/al-ahli-jeddah-cible-lattaquant-du-bayern-munich\/","og_site_name":"Bladna News","article_published_time":"2026-05-01T16:58:11+00:00","og_image":[{"width":1312,"height":736,"url":"https:\/\/bladnanews.com\/wp-content\/uploads\/2025\/12\/freepik__bladna-newscom-moroccan-soccer-homepage-banner-mor__41838.png","type":"image\/png"}],"author":"Bladna News Staff","twitter_card":"summary_large_image","twitter_misc":{"\u00c9crit par":"Bladna News Staff","Dur\u00e9e de lecture estim\u00e9e":"1 minute"},"schema":{"@context":"https:\/\/schema.org","@graph":[{"@type":"Article","@id":"https:\/\/bladnanews.com\/al-ahli-jeddah-targets-bayern-munich-striker\/#article","isPartOf":{"@id":"https:\/\/bladnanews.com\/al-ahli-jeddah-targets-bayern-munich-striker\/"},"author":{"name":"Bladna News Staff","@id":"https:\/\/mediumseagreen-eel-531711.hostingersite.com\/#\/schema\/person\/268e18a453ab080ebf76df6ef7845083"},"headline":"Al Ahli Jeddah targets Bayern Munich striker","datePublished":"2026-05-01T16:58:11+00:00","mainEntityOfPage":{"@id":"https:\/\/bladnanews.com\/al-ahli-jeddah-targets-bayern-munich-striker\/"},"wordCount":309,"publisher":{"@id":"https:\/\/mediumseagreen-eel-531711.hostingersite.com\/#organization"},"image":{"@id":"https:\/\/bladnanews.com\/al-ahli-jeddah-targets-bayern-munich-striker\/#primaryimage"},"thumbnailUrl":"https:\/\/bladnanews.com\/wp-content\/uploads\/2026\/05\/GettyImages-2260560494.jpg-scaled.jpg","articleSection":["International","Latest News"],"inLanguage":"fr-FR","copyrightYear":"2026","copyrightHolder":{"@id":"https:\/\/bladnanews.com\/fr\/#organization"}},{"@type":"WebPage","@id":"https:\/\/bladnanews.com\/al-ahli-jeddah-targets-bayern-munich-striker\/","url":"https:\/\/bladnanews.com\/al-ahli-jeddah-targets-bayern-munich-striker\/","name":"Al Ahli Jeddah cible l'attaquant du Bayern Munich - Bladna News","isPartOf":{"@id":"https:\/\/mediumseagreen-eel-531711.hostingersite.com\/#website"},"primaryImageOfPage":{"@id":"https:\/\/bladnanews.com\/al-ahli-jeddah-targets-bayern-munich-striker\/#primaryimage"},"image":{"@id":"https:\/\/bladnanews.com\/al-ahli-jeddah-targets-bayern-munich-striker\/#primaryimage"},"thumbnailUrl":"https:\/\/bladnanews.com\/wp-content\/uploads\/2026\/05\/GettyImages-2260560494.jpg-scaled.jpg","datePublished":"2026-05-01T16:58:11+00:00","breadcrumb":{"@id":"https:\/\/bladnanews.com\/al-ahli-jeddah-targets-bayern-munich-striker\/#breadcrumb"},"inLanguage":"fr-FR","potentialAction":[{"@type":"ReadAction","target":["https:\/\/bladnanews.com\/al-ahli-jeddah-targets-bayern-munich-striker\/"]}]},{"@type":"ImageObject","inLanguage":"fr-FR","@id":"https:\/\/bladnanews.com\/al-ahli-jeddah-targets-bayern-munich-striker\/#primaryimage","url":"https:\/\/bladnanews.com\/wp-content\/uploads\/2026\/05\/GettyImages-2260560494.jpg-scaled.jpg","contentUrl":"https:\/\/bladnanews.com\/wp-content\/uploads\/2026\/05\/GettyImages-2260560494.jpg-scaled.jpg","width":2560,"height":1440,"caption":"Al Ahli Jeddah targets Bayern Munich striker"},{"@type":"BreadcrumbList","@id":"https:\/\/bladnanews.com\/al-ahli-jeddah-targets-bayern-munich-striker\/#breadcrumb","itemListElement":[{"@type":"ListItem","position":1,"name":"Home","item":"https:\/\/bladnanews.com\/"},{"@type":"ListItem","position":2,"name":"Al Ahli Jeddah targets Bayern Munich striker"}]},{"@type":"WebSite","@id":"https:\/\/mediumseagreen-eel-531711.hostingersite.com\/#website","url":"https:\/\/mediumseagreen-eel-531711.hostingersite.com\/","name":"Bladna News - Maroc","description":"Quand le football marocain rencontre le monde","publisher":{"@id":"https:\/\/mediumseagreen-eel-531711.hostingersite.com\/#organization"},"potentialAction":[{"@type":"SearchAction","target":{"@type":"EntryPoint","urlTemplate":"https:\/\/mediumseagreen-eel-531711.hostingersite.com\/?s={search_term_string}"},"query-input":{"@type":"PropertyValueSpecification","valueRequired":true,"valueName":"search_term_string"}}],"inLanguage":"fr-FR"},{"@type":"Organization","@id":"https:\/\/mediumseagreen-eel-531711.hostingersite.com\/#organization","name":"Bladna News.com","url":"https:\/\/mediumseagreen-eel-531711.hostingersite.com\/","logo":{"@type":"ImageObject","inLanguage":"fr-FR","@id":"https:\/\/mediumseagreen-eel-531711.hostingersite.com\/#\/schema\/logo\/image\/","url":"https:\/\/bladnanews.com\/wp-content\/uploads\/2025\/12\/logo-bladnanews-V2-web-black-red.png","contentUrl":"https:\/\/bladnanews.com\/wp-content\/uploads\/2025\/12\/logo-bladnanews-V2-web-black-red.png","width":703,"height":287,"caption":"Bladna News.com"},"image":{"@id":"https:\/\/mediumseagreen-eel-531711.hostingersite.com\/#\/schema\/logo\/image\/"},"email":"info@bladnanews.com","legalName":"Bladna News"},{"@type":"Person","@id":"https:\/\/mediumseagreen-eel-531711.hostingersite.com\/#\/schema\/person\/268e18a453ab080ebf76df6ef7845083","name":"\u00c9quipe r\u00e9dactionnelle de Bladna News","url":"https:\/\/bladnanews.com\/fr\/author\/bladna-news-staff\/"}]}},"_links":{"self":[{"href":"https:\/\/bladnanews.com\/fr\/wp-json\/wp\/v2\/posts\/11171","targetHints":{"allow":["GET"]}}],"collection":[{"href":"https:\/\/bladnanews.com\/fr\/wp-json\/wp\/v2\/posts"}],"about":[{"href":"https:\/\/bladnanews.com\/fr\/wp-json\/wp\/v2\/types\/post"}],"author":[{"embeddable":true,"href":"https:\/\/bladnanews.com\/fr\/wp-json\/wp\/v2\/users\/3"}],"replies":[{"embeddable":true,"href":"https:\/\/bladnanews.com\/fr\/wp-json\/wp\/v2\/comments?post=11171"}],"version-history":[{"count":0,"href":"https:\/\/bladnanews.com\/fr\/wp-json\/wp\/v2\/posts\/11171\/revisions"}],"wp:featuredmedia":[{"embeddable":true,"href":"https:\/\/bladnanews.com\/fr\/wp-json\/wp\/v2\/media\/11170"}],"wp:attachment":[{"href":"https:\/\/bladnanews.com\/fr\/wp-json\/wp\/v2\/media?parent=11171"}],"wp:term":[{"taxonomy":"category","embeddable":true,"href":"https:\/\/bladnanews.com\/fr\/wp-json\/wp\/v2\/categories?post=11171"},{"taxonomy":"post_tag","embeddable":true,"href":"https:\/\/bladnanews.com\/fr\/wp-json\/wp\/v2\/tags?post=11171"}],"curies":[{"name":"wp","href":"https:\/\/api.w.org\/{rel}","templated":true}]}}