{"id":11175,"date":"2026-05-01T17:09:17","date_gmt":"2026-05-01T17:09:17","guid":{"rendered":"https:\/\/bladnanews.com\/al-faraj-al-nassr-will-not-win-the-league-in-the-next-three-seasons\/"},"modified":"2026-05-01T17:09:17","modified_gmt":"2026-05-01T17:09:17","slug":"al-faraj-al-nassr-ne-remportera-pas-le-championnat-au-cours-des-trois-prochaines-saisons","status":"publish","type":"post","link":"https:\/\/bladnanews.com\/fr\/al-faraj-al-nassr-ne-remportera-pas-le-championnat-au-cours-des-trois-prochaines-saisons\/","title":{"rendered":"Al-Faraj : Al-Nassr ne remportera pas le championnat au cours des trois prochaines saisons"},"content":{"rendered":"<p>Le commentateur et pr\u00e9sentateur sportif saoudien Walid Al-Faraj a fait une pr\u00e9diction audacieuse concernant les chances d\u2019Al-Nassr dans la Saudi Pro League au cours des trois prochaines saisons. Intervenant dans son \u00e9mission, Al-Faraj a d\u00e9clar\u00e9 qu\u2019Al-Nassr ne remportera pas le titre de champion lors des saisons 2025-2026, 2026-2027 ou 2027-2028.<\/p>\n<p>La d\u00e9claration d\u2019Al-Faraj a eu lieu lors d\u2019une diffusion en direct, o\u00f9 il a analys\u00e9 l\u2019\u00e9tat actuel de la ligue saoudienne et les performances des meilleurs clubs. Il a soulign\u00e9 la force des \u00e9quipes rivales et les d\u00e9fis auxquels Al-Nassr est confront\u00e9 comme raisons principales de ses pr\u00e9visions.<\/p>\n<p>\u201c Je le dis clairement : Al-Nassr ne gagnera pas la ligue au cours des trois prochaines saisons \u201d, a d\u00e9clar\u00e9 Al-Faraj. Il a ajout\u00e9 que l\u2019effectif actuel du club et sa structure de direction ne sont pas suffisants pour rivaliser pour le titre face aux forces dominantes de la ligue.<\/p>\n<p>Le commentateur n\u2019a pas retenu ses critiques, sugg\u00e9rant qu\u2019Al-Nassr a besoin de changements majeurs s\u2019il esp\u00e8re se battre pour le championnat. Il a soulign\u00e9 que les rivaux du club ont constitu\u00e9 des effectifs plus solides et b\u00e9n\u00e9ficient d\u2019une plus grande stabilit\u00e9 dans leurs projets.<\/p>\n<p>Les propos d\u2019Al-Faraj ont suscit\u00e9 de vives r\u00e9actions parmi les fans et les analystes. Les supporters d\u2019Al-Nassr ont exprim\u00e9 leur d\u00e9saccord, tandis que d\u2019autres ont reconnu les difficult\u00e9s auxquelles le club est confront\u00e9 pour combler l\u2019\u00e9cart avec les leaders de la ligue.<\/p>\n<p>La Saudi Pro League a connu une concurrence accrue ces derni\u00e8res ann\u00e9es, plusieurs clubs investissant massivement dans des joueurs et des entra\u00eeneurs de haut niveau. Al-Nassr, malgr\u00e9 la pr\u00e9sence de noms c\u00e9l\u00e8bres dans son effectif, a eu du mal \u00e0 maintenir une constance dans ses qu\u00eates de titre.<\/p>\n<p>Al-Faraj a conclu ses commentaires en exhortant la direction d\u2019Al-Nassr \u00e0 prendre des mesures s\u00e9rieuses pour am\u00e9liorer les performances de l\u2019\u00e9quipe. Il a averti que sans changements significatifs, le club risque de prendre encore plus de retard dans la course aux honneurs nationaux.<\/p>","protected":false},"excerpt":{"rendered":"<p>Saudi sports commentator and presenter Walid Al-Faraj has made a bold prediction regarding Al-Nassr\u2019s chances in the Saudi Pro League [&hellip;]<\/p>\n","protected":false},"author":3,"featured_media":11174,"comment_status":"","ping_status":"open","sticky":false,"template":"","format":"standard","meta":{"googlesitekit_rrm_CAow_uzEDA:productID":"","site-sidebar-layout":"default","site-content-layout":"","ast-site-content-layout":"default","site-content-style":"default","site-sidebar-style":"default","ast-global-header-display":"","ast-banner-title-visibility":"","ast-main-header-display":"","ast-hfb-above-header-display":"","ast-hfb-below-header-display":"","ast-hfb-mobile-header-display":"","site-post-title":"","ast-breadcrumbs-content":"","ast-featured-img":"","footer-sml-layout":"","ast-disable-related-posts":"","theme-transparent-header-meta":"","adv-header-id-meta":"","stick-header-meta":"","header-above-stick-meta":"","header-main-stick-meta":"","header-below-stick-meta":"","astra-migrate-meta-layouts":"default","ast-page-background-enabled":"default","ast-page-background-meta":{"desktop":{"background-color":"var(--ast-global-color-5)","background-image":"","background-repeat":"repeat","background-position":"center center","background-size":"auto","background-attachment":"scroll","background-type":"","background-media":"","overlay-type":"","overlay-color":"","overlay-opacity":"","overlay-gradient":""},"tablet":{"background-color":"","background-image":"","background-repeat":"repeat","background-position":"center center","background-size":"auto","background-attachment":"scroll","background-type":"","background-media":"","overlay-type":"","overlay-color":"","overlay-opacity":"","overlay-gradient":""},"mobile":{"background-color":"","background-image":"","background-repeat":"repeat","background-position":"center center","background-size":"auto","background-attachment":"scroll","background-type":"","background-media":"","overlay-type":"","overlay-color":"","overlay-opacity":"","overlay-gradient":""}},"ast-content-background-meta":{"desktop":{"background-color":"var(--ast-global-color-4)","background-image":"","background-repeat":"repeat","background-position":"center center","background-size":"auto","background-attachment":"scroll","background-type":"","background-media":"","overlay-type":"","overlay-color":"","overlay-opacity":"","overlay-gradient":""},"tablet":{"background-color":"var(--ast-global-color-4)","background-image":"","background-repeat":"repeat","background-position":"center center","background-size":"auto","background-attachment":"scroll","background-type":"","background-media":"","overlay-type":"","overlay-color":"","overlay-opacity":"","overlay-gradient":""},"mobile":{"background-color":"var(--ast-global-color-4)","background-image":"","background-repeat":"repeat","background-position":"center center","background-size":"auto","background-attachment":"scroll","background-type":"","background-media":"","overlay-type":"","overlay-color":"","overlay-opacity":"","overlay-gradient":""}},"footnotes":""},"categories":[20,1],"tags":[],"class_list":["post-11175","post","type-post","status-publish","format-standard","has-post-thumbnail","hentry","category-international","category-football-latest-news"],"yoast_head":"<!-- This site is optimized with the Yoast SEO Premium plugin v26.6 (Yoast SEO v27.5) - https:\/\/yoast.com\/product\/yoast-seo-premium-wordpress\/ -->\n<title>Al-Faraj: Al-Nassr will not win the league in the next three seasons - Bladna News<\/title>\n<meta name=\"robots\" content=\"index, follow, max-snippet:-1, max-image-preview:large, max-video-preview:-1\" \/>\n<link rel=\"canonical\" href=\"https:\/\/bladnanews.com\/fr\/al-faraj-al-nassr-ne-remportera-pas-le-championnat-au-cours-des-trois-prochaines-saisons\/\" \/>\n<meta property=\"og:locale\" content=\"fr_FR\" \/>\n<meta property=\"og:type\" content=\"article\" \/>\n<meta property=\"og:title\" content=\"Al-Faraj: Al-Nassr will not win the league in the next three seasons\" \/>\n<meta property=\"og:description\" content=\"Saudi sports commentator and presenter Walid Al-Faraj has made a bold prediction regarding Al-Nassr\u2019s chances in the Saudi Pro League [&hellip;]\" \/>\n<meta property=\"og:url\" content=\"https:\/\/bladnanews.com\/fr\/al-faraj-al-nassr-ne-remportera-pas-le-championnat-au-cours-des-trois-prochaines-saisons\/\" \/>\n<meta property=\"og:site_name\" content=\"Bladna News\" \/>\n<meta property=\"article:published_time\" content=\"2026-05-01T17:09:17+00:00\" \/>\n<meta property=\"og:image\" content=\"https:\/\/bladnanews.com\/wp-content\/uploads\/2025\/12\/freepik__bladna-newscom-moroccan-soccer-homepage-banner-mor__41838.png\" \/>\n\t<meta property=\"og:image:width\" content=\"1312\" \/>\n\t<meta property=\"og:image:height\" content=\"736\" \/>\n\t<meta property=\"og:image:type\" content=\"image\/png\" \/>\n<meta name=\"author\" content=\"Bladna News Staff\" \/>\n<meta name=\"twitter:card\" content=\"summary_large_image\" \/>\n<meta name=\"twitter:label1\" content=\"\u00c9crit par\" \/>\n\t<meta name=\"twitter:data1\" content=\"Bladna News Staff\" \/>\n\t<meta name=\"twitter:label2\" content=\"Dur\u00e9e de lecture estim\u00e9e\" \/>\n\t<meta name=\"twitter:data2\" content=\"1 minute\" \/>\n<script type=\"application\/ld+json\" class=\"yoast-schema-graph\">{\"@context\":\"https:\\\/\\\/schema.org\",\"@graph\":[{\"@type\":\"Article\",\"@id\":\"https:\\\/\\\/bladnanews.com\\\/al-faraj-al-nassr-will-not-win-the-league-in-the-next-three-seasons\\\/#article\",\"isPartOf\":{\"@id\":\"https:\\\/\\\/bladnanews.com\\\/al-faraj-al-nassr-will-not-win-the-league-in-the-next-three-seasons\\\/\"},\"author\":{\"name\":\"Bladna News Staff\",\"@id\":\"https:\\\/\\\/mediumseagreen-eel-531711.hostingersite.com\\\/#\\\/schema\\\/person\\\/268e18a453ab080ebf76df6ef7845083\"},\"headline\":\"Al-Faraj: Al-Nassr will not win the league in the next three seasons\",\"datePublished\":\"2026-05-01T17:09:17+00:00\",\"mainEntityOfPage\":{\"@id\":\"https:\\\/\\\/bladnanews.com\\\/al-faraj-al-nassr-will-not-win-the-league-in-the-next-three-seasons\\\/\"},\"wordCount\":294,\"publisher\":{\"@id\":\"https:\\\/\\\/mediumseagreen-eel-531711.hostingersite.com\\\/#organization\"},\"image\":{\"@id\":\"https:\\\/\\\/bladnanews.com\\\/al-faraj-al-nassr-will-not-win-the-league-in-the-next-three-seasons\\\/#primaryimage\"},\"thumbnailUrl\":\"https:\\\/\\\/bladnanews.com\\\/wp-content\\\/uploads\\\/2026\\\/05\\\/walid20el20farag202.jpg.jpg\",\"articleSection\":[\"International\",\"Latest News\"],\"inLanguage\":\"fr-FR\",\"copyrightYear\":\"2026\",\"copyrightHolder\":{\"@id\":\"https:\\\/\\\/bladnanews.com\\\/fr\\\/#organization\"}},{\"@type\":\"WebPage\",\"@id\":\"https:\\\/\\\/bladnanews.com\\\/al-faraj-al-nassr-will-not-win-the-league-in-the-next-three-seasons\\\/\",\"url\":\"https:\\\/\\\/bladnanews.com\\\/al-faraj-al-nassr-will-not-win-the-league-in-the-next-three-seasons\\\/\",\"name\":\"Al-Faraj: Al-Nassr will not win the league in the next three seasons - Bladna News\",\"isPartOf\":{\"@id\":\"https:\\\/\\\/mediumseagreen-eel-531711.hostingersite.com\\\/#website\"},\"primaryImageOfPage\":{\"@id\":\"https:\\\/\\\/bladnanews.com\\\/al-faraj-al-nassr-will-not-win-the-league-in-the-next-three-seasons\\\/#primaryimage\"},\"image\":{\"@id\":\"https:\\\/\\\/bladnanews.com\\\/al-faraj-al-nassr-will-not-win-the-league-in-the-next-three-seasons\\\/#primaryimage\"},\"thumbnailUrl\":\"https:\\\/\\\/bladnanews.com\\\/wp-content\\\/uploads\\\/2026\\\/05\\\/walid20el20farag202.jpg.jpg\",\"datePublished\":\"2026-05-01T17:09:17+00:00\",\"breadcrumb\":{\"@id\":\"https:\\\/\\\/bladnanews.com\\\/al-faraj-al-nassr-will-not-win-the-league-in-the-next-three-seasons\\\/#breadcrumb\"},\"inLanguage\":\"fr-FR\",\"potentialAction\":[{\"@type\":\"ReadAction\",\"target\":[\"https:\\\/\\\/bladnanews.com\\\/al-faraj-al-nassr-will-not-win-the-league-in-the-next-three-seasons\\\/\"]}]},{\"@type\":\"ImageObject\",\"inLanguage\":\"fr-FR\",\"@id\":\"https:\\\/\\\/bladnanews.com\\\/al-faraj-al-nassr-will-not-win-the-league-in-the-next-three-seasons\\\/#primaryimage\",\"url\":\"https:\\\/\\\/bladnanews.com\\\/wp-content\\\/uploads\\\/2026\\\/05\\\/walid20el20farag202.jpg.jpg\",\"contentUrl\":\"https:\\\/\\\/bladnanews.com\\\/wp-content\\\/uploads\\\/2026\\\/05\\\/walid20el20farag202.jpg.jpg\",\"width\":2048,\"height\":1152,\"caption\":\"Al-Faraj: Al-Nassr will not win the league in the next three seasons\"},{\"@type\":\"BreadcrumbList\",\"@id\":\"https:\\\/\\\/bladnanews.com\\\/al-faraj-al-nassr-will-not-win-the-league-in-the-next-three-seasons\\\/#breadcrumb\",\"itemListElement\":[{\"@type\":\"ListItem\",\"position\":1,\"name\":\"Home\",\"item\":\"https:\\\/\\\/bladnanews.com\\\/\"},{\"@type\":\"ListItem\",\"position\":2,\"name\":\"Al-Faraj: Al-Nassr will not win the league in the next three seasons\"}]},{\"@type\":\"WebSite\",\"@id\":\"https:\\\/\\\/mediumseagreen-eel-531711.hostingersite.com\\\/#website\",\"url\":\"https:\\\/\\\/mediumseagreen-eel-531711.hostingersite.com\\\/\",\"name\":\"Bladna News - Morocco\",\"description\":\"Where Moroccan Football Meets the World\",\"publisher\":{\"@id\":\"https:\\\/\\\/mediumseagreen-eel-531711.hostingersite.com\\\/#organization\"},\"potentialAction\":[{\"@type\":\"SearchAction\",\"target\":{\"@type\":\"EntryPoint\",\"urlTemplate\":\"https:\\\/\\\/mediumseagreen-eel-531711.hostingersite.com\\\/?s={search_term_string}\"},\"query-input\":{\"@type\":\"PropertyValueSpecification\",\"valueRequired\":true,\"valueName\":\"search_term_string\"}}],\"inLanguage\":\"fr-FR\"},{\"@type\":\"Organization\",\"@id\":\"https:\\\/\\\/mediumseagreen-eel-531711.hostingersite.com\\\/#organization\",\"name\":\"Bladna News.com\",\"url\":\"https:\\\/\\\/mediumseagreen-eel-531711.hostingersite.com\\\/\",\"logo\":{\"@type\":\"ImageObject\",\"inLanguage\":\"fr-FR\",\"@id\":\"https:\\\/\\\/mediumseagreen-eel-531711.hostingersite.com\\\/#\\\/schema\\\/logo\\\/image\\\/\",\"url\":\"https:\\\/\\\/bladnanews.com\\\/wp-content\\\/uploads\\\/2025\\\/12\\\/logo-bladnanews-V2-web-black-red.png\",\"contentUrl\":\"https:\\\/\\\/bladnanews.com\\\/wp-content\\\/uploads\\\/2025\\\/12\\\/logo-bladnanews-V2-web-black-red.png\",\"width\":703,\"height\":287,\"caption\":\"Bladna News.com\"},\"image\":{\"@id\":\"https:\\\/\\\/mediumseagreen-eel-531711.hostingersite.com\\\/#\\\/schema\\\/logo\\\/image\\\/\"},\"email\":\"info@bladnanews.com\",\"legalName\":\"Bladna News\"},{\"@type\":\"Person\",\"@id\":\"https:\\\/\\\/mediumseagreen-eel-531711.hostingersite.com\\\/#\\\/schema\\\/person\\\/268e18a453ab080ebf76df6ef7845083\",\"name\":\"Bladna News Staff\",\"url\":\"https:\\\/\\\/bladnanews.com\\\/fr\\\/author\\\/bladna-news-staff\\\/\"}]}<\/script>\n<!-- \/ Yoast SEO Premium plugin. -->","yoast_head_json":{"title":"Al-Faraj : Al-Nassr ne remportera pas le championnat au cours des trois prochaines saisons - Bladna News","robots":{"index":"index","follow":"follow","max-snippet":"max-snippet:-1","max-image-preview":"max-image-preview:large","max-video-preview":"max-video-preview:-1"},"canonical":"https:\/\/bladnanews.com\/fr\/al-faraj-al-nassr-ne-remportera-pas-le-championnat-au-cours-des-trois-prochaines-saisons\/","og_locale":"fr_FR","og_type":"article","og_title":"Al-Faraj: Al-Nassr will not win the league in the next three seasons","og_description":"Saudi sports commentator and presenter Walid Al-Faraj has made a bold prediction regarding Al-Nassr\u2019s chances in the Saudi Pro League [&hellip;]","og_url":"https:\/\/bladnanews.com\/fr\/al-faraj-al-nassr-ne-remportera-pas-le-championnat-au-cours-des-trois-prochaines-saisons\/","og_site_name":"Bladna News","article_published_time":"2026-05-01T17:09:17+00:00","og_image":[{"width":1312,"height":736,"url":"https:\/\/bladnanews.com\/wp-content\/uploads\/2025\/12\/freepik__bladna-newscom-moroccan-soccer-homepage-banner-mor__41838.png","type":"image\/png"}],"author":"Bladna News Staff","twitter_card":"summary_large_image","twitter_misc":{"\u00c9crit par":"Bladna News Staff","Dur\u00e9e de lecture estim\u00e9e":"1 minute"},"schema":{"@context":"https:\/\/schema.org","@graph":[{"@type":"Article","@id":"https:\/\/bladnanews.com\/al-faraj-al-nassr-will-not-win-the-league-in-the-next-three-seasons\/#article","isPartOf":{"@id":"https:\/\/bladnanews.com\/al-faraj-al-nassr-will-not-win-the-league-in-the-next-three-seasons\/"},"author":{"name":"Bladna News Staff","@id":"https:\/\/mediumseagreen-eel-531711.hostingersite.com\/#\/schema\/person\/268e18a453ab080ebf76df6ef7845083"},"headline":"Al-Faraj: Al-Nassr will not win the league in the next three seasons","datePublished":"2026-05-01T17:09:17+00:00","mainEntityOfPage":{"@id":"https:\/\/bladnanews.com\/al-faraj-al-nassr-will-not-win-the-league-in-the-next-three-seasons\/"},"wordCount":294,"publisher":{"@id":"https:\/\/mediumseagreen-eel-531711.hostingersite.com\/#organization"},"image":{"@id":"https:\/\/bladnanews.com\/al-faraj-al-nassr-will-not-win-the-league-in-the-next-three-seasons\/#primaryimage"},"thumbnailUrl":"https:\/\/bladnanews.com\/wp-content\/uploads\/2026\/05\/walid20el20farag202.jpg.jpg","articleSection":["International","Latest News"],"inLanguage":"fr-FR","copyrightYear":"2026","copyrightHolder":{"@id":"https:\/\/bladnanews.com\/fr\/#organization"}},{"@type":"WebPage","@id":"https:\/\/bladnanews.com\/al-faraj-al-nassr-will-not-win-the-league-in-the-next-three-seasons\/","url":"https:\/\/bladnanews.com\/al-faraj-al-nassr-will-not-win-the-league-in-the-next-three-seasons\/","name":"Al-Faraj : Al-Nassr ne remportera pas le championnat au cours des trois prochaines saisons - Bladna News","isPartOf":{"@id":"https:\/\/mediumseagreen-eel-531711.hostingersite.com\/#website"},"primaryImageOfPage":{"@id":"https:\/\/bladnanews.com\/al-faraj-al-nassr-will-not-win-the-league-in-the-next-three-seasons\/#primaryimage"},"image":{"@id":"https:\/\/bladnanews.com\/al-faraj-al-nassr-will-not-win-the-league-in-the-next-three-seasons\/#primaryimage"},"thumbnailUrl":"https:\/\/bladnanews.com\/wp-content\/uploads\/2026\/05\/walid20el20farag202.jpg.jpg","datePublished":"2026-05-01T17:09:17+00:00","breadcrumb":{"@id":"https:\/\/bladnanews.com\/al-faraj-al-nassr-will-not-win-the-league-in-the-next-three-seasons\/#breadcrumb"},"inLanguage":"fr-FR","potentialAction":[{"@type":"ReadAction","target":["https:\/\/bladnanews.com\/al-faraj-al-nassr-will-not-win-the-league-in-the-next-three-seasons\/"]}]},{"@type":"ImageObject","inLanguage":"fr-FR","@id":"https:\/\/bladnanews.com\/al-faraj-al-nassr-will-not-win-the-league-in-the-next-three-seasons\/#primaryimage","url":"https:\/\/bladnanews.com\/wp-content\/uploads\/2026\/05\/walid20el20farag202.jpg.jpg","contentUrl":"https:\/\/bladnanews.com\/wp-content\/uploads\/2026\/05\/walid20el20farag202.jpg.jpg","width":2048,"height":1152,"caption":"Al-Faraj: Al-Nassr will not win the league in the next three seasons"},{"@type":"BreadcrumbList","@id":"https:\/\/bladnanews.com\/al-faraj-al-nassr-will-not-win-the-league-in-the-next-three-seasons\/#breadcrumb","itemListElement":[{"@type":"ListItem","position":1,"name":"Home","item":"https:\/\/bladnanews.com\/"},{"@type":"ListItem","position":2,"name":"Al-Faraj: Al-Nassr will not win the league in the next three seasons"}]},{"@type":"WebSite","@id":"https:\/\/mediumseagreen-eel-531711.hostingersite.com\/#website","url":"https:\/\/mediumseagreen-eel-531711.hostingersite.com\/","name":"Bladna News - Maroc","description":"Quand le football marocain rencontre le monde","publisher":{"@id":"https:\/\/mediumseagreen-eel-531711.hostingersite.com\/#organization"},"potentialAction":[{"@type":"SearchAction","target":{"@type":"EntryPoint","urlTemplate":"https:\/\/mediumseagreen-eel-531711.hostingersite.com\/?s={search_term_string}"},"query-input":{"@type":"PropertyValueSpecification","valueRequired":true,"valueName":"search_term_string"}}],"inLanguage":"fr-FR"},{"@type":"Organization","@id":"https:\/\/mediumseagreen-eel-531711.hostingersite.com\/#organization","name":"Bladna News.com","url":"https:\/\/mediumseagreen-eel-531711.hostingersite.com\/","logo":{"@type":"ImageObject","inLanguage":"fr-FR","@id":"https:\/\/mediumseagreen-eel-531711.hostingersite.com\/#\/schema\/logo\/image\/","url":"https:\/\/bladnanews.com\/wp-content\/uploads\/2025\/12\/logo-bladnanews-V2-web-black-red.png","contentUrl":"https:\/\/bladnanews.com\/wp-content\/uploads\/2025\/12\/logo-bladnanews-V2-web-black-red.png","width":703,"height":287,"caption":"Bladna News.com"},"image":{"@id":"https:\/\/mediumseagreen-eel-531711.hostingersite.com\/#\/schema\/logo\/image\/"},"email":"info@bladnanews.com","legalName":"Bladna News"},{"@type":"Person","@id":"https:\/\/mediumseagreen-eel-531711.hostingersite.com\/#\/schema\/person\/268e18a453ab080ebf76df6ef7845083","name":"\u00c9quipe r\u00e9dactionnelle de Bladna News","url":"https:\/\/bladnanews.com\/fr\/author\/bladna-news-staff\/"}]}},"_links":{"self":[{"href":"https:\/\/bladnanews.com\/fr\/wp-json\/wp\/v2\/posts\/11175","targetHints":{"allow":["GET"]}}],"collection":[{"href":"https:\/\/bladnanews.com\/fr\/wp-json\/wp\/v2\/posts"}],"about":[{"href":"https:\/\/bladnanews.com\/fr\/wp-json\/wp\/v2\/types\/post"}],"author":[{"embeddable":true,"href":"https:\/\/bladnanews.com\/fr\/wp-json\/wp\/v2\/users\/3"}],"replies":[{"embeddable":true,"href":"https:\/\/bladnanews.com\/fr\/wp-json\/wp\/v2\/comments?post=11175"}],"version-history":[{"count":0,"href":"https:\/\/bladnanews.com\/fr\/wp-json\/wp\/v2\/posts\/11175\/revisions"}],"wp:featuredmedia":[{"embeddable":true,"href":"https:\/\/bladnanews.com\/fr\/wp-json\/wp\/v2\/media\/11174"}],"wp:attachment":[{"href":"https:\/\/bladnanews.com\/fr\/wp-json\/wp\/v2\/media?parent=11175"}],"wp:term":[{"taxonomy":"category","embeddable":true,"href":"https:\/\/bladnanews.com\/fr\/wp-json\/wp\/v2\/categories?post=11175"},{"taxonomy":"post_tag","embeddable":true,"href":"https:\/\/bladnanews.com\/fr\/wp-json\/wp\/v2\/tags?post=11175"}],"curies":[{"name":"wp","href":"https:\/\/api.w.org\/{rel}","templated":true}]}}