{"id":11177,"date":"2026-05-01T18:55:57","date_gmt":"2026-05-01T18:55:57","guid":{"rendered":"https:\/\/bladnanews.com\/morocco-tops-spain-strengthens-2030-world-cup-final-bid\/"},"modified":"2026-05-01T18:55:57","modified_gmt":"2026-05-01T18:55:57","slug":"le-maroc-renforce-sa-candidature-pour-la-finale-de-la-coupe-du-monde-2030-surpassant-lespagne","status":"publish","type":"post","link":"https:\/\/bladnanews.com\/fr\/le-maroc-renforce-sa-candidature-pour-la-finale-de-la-coupe-du-monde-2030-surpassant-lespagne\/","title":{"rendered":"Le Maroc devance l'Espagne et renforce sa candidature pour la finale de la Coupe du Monde 2030."},"content":{"rendered":"<p>Le Maroc a renforc\u00e9 sa position dans la course \u00e0 l\u2019organisation de la finale de la Coupe du Monde 2030, surpassant l\u2019Espagne dans les derniers rapports d\u2019\u00e9valuation. Le royaume nord-africain est d\u00e9sormais consid\u00e9r\u00e9 comme le favori pour accueillir le match phare du tournoi.<\/p>\n<p>Selon des documents officiels r\u00e9v\u00e9l\u00e9s par le journal espagnol <em>El Pa\u00eds<\/em>, le Maroc a obtenu une note sup\u00e9rieure \u00e0 celle de l\u2019Espagne dans plusieurs crit\u00e8res techniques cl\u00e9s \u00e9valu\u00e9s par la FIFA. Les rapports, dat\u00e9s de 2026, montrent que le Maroc a re\u00e7u une note de 8,2 sur 10 pour son stade propos\u00e9 pour la finale, tandis que la candidature espagnole a obtenu 7,9.<\/p>\n<p>L\u2019\u00e9valuation s\u2019est concentr\u00e9e sur les infrastructures, la capacit\u00e9 des stades, les liaisons de transport et l\u2019h\u00e9bergement. Le stade pr\u00e9vu par le Maroc \u00e0 Casablanca, qui doit \u00eatre agrandi pour accueillir 115 000 spectateurs, a \u00e9t\u00e9 soulign\u00e9 comme un avantage majeur. Le site devrait \u00eatre achev\u00e9 d\u2019ici 2028.<\/p>\n<p>La candidature espagnole, qui inclut le Santiago Bernab\u00e9u \u00e0 Madrid et le Camp Nou \u00e0 Barcelone, a bien perform\u00e9 en mati\u00e8re d\u2019exp\u00e9rience mais a perdu des points sur l\u2019int\u00e9gration logistique. La candidature conjointe du Maroc, de l\u2019Espagne et du Portugal a \u00e9t\u00e9 officiellement confirm\u00e9e en 2023, mais le lieu de la finale reste ind\u00e9termin\u00e9.<\/p>\n<p>Le rapport technique de la FIFA, publi\u00e9 en 2026, a not\u00e9 que la proposition du Maroc offre \u201c une disposition compacte et efficace \u201d pour la finale. Le rapport a \u00e9galement salu\u00e9 l\u2019investissement du pays dans les liaisons ferroviaires \u00e0 grande vitesse entre les villes h\u00f4tes.<\/p>\n<p>Les responsables espagnols ont plaid\u00e9 pour que la finale se tienne au Bernab\u00e9u, invoquant son histoire et sa capacit\u00e9. Cependant, la derni\u00e8re \u00e9valuation de la FIFA sugg\u00e8re que la candidature marocaine est d\u00e9sormais en position de force. Une d\u00e9cision finale sur le lieu de la finale de la Coupe du Monde 2030 est attendue en 2027.<\/p>\n<p>Le comit\u00e9 de candidature marocain a salu\u00e9 cette nouvelle. \u201c Cela confirme notre engagement \u00e0 offrir un \u00e9v\u00e9nement de classe mondiale \u201d, a d\u00e9clar\u00e9 un porte-parole. \u201c Nous sommes pr\u00eats \u00e0 accueillir le monde en 2030. \u201d<\/p>\n<p>La Coupe du Monde 2030 sera la premi\u00e8re \u00e0 se d\u00e9rouler sur trois continents. Le tournoi marquera le centenaire de la premi\u00e8re Coupe du Monde en Uruguay, avec des matchs \u00e9galement pr\u00e9vus en Argentine, au Paraguay et en Uruguay pour c\u00e9l\u00e9brer ce centenaire.<\/p>","protected":false},"excerpt":{"rendered":"<p>Morocco has strengthened its position in the race to host the 2030 World Cup final, outperforming Spain in the latest [&hellip;]<\/p>\n","protected":false},"author":3,"featured_media":11176,"comment_status":"","ping_status":"open","sticky":false,"template":"","format":"standard","meta":{"googlesitekit_rrm_CAow_uzEDA:productID":"","site-sidebar-layout":"default","site-content-layout":"","ast-site-content-layout":"default","site-content-style":"default","site-sidebar-style":"default","ast-global-header-display":"","ast-banner-title-visibility":"","ast-main-header-display":"","ast-hfb-above-header-display":"","ast-hfb-below-header-display":"","ast-hfb-mobile-header-display":"","site-post-title":"","ast-breadcrumbs-content":"","ast-featured-img":"","footer-sml-layout":"","ast-disable-related-posts":"","theme-transparent-header-meta":"","adv-header-id-meta":"","stick-header-meta":"","header-above-stick-meta":"","header-main-stick-meta":"","header-below-stick-meta":"","astra-migrate-meta-layouts":"default","ast-page-background-enabled":"default","ast-page-background-meta":{"desktop":{"background-color":"var(--ast-global-color-5)","background-image":"","background-repeat":"repeat","background-position":"center center","background-size":"auto","background-attachment":"scroll","background-type":"","background-media":"","overlay-type":"","overlay-color":"","overlay-opacity":"","overlay-gradient":""},"tablet":{"background-color":"","background-image":"","background-repeat":"repeat","background-position":"center center","background-size":"auto","background-attachment":"scroll","background-type":"","background-media":"","overlay-type":"","overlay-color":"","overlay-opacity":"","overlay-gradient":""},"mobile":{"background-color":"","background-image":"","background-repeat":"repeat","background-position":"center center","background-size":"auto","background-attachment":"scroll","background-type":"","background-media":"","overlay-type":"","overlay-color":"","overlay-opacity":"","overlay-gradient":""}},"ast-content-background-meta":{"desktop":{"background-color":"var(--ast-global-color-4)","background-image":"","background-repeat":"repeat","background-position":"center center","background-size":"auto","background-attachment":"scroll","background-type":"","background-media":"","overlay-type":"","overlay-color":"","overlay-opacity":"","overlay-gradient":""},"tablet":{"background-color":"var(--ast-global-color-4)","background-image":"","background-repeat":"repeat","background-position":"center center","background-size":"auto","background-attachment":"scroll","background-type":"","background-media":"","overlay-type":"","overlay-color":"","overlay-opacity":"","overlay-gradient":""},"mobile":{"background-color":"var(--ast-global-color-4)","background-image":"","background-repeat":"repeat","background-position":"center center","background-size":"auto","background-attachment":"scroll","background-type":"","background-media":"","overlay-type":"","overlay-color":"","overlay-opacity":"","overlay-gradient":""}},"footnotes":""},"categories":[20,1],"tags":[],"class_list":["post-11177","post","type-post","status-publish","format-standard","has-post-thumbnail","hentry","category-international","category-football-latest-news"],"yoast_head":"<!-- This site is optimized with the Yoast SEO Premium plugin v26.6 (Yoast SEO v27.5) - https:\/\/yoast.com\/product\/yoast-seo-premium-wordpress\/ -->\n<title>Morocco tops Spain, strengthens 2030 World Cup final bid - Bladna News<\/title>\n<meta name=\"robots\" content=\"index, follow, max-snippet:-1, max-image-preview:large, max-video-preview:-1\" \/>\n<link rel=\"canonical\" href=\"https:\/\/bladnanews.com\/fr\/le-maroc-renforce-sa-candidature-pour-la-finale-de-la-coupe-du-monde-2030-surpassant-lespagne\/\" \/>\n<meta property=\"og:locale\" content=\"fr_FR\" \/>\n<meta property=\"og:type\" content=\"article\" \/>\n<meta property=\"og:title\" content=\"Morocco tops Spain, strengthens 2030 World Cup final bid\" \/>\n<meta property=\"og:description\" content=\"Morocco has strengthened its position in the race to host the 2030 World Cup final, outperforming Spain in the latest [&hellip;]\" \/>\n<meta property=\"og:url\" content=\"https:\/\/bladnanews.com\/fr\/le-maroc-renforce-sa-candidature-pour-la-finale-de-la-coupe-du-monde-2030-surpassant-lespagne\/\" \/>\n<meta property=\"og:site_name\" content=\"Bladna News\" \/>\n<meta property=\"article:published_time\" content=\"2026-05-01T18:55:57+00:00\" \/>\n<meta property=\"og:image\" content=\"https:\/\/bladnanews.com\/wp-content\/uploads\/2025\/12\/freepik__bladna-newscom-moroccan-soccer-homepage-banner-mor__41838.png\" \/>\n\t<meta property=\"og:image:width\" content=\"1312\" \/>\n\t<meta property=\"og:image:height\" content=\"736\" \/>\n\t<meta property=\"og:image:type\" content=\"image\/png\" \/>\n<meta name=\"author\" content=\"Bladna News Staff\" \/>\n<meta name=\"twitter:card\" content=\"summary_large_image\" \/>\n<meta name=\"twitter:label1\" content=\"\u00c9crit par\" \/>\n\t<meta name=\"twitter:data1\" content=\"Bladna News Staff\" \/>\n\t<meta name=\"twitter:label2\" content=\"Dur\u00e9e de lecture estim\u00e9e\" \/>\n\t<meta name=\"twitter:data2\" content=\"2 minutes\" \/>\n<script type=\"application\/ld+json\" class=\"yoast-schema-graph\">{\"@context\":\"https:\\\/\\\/schema.org\",\"@graph\":[{\"@type\":\"Article\",\"@id\":\"https:\\\/\\\/bladnanews.com\\\/morocco-tops-spain-strengthens-2030-world-cup-final-bid\\\/#article\",\"isPartOf\":{\"@id\":\"https:\\\/\\\/bladnanews.com\\\/morocco-tops-spain-strengthens-2030-world-cup-final-bid\\\/\"},\"author\":{\"name\":\"Bladna News Staff\",\"@id\":\"https:\\\/\\\/mediumseagreen-eel-531711.hostingersite.com\\\/#\\\/schema\\\/person\\\/268e18a453ab080ebf76df6ef7845083\"},\"headline\":\"Morocco tops Spain, strengthens 2030 World Cup final bid\",\"datePublished\":\"2026-05-01T18:55:57+00:00\",\"mainEntityOfPage\":{\"@id\":\"https:\\\/\\\/bladnanews.com\\\/morocco-tops-spain-strengthens-2030-world-cup-final-bid\\\/\"},\"wordCount\":327,\"publisher\":{\"@id\":\"https:\\\/\\\/mediumseagreen-eel-531711.hostingersite.com\\\/#organization\"},\"image\":{\"@id\":\"https:\\\/\\\/bladnanews.com\\\/morocco-tops-spain-strengthens-2030-world-cup-final-bid\\\/#primaryimage\"},\"thumbnailUrl\":\"https:\\\/\\\/bladnanews.com\\\/wp-content\\\/uploads\\\/2026\\\/05\\\/GettyImages-2273301615-1.jpg-1-scaled.jpg\",\"articleSection\":[\"International\",\"Latest News\"],\"inLanguage\":\"fr-FR\",\"copyrightYear\":\"2026\",\"copyrightHolder\":{\"@id\":\"https:\\\/\\\/bladnanews.com\\\/fr\\\/#organization\"}},{\"@type\":\"WebPage\",\"@id\":\"https:\\\/\\\/bladnanews.com\\\/morocco-tops-spain-strengthens-2030-world-cup-final-bid\\\/\",\"url\":\"https:\\\/\\\/bladnanews.com\\\/morocco-tops-spain-strengthens-2030-world-cup-final-bid\\\/\",\"name\":\"Morocco tops Spain, strengthens 2030 World Cup final bid - Bladna News\",\"isPartOf\":{\"@id\":\"https:\\\/\\\/mediumseagreen-eel-531711.hostingersite.com\\\/#website\"},\"primaryImageOfPage\":{\"@id\":\"https:\\\/\\\/bladnanews.com\\\/morocco-tops-spain-strengthens-2030-world-cup-final-bid\\\/#primaryimage\"},\"image\":{\"@id\":\"https:\\\/\\\/bladnanews.com\\\/morocco-tops-spain-strengthens-2030-world-cup-final-bid\\\/#primaryimage\"},\"thumbnailUrl\":\"https:\\\/\\\/bladnanews.com\\\/wp-content\\\/uploads\\\/2026\\\/05\\\/GettyImages-2273301615-1.jpg-1-scaled.jpg\",\"datePublished\":\"2026-05-01T18:55:57+00:00\",\"breadcrumb\":{\"@id\":\"https:\\\/\\\/bladnanews.com\\\/morocco-tops-spain-strengthens-2030-world-cup-final-bid\\\/#breadcrumb\"},\"inLanguage\":\"fr-FR\",\"potentialAction\":[{\"@type\":\"ReadAction\",\"target\":[\"https:\\\/\\\/bladnanews.com\\\/morocco-tops-spain-strengthens-2030-world-cup-final-bid\\\/\"]}]},{\"@type\":\"ImageObject\",\"inLanguage\":\"fr-FR\",\"@id\":\"https:\\\/\\\/bladnanews.com\\\/morocco-tops-spain-strengthens-2030-world-cup-final-bid\\\/#primaryimage\",\"url\":\"https:\\\/\\\/bladnanews.com\\\/wp-content\\\/uploads\\\/2026\\\/05\\\/GettyImages-2273301615-1.jpg-1-scaled.jpg\",\"contentUrl\":\"https:\\\/\\\/bladnanews.com\\\/wp-content\\\/uploads\\\/2026\\\/05\\\/GettyImages-2273301615-1.jpg-1-scaled.jpg\",\"width\":2560,\"height\":1440,\"caption\":\"Morocco tops Spain, strengthens 2030 World Cup final bid\"},{\"@type\":\"BreadcrumbList\",\"@id\":\"https:\\\/\\\/bladnanews.com\\\/morocco-tops-spain-strengthens-2030-world-cup-final-bid\\\/#breadcrumb\",\"itemListElement\":[{\"@type\":\"ListItem\",\"position\":1,\"name\":\"Home\",\"item\":\"https:\\\/\\\/bladnanews.com\\\/\"},{\"@type\":\"ListItem\",\"position\":2,\"name\":\"Morocco tops Spain, strengthens 2030 World Cup final bid\"}]},{\"@type\":\"WebSite\",\"@id\":\"https:\\\/\\\/mediumseagreen-eel-531711.hostingersite.com\\\/#website\",\"url\":\"https:\\\/\\\/mediumseagreen-eel-531711.hostingersite.com\\\/\",\"name\":\"Bladna News - Morocco\",\"description\":\"Where Moroccan Football Meets the World\",\"publisher\":{\"@id\":\"https:\\\/\\\/mediumseagreen-eel-531711.hostingersite.com\\\/#organization\"},\"potentialAction\":[{\"@type\":\"SearchAction\",\"target\":{\"@type\":\"EntryPoint\",\"urlTemplate\":\"https:\\\/\\\/mediumseagreen-eel-531711.hostingersite.com\\\/?s={search_term_string}\"},\"query-input\":{\"@type\":\"PropertyValueSpecification\",\"valueRequired\":true,\"valueName\":\"search_term_string\"}}],\"inLanguage\":\"fr-FR\"},{\"@type\":\"Organization\",\"@id\":\"https:\\\/\\\/mediumseagreen-eel-531711.hostingersite.com\\\/#organization\",\"name\":\"Bladna News.com\",\"url\":\"https:\\\/\\\/mediumseagreen-eel-531711.hostingersite.com\\\/\",\"logo\":{\"@type\":\"ImageObject\",\"inLanguage\":\"fr-FR\",\"@id\":\"https:\\\/\\\/mediumseagreen-eel-531711.hostingersite.com\\\/#\\\/schema\\\/logo\\\/image\\\/\",\"url\":\"https:\\\/\\\/bladnanews.com\\\/wp-content\\\/uploads\\\/2025\\\/12\\\/logo-bladnanews-V2-web-black-red.png\",\"contentUrl\":\"https:\\\/\\\/bladnanews.com\\\/wp-content\\\/uploads\\\/2025\\\/12\\\/logo-bladnanews-V2-web-black-red.png\",\"width\":703,\"height\":287,\"caption\":\"Bladna News.com\"},\"image\":{\"@id\":\"https:\\\/\\\/mediumseagreen-eel-531711.hostingersite.com\\\/#\\\/schema\\\/logo\\\/image\\\/\"},\"email\":\"info@bladnanews.com\",\"legalName\":\"Bladna News\"},{\"@type\":\"Person\",\"@id\":\"https:\\\/\\\/mediumseagreen-eel-531711.hostingersite.com\\\/#\\\/schema\\\/person\\\/268e18a453ab080ebf76df6ef7845083\",\"name\":\"Bladna News Staff\",\"url\":\"https:\\\/\\\/bladnanews.com\\\/fr\\\/author\\\/bladna-news-staff\\\/\"}]}<\/script>\n<!-- \/ Yoast SEO Premium plugin. -->","yoast_head_json":{"title":"Le Maroc surpasse l'Espagne et renforce sa candidature pour la finale de la Coupe du Monde 2030 - Bladna News","robots":{"index":"index","follow":"follow","max-snippet":"max-snippet:-1","max-image-preview":"max-image-preview:large","max-video-preview":"max-video-preview:-1"},"canonical":"https:\/\/bladnanews.com\/fr\/le-maroc-renforce-sa-candidature-pour-la-finale-de-la-coupe-du-monde-2030-surpassant-lespagne\/","og_locale":"fr_FR","og_type":"article","og_title":"Morocco tops Spain, strengthens 2030 World Cup final bid","og_description":"Morocco has strengthened its position in the race to host the 2030 World Cup final, outperforming Spain in the latest [&hellip;]","og_url":"https:\/\/bladnanews.com\/fr\/le-maroc-renforce-sa-candidature-pour-la-finale-de-la-coupe-du-monde-2030-surpassant-lespagne\/","og_site_name":"Bladna News","article_published_time":"2026-05-01T18:55:57+00:00","og_image":[{"width":1312,"height":736,"url":"https:\/\/bladnanews.com\/wp-content\/uploads\/2025\/12\/freepik__bladna-newscom-moroccan-soccer-homepage-banner-mor__41838.png","type":"image\/png"}],"author":"Bladna News Staff","twitter_card":"summary_large_image","twitter_misc":{"\u00c9crit par":"Bladna News Staff","Dur\u00e9e de lecture estim\u00e9e":"2 minutes"},"schema":{"@context":"https:\/\/schema.org","@graph":[{"@type":"Article","@id":"https:\/\/bladnanews.com\/morocco-tops-spain-strengthens-2030-world-cup-final-bid\/#article","isPartOf":{"@id":"https:\/\/bladnanews.com\/morocco-tops-spain-strengthens-2030-world-cup-final-bid\/"},"author":{"name":"Bladna News Staff","@id":"https:\/\/mediumseagreen-eel-531711.hostingersite.com\/#\/schema\/person\/268e18a453ab080ebf76df6ef7845083"},"headline":"Morocco tops Spain, strengthens 2030 World Cup final bid","datePublished":"2026-05-01T18:55:57+00:00","mainEntityOfPage":{"@id":"https:\/\/bladnanews.com\/morocco-tops-spain-strengthens-2030-world-cup-final-bid\/"},"wordCount":327,"publisher":{"@id":"https:\/\/mediumseagreen-eel-531711.hostingersite.com\/#organization"},"image":{"@id":"https:\/\/bladnanews.com\/morocco-tops-spain-strengthens-2030-world-cup-final-bid\/#primaryimage"},"thumbnailUrl":"https:\/\/bladnanews.com\/wp-content\/uploads\/2026\/05\/GettyImages-2273301615-1.jpg-1-scaled.jpg","articleSection":["International","Latest News"],"inLanguage":"fr-FR","copyrightYear":"2026","copyrightHolder":{"@id":"https:\/\/bladnanews.com\/fr\/#organization"}},{"@type":"WebPage","@id":"https:\/\/bladnanews.com\/morocco-tops-spain-strengthens-2030-world-cup-final-bid\/","url":"https:\/\/bladnanews.com\/morocco-tops-spain-strengthens-2030-world-cup-final-bid\/","name":"Le Maroc surpasse l'Espagne et renforce sa candidature pour la finale de la Coupe du Monde 2030 - Bladna News","isPartOf":{"@id":"https:\/\/mediumseagreen-eel-531711.hostingersite.com\/#website"},"primaryImageOfPage":{"@id":"https:\/\/bladnanews.com\/morocco-tops-spain-strengthens-2030-world-cup-final-bid\/#primaryimage"},"image":{"@id":"https:\/\/bladnanews.com\/morocco-tops-spain-strengthens-2030-world-cup-final-bid\/#primaryimage"},"thumbnailUrl":"https:\/\/bladnanews.com\/wp-content\/uploads\/2026\/05\/GettyImages-2273301615-1.jpg-1-scaled.jpg","datePublished":"2026-05-01T18:55:57+00:00","breadcrumb":{"@id":"https:\/\/bladnanews.com\/morocco-tops-spain-strengthens-2030-world-cup-final-bid\/#breadcrumb"},"inLanguage":"fr-FR","potentialAction":[{"@type":"ReadAction","target":["https:\/\/bladnanews.com\/morocco-tops-spain-strengthens-2030-world-cup-final-bid\/"]}]},{"@type":"ImageObject","inLanguage":"fr-FR","@id":"https:\/\/bladnanews.com\/morocco-tops-spain-strengthens-2030-world-cup-final-bid\/#primaryimage","url":"https:\/\/bladnanews.com\/wp-content\/uploads\/2026\/05\/GettyImages-2273301615-1.jpg-1-scaled.jpg","contentUrl":"https:\/\/bladnanews.com\/wp-content\/uploads\/2026\/05\/GettyImages-2273301615-1.jpg-1-scaled.jpg","width":2560,"height":1440,"caption":"Morocco tops Spain, strengthens 2030 World Cup final bid"},{"@type":"BreadcrumbList","@id":"https:\/\/bladnanews.com\/morocco-tops-spain-strengthens-2030-world-cup-final-bid\/#breadcrumb","itemListElement":[{"@type":"ListItem","position":1,"name":"Home","item":"https:\/\/bladnanews.com\/"},{"@type":"ListItem","position":2,"name":"Morocco tops Spain, strengthens 2030 World Cup final bid"}]},{"@type":"WebSite","@id":"https:\/\/mediumseagreen-eel-531711.hostingersite.com\/#website","url":"https:\/\/mediumseagreen-eel-531711.hostingersite.com\/","name":"Bladna News - Maroc","description":"Quand le football marocain rencontre le monde","publisher":{"@id":"https:\/\/mediumseagreen-eel-531711.hostingersite.com\/#organization"},"potentialAction":[{"@type":"SearchAction","target":{"@type":"EntryPoint","urlTemplate":"https:\/\/mediumseagreen-eel-531711.hostingersite.com\/?s={search_term_string}"},"query-input":{"@type":"PropertyValueSpecification","valueRequired":true,"valueName":"search_term_string"}}],"inLanguage":"fr-FR"},{"@type":"Organization","@id":"https:\/\/mediumseagreen-eel-531711.hostingersite.com\/#organization","name":"Bladna News.com","url":"https:\/\/mediumseagreen-eel-531711.hostingersite.com\/","logo":{"@type":"ImageObject","inLanguage":"fr-FR","@id":"https:\/\/mediumseagreen-eel-531711.hostingersite.com\/#\/schema\/logo\/image\/","url":"https:\/\/bladnanews.com\/wp-content\/uploads\/2025\/12\/logo-bladnanews-V2-web-black-red.png","contentUrl":"https:\/\/bladnanews.com\/wp-content\/uploads\/2025\/12\/logo-bladnanews-V2-web-black-red.png","width":703,"height":287,"caption":"Bladna News.com"},"image":{"@id":"https:\/\/mediumseagreen-eel-531711.hostingersite.com\/#\/schema\/logo\/image\/"},"email":"info@bladnanews.com","legalName":"Bladna News"},{"@type":"Person","@id":"https:\/\/mediumseagreen-eel-531711.hostingersite.com\/#\/schema\/person\/268e18a453ab080ebf76df6ef7845083","name":"\u00c9quipe r\u00e9dactionnelle de Bladna News","url":"https:\/\/bladnanews.com\/fr\/author\/bladna-news-staff\/"}]}},"_links":{"self":[{"href":"https:\/\/bladnanews.com\/fr\/wp-json\/wp\/v2\/posts\/11177","targetHints":{"allow":["GET"]}}],"collection":[{"href":"https:\/\/bladnanews.com\/fr\/wp-json\/wp\/v2\/posts"}],"about":[{"href":"https:\/\/bladnanews.com\/fr\/wp-json\/wp\/v2\/types\/post"}],"author":[{"embeddable":true,"href":"https:\/\/bladnanews.com\/fr\/wp-json\/wp\/v2\/users\/3"}],"replies":[{"embeddable":true,"href":"https:\/\/bladnanews.com\/fr\/wp-json\/wp\/v2\/comments?post=11177"}],"version-history":[{"count":0,"href":"https:\/\/bladnanews.com\/fr\/wp-json\/wp\/v2\/posts\/11177\/revisions"}],"wp:featuredmedia":[{"embeddable":true,"href":"https:\/\/bladnanews.com\/fr\/wp-json\/wp\/v2\/media\/11176"}],"wp:attachment":[{"href":"https:\/\/bladnanews.com\/fr\/wp-json\/wp\/v2\/media?parent=11177"}],"wp:term":[{"taxonomy":"category","embeddable":true,"href":"https:\/\/bladnanews.com\/fr\/wp-json\/wp\/v2\/categories?post=11177"},{"taxonomy":"post_tag","embeddable":true,"href":"https:\/\/bladnanews.com\/fr\/wp-json\/wp\/v2\/tags?post=11177"}],"curies":[{"name":"wp","href":"https:\/\/api.w.org\/{rel}","templated":true}]}}