{"id":11179,"date":"2026-05-01T18:56:18","date_gmt":"2026-05-01T18:56:18","guid":{"rendered":"https:\/\/bladnanews.com\/abdullah-al-saeed-explodes-in-anger-after-substitution-against-al-ahly\/"},"modified":"2026-05-01T18:56:18","modified_gmt":"2026-05-01T18:56:18","slug":"abdullah-al-saeed-explose-de-colere-apres-son-remplacement-contre-al-ahly","status":"publish","type":"post","link":"https:\/\/bladnanews.com\/fr\/abdullah-al-saeed-explose-de-colere-apres-son-remplacement-contre-al-ahly\/","title":{"rendered":"Abdullah al-Saeed explose de col\u00e8re apr\u00e8s son remplacement contre al-Ahly"},"content":{"rendered":"<p>Abdullah al-Saeed a perdu son sang-froid de mani\u00e8re spectaculaire apr\u00e8s avoir \u00e9t\u00e9 remplac\u00e9 lors du match de son \u00e9quipe contre al-Ahly. Le v\u00e9t\u00e9ran meneur de jeu n\u2019a fait aucun effort pour cacher sa frustration en quittant le terrain, visiblement furieux de cette d\u00e9cision.<\/p>\n<p>L\u2019incident s\u2019est produit en seconde p\u00e9riode. Al-Saeed, qui \u00e9tait le capitaine de l\u2019\u00e9quipe, a \u00e9t\u00e9 remplac\u00e9 par le staff technique. Au lieu de se diriger directement vers le banc, il a fait des gestes de col\u00e8re, lev\u00e9 les bras au ciel et \u00e9chang\u00e9 des paroles vives avec l\u2019encadrement technique avant de finalement s\u2019asseoir.<\/p>\n<p>Les cam\u00e9ras de t\u00e9l\u00e9vision ont capt\u00e9 l\u2019int\u00e9gralit\u00e9 de l\u2019emportement. On a vu Al-Saeed crier et secouer la t\u00eate \u00e0 plusieurs reprises. Il a \u00e9galement sembl\u00e9 diriger une partie de sa col\u00e8re vers l\u2019entra\u00eeneur principal, bien que les mots exacts \u00e9chang\u00e9s restent flous.<\/p>\n<p>Ce remplacement est survenu \u00e0 un moment crucial du match. Al-Saeed avait \u00e9t\u00e9 l\u2019un des joueurs cl\u00e9s de son \u00e9quipe jusqu\u2019\u00e0 ce point. Sa r\u00e9action sugg\u00e9rait qu\u2019il estimait avoir encore beaucoup \u00e0 apporter sur le terrain, surtout face \u00e0 un rival comme al-Ahly.<\/p>\n<p>Ce n\u2019est pas la premi\u00e8re fois qu\u2019Al-Saeed montre un m\u00e9contentement visible apr\u00e8s avoir \u00e9t\u00e9 sorti. Connu pour son esprit de comp\u00e9tition et ses exigences \u00e9lev\u00e9es, le milieu de terrain de 39 ans s\u2019est b\u00e2ti une r\u00e9putation de joueur voulant disputer chaque minute de chaque match.<\/p>\n<p>Ni le joueur ni le club n\u2019ont encore publi\u00e9 de d\u00e9claration officielle concernant cet incident. Cependant, des sources proches de l\u2019\u00e9quipe indiquent que l\u2019affaire sera probablement trait\u00e9e en interne.<\/p>\n<p>Le match lui-m\u00eame s\u2019est termin\u00e9 par un r\u00e9sultat qui maintient al-Ahly dans la course au titre. Mais le sujet de discussion apr\u00e8s le coup de sifflet final est rest\u00e9 la r\u00e9action explosive d\u2019Al-Saeed, qui a suscit\u00e9 un d\u00e9bat parmi les supporters et les analystes.<\/p>","protected":false},"excerpt":{"rendered":"<p>Abdullah al-Saeed lost his temper in a dramatic fashion after being substituted during his team&#8217;s match against al-Ahly. The veteran [&hellip;]<\/p>\n","protected":false},"author":3,"featured_media":11178,"comment_status":"","ping_status":"open","sticky":false,"template":"","format":"standard","meta":{"googlesitekit_rrm_CAow_uzEDA:productID":"","site-sidebar-layout":"default","site-content-layout":"","ast-site-content-layout":"default","site-content-style":"default","site-sidebar-style":"default","ast-global-header-display":"","ast-banner-title-visibility":"","ast-main-header-display":"","ast-hfb-above-header-display":"","ast-hfb-below-header-display":"","ast-hfb-mobile-header-display":"","site-post-title":"","ast-breadcrumbs-content":"","ast-featured-img":"","footer-sml-layout":"","ast-disable-related-posts":"","theme-transparent-header-meta":"","adv-header-id-meta":"","stick-header-meta":"","header-above-stick-meta":"","header-main-stick-meta":"","header-below-stick-meta":"","astra-migrate-meta-layouts":"default","ast-page-background-enabled":"default","ast-page-background-meta":{"desktop":{"background-color":"var(--ast-global-color-5)","background-image":"","background-repeat":"repeat","background-position":"center center","background-size":"auto","background-attachment":"scroll","background-type":"","background-media":"","overlay-type":"","overlay-color":"","overlay-opacity":"","overlay-gradient":""},"tablet":{"background-color":"","background-image":"","background-repeat":"repeat","background-position":"center center","background-size":"auto","background-attachment":"scroll","background-type":"","background-media":"","overlay-type":"","overlay-color":"","overlay-opacity":"","overlay-gradient":""},"mobile":{"background-color":"","background-image":"","background-repeat":"repeat","background-position":"center center","background-size":"auto","background-attachment":"scroll","background-type":"","background-media":"","overlay-type":"","overlay-color":"","overlay-opacity":"","overlay-gradient":""}},"ast-content-background-meta":{"desktop":{"background-color":"var(--ast-global-color-4)","background-image":"","background-repeat":"repeat","background-position":"center center","background-size":"auto","background-attachment":"scroll","background-type":"","background-media":"","overlay-type":"","overlay-color":"","overlay-opacity":"","overlay-gradient":""},"tablet":{"background-color":"var(--ast-global-color-4)","background-image":"","background-repeat":"repeat","background-position":"center center","background-size":"auto","background-attachment":"scroll","background-type":"","background-media":"","overlay-type":"","overlay-color":"","overlay-opacity":"","overlay-gradient":""},"mobile":{"background-color":"var(--ast-global-color-4)","background-image":"","background-repeat":"repeat","background-position":"center center","background-size":"auto","background-attachment":"scroll","background-type":"","background-media":"","overlay-type":"","overlay-color":"","overlay-opacity":"","overlay-gradient":""}},"footnotes":""},"categories":[20,1],"tags":[],"class_list":["post-11179","post","type-post","status-publish","format-standard","has-post-thumbnail","hentry","category-international","category-football-latest-news"],"yoast_head":"<!-- This site is optimized with the Yoast SEO Premium plugin v26.6 (Yoast SEO v27.5) - https:\/\/yoast.com\/product\/yoast-seo-premium-wordpress\/ -->\n<title>Abdullah al-Saeed explodes in anger after substitution against al-Ahly - Bladna News<\/title>\n<meta name=\"robots\" content=\"index, follow, max-snippet:-1, max-image-preview:large, max-video-preview:-1\" \/>\n<link rel=\"canonical\" href=\"https:\/\/bladnanews.com\/fr\/abdullah-al-saeed-explose-de-colere-apres-son-remplacement-contre-al-ahly\/\" \/>\n<meta property=\"og:locale\" content=\"fr_FR\" \/>\n<meta property=\"og:type\" content=\"article\" \/>\n<meta property=\"og:title\" content=\"Abdullah al-Saeed explodes in anger after substitution against al-Ahly\" \/>\n<meta property=\"og:description\" content=\"Abdullah al-Saeed lost his temper in a dramatic fashion after being substituted during his team&#8217;s match against al-Ahly. The veteran [&hellip;]\" \/>\n<meta property=\"og:url\" content=\"https:\/\/bladnanews.com\/fr\/abdullah-al-saeed-explose-de-colere-apres-son-remplacement-contre-al-ahly\/\" \/>\n<meta property=\"og:site_name\" content=\"Bladna News\" \/>\n<meta property=\"article:published_time\" content=\"2026-05-01T18:56:18+00:00\" \/>\n<meta property=\"og:image\" content=\"https:\/\/bladnanews.com\/wp-content\/uploads\/2025\/12\/freepik__bladna-newscom-moroccan-soccer-homepage-banner-mor__41838.png\" \/>\n\t<meta property=\"og:image:width\" content=\"1312\" \/>\n\t<meta property=\"og:image:height\" content=\"736\" \/>\n\t<meta property=\"og:image:type\" content=\"image\/png\" \/>\n<meta name=\"author\" content=\"Bladna News Staff\" \/>\n<meta name=\"twitter:card\" content=\"summary_large_image\" \/>\n<meta name=\"twitter:label1\" content=\"\u00c9crit par\" \/>\n\t<meta name=\"twitter:data1\" content=\"Bladna News Staff\" \/>\n\t<meta name=\"twitter:label2\" content=\"Dur\u00e9e de lecture estim\u00e9e\" \/>\n\t<meta name=\"twitter:data2\" content=\"1 minute\" \/>\n<script type=\"application\/ld+json\" class=\"yoast-schema-graph\">{\"@context\":\"https:\\\/\\\/schema.org\",\"@graph\":[{\"@type\":\"Article\",\"@id\":\"https:\\\/\\\/bladnanews.com\\\/abdullah-al-saeed-explodes-in-anger-after-substitution-against-al-ahly\\\/#article\",\"isPartOf\":{\"@id\":\"https:\\\/\\\/bladnanews.com\\\/abdullah-al-saeed-explodes-in-anger-after-substitution-against-al-ahly\\\/\"},\"author\":{\"name\":\"Bladna News Staff\",\"@id\":\"https:\\\/\\\/mediumseagreen-eel-531711.hostingersite.com\\\/#\\\/schema\\\/person\\\/268e18a453ab080ebf76df6ef7845083\"},\"headline\":\"Abdullah al-Saeed explodes in anger after substitution against al-Ahly\",\"datePublished\":\"2026-05-01T18:56:18+00:00\",\"mainEntityOfPage\":{\"@id\":\"https:\\\/\\\/bladnanews.com\\\/abdullah-al-saeed-explodes-in-anger-after-substitution-against-al-ahly\\\/\"},\"wordCount\":291,\"publisher\":{\"@id\":\"https:\\\/\\\/mediumseagreen-eel-531711.hostingersite.com\\\/#organization\"},\"image\":{\"@id\":\"https:\\\/\\\/bladnanews.com\\\/abdullah-al-saeed-explodes-in-anger-after-substitution-against-al-ahly\\\/#primaryimage\"},\"thumbnailUrl\":\"https:\\\/\\\/bladnanews.com\\\/wp-content\\\/uploads\\\/2026\\\/05\\\/GettyImages-937340728.jpg-scaled.jpg\",\"articleSection\":[\"International\",\"Latest News\"],\"inLanguage\":\"fr-FR\",\"copyrightYear\":\"2026\",\"copyrightHolder\":{\"@id\":\"https:\\\/\\\/bladnanews.com\\\/fr\\\/#organization\"}},{\"@type\":\"WebPage\",\"@id\":\"https:\\\/\\\/bladnanews.com\\\/abdullah-al-saeed-explodes-in-anger-after-substitution-against-al-ahly\\\/\",\"url\":\"https:\\\/\\\/bladnanews.com\\\/abdullah-al-saeed-explodes-in-anger-after-substitution-against-al-ahly\\\/\",\"name\":\"Abdullah al-Saeed explodes in anger after substitution against al-Ahly - Bladna News\",\"isPartOf\":{\"@id\":\"https:\\\/\\\/mediumseagreen-eel-531711.hostingersite.com\\\/#website\"},\"primaryImageOfPage\":{\"@id\":\"https:\\\/\\\/bladnanews.com\\\/abdullah-al-saeed-explodes-in-anger-after-substitution-against-al-ahly\\\/#primaryimage\"},\"image\":{\"@id\":\"https:\\\/\\\/bladnanews.com\\\/abdullah-al-saeed-explodes-in-anger-after-substitution-against-al-ahly\\\/#primaryimage\"},\"thumbnailUrl\":\"https:\\\/\\\/bladnanews.com\\\/wp-content\\\/uploads\\\/2026\\\/05\\\/GettyImages-937340728.jpg-scaled.jpg\",\"datePublished\":\"2026-05-01T18:56:18+00:00\",\"breadcrumb\":{\"@id\":\"https:\\\/\\\/bladnanews.com\\\/abdullah-al-saeed-explodes-in-anger-after-substitution-against-al-ahly\\\/#breadcrumb\"},\"inLanguage\":\"fr-FR\",\"potentialAction\":[{\"@type\":\"ReadAction\",\"target\":[\"https:\\\/\\\/bladnanews.com\\\/abdullah-al-saeed-explodes-in-anger-after-substitution-against-al-ahly\\\/\"]}]},{\"@type\":\"ImageObject\",\"inLanguage\":\"fr-FR\",\"@id\":\"https:\\\/\\\/bladnanews.com\\\/abdullah-al-saeed-explodes-in-anger-after-substitution-against-al-ahly\\\/#primaryimage\",\"url\":\"https:\\\/\\\/bladnanews.com\\\/wp-content\\\/uploads\\\/2026\\\/05\\\/GettyImages-937340728.jpg-scaled.jpg\",\"contentUrl\":\"https:\\\/\\\/bladnanews.com\\\/wp-content\\\/uploads\\\/2026\\\/05\\\/GettyImages-937340728.jpg-scaled.jpg\",\"width\":2560,\"height\":1440,\"caption\":\"Abdullah al-Saeed explodes in anger after substitution against al-Ahly\"},{\"@type\":\"BreadcrumbList\",\"@id\":\"https:\\\/\\\/bladnanews.com\\\/abdullah-al-saeed-explodes-in-anger-after-substitution-against-al-ahly\\\/#breadcrumb\",\"itemListElement\":[{\"@type\":\"ListItem\",\"position\":1,\"name\":\"Home\",\"item\":\"https:\\\/\\\/bladnanews.com\\\/\"},{\"@type\":\"ListItem\",\"position\":2,\"name\":\"Abdullah al-Saeed explodes in anger after substitution against al-Ahly\"}]},{\"@type\":\"WebSite\",\"@id\":\"https:\\\/\\\/mediumseagreen-eel-531711.hostingersite.com\\\/#website\",\"url\":\"https:\\\/\\\/mediumseagreen-eel-531711.hostingersite.com\\\/\",\"name\":\"Bladna News - Morocco\",\"description\":\"Where Moroccan Football Meets the World\",\"publisher\":{\"@id\":\"https:\\\/\\\/mediumseagreen-eel-531711.hostingersite.com\\\/#organization\"},\"potentialAction\":[{\"@type\":\"SearchAction\",\"target\":{\"@type\":\"EntryPoint\",\"urlTemplate\":\"https:\\\/\\\/mediumseagreen-eel-531711.hostingersite.com\\\/?s={search_term_string}\"},\"query-input\":{\"@type\":\"PropertyValueSpecification\",\"valueRequired\":true,\"valueName\":\"search_term_string\"}}],\"inLanguage\":\"fr-FR\"},{\"@type\":\"Organization\",\"@id\":\"https:\\\/\\\/mediumseagreen-eel-531711.hostingersite.com\\\/#organization\",\"name\":\"Bladna News.com\",\"url\":\"https:\\\/\\\/mediumseagreen-eel-531711.hostingersite.com\\\/\",\"logo\":{\"@type\":\"ImageObject\",\"inLanguage\":\"fr-FR\",\"@id\":\"https:\\\/\\\/mediumseagreen-eel-531711.hostingersite.com\\\/#\\\/schema\\\/logo\\\/image\\\/\",\"url\":\"https:\\\/\\\/bladnanews.com\\\/wp-content\\\/uploads\\\/2025\\\/12\\\/logo-bladnanews-V2-web-black-red.png\",\"contentUrl\":\"https:\\\/\\\/bladnanews.com\\\/wp-content\\\/uploads\\\/2025\\\/12\\\/logo-bladnanews-V2-web-black-red.png\",\"width\":703,\"height\":287,\"caption\":\"Bladna News.com\"},\"image\":{\"@id\":\"https:\\\/\\\/mediumseagreen-eel-531711.hostingersite.com\\\/#\\\/schema\\\/logo\\\/image\\\/\"},\"email\":\"info@bladnanews.com\",\"legalName\":\"Bladna News\"},{\"@type\":\"Person\",\"@id\":\"https:\\\/\\\/mediumseagreen-eel-531711.hostingersite.com\\\/#\\\/schema\\\/person\\\/268e18a453ab080ebf76df6ef7845083\",\"name\":\"Bladna News Staff\",\"url\":\"https:\\\/\\\/bladnanews.com\\\/fr\\\/author\\\/bladna-news-staff\\\/\"}]}<\/script>\n<!-- \/ Yoast SEO Premium plugin. -->","yoast_head_json":{"title":"Abdullah al-Saeed explose de col\u00e8re apr\u00e8s son remplacement contre al-Ahly - Bladna News","robots":{"index":"index","follow":"follow","max-snippet":"max-snippet:-1","max-image-preview":"max-image-preview:large","max-video-preview":"max-video-preview:-1"},"canonical":"https:\/\/bladnanews.com\/fr\/abdullah-al-saeed-explose-de-colere-apres-son-remplacement-contre-al-ahly\/","og_locale":"fr_FR","og_type":"article","og_title":"Abdullah al-Saeed explodes in anger after substitution against al-Ahly","og_description":"Abdullah al-Saeed lost his temper in a dramatic fashion after being substituted during his team&#8217;s match against al-Ahly. The veteran [&hellip;]","og_url":"https:\/\/bladnanews.com\/fr\/abdullah-al-saeed-explose-de-colere-apres-son-remplacement-contre-al-ahly\/","og_site_name":"Bladna News","article_published_time":"2026-05-01T18:56:18+00:00","og_image":[{"width":1312,"height":736,"url":"https:\/\/bladnanews.com\/wp-content\/uploads\/2025\/12\/freepik__bladna-newscom-moroccan-soccer-homepage-banner-mor__41838.png","type":"image\/png"}],"author":"Bladna News Staff","twitter_card":"summary_large_image","twitter_misc":{"\u00c9crit par":"Bladna News Staff","Dur\u00e9e de lecture estim\u00e9e":"1 minute"},"schema":{"@context":"https:\/\/schema.org","@graph":[{"@type":"Article","@id":"https:\/\/bladnanews.com\/abdullah-al-saeed-explodes-in-anger-after-substitution-against-al-ahly\/#article","isPartOf":{"@id":"https:\/\/bladnanews.com\/abdullah-al-saeed-explodes-in-anger-after-substitution-against-al-ahly\/"},"author":{"name":"Bladna News Staff","@id":"https:\/\/mediumseagreen-eel-531711.hostingersite.com\/#\/schema\/person\/268e18a453ab080ebf76df6ef7845083"},"headline":"Abdullah al-Saeed explodes in anger after substitution against al-Ahly","datePublished":"2026-05-01T18:56:18+00:00","mainEntityOfPage":{"@id":"https:\/\/bladnanews.com\/abdullah-al-saeed-explodes-in-anger-after-substitution-against-al-ahly\/"},"wordCount":291,"publisher":{"@id":"https:\/\/mediumseagreen-eel-531711.hostingersite.com\/#organization"},"image":{"@id":"https:\/\/bladnanews.com\/abdullah-al-saeed-explodes-in-anger-after-substitution-against-al-ahly\/#primaryimage"},"thumbnailUrl":"https:\/\/bladnanews.com\/wp-content\/uploads\/2026\/05\/GettyImages-937340728.jpg-scaled.jpg","articleSection":["International","Latest News"],"inLanguage":"fr-FR","copyrightYear":"2026","copyrightHolder":{"@id":"https:\/\/bladnanews.com\/fr\/#organization"}},{"@type":"WebPage","@id":"https:\/\/bladnanews.com\/abdullah-al-saeed-explodes-in-anger-after-substitution-against-al-ahly\/","url":"https:\/\/bladnanews.com\/abdullah-al-saeed-explodes-in-anger-after-substitution-against-al-ahly\/","name":"Abdullah al-Saeed explose de col\u00e8re apr\u00e8s son remplacement contre al-Ahly - Bladna News","isPartOf":{"@id":"https:\/\/mediumseagreen-eel-531711.hostingersite.com\/#website"},"primaryImageOfPage":{"@id":"https:\/\/bladnanews.com\/abdullah-al-saeed-explodes-in-anger-after-substitution-against-al-ahly\/#primaryimage"},"image":{"@id":"https:\/\/bladnanews.com\/abdullah-al-saeed-explodes-in-anger-after-substitution-against-al-ahly\/#primaryimage"},"thumbnailUrl":"https:\/\/bladnanews.com\/wp-content\/uploads\/2026\/05\/GettyImages-937340728.jpg-scaled.jpg","datePublished":"2026-05-01T18:56:18+00:00","breadcrumb":{"@id":"https:\/\/bladnanews.com\/abdullah-al-saeed-explodes-in-anger-after-substitution-against-al-ahly\/#breadcrumb"},"inLanguage":"fr-FR","potentialAction":[{"@type":"ReadAction","target":["https:\/\/bladnanews.com\/abdullah-al-saeed-explodes-in-anger-after-substitution-against-al-ahly\/"]}]},{"@type":"ImageObject","inLanguage":"fr-FR","@id":"https:\/\/bladnanews.com\/abdullah-al-saeed-explodes-in-anger-after-substitution-against-al-ahly\/#primaryimage","url":"https:\/\/bladnanews.com\/wp-content\/uploads\/2026\/05\/GettyImages-937340728.jpg-scaled.jpg","contentUrl":"https:\/\/bladnanews.com\/wp-content\/uploads\/2026\/05\/GettyImages-937340728.jpg-scaled.jpg","width":2560,"height":1440,"caption":"Abdullah al-Saeed explodes in anger after substitution against al-Ahly"},{"@type":"BreadcrumbList","@id":"https:\/\/bladnanews.com\/abdullah-al-saeed-explodes-in-anger-after-substitution-against-al-ahly\/#breadcrumb","itemListElement":[{"@type":"ListItem","position":1,"name":"Home","item":"https:\/\/bladnanews.com\/"},{"@type":"ListItem","position":2,"name":"Abdullah al-Saeed explodes in anger after substitution against al-Ahly"}]},{"@type":"WebSite","@id":"https:\/\/mediumseagreen-eel-531711.hostingersite.com\/#website","url":"https:\/\/mediumseagreen-eel-531711.hostingersite.com\/","name":"Bladna News - Maroc","description":"Quand le football marocain rencontre le monde","publisher":{"@id":"https:\/\/mediumseagreen-eel-531711.hostingersite.com\/#organization"},"potentialAction":[{"@type":"SearchAction","target":{"@type":"EntryPoint","urlTemplate":"https:\/\/mediumseagreen-eel-531711.hostingersite.com\/?s={search_term_string}"},"query-input":{"@type":"PropertyValueSpecification","valueRequired":true,"valueName":"search_term_string"}}],"inLanguage":"fr-FR"},{"@type":"Organization","@id":"https:\/\/mediumseagreen-eel-531711.hostingersite.com\/#organization","name":"Bladna News.com","url":"https:\/\/mediumseagreen-eel-531711.hostingersite.com\/","logo":{"@type":"ImageObject","inLanguage":"fr-FR","@id":"https:\/\/mediumseagreen-eel-531711.hostingersite.com\/#\/schema\/logo\/image\/","url":"https:\/\/bladnanews.com\/wp-content\/uploads\/2025\/12\/logo-bladnanews-V2-web-black-red.png","contentUrl":"https:\/\/bladnanews.com\/wp-content\/uploads\/2025\/12\/logo-bladnanews-V2-web-black-red.png","width":703,"height":287,"caption":"Bladna News.com"},"image":{"@id":"https:\/\/mediumseagreen-eel-531711.hostingersite.com\/#\/schema\/logo\/image\/"},"email":"info@bladnanews.com","legalName":"Bladna News"},{"@type":"Person","@id":"https:\/\/mediumseagreen-eel-531711.hostingersite.com\/#\/schema\/person\/268e18a453ab080ebf76df6ef7845083","name":"\u00c9quipe r\u00e9dactionnelle de Bladna News","url":"https:\/\/bladnanews.com\/fr\/author\/bladna-news-staff\/"}]}},"_links":{"self":[{"href":"https:\/\/bladnanews.com\/fr\/wp-json\/wp\/v2\/posts\/11179","targetHints":{"allow":["GET"]}}],"collection":[{"href":"https:\/\/bladnanews.com\/fr\/wp-json\/wp\/v2\/posts"}],"about":[{"href":"https:\/\/bladnanews.com\/fr\/wp-json\/wp\/v2\/types\/post"}],"author":[{"embeddable":true,"href":"https:\/\/bladnanews.com\/fr\/wp-json\/wp\/v2\/users\/3"}],"replies":[{"embeddable":true,"href":"https:\/\/bladnanews.com\/fr\/wp-json\/wp\/v2\/comments?post=11179"}],"version-history":[{"count":0,"href":"https:\/\/bladnanews.com\/fr\/wp-json\/wp\/v2\/posts\/11179\/revisions"}],"wp:featuredmedia":[{"embeddable":true,"href":"https:\/\/bladnanews.com\/fr\/wp-json\/wp\/v2\/media\/11178"}],"wp:attachment":[{"href":"https:\/\/bladnanews.com\/fr\/wp-json\/wp\/v2\/media?parent=11179"}],"wp:term":[{"taxonomy":"category","embeddable":true,"href":"https:\/\/bladnanews.com\/fr\/wp-json\/wp\/v2\/categories?post=11179"},{"taxonomy":"post_tag","embeddable":true,"href":"https:\/\/bladnanews.com\/fr\/wp-json\/wp\/v2\/tags?post=11179"}],"curies":[{"name":"wp","href":"https:\/\/api.w.org\/{rel}","templated":true}]}}