{"id":11187,"date":"2026-05-01T19:10:56","date_gmt":"2026-05-01T19:10:56","guid":{"rendered":"https:\/\/bladnanews.com\/real-madrid-dressing-room-turns-into-a-conflict-zone\/"},"modified":"2026-05-01T19:10:56","modified_gmt":"2026-05-01T19:10:56","slug":"le-vestiaire-du-real-madrid-se-transforme-en-zone-de-conflit","status":"publish","type":"post","link":"https:\/\/bladnanews.com\/fr\/le-vestiaire-du-real-madrid-se-transforme-en-zone-de-conflit\/","title":{"rendered":"Le vestiaire du Real Madrid se transforme en zone de conflit"},"content":{"rendered":"<p>Le vestiaire du Real Madrid se transforme en zone de conflit<\/p>\n<p>Des tensions ont \u00e9clat\u00e9 au sein du vestiaire du Real Madrid, des rapports confirmant des \u00e9changes houleux et m\u00eame des confrontations physiques entre joueurs suite \u00e0 la r\u00e9cente s\u00e9rie de mauvais r\u00e9sultats de l\u2019\u00e9quipe.<\/p>\n<p>Selon des sources bien inform\u00e9es, l\u2019atmosph\u00e8re au Santiago Bernab\u00e9u est devenue toxique. Le vestiaire, autrefois r\u00e9put\u00e9 pour son unit\u00e9, s\u2019est transform\u00e9 en champ de bataille. Plusieurs joueurs ont \u00e9chang\u00e9 des paroles furieuses apr\u00e8s le dernier match, et la situation a d\u00e9g\u00e9n\u00e9r\u00e9 jusqu\u2019\u00e0 des bousculades et des pouss\u00e9es.<\/p>\n<p>Le conflit a d\u00e9but\u00e9 apr\u00e8s la performance d\u00e9cevante de l\u2019\u00e9quipe en championnat. Certains joueurs exp\u00e9riment\u00e9s ont bl\u00e2m\u00e9 les plus jeunes pour leur manque d\u2019engagement, tandis que d\u2019autres ont point\u00e9 du doigt l\u2019approche tactique. La dispute n\u2019est pas rest\u00e9e verbale longtemps.<\/p>\n<p>Des t\u00e9moins pr\u00e9sents dans l\u2019enceinte ont confirm\u00e9 que deux joueurs ont d\u00fb \u00eatre s\u00e9par\u00e9s par leurs co\u00e9quipiers. L\u2019incident s\u2019est produit imm\u00e9diatement apr\u00e8s le coup de sifflet final, lorsque l\u2019effectif est retourn\u00e9 aux vestiaires. Les voix se sont \u00e9lev\u00e9es et des insultes ont \u00e9t\u00e9 \u00e9chang\u00e9es avant que le contact physique n\u2019ait lieu.<\/p>\n<p>Ce n\u2019est pas le premier signe de trouble dans le camp madril\u00e8ne cette saison. L\u2019\u00e9quipe a eu du mal \u00e0 trouver de la constance, et les r\u00e9sultats sont en de\u00e7\u00e0 des attentes. La pression de la direction et des supporters n\u2019a fait qu\u2019aggraver la situation.<\/p>\n<p>L\u2019entra\u00eeneur Carlo Ancelotti a tent\u00e9 d\u2019apaiser la situation. Il a tenu une r\u00e9union priv\u00e9e avec l\u2019effectif le lendemain matin de l\u2019incident. Il a exhort\u00e9 les joueurs \u00e0 faire passer l\u2019\u00e9quipe en premier et \u00e0 r\u00e9soudre leurs diff\u00e9rends \u00e0 huis clos. Cependant, les sources indiquent que la fracture reste profonde.<\/p>\n<p>Certains joueurs estiment que certains individus ne fournissent pas leur part d\u2019effort. D\u2019autres pensent que les tactiques ne sont pas adapt\u00e9es \u00e0 l\u2019effectif actuel. L\u2019absence de leadership clair sur le terrain a \u00e9galement \u00e9t\u00e9 un point de discorde.<\/p>\n<p>La direction du club est consciente de la situation. Elle a demand\u00e9 au staff technique de r\u00e9tablir l\u2019ordre avant le prochain match. Un mauvais r\u00e9sultat lors de la prochaine rencontre pourrait d\u00e9clencher une crise g\u00e9n\u00e9ralis\u00e9e.<\/p>\n<p>Le Real Madrid s\u2019appr\u00eate \u00e0 disputer un match crucial dans les jours \u00e0 venir. Les joueurs savent qu\u2019une nouvelle d\u00e9faite pourrait mettre fin \u00e0 leurs espoirs de titre. Mais plus encore, ils doivent r\u00e9parer les relations bris\u00e9es au sein du vestiaire.<\/p>\n<p>Pour l\u2019instant, le club tente de garder l\u2019affaire en interne. Aucune d\u00e9claration officielle n\u2019a \u00e9t\u00e9 publi\u00e9e. Mais les d\u00e9g\u00e2ts sont d\u00e9j\u00e0 visibles. L\u2019unit\u00e9 qui d\u00e9finissait autrefois cette \u00e9quipe a disparu, et la reconstruire n\u00e9cessitera bien plus que quelques victoires.<\/p>","protected":false},"excerpt":{"rendered":"<p>Real Madrid dressing room turns into a conflict zone Tensions have erupted inside the Real Madrid dressing room, with reports [&hellip;]<\/p>\n","protected":false},"author":3,"featured_media":11186,"comment_status":"","ping_status":"open","sticky":false,"template":"","format":"standard","meta":{"googlesitekit_rrm_CAow_uzEDA:productID":"","site-sidebar-layout":"default","site-content-layout":"","ast-site-content-layout":"default","site-content-style":"default","site-sidebar-style":"default","ast-global-header-display":"","ast-banner-title-visibility":"","ast-main-header-display":"","ast-hfb-above-header-display":"","ast-hfb-below-header-display":"","ast-hfb-mobile-header-display":"","site-post-title":"","ast-breadcrumbs-content":"","ast-featured-img":"","footer-sml-layout":"","ast-disable-related-posts":"","theme-transparent-header-meta":"","adv-header-id-meta":"","stick-header-meta":"","header-above-stick-meta":"","header-main-stick-meta":"","header-below-stick-meta":"","astra-migrate-meta-layouts":"default","ast-page-background-enabled":"default","ast-page-background-meta":{"desktop":{"background-color":"var(--ast-global-color-5)","background-image":"","background-repeat":"repeat","background-position":"center center","background-size":"auto","background-attachment":"scroll","background-type":"","background-media":"","overlay-type":"","overlay-color":"","overlay-opacity":"","overlay-gradient":""},"tablet":{"background-color":"","background-image":"","background-repeat":"repeat","background-position":"center center","background-size":"auto","background-attachment":"scroll","background-type":"","background-media":"","overlay-type":"","overlay-color":"","overlay-opacity":"","overlay-gradient":""},"mobile":{"background-color":"","background-image":"","background-repeat":"repeat","background-position":"center center","background-size":"auto","background-attachment":"scroll","background-type":"","background-media":"","overlay-type":"","overlay-color":"","overlay-opacity":"","overlay-gradient":""}},"ast-content-background-meta":{"desktop":{"background-color":"var(--ast-global-color-4)","background-image":"","background-repeat":"repeat","background-position":"center center","background-size":"auto","background-attachment":"scroll","background-type":"","background-media":"","overlay-type":"","overlay-color":"","overlay-opacity":"","overlay-gradient":""},"tablet":{"background-color":"var(--ast-global-color-4)","background-image":"","background-repeat":"repeat","background-position":"center center","background-size":"auto","background-attachment":"scroll","background-type":"","background-media":"","overlay-type":"","overlay-color":"","overlay-opacity":"","overlay-gradient":""},"mobile":{"background-color":"var(--ast-global-color-4)","background-image":"","background-repeat":"repeat","background-position":"center center","background-size":"auto","background-attachment":"scroll","background-type":"","background-media":"","overlay-type":"","overlay-color":"","overlay-opacity":"","overlay-gradient":""}},"footnotes":""},"categories":[20,1],"tags":[],"class_list":["post-11187","post","type-post","status-publish","format-standard","has-post-thumbnail","hentry","category-international","category-football-latest-news"],"yoast_head":"<!-- This site is optimized with the Yoast SEO Premium plugin v26.6 (Yoast SEO v27.5) - https:\/\/yoast.com\/product\/yoast-seo-premium-wordpress\/ -->\n<title>Real Madrid dressing room turns into a conflict zone - Bladna News<\/title>\n<meta name=\"robots\" content=\"index, follow, max-snippet:-1, max-image-preview:large, max-video-preview:-1\" \/>\n<link rel=\"canonical\" href=\"https:\/\/bladnanews.com\/fr\/le-vestiaire-du-real-madrid-se-transforme-en-zone-de-conflit\/\" \/>\n<meta property=\"og:locale\" content=\"fr_FR\" \/>\n<meta property=\"og:type\" content=\"article\" \/>\n<meta property=\"og:title\" content=\"Real Madrid dressing room turns into a conflict zone\" \/>\n<meta property=\"og:description\" content=\"Real Madrid dressing room turns into a conflict zone Tensions have erupted inside the Real Madrid dressing room, with reports [&hellip;]\" \/>\n<meta property=\"og:url\" content=\"https:\/\/bladnanews.com\/fr\/le-vestiaire-du-real-madrid-se-transforme-en-zone-de-conflit\/\" \/>\n<meta property=\"og:site_name\" content=\"Bladna News\" \/>\n<meta property=\"article:published_time\" content=\"2026-05-01T19:10:56+00:00\" \/>\n<meta property=\"og:image\" content=\"https:\/\/bladnanews.com\/wp-content\/uploads\/2025\/12\/freepik__bladna-newscom-moroccan-soccer-homepage-banner-mor__41838.png\" \/>\n\t<meta property=\"og:image:width\" content=\"1312\" \/>\n\t<meta property=\"og:image:height\" content=\"736\" \/>\n\t<meta property=\"og:image:type\" content=\"image\/png\" \/>\n<meta name=\"author\" content=\"Bladna News Staff\" \/>\n<meta name=\"twitter:card\" content=\"summary_large_image\" \/>\n<meta name=\"twitter:label1\" content=\"\u00c9crit par\" \/>\n\t<meta name=\"twitter:data1\" content=\"Bladna News Staff\" \/>\n\t<meta name=\"twitter:label2\" content=\"Dur\u00e9e de lecture estim\u00e9e\" \/>\n\t<meta name=\"twitter:data2\" content=\"2 minutes\" \/>\n<script type=\"application\/ld+json\" class=\"yoast-schema-graph\">{\"@context\":\"https:\\\/\\\/schema.org\",\"@graph\":[{\"@type\":\"Article\",\"@id\":\"https:\\\/\\\/bladnanews.com\\\/real-madrid-dressing-room-turns-into-a-conflict-zone\\\/#article\",\"isPartOf\":{\"@id\":\"https:\\\/\\\/bladnanews.com\\\/real-madrid-dressing-room-turns-into-a-conflict-zone\\\/\"},\"author\":{\"name\":\"Bladna News Staff\",\"@id\":\"https:\\\/\\\/mediumseagreen-eel-531711.hostingersite.com\\\/#\\\/schema\\\/person\\\/268e18a453ab080ebf76df6ef7845083\"},\"headline\":\"Real Madrid dressing room turns into a conflict zone\",\"datePublished\":\"2026-05-01T19:10:56+00:00\",\"mainEntityOfPage\":{\"@id\":\"https:\\\/\\\/bladnanews.com\\\/real-madrid-dressing-room-turns-into-a-conflict-zone\\\/\"},\"wordCount\":420,\"publisher\":{\"@id\":\"https:\\\/\\\/mediumseagreen-eel-531711.hostingersite.com\\\/#organization\"},\"image\":{\"@id\":\"https:\\\/\\\/bladnanews.com\\\/real-madrid-dressing-room-turns-into-a-conflict-zone\\\/#primaryimage\"},\"thumbnailUrl\":\"https:\\\/\\\/bladnanews.com\\\/wp-content\\\/uploads\\\/2026\\\/05\\\/GettyImages-2273331716.jpg-scaled.jpg\",\"articleSection\":[\"International\",\"Latest News\"],\"inLanguage\":\"fr-FR\",\"copyrightYear\":\"2026\",\"copyrightHolder\":{\"@id\":\"https:\\\/\\\/bladnanews.com\\\/fr\\\/#organization\"}},{\"@type\":\"WebPage\",\"@id\":\"https:\\\/\\\/bladnanews.com\\\/real-madrid-dressing-room-turns-into-a-conflict-zone\\\/\",\"url\":\"https:\\\/\\\/bladnanews.com\\\/real-madrid-dressing-room-turns-into-a-conflict-zone\\\/\",\"name\":\"Real Madrid dressing room turns into a conflict zone - Bladna News\",\"isPartOf\":{\"@id\":\"https:\\\/\\\/mediumseagreen-eel-531711.hostingersite.com\\\/#website\"},\"primaryImageOfPage\":{\"@id\":\"https:\\\/\\\/bladnanews.com\\\/real-madrid-dressing-room-turns-into-a-conflict-zone\\\/#primaryimage\"},\"image\":{\"@id\":\"https:\\\/\\\/bladnanews.com\\\/real-madrid-dressing-room-turns-into-a-conflict-zone\\\/#primaryimage\"},\"thumbnailUrl\":\"https:\\\/\\\/bladnanews.com\\\/wp-content\\\/uploads\\\/2026\\\/05\\\/GettyImages-2273331716.jpg-scaled.jpg\",\"datePublished\":\"2026-05-01T19:10:56+00:00\",\"breadcrumb\":{\"@id\":\"https:\\\/\\\/bladnanews.com\\\/real-madrid-dressing-room-turns-into-a-conflict-zone\\\/#breadcrumb\"},\"inLanguage\":\"fr-FR\",\"potentialAction\":[{\"@type\":\"ReadAction\",\"target\":[\"https:\\\/\\\/bladnanews.com\\\/real-madrid-dressing-room-turns-into-a-conflict-zone\\\/\"]}]},{\"@type\":\"ImageObject\",\"inLanguage\":\"fr-FR\",\"@id\":\"https:\\\/\\\/bladnanews.com\\\/real-madrid-dressing-room-turns-into-a-conflict-zone\\\/#primaryimage\",\"url\":\"https:\\\/\\\/bladnanews.com\\\/wp-content\\\/uploads\\\/2026\\\/05\\\/GettyImages-2273331716.jpg-scaled.jpg\",\"contentUrl\":\"https:\\\/\\\/bladnanews.com\\\/wp-content\\\/uploads\\\/2026\\\/05\\\/GettyImages-2273331716.jpg-scaled.jpg\",\"width\":2560,\"height\":1440,\"caption\":\"Real Madrid dressing room turns into a conflict zone\"},{\"@type\":\"BreadcrumbList\",\"@id\":\"https:\\\/\\\/bladnanews.com\\\/real-madrid-dressing-room-turns-into-a-conflict-zone\\\/#breadcrumb\",\"itemListElement\":[{\"@type\":\"ListItem\",\"position\":1,\"name\":\"Home\",\"item\":\"https:\\\/\\\/bladnanews.com\\\/\"},{\"@type\":\"ListItem\",\"position\":2,\"name\":\"Real Madrid dressing room turns into a conflict zone\"}]},{\"@type\":\"WebSite\",\"@id\":\"https:\\\/\\\/mediumseagreen-eel-531711.hostingersite.com\\\/#website\",\"url\":\"https:\\\/\\\/mediumseagreen-eel-531711.hostingersite.com\\\/\",\"name\":\"Bladna News - Morocco\",\"description\":\"Where Moroccan Football Meets the World\",\"publisher\":{\"@id\":\"https:\\\/\\\/mediumseagreen-eel-531711.hostingersite.com\\\/#organization\"},\"potentialAction\":[{\"@type\":\"SearchAction\",\"target\":{\"@type\":\"EntryPoint\",\"urlTemplate\":\"https:\\\/\\\/mediumseagreen-eel-531711.hostingersite.com\\\/?s={search_term_string}\"},\"query-input\":{\"@type\":\"PropertyValueSpecification\",\"valueRequired\":true,\"valueName\":\"search_term_string\"}}],\"inLanguage\":\"fr-FR\"},{\"@type\":\"Organization\",\"@id\":\"https:\\\/\\\/mediumseagreen-eel-531711.hostingersite.com\\\/#organization\",\"name\":\"Bladna News.com\",\"url\":\"https:\\\/\\\/mediumseagreen-eel-531711.hostingersite.com\\\/\",\"logo\":{\"@type\":\"ImageObject\",\"inLanguage\":\"fr-FR\",\"@id\":\"https:\\\/\\\/mediumseagreen-eel-531711.hostingersite.com\\\/#\\\/schema\\\/logo\\\/image\\\/\",\"url\":\"https:\\\/\\\/bladnanews.com\\\/wp-content\\\/uploads\\\/2025\\\/12\\\/logo-bladnanews-V2-web-black-red.png\",\"contentUrl\":\"https:\\\/\\\/bladnanews.com\\\/wp-content\\\/uploads\\\/2025\\\/12\\\/logo-bladnanews-V2-web-black-red.png\",\"width\":703,\"height\":287,\"caption\":\"Bladna News.com\"},\"image\":{\"@id\":\"https:\\\/\\\/mediumseagreen-eel-531711.hostingersite.com\\\/#\\\/schema\\\/logo\\\/image\\\/\"},\"email\":\"info@bladnanews.com\",\"legalName\":\"Bladna News\"},{\"@type\":\"Person\",\"@id\":\"https:\\\/\\\/mediumseagreen-eel-531711.hostingersite.com\\\/#\\\/schema\\\/person\\\/268e18a453ab080ebf76df6ef7845083\",\"name\":\"Bladna News Staff\",\"url\":\"https:\\\/\\\/bladnanews.com\\\/fr\\\/author\\\/bladna-news-staff\\\/\"}]}<\/script>\n<!-- \/ Yoast SEO Premium plugin. -->","yoast_head_json":{"title":"Le vestiaire du Real Madrid se transforme en zone de conflit - Bladna News","robots":{"index":"index","follow":"follow","max-snippet":"max-snippet:-1","max-image-preview":"max-image-preview:large","max-video-preview":"max-video-preview:-1"},"canonical":"https:\/\/bladnanews.com\/fr\/le-vestiaire-du-real-madrid-se-transforme-en-zone-de-conflit\/","og_locale":"fr_FR","og_type":"article","og_title":"Real Madrid dressing room turns into a conflict zone","og_description":"Real Madrid dressing room turns into a conflict zone Tensions have erupted inside the Real Madrid dressing room, with reports [&hellip;]","og_url":"https:\/\/bladnanews.com\/fr\/le-vestiaire-du-real-madrid-se-transforme-en-zone-de-conflit\/","og_site_name":"Bladna News","article_published_time":"2026-05-01T19:10:56+00:00","og_image":[{"width":1312,"height":736,"url":"https:\/\/bladnanews.com\/wp-content\/uploads\/2025\/12\/freepik__bladna-newscom-moroccan-soccer-homepage-banner-mor__41838.png","type":"image\/png"}],"author":"Bladna News Staff","twitter_card":"summary_large_image","twitter_misc":{"\u00c9crit par":"Bladna News Staff","Dur\u00e9e de lecture estim\u00e9e":"2 minutes"},"schema":{"@context":"https:\/\/schema.org","@graph":[{"@type":"Article","@id":"https:\/\/bladnanews.com\/real-madrid-dressing-room-turns-into-a-conflict-zone\/#article","isPartOf":{"@id":"https:\/\/bladnanews.com\/real-madrid-dressing-room-turns-into-a-conflict-zone\/"},"author":{"name":"Bladna News Staff","@id":"https:\/\/mediumseagreen-eel-531711.hostingersite.com\/#\/schema\/person\/268e18a453ab080ebf76df6ef7845083"},"headline":"Real Madrid dressing room turns into a conflict zone","datePublished":"2026-05-01T19:10:56+00:00","mainEntityOfPage":{"@id":"https:\/\/bladnanews.com\/real-madrid-dressing-room-turns-into-a-conflict-zone\/"},"wordCount":420,"publisher":{"@id":"https:\/\/mediumseagreen-eel-531711.hostingersite.com\/#organization"},"image":{"@id":"https:\/\/bladnanews.com\/real-madrid-dressing-room-turns-into-a-conflict-zone\/#primaryimage"},"thumbnailUrl":"https:\/\/bladnanews.com\/wp-content\/uploads\/2026\/05\/GettyImages-2273331716.jpg-scaled.jpg","articleSection":["International","Latest News"],"inLanguage":"fr-FR","copyrightYear":"2026","copyrightHolder":{"@id":"https:\/\/bladnanews.com\/fr\/#organization"}},{"@type":"WebPage","@id":"https:\/\/bladnanews.com\/real-madrid-dressing-room-turns-into-a-conflict-zone\/","url":"https:\/\/bladnanews.com\/real-madrid-dressing-room-turns-into-a-conflict-zone\/","name":"Le vestiaire du Real Madrid se transforme en zone de conflit - Bladna News","isPartOf":{"@id":"https:\/\/mediumseagreen-eel-531711.hostingersite.com\/#website"},"primaryImageOfPage":{"@id":"https:\/\/bladnanews.com\/real-madrid-dressing-room-turns-into-a-conflict-zone\/#primaryimage"},"image":{"@id":"https:\/\/bladnanews.com\/real-madrid-dressing-room-turns-into-a-conflict-zone\/#primaryimage"},"thumbnailUrl":"https:\/\/bladnanews.com\/wp-content\/uploads\/2026\/05\/GettyImages-2273331716.jpg-scaled.jpg","datePublished":"2026-05-01T19:10:56+00:00","breadcrumb":{"@id":"https:\/\/bladnanews.com\/real-madrid-dressing-room-turns-into-a-conflict-zone\/#breadcrumb"},"inLanguage":"fr-FR","potentialAction":[{"@type":"ReadAction","target":["https:\/\/bladnanews.com\/real-madrid-dressing-room-turns-into-a-conflict-zone\/"]}]},{"@type":"ImageObject","inLanguage":"fr-FR","@id":"https:\/\/bladnanews.com\/real-madrid-dressing-room-turns-into-a-conflict-zone\/#primaryimage","url":"https:\/\/bladnanews.com\/wp-content\/uploads\/2026\/05\/GettyImages-2273331716.jpg-scaled.jpg","contentUrl":"https:\/\/bladnanews.com\/wp-content\/uploads\/2026\/05\/GettyImages-2273331716.jpg-scaled.jpg","width":2560,"height":1440,"caption":"Real Madrid dressing room turns into a conflict zone"},{"@type":"BreadcrumbList","@id":"https:\/\/bladnanews.com\/real-madrid-dressing-room-turns-into-a-conflict-zone\/#breadcrumb","itemListElement":[{"@type":"ListItem","position":1,"name":"Home","item":"https:\/\/bladnanews.com\/"},{"@type":"ListItem","position":2,"name":"Real Madrid dressing room turns into a conflict zone"}]},{"@type":"WebSite","@id":"https:\/\/mediumseagreen-eel-531711.hostingersite.com\/#website","url":"https:\/\/mediumseagreen-eel-531711.hostingersite.com\/","name":"Bladna News - Maroc","description":"Quand le football marocain rencontre le monde","publisher":{"@id":"https:\/\/mediumseagreen-eel-531711.hostingersite.com\/#organization"},"potentialAction":[{"@type":"SearchAction","target":{"@type":"EntryPoint","urlTemplate":"https:\/\/mediumseagreen-eel-531711.hostingersite.com\/?s={search_term_string}"},"query-input":{"@type":"PropertyValueSpecification","valueRequired":true,"valueName":"search_term_string"}}],"inLanguage":"fr-FR"},{"@type":"Organization","@id":"https:\/\/mediumseagreen-eel-531711.hostingersite.com\/#organization","name":"Bladna News.com","url":"https:\/\/mediumseagreen-eel-531711.hostingersite.com\/","logo":{"@type":"ImageObject","inLanguage":"fr-FR","@id":"https:\/\/mediumseagreen-eel-531711.hostingersite.com\/#\/schema\/logo\/image\/","url":"https:\/\/bladnanews.com\/wp-content\/uploads\/2025\/12\/logo-bladnanews-V2-web-black-red.png","contentUrl":"https:\/\/bladnanews.com\/wp-content\/uploads\/2025\/12\/logo-bladnanews-V2-web-black-red.png","width":703,"height":287,"caption":"Bladna News.com"},"image":{"@id":"https:\/\/mediumseagreen-eel-531711.hostingersite.com\/#\/schema\/logo\/image\/"},"email":"info@bladnanews.com","legalName":"Bladna News"},{"@type":"Person","@id":"https:\/\/mediumseagreen-eel-531711.hostingersite.com\/#\/schema\/person\/268e18a453ab080ebf76df6ef7845083","name":"\u00c9quipe r\u00e9dactionnelle de Bladna News","url":"https:\/\/bladnanews.com\/fr\/author\/bladna-news-staff\/"}]}},"_links":{"self":[{"href":"https:\/\/bladnanews.com\/fr\/wp-json\/wp\/v2\/posts\/11187","targetHints":{"allow":["GET"]}}],"collection":[{"href":"https:\/\/bladnanews.com\/fr\/wp-json\/wp\/v2\/posts"}],"about":[{"href":"https:\/\/bladnanews.com\/fr\/wp-json\/wp\/v2\/types\/post"}],"author":[{"embeddable":true,"href":"https:\/\/bladnanews.com\/fr\/wp-json\/wp\/v2\/users\/3"}],"replies":[{"embeddable":true,"href":"https:\/\/bladnanews.com\/fr\/wp-json\/wp\/v2\/comments?post=11187"}],"version-history":[{"count":0,"href":"https:\/\/bladnanews.com\/fr\/wp-json\/wp\/v2\/posts\/11187\/revisions"}],"wp:featuredmedia":[{"embeddable":true,"href":"https:\/\/bladnanews.com\/fr\/wp-json\/wp\/v2\/media\/11186"}],"wp:attachment":[{"href":"https:\/\/bladnanews.com\/fr\/wp-json\/wp\/v2\/media?parent=11187"}],"wp:term":[{"taxonomy":"category","embeddable":true,"href":"https:\/\/bladnanews.com\/fr\/wp-json\/wp\/v2\/categories?post=11187"},{"taxonomy":"post_tag","embeddable":true,"href":"https:\/\/bladnanews.com\/fr\/wp-json\/wp\/v2\/tags?post=11187"}],"curies":[{"name":"wp","href":"https:\/\/api.w.org\/{rel}","templated":true}]}}