{"id":11191,"date":"2026-05-01T19:17:33","date_gmt":"2026-05-01T19:17:33","guid":{"rendered":"https:\/\/bladnanews.com\/ben-sharqi-apologizes-to-al-ahli-fans-after-award-win\/"},"modified":"2026-05-01T19:17:33","modified_gmt":"2026-05-01T19:17:33","slug":"ben-sharqi-presente-ses-excuses-aux-fans-dal-ahli-apres-avoir-remporte-le-prix","status":"publish","type":"post","link":"https:\/\/bladnanews.com\/fr\/ben-sharqi-presente-ses-excuses-aux-fans-dal-ahli-apres-avoir-remporte-le-prix\/","title":{"rendered":"Ben sharqi pr\u00e9sente ses excuses aux supporters d'Al Ahli apr\u00e8s avoir remport\u00e9 une r\u00e9compense"},"content":{"rendered":"<p>L'ailier marocain Achraf Ben Sharqi a pr\u00e9sent\u00e9 des excuses publiques aux supporters d'Al Ahly suite \u00e0 sa r\u00e9cente r\u00e9compense, une vid\u00e9o ayant captur\u00e9 le moment o\u00f9 il exprimait ses regrets concernant ses performances pr\u00e9c\u00e9dentes.<\/p>\n<p>L'attaquant de 28 ans, qui a rejoint le g\u00e9ant \u00e9gyptien en 2026, a \u00e9t\u00e9 nomm\u00e9 Joueur du Mois du club apr\u00e8s une s\u00e9rie de prestations impressionnantes. Cependant, plut\u00f4t que de simplement c\u00e9l\u00e9brer cette distinction, Ben Sharqi a utilis\u00e9 cette plateforme pour s'adresser directement aux supporters.<\/p>\n<p>\u201c Je veux m'excuser aupr\u00e8s des supporters d'Al Ahly pour mes performances lors des premiers mois \u201d, a d\u00e9clar\u00e9 Ben Sharqi dans la vid\u00e9o. \u201c Je sais que je n'ai pas r\u00e9pondu aux attentes, mais j'ai travaill\u00e9 dur pour m'am\u00e9liorer et montrer mon v\u00e9ritable niveau. \u201d<\/p>\n<p>L'ancienne star du Wydad Casablanca a \u00e9prouv\u00e9 des difficult\u00e9s initialement apr\u00e8s son transfert en janvier 2026, peinant \u00e0 trouver de la constance sous le maillot rouge. Les critiques ont remis en question la d\u00e9cision du club de le recruter, certains supporters exprimant leur frustration sur les r\u00e9seaux sociaux.<\/p>\n<p>Mais Ben Sharqi a radicalement invers\u00e9 la tendance ces derni\u00e8res semaines. Ses dribbles, sa cr\u00e9ativit\u00e9 et ses contributions d\u00e9cisives ont \u00e9t\u00e9 essentiels \u00e0 la bonne s\u00e9rie de r\u00e9sultats d'Al Ahly, lui valant cette r\u00e9compense mensuelle ainsi qu'une prime financi\u00e8re de la direction du club.<\/p>\n<p>\u201c Je suis reconnaissant pour le soutien que j'ai re\u00e7u du staff technique et de mes co\u00e9quipiers \u201d, a-t-il ajout\u00e9. \u201c Ils m'ont aid\u00e9 \u00e0 rester concentr\u00e9 et \u00e0 croire en moi. Maintenant, je veux rendre la pareille aux supporters avec davantage de bonnes performances. \u201d<\/p>\n<p>Le staff technique d'Al Ahly a confirm\u00e9 que Ben Sharqi a re\u00e7u une prime sp\u00e9ciale dans le cadre du syst\u00e8me d'incitation du club pour les joueurs performants. L'ailier devrait jouer un r\u00f4le de premier plan dans les prochains matchs de l'\u00e9quipe alors qu'elle vise les titres lors de la saison 2026.<\/p>","protected":false},"excerpt":{"rendered":"<p>Moroccan winger Achraf Ben Sharqi has issued a public apology to Al Ahly fans following his recent award win, as [&hellip;]<\/p>\n","protected":false},"author":3,"featured_media":11190,"comment_status":"","ping_status":"open","sticky":false,"template":"","format":"standard","meta":{"googlesitekit_rrm_CAow_uzEDA:productID":"","site-sidebar-layout":"default","site-content-layout":"","ast-site-content-layout":"default","site-content-style":"default","site-sidebar-style":"default","ast-global-header-display":"","ast-banner-title-visibility":"","ast-main-header-display":"","ast-hfb-above-header-display":"","ast-hfb-below-header-display":"","ast-hfb-mobile-header-display":"","site-post-title":"","ast-breadcrumbs-content":"","ast-featured-img":"","footer-sml-layout":"","ast-disable-related-posts":"","theme-transparent-header-meta":"","adv-header-id-meta":"","stick-header-meta":"","header-above-stick-meta":"","header-main-stick-meta":"","header-below-stick-meta":"","astra-migrate-meta-layouts":"default","ast-page-background-enabled":"default","ast-page-background-meta":{"desktop":{"background-color":"var(--ast-global-color-5)","background-image":"","background-repeat":"repeat","background-position":"center center","background-size":"auto","background-attachment":"scroll","background-type":"","background-media":"","overlay-type":"","overlay-color":"","overlay-opacity":"","overlay-gradient":""},"tablet":{"background-color":"","background-image":"","background-repeat":"repeat","background-position":"center center","background-size":"auto","background-attachment":"scroll","background-type":"","background-media":"","overlay-type":"","overlay-color":"","overlay-opacity":"","overlay-gradient":""},"mobile":{"background-color":"","background-image":"","background-repeat":"repeat","background-position":"center center","background-size":"auto","background-attachment":"scroll","background-type":"","background-media":"","overlay-type":"","overlay-color":"","overlay-opacity":"","overlay-gradient":""}},"ast-content-background-meta":{"desktop":{"background-color":"var(--ast-global-color-4)","background-image":"","background-repeat":"repeat","background-position":"center center","background-size":"auto","background-attachment":"scroll","background-type":"","background-media":"","overlay-type":"","overlay-color":"","overlay-opacity":"","overlay-gradient":""},"tablet":{"background-color":"var(--ast-global-color-4)","background-image":"","background-repeat":"repeat","background-position":"center center","background-size":"auto","background-attachment":"scroll","background-type":"","background-media":"","overlay-type":"","overlay-color":"","overlay-opacity":"","overlay-gradient":""},"mobile":{"background-color":"var(--ast-global-color-4)","background-image":"","background-repeat":"repeat","background-position":"center center","background-size":"auto","background-attachment":"scroll","background-type":"","background-media":"","overlay-type":"","overlay-color":"","overlay-opacity":"","overlay-gradient":""}},"footnotes":""},"categories":[20,1],"tags":[],"class_list":["post-11191","post","type-post","status-publish","format-standard","has-post-thumbnail","hentry","category-international","category-football-latest-news"],"yoast_head":"<!-- This site is optimized with the Yoast SEO Premium plugin v26.6 (Yoast SEO v27.5) - https:\/\/yoast.com\/product\/yoast-seo-premium-wordpress\/ -->\n<title>Ben sharqi apologizes to al ahli fans after award win - Bladna News<\/title>\n<meta name=\"robots\" content=\"index, follow, max-snippet:-1, max-image-preview:large, max-video-preview:-1\" \/>\n<link rel=\"canonical\" href=\"https:\/\/bladnanews.com\/fr\/ben-sharqi-presente-ses-excuses-aux-fans-dal-ahli-apres-avoir-remporte-le-prix\/\" \/>\n<meta property=\"og:locale\" content=\"fr_FR\" \/>\n<meta property=\"og:type\" content=\"article\" \/>\n<meta property=\"og:title\" content=\"Ben sharqi apologizes to al ahli fans after award win\" \/>\n<meta property=\"og:description\" content=\"Moroccan winger Achraf Ben Sharqi has issued a public apology to Al Ahly fans following his recent award win, as [&hellip;]\" \/>\n<meta property=\"og:url\" content=\"https:\/\/bladnanews.com\/fr\/ben-sharqi-presente-ses-excuses-aux-fans-dal-ahli-apres-avoir-remporte-le-prix\/\" \/>\n<meta property=\"og:site_name\" content=\"Bladna News\" \/>\n<meta property=\"article:published_time\" content=\"2026-05-01T19:17:33+00:00\" \/>\n<meta property=\"og:image\" content=\"https:\/\/bladnanews.com\/wp-content\/uploads\/2025\/12\/freepik__bladna-newscom-moroccan-soccer-homepage-banner-mor__41838.png\" \/>\n\t<meta property=\"og:image:width\" content=\"1312\" \/>\n\t<meta property=\"og:image:height\" content=\"736\" \/>\n\t<meta property=\"og:image:type\" content=\"image\/png\" \/>\n<meta name=\"author\" content=\"Bladna News Staff\" \/>\n<meta name=\"twitter:card\" content=\"summary_large_image\" \/>\n<meta name=\"twitter:label1\" content=\"\u00c9crit par\" \/>\n\t<meta name=\"twitter:data1\" content=\"Bladna News Staff\" \/>\n\t<meta name=\"twitter:label2\" content=\"Dur\u00e9e de lecture estim\u00e9e\" \/>\n\t<meta name=\"twitter:data2\" content=\"1 minute\" \/>\n<script type=\"application\/ld+json\" class=\"yoast-schema-graph\">{\"@context\":\"https:\\\/\\\/schema.org\",\"@graph\":[{\"@type\":\"Article\",\"@id\":\"https:\\\/\\\/bladnanews.com\\\/ben-sharqi-apologizes-to-al-ahli-fans-after-award-win\\\/#article\",\"isPartOf\":{\"@id\":\"https:\\\/\\\/bladnanews.com\\\/ben-sharqi-apologizes-to-al-ahli-fans-after-award-win\\\/\"},\"author\":{\"name\":\"Bladna News Staff\",\"@id\":\"https:\\\/\\\/mediumseagreen-eel-531711.hostingersite.com\\\/#\\\/schema\\\/person\\\/268e18a453ab080ebf76df6ef7845083\"},\"headline\":\"Ben sharqi apologizes to al ahli fans after award win\",\"datePublished\":\"2026-05-01T19:17:33+00:00\",\"mainEntityOfPage\":{\"@id\":\"https:\\\/\\\/bladnanews.com\\\/ben-sharqi-apologizes-to-al-ahli-fans-after-award-win\\\/\"},\"wordCount\":289,\"publisher\":{\"@id\":\"https:\\\/\\\/mediumseagreen-eel-531711.hostingersite.com\\\/#organization\"},\"image\":{\"@id\":\"https:\\\/\\\/bladnanews.com\\\/ben-sharqi-apologizes-to-al-ahli-fans-after-award-win\\\/#primaryimage\"},\"thumbnailUrl\":\"https:\\\/\\\/bladnanews.com\\\/wp-content\\\/uploads\\\/2026\\\/05\\\/GettyImages-2221134230.jpg-scaled.jpg\",\"articleSection\":[\"International\",\"Latest News\"],\"inLanguage\":\"fr-FR\",\"copyrightYear\":\"2026\",\"copyrightHolder\":{\"@id\":\"https:\\\/\\\/bladnanews.com\\\/fr\\\/#organization\"}},{\"@type\":\"WebPage\",\"@id\":\"https:\\\/\\\/bladnanews.com\\\/ben-sharqi-apologizes-to-al-ahli-fans-after-award-win\\\/\",\"url\":\"https:\\\/\\\/bladnanews.com\\\/ben-sharqi-apologizes-to-al-ahli-fans-after-award-win\\\/\",\"name\":\"Ben sharqi apologizes to al ahli fans after award win - Bladna News\",\"isPartOf\":{\"@id\":\"https:\\\/\\\/mediumseagreen-eel-531711.hostingersite.com\\\/#website\"},\"primaryImageOfPage\":{\"@id\":\"https:\\\/\\\/bladnanews.com\\\/ben-sharqi-apologizes-to-al-ahli-fans-after-award-win\\\/#primaryimage\"},\"image\":{\"@id\":\"https:\\\/\\\/bladnanews.com\\\/ben-sharqi-apologizes-to-al-ahli-fans-after-award-win\\\/#primaryimage\"},\"thumbnailUrl\":\"https:\\\/\\\/bladnanews.com\\\/wp-content\\\/uploads\\\/2026\\\/05\\\/GettyImages-2221134230.jpg-scaled.jpg\",\"datePublished\":\"2026-05-01T19:17:33+00:00\",\"breadcrumb\":{\"@id\":\"https:\\\/\\\/bladnanews.com\\\/ben-sharqi-apologizes-to-al-ahli-fans-after-award-win\\\/#breadcrumb\"},\"inLanguage\":\"fr-FR\",\"potentialAction\":[{\"@type\":\"ReadAction\",\"target\":[\"https:\\\/\\\/bladnanews.com\\\/ben-sharqi-apologizes-to-al-ahli-fans-after-award-win\\\/\"]}]},{\"@type\":\"ImageObject\",\"inLanguage\":\"fr-FR\",\"@id\":\"https:\\\/\\\/bladnanews.com\\\/ben-sharqi-apologizes-to-al-ahli-fans-after-award-win\\\/#primaryimage\",\"url\":\"https:\\\/\\\/bladnanews.com\\\/wp-content\\\/uploads\\\/2026\\\/05\\\/GettyImages-2221134230.jpg-scaled.jpg\",\"contentUrl\":\"https:\\\/\\\/bladnanews.com\\\/wp-content\\\/uploads\\\/2026\\\/05\\\/GettyImages-2221134230.jpg-scaled.jpg\",\"width\":2560,\"height\":1440,\"caption\":\"Ben sharqi apologizes to al ahli fans after award win\"},{\"@type\":\"BreadcrumbList\",\"@id\":\"https:\\\/\\\/bladnanews.com\\\/ben-sharqi-apologizes-to-al-ahli-fans-after-award-win\\\/#breadcrumb\",\"itemListElement\":[{\"@type\":\"ListItem\",\"position\":1,\"name\":\"Home\",\"item\":\"https:\\\/\\\/bladnanews.com\\\/\"},{\"@type\":\"ListItem\",\"position\":2,\"name\":\"Ben sharqi apologizes to al ahli fans after award win\"}]},{\"@type\":\"WebSite\",\"@id\":\"https:\\\/\\\/mediumseagreen-eel-531711.hostingersite.com\\\/#website\",\"url\":\"https:\\\/\\\/mediumseagreen-eel-531711.hostingersite.com\\\/\",\"name\":\"Bladna News - Morocco\",\"description\":\"Where Moroccan Football Meets the World\",\"publisher\":{\"@id\":\"https:\\\/\\\/mediumseagreen-eel-531711.hostingersite.com\\\/#organization\"},\"potentialAction\":[{\"@type\":\"SearchAction\",\"target\":{\"@type\":\"EntryPoint\",\"urlTemplate\":\"https:\\\/\\\/mediumseagreen-eel-531711.hostingersite.com\\\/?s={search_term_string}\"},\"query-input\":{\"@type\":\"PropertyValueSpecification\",\"valueRequired\":true,\"valueName\":\"search_term_string\"}}],\"inLanguage\":\"fr-FR\"},{\"@type\":\"Organization\",\"@id\":\"https:\\\/\\\/mediumseagreen-eel-531711.hostingersite.com\\\/#organization\",\"name\":\"Bladna News.com\",\"url\":\"https:\\\/\\\/mediumseagreen-eel-531711.hostingersite.com\\\/\",\"logo\":{\"@type\":\"ImageObject\",\"inLanguage\":\"fr-FR\",\"@id\":\"https:\\\/\\\/mediumseagreen-eel-531711.hostingersite.com\\\/#\\\/schema\\\/logo\\\/image\\\/\",\"url\":\"https:\\\/\\\/bladnanews.com\\\/wp-content\\\/uploads\\\/2025\\\/12\\\/logo-bladnanews-V2-web-black-red.png\",\"contentUrl\":\"https:\\\/\\\/bladnanews.com\\\/wp-content\\\/uploads\\\/2025\\\/12\\\/logo-bladnanews-V2-web-black-red.png\",\"width\":703,\"height\":287,\"caption\":\"Bladna News.com\"},\"image\":{\"@id\":\"https:\\\/\\\/mediumseagreen-eel-531711.hostingersite.com\\\/#\\\/schema\\\/logo\\\/image\\\/\"},\"email\":\"info@bladnanews.com\",\"legalName\":\"Bladna News\"},{\"@type\":\"Person\",\"@id\":\"https:\\\/\\\/mediumseagreen-eel-531711.hostingersite.com\\\/#\\\/schema\\\/person\\\/268e18a453ab080ebf76df6ef7845083\",\"name\":\"Bladna News Staff\",\"url\":\"https:\\\/\\\/bladnanews.com\\\/fr\\\/author\\\/bladna-news-staff\\\/\"}]}<\/script>\n<!-- \/ Yoast SEO Premium plugin. -->","yoast_head_json":{"title":"Ben sharqi pr\u00e9sente ses excuses aux fans d'Al Ahli apr\u00e8s avoir remport\u00e9 un prix - Bladna News","robots":{"index":"index","follow":"follow","max-snippet":"max-snippet:-1","max-image-preview":"max-image-preview:large","max-video-preview":"max-video-preview:-1"},"canonical":"https:\/\/bladnanews.com\/fr\/ben-sharqi-presente-ses-excuses-aux-fans-dal-ahli-apres-avoir-remporte-le-prix\/","og_locale":"fr_FR","og_type":"article","og_title":"Ben sharqi apologizes to al ahli fans after award win","og_description":"Moroccan winger Achraf Ben Sharqi has issued a public apology to Al Ahly fans following his recent award win, as [&hellip;]","og_url":"https:\/\/bladnanews.com\/fr\/ben-sharqi-presente-ses-excuses-aux-fans-dal-ahli-apres-avoir-remporte-le-prix\/","og_site_name":"Bladna News","article_published_time":"2026-05-01T19:17:33+00:00","og_image":[{"width":1312,"height":736,"url":"https:\/\/bladnanews.com\/wp-content\/uploads\/2025\/12\/freepik__bladna-newscom-moroccan-soccer-homepage-banner-mor__41838.png","type":"image\/png"}],"author":"Bladna News Staff","twitter_card":"summary_large_image","twitter_misc":{"\u00c9crit par":"Bladna News Staff","Dur\u00e9e de lecture estim\u00e9e":"1 minute"},"schema":{"@context":"https:\/\/schema.org","@graph":[{"@type":"Article","@id":"https:\/\/bladnanews.com\/ben-sharqi-apologizes-to-al-ahli-fans-after-award-win\/#article","isPartOf":{"@id":"https:\/\/bladnanews.com\/ben-sharqi-apologizes-to-al-ahli-fans-after-award-win\/"},"author":{"name":"Bladna News Staff","@id":"https:\/\/mediumseagreen-eel-531711.hostingersite.com\/#\/schema\/person\/268e18a453ab080ebf76df6ef7845083"},"headline":"Ben sharqi apologizes to al ahli fans after award win","datePublished":"2026-05-01T19:17:33+00:00","mainEntityOfPage":{"@id":"https:\/\/bladnanews.com\/ben-sharqi-apologizes-to-al-ahli-fans-after-award-win\/"},"wordCount":289,"publisher":{"@id":"https:\/\/mediumseagreen-eel-531711.hostingersite.com\/#organization"},"image":{"@id":"https:\/\/bladnanews.com\/ben-sharqi-apologizes-to-al-ahli-fans-after-award-win\/#primaryimage"},"thumbnailUrl":"https:\/\/bladnanews.com\/wp-content\/uploads\/2026\/05\/GettyImages-2221134230.jpg-scaled.jpg","articleSection":["International","Latest News"],"inLanguage":"fr-FR","copyrightYear":"2026","copyrightHolder":{"@id":"https:\/\/bladnanews.com\/fr\/#organization"}},{"@type":"WebPage","@id":"https:\/\/bladnanews.com\/ben-sharqi-apologizes-to-al-ahli-fans-after-award-win\/","url":"https:\/\/bladnanews.com\/ben-sharqi-apologizes-to-al-ahli-fans-after-award-win\/","name":"Ben sharqi pr\u00e9sente ses excuses aux fans d'Al Ahli apr\u00e8s avoir remport\u00e9 un prix - Bladna News","isPartOf":{"@id":"https:\/\/mediumseagreen-eel-531711.hostingersite.com\/#website"},"primaryImageOfPage":{"@id":"https:\/\/bladnanews.com\/ben-sharqi-apologizes-to-al-ahli-fans-after-award-win\/#primaryimage"},"image":{"@id":"https:\/\/bladnanews.com\/ben-sharqi-apologizes-to-al-ahli-fans-after-award-win\/#primaryimage"},"thumbnailUrl":"https:\/\/bladnanews.com\/wp-content\/uploads\/2026\/05\/GettyImages-2221134230.jpg-scaled.jpg","datePublished":"2026-05-01T19:17:33+00:00","breadcrumb":{"@id":"https:\/\/bladnanews.com\/ben-sharqi-apologizes-to-al-ahli-fans-after-award-win\/#breadcrumb"},"inLanguage":"fr-FR","potentialAction":[{"@type":"ReadAction","target":["https:\/\/bladnanews.com\/ben-sharqi-apologizes-to-al-ahli-fans-after-award-win\/"]}]},{"@type":"ImageObject","inLanguage":"fr-FR","@id":"https:\/\/bladnanews.com\/ben-sharqi-apologizes-to-al-ahli-fans-after-award-win\/#primaryimage","url":"https:\/\/bladnanews.com\/wp-content\/uploads\/2026\/05\/GettyImages-2221134230.jpg-scaled.jpg","contentUrl":"https:\/\/bladnanews.com\/wp-content\/uploads\/2026\/05\/GettyImages-2221134230.jpg-scaled.jpg","width":2560,"height":1440,"caption":"Ben sharqi apologizes to al ahli fans after award win"},{"@type":"BreadcrumbList","@id":"https:\/\/bladnanews.com\/ben-sharqi-apologizes-to-al-ahli-fans-after-award-win\/#breadcrumb","itemListElement":[{"@type":"ListItem","position":1,"name":"Home","item":"https:\/\/bladnanews.com\/"},{"@type":"ListItem","position":2,"name":"Ben sharqi apologizes to al ahli fans after award win"}]},{"@type":"WebSite","@id":"https:\/\/mediumseagreen-eel-531711.hostingersite.com\/#website","url":"https:\/\/mediumseagreen-eel-531711.hostingersite.com\/","name":"Bladna News - Maroc","description":"Quand le football marocain rencontre le monde","publisher":{"@id":"https:\/\/mediumseagreen-eel-531711.hostingersite.com\/#organization"},"potentialAction":[{"@type":"SearchAction","target":{"@type":"EntryPoint","urlTemplate":"https:\/\/mediumseagreen-eel-531711.hostingersite.com\/?s={search_term_string}"},"query-input":{"@type":"PropertyValueSpecification","valueRequired":true,"valueName":"search_term_string"}}],"inLanguage":"fr-FR"},{"@type":"Organization","@id":"https:\/\/mediumseagreen-eel-531711.hostingersite.com\/#organization","name":"Bladna News.com","url":"https:\/\/mediumseagreen-eel-531711.hostingersite.com\/","logo":{"@type":"ImageObject","inLanguage":"fr-FR","@id":"https:\/\/mediumseagreen-eel-531711.hostingersite.com\/#\/schema\/logo\/image\/","url":"https:\/\/bladnanews.com\/wp-content\/uploads\/2025\/12\/logo-bladnanews-V2-web-black-red.png","contentUrl":"https:\/\/bladnanews.com\/wp-content\/uploads\/2025\/12\/logo-bladnanews-V2-web-black-red.png","width":703,"height":287,"caption":"Bladna News.com"},"image":{"@id":"https:\/\/mediumseagreen-eel-531711.hostingersite.com\/#\/schema\/logo\/image\/"},"email":"info@bladnanews.com","legalName":"Bladna News"},{"@type":"Person","@id":"https:\/\/mediumseagreen-eel-531711.hostingersite.com\/#\/schema\/person\/268e18a453ab080ebf76df6ef7845083","name":"\u00c9quipe r\u00e9dactionnelle de Bladna News","url":"https:\/\/bladnanews.com\/fr\/author\/bladna-news-staff\/"}]}},"_links":{"self":[{"href":"https:\/\/bladnanews.com\/fr\/wp-json\/wp\/v2\/posts\/11191","targetHints":{"allow":["GET"]}}],"collection":[{"href":"https:\/\/bladnanews.com\/fr\/wp-json\/wp\/v2\/posts"}],"about":[{"href":"https:\/\/bladnanews.com\/fr\/wp-json\/wp\/v2\/types\/post"}],"author":[{"embeddable":true,"href":"https:\/\/bladnanews.com\/fr\/wp-json\/wp\/v2\/users\/3"}],"replies":[{"embeddable":true,"href":"https:\/\/bladnanews.com\/fr\/wp-json\/wp\/v2\/comments?post=11191"}],"version-history":[{"count":0,"href":"https:\/\/bladnanews.com\/fr\/wp-json\/wp\/v2\/posts\/11191\/revisions"}],"wp:featuredmedia":[{"embeddable":true,"href":"https:\/\/bladnanews.com\/fr\/wp-json\/wp\/v2\/media\/11190"}],"wp:attachment":[{"href":"https:\/\/bladnanews.com\/fr\/wp-json\/wp\/v2\/media?parent=11191"}],"wp:term":[{"taxonomy":"category","embeddable":true,"href":"https:\/\/bladnanews.com\/fr\/wp-json\/wp\/v2\/categories?post=11191"},{"taxonomy":"post_tag","embeddable":true,"href":"https:\/\/bladnanews.com\/fr\/wp-json\/wp\/v2\/tags?post=11191"}],"curies":[{"name":"wp","href":"https:\/\/api.w.org\/{rel}","templated":true}]}}