{"id":11209,"date":"2026-05-02T15:28:42","date_gmt":"2026-05-02T15:28:42","guid":{"rendered":"https:\/\/bladnanews.com\/saudi-league-competes-with-real-madrid-for-walid-regragui\/"},"modified":"2026-05-02T15:28:42","modified_gmt":"2026-05-02T15:28:42","slug":"la-saudi-league-est-en-concurrence-avec-le-real-madrid-pour-walid-regragui","status":"publish","type":"post","link":"https:\/\/bladnanews.com\/fr\/la-saudi-league-est-en-concurrence-avec-le-real-madrid-pour-walid-regragui\/","title":{"rendered":"La ligue saoudienne rivalise avec le Real Madrid pour Walid Regragui"},"content":{"rendered":"<p>La Saudi Pro League est entr\u00e9e dans la course pour recruter le s\u00e9lectionneur de l'\u00e9quipe nationale marocaine, Walid Regragui, cr\u00e9ant ainsi une concurrence directe avec le Real Madrid pour ce tacticien de 49 ans.<\/p>\n<p>Selon des sources proches du dossier, un club saoudien non identifi\u00e9 a officiellement approch\u00e9 les repr\u00e9sentants de Regragui, lui proposant un contrat lucratif qui lui permettrait de prendre les r\u00eanes de l'\u00e9quipe avant la saison 2026. L'offre comprendrait un salaire annuel cons\u00e9quent, assorti de primes li\u00e9es aux performances.<\/p>\n<p>Le Real Madrid, de son c\u00f4t\u00e9, a \u00e9galement inscrit Regragui sur sa liste de successeurs potentiels \u00e0 l'actuel entra\u00eeneur Carlo Ancelotti. Le g\u00e9ant espagnol suit la situation de pr\u00e8s, les dirigeants du club \u00e9tant apparemment impressionn\u00e9s par le travail de Regragui avec la s\u00e9lection marocaine, notamment son parcours historique jusqu'en demi-finale de la Coupe du monde 2022.<\/p>\n<p>Le contrat actuel de Regragui avec la F\u00e9d\u00e9ration royale marocaine de football court jusqu'en 2026, et tout d\u00e9part n\u00e9cessiterait le paiement d'une clause de lib\u00e9ration. Le tacticien marocain a pr\u00e9c\u00e9demment affirm\u00e9 son engagement envers le projet de l'\u00e9quipe nationale, mais l'int\u00e9r\u00eat conjugu\u00e9 de la ligue saoudienne et du Real Madrid lui pose un dilemme de taille.<\/p>\n<p>L'ambition de la Saudi Pro League d'attirer les meilleurs talents d'entra\u00eeneurs n'est un secret pour personne, ayant d\u00e9j\u00e0 recrut\u00e9 des noms prestigieux lors des r\u00e9centes fen\u00eatres de transfert. Une source proche des n\u00e9gociations a confirm\u00e9 que le club saoudien consid\u00e8re Regragui comme un investissement \u00e0 long terme, visant \u00e0 construire un projet autour de sa philosophie tactique.<\/p>\n<p>L'int\u00e9r\u00eat du Real Madrid ajoute une couche de complexit\u00e9 suppl\u00e9mentaire. Le champion d'Europe voit en Regragui un entra\u00eeneur moderne, capable de g\u00e9rer un effectif compos\u00e9 de superstars, et sa capacit\u00e9 \u00e0 organiser la d\u00e9fense tout en maintenant une fluidit\u00e9 offensive a attir\u00e9 l'attention de la hi\u00e9rarchie du Bernab\u00e9u.<\/p>\n<p>Regragui n'a pas encore pris de d\u00e9cision, son attention \u00e9tant actuellement port\u00e9e sur les prochaines \u00e9ch\u00e9ances internationales du Maroc. Cependant, des initi\u00e9s sugg\u00e8rent qu'une r\u00e9solution pourrait intervenir avant la fin de la saison en cours, les deux parties \u00e9tant d\u00e9sireuses de s'attacher ses services pour la campagne 2026.<\/p>","protected":false},"excerpt":{"rendered":"<p>The Saudi Pro League has entered the race to sign Moroccan national team head coach Walid Regragui, creating direct competition [&hellip;]<\/p>\n","protected":false},"author":3,"featured_media":11208,"comment_status":"","ping_status":"open","sticky":false,"template":"","format":"standard","meta":{"googlesitekit_rrm_CAow_uzEDA:productID":"","site-sidebar-layout":"default","site-content-layout":"","ast-site-content-layout":"default","site-content-style":"default","site-sidebar-style":"default","ast-global-header-display":"","ast-banner-title-visibility":"","ast-main-header-display":"","ast-hfb-above-header-display":"","ast-hfb-below-header-display":"","ast-hfb-mobile-header-display":"","site-post-title":"","ast-breadcrumbs-content":"","ast-featured-img":"","footer-sml-layout":"","ast-disable-related-posts":"","theme-transparent-header-meta":"","adv-header-id-meta":"","stick-header-meta":"","header-above-stick-meta":"","header-main-stick-meta":"","header-below-stick-meta":"","astra-migrate-meta-layouts":"default","ast-page-background-enabled":"default","ast-page-background-meta":{"desktop":{"background-color":"var(--ast-global-color-5)","background-image":"","background-repeat":"repeat","background-position":"center center","background-size":"auto","background-attachment":"scroll","background-type":"","background-media":"","overlay-type":"","overlay-color":"","overlay-opacity":"","overlay-gradient":""},"tablet":{"background-color":"","background-image":"","background-repeat":"repeat","background-position":"center center","background-size":"auto","background-attachment":"scroll","background-type":"","background-media":"","overlay-type":"","overlay-color":"","overlay-opacity":"","overlay-gradient":""},"mobile":{"background-color":"","background-image":"","background-repeat":"repeat","background-position":"center center","background-size":"auto","background-attachment":"scroll","background-type":"","background-media":"","overlay-type":"","overlay-color":"","overlay-opacity":"","overlay-gradient":""}},"ast-content-background-meta":{"desktop":{"background-color":"var(--ast-global-color-4)","background-image":"","background-repeat":"repeat","background-position":"center center","background-size":"auto","background-attachment":"scroll","background-type":"","background-media":"","overlay-type":"","overlay-color":"","overlay-opacity":"","overlay-gradient":""},"tablet":{"background-color":"var(--ast-global-color-4)","background-image":"","background-repeat":"repeat","background-position":"center center","background-size":"auto","background-attachment":"scroll","background-type":"","background-media":"","overlay-type":"","overlay-color":"","overlay-opacity":"","overlay-gradient":""},"mobile":{"background-color":"var(--ast-global-color-4)","background-image":"","background-repeat":"repeat","background-position":"center center","background-size":"auto","background-attachment":"scroll","background-type":"","background-media":"","overlay-type":"","overlay-color":"","overlay-opacity":"","overlay-gradient":""}},"footnotes":""},"categories":[20,1],"tags":[],"class_list":["post-11209","post","type-post","status-publish","format-standard","has-post-thumbnail","hentry","category-international","category-football-latest-news"],"yoast_head":"<!-- This site is optimized with the Yoast SEO Premium plugin v26.6 (Yoast SEO v27.5) - https:\/\/yoast.com\/product\/yoast-seo-premium-wordpress\/ -->\n<title>Saudi league competes with Real Madrid for Walid Regragui - Bladna News<\/title>\n<meta name=\"robots\" content=\"index, follow, max-snippet:-1, max-image-preview:large, max-video-preview:-1\" \/>\n<link rel=\"canonical\" href=\"https:\/\/bladnanews.com\/fr\/la-saudi-league-est-en-concurrence-avec-le-real-madrid-pour-walid-regragui\/\" \/>\n<meta property=\"og:locale\" content=\"fr_FR\" \/>\n<meta property=\"og:type\" content=\"article\" \/>\n<meta property=\"og:title\" content=\"Saudi league competes with Real Madrid for Walid Regragui\" \/>\n<meta property=\"og:description\" content=\"The Saudi Pro League has entered the race to sign Moroccan national team head coach Walid Regragui, creating direct competition [&hellip;]\" \/>\n<meta property=\"og:url\" content=\"https:\/\/bladnanews.com\/fr\/la-saudi-league-est-en-concurrence-avec-le-real-madrid-pour-walid-regragui\/\" \/>\n<meta property=\"og:site_name\" content=\"Bladna News\" \/>\n<meta property=\"article:published_time\" content=\"2026-05-02T15:28:42+00:00\" \/>\n<meta property=\"og:image\" content=\"https:\/\/bladnanews.com\/wp-content\/uploads\/2025\/12\/freepik__bladna-newscom-moroccan-soccer-homepage-banner-mor__41838.png\" \/>\n\t<meta property=\"og:image:width\" content=\"1312\" \/>\n\t<meta property=\"og:image:height\" content=\"736\" \/>\n\t<meta property=\"og:image:type\" content=\"image\/png\" \/>\n<meta name=\"author\" content=\"Bladna News Staff\" \/>\n<meta name=\"twitter:card\" content=\"summary_large_image\" \/>\n<meta name=\"twitter:label1\" content=\"\u00c9crit par\" \/>\n\t<meta name=\"twitter:data1\" content=\"Bladna News Staff\" \/>\n\t<meta name=\"twitter:label2\" content=\"Dur\u00e9e de lecture estim\u00e9e\" \/>\n\t<meta name=\"twitter:data2\" content=\"2 minutes\" \/>\n<script type=\"application\/ld+json\" class=\"yoast-schema-graph\">{\"@context\":\"https:\\\/\\\/schema.org\",\"@graph\":[{\"@type\":\"Article\",\"@id\":\"https:\\\/\\\/bladnanews.com\\\/saudi-league-competes-with-real-madrid-for-walid-regragui\\\/#article\",\"isPartOf\":{\"@id\":\"https:\\\/\\\/bladnanews.com\\\/saudi-league-competes-with-real-madrid-for-walid-regragui\\\/\"},\"author\":{\"name\":\"Bladna News Staff\",\"@id\":\"https:\\\/\\\/mediumseagreen-eel-531711.hostingersite.com\\\/#\\\/schema\\\/person\\\/268e18a453ab080ebf76df6ef7845083\"},\"headline\":\"Saudi league competes with Real Madrid for Walid Regragui\",\"datePublished\":\"2026-05-02T15:28:42+00:00\",\"mainEntityOfPage\":{\"@id\":\"https:\\\/\\\/bladnanews.com\\\/saudi-league-competes-with-real-madrid-for-walid-regragui\\\/\"},\"wordCount\":326,\"publisher\":{\"@id\":\"https:\\\/\\\/mediumseagreen-eel-531711.hostingersite.com\\\/#organization\"},\"image\":{\"@id\":\"https:\\\/\\\/bladnanews.com\\\/saudi-league-competes-with-real-madrid-for-walid-regragui\\\/#primaryimage\"},\"thumbnailUrl\":\"https:\\\/\\\/bladnanews.com\\\/wp-content\\\/uploads\\\/2026\\\/05\\\/GettyImages-2256419888.jpg-scaled.jpg\",\"articleSection\":[\"International\",\"Latest News\"],\"inLanguage\":\"fr-FR\",\"copyrightYear\":\"2026\",\"copyrightHolder\":{\"@id\":\"https:\\\/\\\/bladnanews.com\\\/fr\\\/#organization\"}},{\"@type\":\"WebPage\",\"@id\":\"https:\\\/\\\/bladnanews.com\\\/saudi-league-competes-with-real-madrid-for-walid-regragui\\\/\",\"url\":\"https:\\\/\\\/bladnanews.com\\\/saudi-league-competes-with-real-madrid-for-walid-regragui\\\/\",\"name\":\"Saudi league competes with Real Madrid for Walid Regragui - Bladna News\",\"isPartOf\":{\"@id\":\"https:\\\/\\\/mediumseagreen-eel-531711.hostingersite.com\\\/#website\"},\"primaryImageOfPage\":{\"@id\":\"https:\\\/\\\/bladnanews.com\\\/saudi-league-competes-with-real-madrid-for-walid-regragui\\\/#primaryimage\"},\"image\":{\"@id\":\"https:\\\/\\\/bladnanews.com\\\/saudi-league-competes-with-real-madrid-for-walid-regragui\\\/#primaryimage\"},\"thumbnailUrl\":\"https:\\\/\\\/bladnanews.com\\\/wp-content\\\/uploads\\\/2026\\\/05\\\/GettyImages-2256419888.jpg-scaled.jpg\",\"datePublished\":\"2026-05-02T15:28:42+00:00\",\"breadcrumb\":{\"@id\":\"https:\\\/\\\/bladnanews.com\\\/saudi-league-competes-with-real-madrid-for-walid-regragui\\\/#breadcrumb\"},\"inLanguage\":\"fr-FR\",\"potentialAction\":[{\"@type\":\"ReadAction\",\"target\":[\"https:\\\/\\\/bladnanews.com\\\/saudi-league-competes-with-real-madrid-for-walid-regragui\\\/\"]}]},{\"@type\":\"ImageObject\",\"inLanguage\":\"fr-FR\",\"@id\":\"https:\\\/\\\/bladnanews.com\\\/saudi-league-competes-with-real-madrid-for-walid-regragui\\\/#primaryimage\",\"url\":\"https:\\\/\\\/bladnanews.com\\\/wp-content\\\/uploads\\\/2026\\\/05\\\/GettyImages-2256419888.jpg-scaled.jpg\",\"contentUrl\":\"https:\\\/\\\/bladnanews.com\\\/wp-content\\\/uploads\\\/2026\\\/05\\\/GettyImages-2256419888.jpg-scaled.jpg\",\"width\":2560,\"height\":1440,\"caption\":\"Saudi league competes with Real Madrid for Walid Regragui\"},{\"@type\":\"BreadcrumbList\",\"@id\":\"https:\\\/\\\/bladnanews.com\\\/saudi-league-competes-with-real-madrid-for-walid-regragui\\\/#breadcrumb\",\"itemListElement\":[{\"@type\":\"ListItem\",\"position\":1,\"name\":\"Home\",\"item\":\"https:\\\/\\\/bladnanews.com\\\/\"},{\"@type\":\"ListItem\",\"position\":2,\"name\":\"Saudi league competes with Real Madrid for Walid Regragui\"}]},{\"@type\":\"WebSite\",\"@id\":\"https:\\\/\\\/mediumseagreen-eel-531711.hostingersite.com\\\/#website\",\"url\":\"https:\\\/\\\/mediumseagreen-eel-531711.hostingersite.com\\\/\",\"name\":\"Bladna News - Morocco\",\"description\":\"Where Moroccan Football Meets the World\",\"publisher\":{\"@id\":\"https:\\\/\\\/mediumseagreen-eel-531711.hostingersite.com\\\/#organization\"},\"potentialAction\":[{\"@type\":\"SearchAction\",\"target\":{\"@type\":\"EntryPoint\",\"urlTemplate\":\"https:\\\/\\\/mediumseagreen-eel-531711.hostingersite.com\\\/?s={search_term_string}\"},\"query-input\":{\"@type\":\"PropertyValueSpecification\",\"valueRequired\":true,\"valueName\":\"search_term_string\"}}],\"inLanguage\":\"fr-FR\"},{\"@type\":\"Organization\",\"@id\":\"https:\\\/\\\/mediumseagreen-eel-531711.hostingersite.com\\\/#organization\",\"name\":\"Bladna News.com\",\"url\":\"https:\\\/\\\/mediumseagreen-eel-531711.hostingersite.com\\\/\",\"logo\":{\"@type\":\"ImageObject\",\"inLanguage\":\"fr-FR\",\"@id\":\"https:\\\/\\\/mediumseagreen-eel-531711.hostingersite.com\\\/#\\\/schema\\\/logo\\\/image\\\/\",\"url\":\"https:\\\/\\\/bladnanews.com\\\/wp-content\\\/uploads\\\/2025\\\/12\\\/logo-bladnanews-V2-web-black-red.png\",\"contentUrl\":\"https:\\\/\\\/bladnanews.com\\\/wp-content\\\/uploads\\\/2025\\\/12\\\/logo-bladnanews-V2-web-black-red.png\",\"width\":703,\"height\":287,\"caption\":\"Bladna News.com\"},\"image\":{\"@id\":\"https:\\\/\\\/mediumseagreen-eel-531711.hostingersite.com\\\/#\\\/schema\\\/logo\\\/image\\\/\"},\"email\":\"info@bladnanews.com\",\"legalName\":\"Bladna News\"},{\"@type\":\"Person\",\"@id\":\"https:\\\/\\\/mediumseagreen-eel-531711.hostingersite.com\\\/#\\\/schema\\\/person\\\/268e18a453ab080ebf76df6ef7845083\",\"name\":\"Bladna News Staff\",\"url\":\"https:\\\/\\\/bladnanews.com\\\/fr\\\/author\\\/bladna-news-staff\\\/\"}]}<\/script>\n<!-- \/ Yoast SEO Premium plugin. -->","yoast_head_json":{"title":"La ligue saoudienne rivalise avec le Real Madrid pour Walid Regragui - Bladna News","robots":{"index":"index","follow":"follow","max-snippet":"max-snippet:-1","max-image-preview":"max-image-preview:large","max-video-preview":"max-video-preview:-1"},"canonical":"https:\/\/bladnanews.com\/fr\/la-saudi-league-est-en-concurrence-avec-le-real-madrid-pour-walid-regragui\/","og_locale":"fr_FR","og_type":"article","og_title":"Saudi league competes with Real Madrid for Walid Regragui","og_description":"The Saudi Pro League has entered the race to sign Moroccan national team head coach Walid Regragui, creating direct competition [&hellip;]","og_url":"https:\/\/bladnanews.com\/fr\/la-saudi-league-est-en-concurrence-avec-le-real-madrid-pour-walid-regragui\/","og_site_name":"Bladna News","article_published_time":"2026-05-02T15:28:42+00:00","og_image":[{"width":1312,"height":736,"url":"https:\/\/bladnanews.com\/wp-content\/uploads\/2025\/12\/freepik__bladna-newscom-moroccan-soccer-homepage-banner-mor__41838.png","type":"image\/png"}],"author":"Bladna News Staff","twitter_card":"summary_large_image","twitter_misc":{"\u00c9crit par":"Bladna News Staff","Dur\u00e9e de lecture estim\u00e9e":"2 minutes"},"schema":{"@context":"https:\/\/schema.org","@graph":[{"@type":"Article","@id":"https:\/\/bladnanews.com\/saudi-league-competes-with-real-madrid-for-walid-regragui\/#article","isPartOf":{"@id":"https:\/\/bladnanews.com\/saudi-league-competes-with-real-madrid-for-walid-regragui\/"},"author":{"name":"Bladna News Staff","@id":"https:\/\/mediumseagreen-eel-531711.hostingersite.com\/#\/schema\/person\/268e18a453ab080ebf76df6ef7845083"},"headline":"Saudi league competes with Real Madrid for Walid Regragui","datePublished":"2026-05-02T15:28:42+00:00","mainEntityOfPage":{"@id":"https:\/\/bladnanews.com\/saudi-league-competes-with-real-madrid-for-walid-regragui\/"},"wordCount":326,"publisher":{"@id":"https:\/\/mediumseagreen-eel-531711.hostingersite.com\/#organization"},"image":{"@id":"https:\/\/bladnanews.com\/saudi-league-competes-with-real-madrid-for-walid-regragui\/#primaryimage"},"thumbnailUrl":"https:\/\/bladnanews.com\/wp-content\/uploads\/2026\/05\/GettyImages-2256419888.jpg-scaled.jpg","articleSection":["International","Latest News"],"inLanguage":"fr-FR","copyrightYear":"2026","copyrightHolder":{"@id":"https:\/\/bladnanews.com\/fr\/#organization"}},{"@type":"WebPage","@id":"https:\/\/bladnanews.com\/saudi-league-competes-with-real-madrid-for-walid-regragui\/","url":"https:\/\/bladnanews.com\/saudi-league-competes-with-real-madrid-for-walid-regragui\/","name":"La ligue saoudienne rivalise avec le Real Madrid pour Walid Regragui - Bladna News","isPartOf":{"@id":"https:\/\/mediumseagreen-eel-531711.hostingersite.com\/#website"},"primaryImageOfPage":{"@id":"https:\/\/bladnanews.com\/saudi-league-competes-with-real-madrid-for-walid-regragui\/#primaryimage"},"image":{"@id":"https:\/\/bladnanews.com\/saudi-league-competes-with-real-madrid-for-walid-regragui\/#primaryimage"},"thumbnailUrl":"https:\/\/bladnanews.com\/wp-content\/uploads\/2026\/05\/GettyImages-2256419888.jpg-scaled.jpg","datePublished":"2026-05-02T15:28:42+00:00","breadcrumb":{"@id":"https:\/\/bladnanews.com\/saudi-league-competes-with-real-madrid-for-walid-regragui\/#breadcrumb"},"inLanguage":"fr-FR","potentialAction":[{"@type":"ReadAction","target":["https:\/\/bladnanews.com\/saudi-league-competes-with-real-madrid-for-walid-regragui\/"]}]},{"@type":"ImageObject","inLanguage":"fr-FR","@id":"https:\/\/bladnanews.com\/saudi-league-competes-with-real-madrid-for-walid-regragui\/#primaryimage","url":"https:\/\/bladnanews.com\/wp-content\/uploads\/2026\/05\/GettyImages-2256419888.jpg-scaled.jpg","contentUrl":"https:\/\/bladnanews.com\/wp-content\/uploads\/2026\/05\/GettyImages-2256419888.jpg-scaled.jpg","width":2560,"height":1440,"caption":"Saudi league competes with Real Madrid for Walid Regragui"},{"@type":"BreadcrumbList","@id":"https:\/\/bladnanews.com\/saudi-league-competes-with-real-madrid-for-walid-regragui\/#breadcrumb","itemListElement":[{"@type":"ListItem","position":1,"name":"Home","item":"https:\/\/bladnanews.com\/"},{"@type":"ListItem","position":2,"name":"Saudi league competes with Real Madrid for Walid Regragui"}]},{"@type":"WebSite","@id":"https:\/\/mediumseagreen-eel-531711.hostingersite.com\/#website","url":"https:\/\/mediumseagreen-eel-531711.hostingersite.com\/","name":"Bladna News - Maroc","description":"Quand le football marocain rencontre le monde","publisher":{"@id":"https:\/\/mediumseagreen-eel-531711.hostingersite.com\/#organization"},"potentialAction":[{"@type":"SearchAction","target":{"@type":"EntryPoint","urlTemplate":"https:\/\/mediumseagreen-eel-531711.hostingersite.com\/?s={search_term_string}"},"query-input":{"@type":"PropertyValueSpecification","valueRequired":true,"valueName":"search_term_string"}}],"inLanguage":"fr-FR"},{"@type":"Organization","@id":"https:\/\/mediumseagreen-eel-531711.hostingersite.com\/#organization","name":"Bladna News.com","url":"https:\/\/mediumseagreen-eel-531711.hostingersite.com\/","logo":{"@type":"ImageObject","inLanguage":"fr-FR","@id":"https:\/\/mediumseagreen-eel-531711.hostingersite.com\/#\/schema\/logo\/image\/","url":"https:\/\/bladnanews.com\/wp-content\/uploads\/2025\/12\/logo-bladnanews-V2-web-black-red.png","contentUrl":"https:\/\/bladnanews.com\/wp-content\/uploads\/2025\/12\/logo-bladnanews-V2-web-black-red.png","width":703,"height":287,"caption":"Bladna News.com"},"image":{"@id":"https:\/\/mediumseagreen-eel-531711.hostingersite.com\/#\/schema\/logo\/image\/"},"email":"info@bladnanews.com","legalName":"Bladna News"},{"@type":"Person","@id":"https:\/\/mediumseagreen-eel-531711.hostingersite.com\/#\/schema\/person\/268e18a453ab080ebf76df6ef7845083","name":"\u00c9quipe r\u00e9dactionnelle de Bladna News","url":"https:\/\/bladnanews.com\/fr\/author\/bladna-news-staff\/"}]}},"_links":{"self":[{"href":"https:\/\/bladnanews.com\/fr\/wp-json\/wp\/v2\/posts\/11209","targetHints":{"allow":["GET"]}}],"collection":[{"href":"https:\/\/bladnanews.com\/fr\/wp-json\/wp\/v2\/posts"}],"about":[{"href":"https:\/\/bladnanews.com\/fr\/wp-json\/wp\/v2\/types\/post"}],"author":[{"embeddable":true,"href":"https:\/\/bladnanews.com\/fr\/wp-json\/wp\/v2\/users\/3"}],"replies":[{"embeddable":true,"href":"https:\/\/bladnanews.com\/fr\/wp-json\/wp\/v2\/comments?post=11209"}],"version-history":[{"count":0,"href":"https:\/\/bladnanews.com\/fr\/wp-json\/wp\/v2\/posts\/11209\/revisions"}],"wp:featuredmedia":[{"embeddable":true,"href":"https:\/\/bladnanews.com\/fr\/wp-json\/wp\/v2\/media\/11208"}],"wp:attachment":[{"href":"https:\/\/bladnanews.com\/fr\/wp-json\/wp\/v2\/media?parent=11209"}],"wp:term":[{"taxonomy":"category","embeddable":true,"href":"https:\/\/bladnanews.com\/fr\/wp-json\/wp\/v2\/categories?post=11209"},{"taxonomy":"post_tag","embeddable":true,"href":"https:\/\/bladnanews.com\/fr\/wp-json\/wp\/v2\/tags?post=11209"}],"curies":[{"name":"wp","href":"https:\/\/api.w.org\/{rel}","templated":true}]}}