{"id":11211,"date":"2026-05-02T15:46:12","date_gmt":"2026-05-02T15:46:12","guid":{"rendered":"https:\/\/bladnanews.com\/ferran-torres-closes-in-on-madrid-award-in-yamals-absence\/"},"modified":"2026-05-02T15:46:12","modified_gmt":"2026-05-02T15:46:12","slug":"ferran-torres-se-rapproche-de-la-recompense-madrilene-en-labsence-de-yamal","status":"publish","type":"post","link":"https:\/\/bladnanews.com\/fr\/ferran-torres-se-rapproche-de-la-recompense-madrilene-en-labsence-de-yamal\/","title":{"rendered":"Ferran Torres se rapproche du prix de Madrid en l'absence de Yamal"},"content":{"rendered":"<p>Ferran Torres se rapproche d'une r\u00e9compense bas\u00e9e \u00e0 Madrid alors que Lamine Yamal est absent sur blessure. L'attaquant n\u00e9 \u00e0 Valence s'impose comme un s\u00e9rieux pr\u00e9tendant \u00e0 ce prestigieux prix, l'absence de son co\u00e9quipier du FC Barcelone ouvrant la voie \u00e0 un nouveau nom pour occuper le devant de la sc\u00e8ne.<\/p>\n<p>Cette r\u00e9compense, qui distingue le meilleur joueur de la r\u00e9gion madril\u00e8ne sur la saison 2025-2026, a traditionnellement \u00e9t\u00e9 domin\u00e9e par les stars du Real Madrid et de l'Atl\u00e9tico. Cependant, les performances constantes de Torres avec le FC Barcelone l'ont solidement plac\u00e9 dans la course, bien qu'il joue son football en club en dehors de la capitale.<\/p>\n<p>Yamal, largement consid\u00e9r\u00e9 comme le favori pour cette distinction plus t\u00f4t dans la saison, est \u00e9cart\u00e9 des terrains depuis mi-f\u00e9vrier 2026 en raison d'un probl\u00e8me musculaire. Son absence a permis \u00e0 Torres de combler l'\u00e9cart dans les votes, plusieurs bulletins devant encore \u00eatre d\u00e9pos\u00e9s avant la date limite du 15 mars 2026.<\/p>\n<p>Le comit\u00e9 de la r\u00e9compense a confirm\u00e9 lundi que Torres avait re\u00e7u des nominations de la part de 12 des 20 membres votants, le pla\u00e7ant devant Jude Bellingham du Real Madrid et Antoine Griezmann de l'Atl\u00e9tico. \u201c Ferran a fait preuve d'une constance remarquable cette saison \u201d, a d\u00e9clar\u00e9 un porte-parole du comit\u00e9. \u201c Son nombre de buts et sa contribution globale n'ont pas \u00e9chapp\u00e9 \u00e0 notre attention. \u201d<\/p>\n<p>Torres a inscrit 18 buts toutes comp\u00e9titions confondues pour le FC Barcelone cette saison, dont un tripl\u00e9 contre le Real Betis en janvier 2026 et des frappes d\u00e9cisives lors des deux Cl\u00e1sicos. Sa forme est particuli\u00e8rement impressionnante depuis le d\u00e9but de l'ann\u00e9e, avec sept buts lors de ses neuf derni\u00e8res apparitions.<\/p>\n<p>L'attaquant de 26 ans a disput\u00e9 l'int\u00e9gralit\u00e9 des 90 minutes lors de la victoire 3-1 du FC Barcelone contre le Rayo Vallecano samedi, un match suivi de pr\u00e8s par les votants. Sa performance comprenait une passe d\u00e9cisive et un but, renfor\u00e7ant encore son dossier pour cet honneur.<\/p>\n<p>Yamal, qui est \u00e9cart\u00e9 pour au moins trois semaines suppl\u00e9mentaires en raison d'une blessure aux ischio-jambiers, devrait manquer le reste de la p\u00e9riode de vote. L'ailier de 18 ans \u00e9tait le leader apr\u00e8s une premi\u00e8re moiti\u00e9 de saison \u00e9poustouflante, mais son absence a compl\u00e8tement remodel\u00e9 la course.<\/p>\n<p>Le vainqueur sera annonc\u00e9 lors d'une c\u00e9r\u00e9monie \u00e0 Madrid le 22 mars 2026. Si Torres remporte le prix, il deviendra le premier joueur du FC Barcelone \u00e0 gagner cette r\u00e9compense depuis Lionel Messi en 2019.<\/p>","protected":false},"excerpt":{"rendered":"<p>Ferran Torres is closing in on a Madrid-based award as Lamine Yamal sits out through injury. The Valencia-born forward has [&hellip;]<\/p>\n","protected":false},"author":3,"featured_media":11210,"comment_status":"","ping_status":"open","sticky":false,"template":"","format":"standard","meta":{"googlesitekit_rrm_CAow_uzEDA:productID":"","site-sidebar-layout":"default","site-content-layout":"","ast-site-content-layout":"default","site-content-style":"default","site-sidebar-style":"default","ast-global-header-display":"","ast-banner-title-visibility":"","ast-main-header-display":"","ast-hfb-above-header-display":"","ast-hfb-below-header-display":"","ast-hfb-mobile-header-display":"","site-post-title":"","ast-breadcrumbs-content":"","ast-featured-img":"","footer-sml-layout":"","ast-disable-related-posts":"","theme-transparent-header-meta":"","adv-header-id-meta":"","stick-header-meta":"","header-above-stick-meta":"","header-main-stick-meta":"","header-below-stick-meta":"","astra-migrate-meta-layouts":"default","ast-page-background-enabled":"default","ast-page-background-meta":{"desktop":{"background-color":"var(--ast-global-color-5)","background-image":"","background-repeat":"repeat","background-position":"center center","background-size":"auto","background-attachment":"scroll","background-type":"","background-media":"","overlay-type":"","overlay-color":"","overlay-opacity":"","overlay-gradient":""},"tablet":{"background-color":"","background-image":"","background-repeat":"repeat","background-position":"center center","background-size":"auto","background-attachment":"scroll","background-type":"","background-media":"","overlay-type":"","overlay-color":"","overlay-opacity":"","overlay-gradient":""},"mobile":{"background-color":"","background-image":"","background-repeat":"repeat","background-position":"center center","background-size":"auto","background-attachment":"scroll","background-type":"","background-media":"","overlay-type":"","overlay-color":"","overlay-opacity":"","overlay-gradient":""}},"ast-content-background-meta":{"desktop":{"background-color":"var(--ast-global-color-4)","background-image":"","background-repeat":"repeat","background-position":"center center","background-size":"auto","background-attachment":"scroll","background-type":"","background-media":"","overlay-type":"","overlay-color":"","overlay-opacity":"","overlay-gradient":""},"tablet":{"background-color":"var(--ast-global-color-4)","background-image":"","background-repeat":"repeat","background-position":"center center","background-size":"auto","background-attachment":"scroll","background-type":"","background-media":"","overlay-type":"","overlay-color":"","overlay-opacity":"","overlay-gradient":""},"mobile":{"background-color":"var(--ast-global-color-4)","background-image":"","background-repeat":"repeat","background-position":"center center","background-size":"auto","background-attachment":"scroll","background-type":"","background-media":"","overlay-type":"","overlay-color":"","overlay-opacity":"","overlay-gradient":""}},"footnotes":""},"categories":[20,1],"tags":[],"class_list":["post-11211","post","type-post","status-publish","format-standard","has-post-thumbnail","hentry","category-international","category-football-latest-news"],"yoast_head":"<!-- This site is optimized with the Yoast SEO Premium plugin v26.6 (Yoast SEO v27.5) - https:\/\/yoast.com\/product\/yoast-seo-premium-wordpress\/ -->\n<title>Ferran Torres closes in on Madrid award in Yamal&#039;s absence - Bladna News<\/title>\n<meta name=\"robots\" content=\"index, follow, max-snippet:-1, max-image-preview:large, max-video-preview:-1\" \/>\n<link rel=\"canonical\" href=\"https:\/\/bladnanews.com\/fr\/ferran-torres-se-rapproche-de-la-recompense-madrilene-en-labsence-de-yamal\/\" \/>\n<meta property=\"og:locale\" content=\"fr_FR\" \/>\n<meta property=\"og:type\" content=\"article\" \/>\n<meta property=\"og:title\" content=\"Ferran Torres closes in on Madrid award in Yamal&#039;s absence\" \/>\n<meta property=\"og:description\" content=\"Ferran Torres is closing in on a Madrid-based award as Lamine Yamal sits out through injury. The Valencia-born forward has [&hellip;]\" \/>\n<meta property=\"og:url\" content=\"https:\/\/bladnanews.com\/fr\/ferran-torres-se-rapproche-de-la-recompense-madrilene-en-labsence-de-yamal\/\" \/>\n<meta property=\"og:site_name\" content=\"Bladna News\" \/>\n<meta property=\"article:published_time\" content=\"2026-05-02T15:46:12+00:00\" \/>\n<meta property=\"og:image\" content=\"https:\/\/bladnanews.com\/wp-content\/uploads\/2025\/12\/freepik__bladna-newscom-moroccan-soccer-homepage-banner-mor__41838.png\" \/>\n\t<meta property=\"og:image:width\" content=\"1312\" \/>\n\t<meta property=\"og:image:height\" content=\"736\" \/>\n\t<meta property=\"og:image:type\" content=\"image\/png\" \/>\n<meta name=\"author\" content=\"Bladna News Staff\" \/>\n<meta name=\"twitter:card\" content=\"summary_large_image\" \/>\n<meta name=\"twitter:label1\" content=\"\u00c9crit par\" \/>\n\t<meta name=\"twitter:data1\" content=\"Bladna News Staff\" \/>\n\t<meta name=\"twitter:label2\" content=\"Dur\u00e9e de lecture estim\u00e9e\" \/>\n\t<meta name=\"twitter:data2\" content=\"2 minutes\" \/>\n<script type=\"application\/ld+json\" class=\"yoast-schema-graph\">{\"@context\":\"https:\\\/\\\/schema.org\",\"@graph\":[{\"@type\":\"Article\",\"@id\":\"https:\\\/\\\/bladnanews.com\\\/ferran-torres-closes-in-on-madrid-award-in-yamals-absence\\\/#article\",\"isPartOf\":{\"@id\":\"https:\\\/\\\/bladnanews.com\\\/ferran-torres-closes-in-on-madrid-award-in-yamals-absence\\\/\"},\"author\":{\"name\":\"Bladna News Staff\",\"@id\":\"https:\\\/\\\/mediumseagreen-eel-531711.hostingersite.com\\\/#\\\/schema\\\/person\\\/268e18a453ab080ebf76df6ef7845083\"},\"headline\":\"Ferran Torres closes in on Madrid award in Yamal&#8217;s absence\",\"datePublished\":\"2026-05-02T15:46:12+00:00\",\"mainEntityOfPage\":{\"@id\":\"https:\\\/\\\/bladnanews.com\\\/ferran-torres-closes-in-on-madrid-award-in-yamals-absence\\\/\"},\"wordCount\":374,\"publisher\":{\"@id\":\"https:\\\/\\\/mediumseagreen-eel-531711.hostingersite.com\\\/#organization\"},\"image\":{\"@id\":\"https:\\\/\\\/bladnanews.com\\\/ferran-torres-closes-in-on-madrid-award-in-yamals-absence\\\/#primaryimage\"},\"thumbnailUrl\":\"https:\\\/\\\/bladnanews.com\\\/wp-content\\\/uploads\\\/2026\\\/05\\\/GettyImages-2272622147.jpg-scaled.jpg\",\"articleSection\":[\"International\",\"Latest News\"],\"inLanguage\":\"fr-FR\",\"copyrightYear\":\"2026\",\"copyrightHolder\":{\"@id\":\"https:\\\/\\\/bladnanews.com\\\/fr\\\/#organization\"}},{\"@type\":\"WebPage\",\"@id\":\"https:\\\/\\\/bladnanews.com\\\/ferran-torres-closes-in-on-madrid-award-in-yamals-absence\\\/\",\"url\":\"https:\\\/\\\/bladnanews.com\\\/ferran-torres-closes-in-on-madrid-award-in-yamals-absence\\\/\",\"name\":\"Ferran Torres closes in on Madrid award in Yamal's absence - Bladna News\",\"isPartOf\":{\"@id\":\"https:\\\/\\\/mediumseagreen-eel-531711.hostingersite.com\\\/#website\"},\"primaryImageOfPage\":{\"@id\":\"https:\\\/\\\/bladnanews.com\\\/ferran-torres-closes-in-on-madrid-award-in-yamals-absence\\\/#primaryimage\"},\"image\":{\"@id\":\"https:\\\/\\\/bladnanews.com\\\/ferran-torres-closes-in-on-madrid-award-in-yamals-absence\\\/#primaryimage\"},\"thumbnailUrl\":\"https:\\\/\\\/bladnanews.com\\\/wp-content\\\/uploads\\\/2026\\\/05\\\/GettyImages-2272622147.jpg-scaled.jpg\",\"datePublished\":\"2026-05-02T15:46:12+00:00\",\"breadcrumb\":{\"@id\":\"https:\\\/\\\/bladnanews.com\\\/ferran-torres-closes-in-on-madrid-award-in-yamals-absence\\\/#breadcrumb\"},\"inLanguage\":\"fr-FR\",\"potentialAction\":[{\"@type\":\"ReadAction\",\"target\":[\"https:\\\/\\\/bladnanews.com\\\/ferran-torres-closes-in-on-madrid-award-in-yamals-absence\\\/\"]}]},{\"@type\":\"ImageObject\",\"inLanguage\":\"fr-FR\",\"@id\":\"https:\\\/\\\/bladnanews.com\\\/ferran-torres-closes-in-on-madrid-award-in-yamals-absence\\\/#primaryimage\",\"url\":\"https:\\\/\\\/bladnanews.com\\\/wp-content\\\/uploads\\\/2026\\\/05\\\/GettyImages-2272622147.jpg-scaled.jpg\",\"contentUrl\":\"https:\\\/\\\/bladnanews.com\\\/wp-content\\\/uploads\\\/2026\\\/05\\\/GettyImages-2272622147.jpg-scaled.jpg\",\"width\":2560,\"height\":1440,\"caption\":\"Ferran Torres closes in on Madrid award in Yamal's absence\"},{\"@type\":\"BreadcrumbList\",\"@id\":\"https:\\\/\\\/bladnanews.com\\\/ferran-torres-closes-in-on-madrid-award-in-yamals-absence\\\/#breadcrumb\",\"itemListElement\":[{\"@type\":\"ListItem\",\"position\":1,\"name\":\"Home\",\"item\":\"https:\\\/\\\/bladnanews.com\\\/\"},{\"@type\":\"ListItem\",\"position\":2,\"name\":\"Ferran Torres closes in on Madrid award in Yamal&#8217;s absence\"}]},{\"@type\":\"WebSite\",\"@id\":\"https:\\\/\\\/mediumseagreen-eel-531711.hostingersite.com\\\/#website\",\"url\":\"https:\\\/\\\/mediumseagreen-eel-531711.hostingersite.com\\\/\",\"name\":\"Bladna News - Morocco\",\"description\":\"Where Moroccan Football Meets the World\",\"publisher\":{\"@id\":\"https:\\\/\\\/mediumseagreen-eel-531711.hostingersite.com\\\/#organization\"},\"potentialAction\":[{\"@type\":\"SearchAction\",\"target\":{\"@type\":\"EntryPoint\",\"urlTemplate\":\"https:\\\/\\\/mediumseagreen-eel-531711.hostingersite.com\\\/?s={search_term_string}\"},\"query-input\":{\"@type\":\"PropertyValueSpecification\",\"valueRequired\":true,\"valueName\":\"search_term_string\"}}],\"inLanguage\":\"fr-FR\"},{\"@type\":\"Organization\",\"@id\":\"https:\\\/\\\/mediumseagreen-eel-531711.hostingersite.com\\\/#organization\",\"name\":\"Bladna News.com\",\"url\":\"https:\\\/\\\/mediumseagreen-eel-531711.hostingersite.com\\\/\",\"logo\":{\"@type\":\"ImageObject\",\"inLanguage\":\"fr-FR\",\"@id\":\"https:\\\/\\\/mediumseagreen-eel-531711.hostingersite.com\\\/#\\\/schema\\\/logo\\\/image\\\/\",\"url\":\"https:\\\/\\\/bladnanews.com\\\/wp-content\\\/uploads\\\/2025\\\/12\\\/logo-bladnanews-V2-web-black-red.png\",\"contentUrl\":\"https:\\\/\\\/bladnanews.com\\\/wp-content\\\/uploads\\\/2025\\\/12\\\/logo-bladnanews-V2-web-black-red.png\",\"width\":703,\"height\":287,\"caption\":\"Bladna News.com\"},\"image\":{\"@id\":\"https:\\\/\\\/mediumseagreen-eel-531711.hostingersite.com\\\/#\\\/schema\\\/logo\\\/image\\\/\"},\"email\":\"info@bladnanews.com\",\"legalName\":\"Bladna News\"},{\"@type\":\"Person\",\"@id\":\"https:\\\/\\\/mediumseagreen-eel-531711.hostingersite.com\\\/#\\\/schema\\\/person\\\/268e18a453ab080ebf76df6ef7845083\",\"name\":\"Bladna News Staff\",\"url\":\"https:\\\/\\\/bladnanews.com\\\/fr\\\/author\\\/bladna-news-staff\\\/\"}]}<\/script>\n<!-- \/ Yoast SEO Premium plugin. -->","yoast_head_json":{"title":"Ferran Torres se rapproche du prix de Madrid en l'absence de Yamal - Bladna News","robots":{"index":"index","follow":"follow","max-snippet":"max-snippet:-1","max-image-preview":"max-image-preview:large","max-video-preview":"max-video-preview:-1"},"canonical":"https:\/\/bladnanews.com\/fr\/ferran-torres-se-rapproche-de-la-recompense-madrilene-en-labsence-de-yamal\/","og_locale":"fr_FR","og_type":"article","og_title":"Ferran Torres closes in on Madrid award in Yamal's absence","og_description":"Ferran Torres is closing in on a Madrid-based award as Lamine Yamal sits out through injury. The Valencia-born forward has [&hellip;]","og_url":"https:\/\/bladnanews.com\/fr\/ferran-torres-se-rapproche-de-la-recompense-madrilene-en-labsence-de-yamal\/","og_site_name":"Bladna News","article_published_time":"2026-05-02T15:46:12+00:00","og_image":[{"width":1312,"height":736,"url":"https:\/\/bladnanews.com\/wp-content\/uploads\/2025\/12\/freepik__bladna-newscom-moroccan-soccer-homepage-banner-mor__41838.png","type":"image\/png"}],"author":"Bladna News Staff","twitter_card":"summary_large_image","twitter_misc":{"\u00c9crit par":"Bladna News Staff","Dur\u00e9e de lecture estim\u00e9e":"2 minutes"},"schema":{"@context":"https:\/\/schema.org","@graph":[{"@type":"Article","@id":"https:\/\/bladnanews.com\/ferran-torres-closes-in-on-madrid-award-in-yamals-absence\/#article","isPartOf":{"@id":"https:\/\/bladnanews.com\/ferran-torres-closes-in-on-madrid-award-in-yamals-absence\/"},"author":{"name":"Bladna News Staff","@id":"https:\/\/mediumseagreen-eel-531711.hostingersite.com\/#\/schema\/person\/268e18a453ab080ebf76df6ef7845083"},"headline":"Ferran Torres closes in on Madrid award in Yamal&#8217;s absence","datePublished":"2026-05-02T15:46:12+00:00","mainEntityOfPage":{"@id":"https:\/\/bladnanews.com\/ferran-torres-closes-in-on-madrid-award-in-yamals-absence\/"},"wordCount":374,"publisher":{"@id":"https:\/\/mediumseagreen-eel-531711.hostingersite.com\/#organization"},"image":{"@id":"https:\/\/bladnanews.com\/ferran-torres-closes-in-on-madrid-award-in-yamals-absence\/#primaryimage"},"thumbnailUrl":"https:\/\/bladnanews.com\/wp-content\/uploads\/2026\/05\/GettyImages-2272622147.jpg-scaled.jpg","articleSection":["International","Latest News"],"inLanguage":"fr-FR","copyrightYear":"2026","copyrightHolder":{"@id":"https:\/\/bladnanews.com\/fr\/#organization"}},{"@type":"WebPage","@id":"https:\/\/bladnanews.com\/ferran-torres-closes-in-on-madrid-award-in-yamals-absence\/","url":"https:\/\/bladnanews.com\/ferran-torres-closes-in-on-madrid-award-in-yamals-absence\/","name":"Ferran Torres se rapproche du prix de Madrid en l'absence de Yamal - Bladna News","isPartOf":{"@id":"https:\/\/mediumseagreen-eel-531711.hostingersite.com\/#website"},"primaryImageOfPage":{"@id":"https:\/\/bladnanews.com\/ferran-torres-closes-in-on-madrid-award-in-yamals-absence\/#primaryimage"},"image":{"@id":"https:\/\/bladnanews.com\/ferran-torres-closes-in-on-madrid-award-in-yamals-absence\/#primaryimage"},"thumbnailUrl":"https:\/\/bladnanews.com\/wp-content\/uploads\/2026\/05\/GettyImages-2272622147.jpg-scaled.jpg","datePublished":"2026-05-02T15:46:12+00:00","breadcrumb":{"@id":"https:\/\/bladnanews.com\/ferran-torres-closes-in-on-madrid-award-in-yamals-absence\/#breadcrumb"},"inLanguage":"fr-FR","potentialAction":[{"@type":"ReadAction","target":["https:\/\/bladnanews.com\/ferran-torres-closes-in-on-madrid-award-in-yamals-absence\/"]}]},{"@type":"ImageObject","inLanguage":"fr-FR","@id":"https:\/\/bladnanews.com\/ferran-torres-closes-in-on-madrid-award-in-yamals-absence\/#primaryimage","url":"https:\/\/bladnanews.com\/wp-content\/uploads\/2026\/05\/GettyImages-2272622147.jpg-scaled.jpg","contentUrl":"https:\/\/bladnanews.com\/wp-content\/uploads\/2026\/05\/GettyImages-2272622147.jpg-scaled.jpg","width":2560,"height":1440,"caption":"Ferran Torres closes in on Madrid award in Yamal's absence"},{"@type":"BreadcrumbList","@id":"https:\/\/bladnanews.com\/ferran-torres-closes-in-on-madrid-award-in-yamals-absence\/#breadcrumb","itemListElement":[{"@type":"ListItem","position":1,"name":"Home","item":"https:\/\/bladnanews.com\/"},{"@type":"ListItem","position":2,"name":"Ferran Torres closes in on Madrid award in Yamal&#8217;s absence"}]},{"@type":"WebSite","@id":"https:\/\/mediumseagreen-eel-531711.hostingersite.com\/#website","url":"https:\/\/mediumseagreen-eel-531711.hostingersite.com\/","name":"Bladna News - Maroc","description":"Quand le football marocain rencontre le monde","publisher":{"@id":"https:\/\/mediumseagreen-eel-531711.hostingersite.com\/#organization"},"potentialAction":[{"@type":"SearchAction","target":{"@type":"EntryPoint","urlTemplate":"https:\/\/mediumseagreen-eel-531711.hostingersite.com\/?s={search_term_string}"},"query-input":{"@type":"PropertyValueSpecification","valueRequired":true,"valueName":"search_term_string"}}],"inLanguage":"fr-FR"},{"@type":"Organization","@id":"https:\/\/mediumseagreen-eel-531711.hostingersite.com\/#organization","name":"Bladna News.com","url":"https:\/\/mediumseagreen-eel-531711.hostingersite.com\/","logo":{"@type":"ImageObject","inLanguage":"fr-FR","@id":"https:\/\/mediumseagreen-eel-531711.hostingersite.com\/#\/schema\/logo\/image\/","url":"https:\/\/bladnanews.com\/wp-content\/uploads\/2025\/12\/logo-bladnanews-V2-web-black-red.png","contentUrl":"https:\/\/bladnanews.com\/wp-content\/uploads\/2025\/12\/logo-bladnanews-V2-web-black-red.png","width":703,"height":287,"caption":"Bladna News.com"},"image":{"@id":"https:\/\/mediumseagreen-eel-531711.hostingersite.com\/#\/schema\/logo\/image\/"},"email":"info@bladnanews.com","legalName":"Bladna News"},{"@type":"Person","@id":"https:\/\/mediumseagreen-eel-531711.hostingersite.com\/#\/schema\/person\/268e18a453ab080ebf76df6ef7845083","name":"\u00c9quipe r\u00e9dactionnelle de Bladna News","url":"https:\/\/bladnanews.com\/fr\/author\/bladna-news-staff\/"}]}},"_links":{"self":[{"href":"https:\/\/bladnanews.com\/fr\/wp-json\/wp\/v2\/posts\/11211","targetHints":{"allow":["GET"]}}],"collection":[{"href":"https:\/\/bladnanews.com\/fr\/wp-json\/wp\/v2\/posts"}],"about":[{"href":"https:\/\/bladnanews.com\/fr\/wp-json\/wp\/v2\/types\/post"}],"author":[{"embeddable":true,"href":"https:\/\/bladnanews.com\/fr\/wp-json\/wp\/v2\/users\/3"}],"replies":[{"embeddable":true,"href":"https:\/\/bladnanews.com\/fr\/wp-json\/wp\/v2\/comments?post=11211"}],"version-history":[{"count":0,"href":"https:\/\/bladnanews.com\/fr\/wp-json\/wp\/v2\/posts\/11211\/revisions"}],"wp:featuredmedia":[{"embeddable":true,"href":"https:\/\/bladnanews.com\/fr\/wp-json\/wp\/v2\/media\/11210"}],"wp:attachment":[{"href":"https:\/\/bladnanews.com\/fr\/wp-json\/wp\/v2\/media?parent=11211"}],"wp:term":[{"taxonomy":"category","embeddable":true,"href":"https:\/\/bladnanews.com\/fr\/wp-json\/wp\/v2\/categories?post=11211"},{"taxonomy":"post_tag","embeddable":true,"href":"https:\/\/bladnanews.com\/fr\/wp-json\/wp\/v2\/tags?post=11211"}],"curies":[{"name":"wp","href":"https:\/\/api.w.org\/{rel}","templated":true}]}}