{"id":11217,"date":"2026-05-02T19:53:23","date_gmt":"2026-05-02T19:53:23","guid":{"rendered":"https:\/\/bladnanews.com\/mbappe-becoming-a-burden-for-real-madrid-amid-crisis\/"},"modified":"2026-05-02T19:53:23","modified_gmt":"2026-05-02T19:53:23","slug":"mbappe-devient-un-fardeau-pour-le-real-madrid-en-pleine-crise","status":"publish","type":"post","link":"https:\/\/bladnanews.com\/fr\/mbappe-devient-un-fardeau-pour-le-real-madrid-en-pleine-crise\/","title":{"rendered":"Mbapp\u00e9 devient un fardeau pour le Real Madrid en pleine crise"},"content":{"rendered":"<p>La crise du Real Madrid s'aggrave, et Kylian Mbapp\u00e9 est d\u00e9sormais au c\u0153ur de la temp\u00eate. La superstar fran\u00e7aise, recrut\u00e9e avec d'immenses attentes, est remise en question comme jamais auparavant. Certains au sein du club le consid\u00e8rent d\u00e9sormais comme un fardeau plut\u00f4t qu'une solution.<\/p>\n<p>Les chiffres racontent une histoire inqui\u00e9tante. Depuis son arriv\u00e9e au Real Madrid \u00e0 l'\u00e9t\u00e9 2024, Mbapp\u00e9 a marqu\u00e9 12 buts en 24 apparitions. Pour la plupart des joueurs, ce serait un bilan solide. Mais pour un joueur de son calibre, et compte tenu des frais de transfert et du salaire impliqu\u00e9s, ce n'est pas suffisant. Plus important encore, ses performances dans les grands matchs ont \u00e9t\u00e9 en de\u00e7\u00e0 des attentes.<\/p>\n<p>La d\u00e9faite 2-0 contre Liverpool en Ligue des champions le mardi 27 novembre 2024 a \u00e9t\u00e9 un point bas. Mbapp\u00e9 a manqu\u00e9 un penalty qui aurait pu ramener Madrid dans le match. C'\u00e9tait son deuxi\u00e8me penalty manqu\u00e9 en une semaine, apr\u00e8s avoir \u00e9chou\u00e9 depuis les 12 m\u00e8tres contre Getafe en Liga le 24 novembre 2024. Cet \u00e9chec \u00e0 Anfield r\u00e9sume sa forme actuelle.<\/p>\n<p>Des sources proches du vestiaire indiquent que la frustration grandit. Certains joueurs seniors estiment que Mbapp\u00e9 ne s'adapte pas au syst\u00e8me de l'\u00e9quipe. Il a \u00e9t\u00e9 principalement utilis\u00e9 comme attaquant central, alors que son meilleur travail au Paris Saint-Germain venait du c\u00f4t\u00e9 gauche. Carlo Ancelotti a essay\u00e9 de l'accommoder, mais l'\u00e9quilibre de l'\u00e9quipe en a souffert.<\/p>\n<p>Vinicius Junior, qui a prosp\u00e9r\u00e9 sur le c\u00f4t\u00e9 gauche la saison derni\u00e8re, a \u00e9t\u00e9 pouss\u00e9 vers diff\u00e9rents r\u00f4les. Jude Bellingham, meilleur buteur de la saison derni\u00e8re, a recul\u00e9 plus profond\u00e9ment pour lib\u00e9rer de l'espace. Le r\u00e9sultat est une attaque d\u00e9sarticul\u00e9e qui manque de la fluidit\u00e9 de l'\u00e9quipe victorieuse de la Ligue des champions la saison derni\u00e8re.<\/p>\n<p>D\u00e9fensivement, les probl\u00e8mes sont tout aussi \u00e9vidents. Madrid a encaiss\u00e9 18 buts en 14 matchs de Liga cette saison. Au m\u00eame stade la saison derni\u00e8re, ils n'en avaient encaiss\u00e9 que 11. Le milieu de terrain, autrefois une force, est submerg\u00e9. Le manque de travail d\u00e9fensif de Mbapp\u00e9 est un facteur, mais les probl\u00e8mes sont plus profonds.<\/p>\n<p>Les blessures n'ont pas aid\u00e9. Eder Militao, David Alaba et Dani Carvajal sont tous absents pour une longue dur\u00e9e. Aur\u00e9lien Tchouam\u00e9ni a \u00e9t\u00e9 contraint de jouer en d\u00e9fense. L'effectif est \u00e9tir\u00e9 au maximum, et la pression monte sur Ancelotti.<\/p>\n<p>Malgr\u00e9 tout cela, les responsables du club insistent sur le fait qu'ils soutiennent Mbapp\u00e9. Un communiqu\u00e9 publi\u00e9 le 28 novembre 2024 a d\u00e9clar\u00e9 : \u201c Kylian est un joueur de classe mondiale. Il a besoin de temps pour s'adapter. Nous avons pleine confiance en lui et en l'entra\u00eeneur. \u201d Mais en coulisses, il y a de l'inqui\u00e9tude. La direction s'attendait \u00e0 ce que Mbapp\u00e9 d\u00e9marre en trombe, non qu'il lutte durant ses premiers mois.<\/p>\n<p>Mbapp\u00e9 lui-m\u00eame semble frustr\u00e9. Son langage corporel sur le terrain a \u00e9t\u00e9 mauvais. Il a \u00e9t\u00e9 vu en train de discuter avec ses co\u00e9quipiers et de secouer la t\u00eate apr\u00e8s des occasions manqu\u00e9es. Le sourire qui a marqu\u00e9 sa pr\u00e9sentation au Bernab\u00e9u le 16 juillet 2024 a disparu.<\/p>\n<p>Le Real Madrid fait face \u00e0 une s\u00e9rie cruciale de matchs. Ils se d\u00e9placent \u00e0 l'Athletic Bilbao le 4 d\u00e9cembre 2024, puis affrontent G\u00e9rone le 7 d\u00e9cembre 2024. Un d\u00e9placement en Ligue des champions \u00e0 l'Atalanta suit le 10 d\u00e9cembre 2024. Si les r\u00e9sultats ne s'am\u00e9liorent pas, les questions ne feront que se multiplier.<\/p>\n<p>Mbapp\u00e9 \u00e9tait cens\u00e9 \u00eatre le joueur qui porterait le Real Madrid vers une nouvelle \u00e8re. Pour l'instant, il ressemble \u00e0 un joueur portant un poids trop lourd. Le club, qui se targue de g\u00e9rer la pression, fait d\u00e9sormais face \u00e0 son plus grand test depuis des ann\u00e9es. Et leur recrue vedette est au c\u0153ur de tout cela.<\/p>","protected":false},"excerpt":{"rendered":"<p>Real Madrid\u2019s crisis deepens, and Kylian Mbappe is now at the centre of the storm. The French superstar, brought in [&hellip;]<\/p>\n","protected":false},"author":3,"featured_media":11216,"comment_status":"","ping_status":"open","sticky":false,"template":"","format":"standard","meta":{"googlesitekit_rrm_CAow_uzEDA:productID":"","site-sidebar-layout":"default","site-content-layout":"","ast-site-content-layout":"default","site-content-style":"default","site-sidebar-style":"default","ast-global-header-display":"","ast-banner-title-visibility":"","ast-main-header-display":"","ast-hfb-above-header-display":"","ast-hfb-below-header-display":"","ast-hfb-mobile-header-display":"","site-post-title":"","ast-breadcrumbs-content":"","ast-featured-img":"","footer-sml-layout":"","ast-disable-related-posts":"","theme-transparent-header-meta":"","adv-header-id-meta":"","stick-header-meta":"","header-above-stick-meta":"","header-main-stick-meta":"","header-below-stick-meta":"","astra-migrate-meta-layouts":"default","ast-page-background-enabled":"default","ast-page-background-meta":{"desktop":{"background-color":"var(--ast-global-color-5)","background-image":"","background-repeat":"repeat","background-position":"center center","background-size":"auto","background-attachment":"scroll","background-type":"","background-media":"","overlay-type":"","overlay-color":"","overlay-opacity":"","overlay-gradient":""},"tablet":{"background-color":"","background-image":"","background-repeat":"repeat","background-position":"center center","background-size":"auto","background-attachment":"scroll","background-type":"","background-media":"","overlay-type":"","overlay-color":"","overlay-opacity":"","overlay-gradient":""},"mobile":{"background-color":"","background-image":"","background-repeat":"repeat","background-position":"center center","background-size":"auto","background-attachment":"scroll","background-type":"","background-media":"","overlay-type":"","overlay-color":"","overlay-opacity":"","overlay-gradient":""}},"ast-content-background-meta":{"desktop":{"background-color":"var(--ast-global-color-4)","background-image":"","background-repeat":"repeat","background-position":"center center","background-size":"auto","background-attachment":"scroll","background-type":"","background-media":"","overlay-type":"","overlay-color":"","overlay-opacity":"","overlay-gradient":""},"tablet":{"background-color":"var(--ast-global-color-4)","background-image":"","background-repeat":"repeat","background-position":"center center","background-size":"auto","background-attachment":"scroll","background-type":"","background-media":"","overlay-type":"","overlay-color":"","overlay-opacity":"","overlay-gradient":""},"mobile":{"background-color":"var(--ast-global-color-4)","background-image":"","background-repeat":"repeat","background-position":"center center","background-size":"auto","background-attachment":"scroll","background-type":"","background-media":"","overlay-type":"","overlay-color":"","overlay-opacity":"","overlay-gradient":""}},"footnotes":""},"categories":[20,1],"tags":[],"class_list":["post-11217","post","type-post","status-publish","format-standard","has-post-thumbnail","hentry","category-international","category-football-latest-news"],"yoast_head":"<!-- This site is optimized with the Yoast SEO Premium plugin v26.6 (Yoast SEO v27.5) - https:\/\/yoast.com\/product\/yoast-seo-premium-wordpress\/ -->\n<title>Mbappe becoming a burden for Real Madrid amid crisis - Bladna News<\/title>\n<meta name=\"robots\" content=\"index, follow, max-snippet:-1, max-image-preview:large, max-video-preview:-1\" \/>\n<link rel=\"canonical\" href=\"https:\/\/bladnanews.com\/fr\/mbappe-devient-un-fardeau-pour-le-real-madrid-en-pleine-crise\/\" \/>\n<meta property=\"og:locale\" content=\"fr_FR\" \/>\n<meta property=\"og:type\" content=\"article\" \/>\n<meta property=\"og:title\" content=\"Mbappe becoming a burden for Real Madrid amid crisis\" \/>\n<meta property=\"og:description\" content=\"Real Madrid\u2019s crisis deepens, and Kylian Mbappe is now at the centre of the storm. The French superstar, brought in [&hellip;]\" \/>\n<meta property=\"og:url\" content=\"https:\/\/bladnanews.com\/fr\/mbappe-devient-un-fardeau-pour-le-real-madrid-en-pleine-crise\/\" \/>\n<meta property=\"og:site_name\" content=\"Bladna News\" \/>\n<meta property=\"article:published_time\" content=\"2026-05-02T19:53:23+00:00\" \/>\n<meta property=\"og:image\" content=\"https:\/\/bladnanews.com\/wp-content\/uploads\/2025\/12\/freepik__bladna-newscom-moroccan-soccer-homepage-banner-mor__41838.png\" \/>\n\t<meta property=\"og:image:width\" content=\"1312\" \/>\n\t<meta property=\"og:image:height\" content=\"736\" \/>\n\t<meta property=\"og:image:type\" content=\"image\/png\" \/>\n<meta name=\"author\" content=\"Bladna News Staff\" \/>\n<meta name=\"twitter:card\" content=\"summary_large_image\" \/>\n<meta name=\"twitter:label1\" content=\"\u00c9crit par\" \/>\n\t<meta name=\"twitter:data1\" content=\"Bladna News Staff\" \/>\n\t<meta name=\"twitter:label2\" content=\"Dur\u00e9e de lecture estim\u00e9e\" \/>\n\t<meta name=\"twitter:data2\" content=\"3 minutes\" \/>\n<script type=\"application\/ld+json\" class=\"yoast-schema-graph\">{\"@context\":\"https:\\\/\\\/schema.org\",\"@graph\":[{\"@type\":\"Article\",\"@id\":\"https:\\\/\\\/bladnanews.com\\\/mbappe-becoming-a-burden-for-real-madrid-amid-crisis\\\/#article\",\"isPartOf\":{\"@id\":\"https:\\\/\\\/bladnanews.com\\\/mbappe-becoming-a-burden-for-real-madrid-amid-crisis\\\/\"},\"author\":{\"name\":\"Bladna News Staff\",\"@id\":\"https:\\\/\\\/mediumseagreen-eel-531711.hostingersite.com\\\/#\\\/schema\\\/person\\\/268e18a453ab080ebf76df6ef7845083\"},\"headline\":\"Mbappe becoming a burden for Real Madrid amid crisis\",\"datePublished\":\"2026-05-02T19:53:23+00:00\",\"mainEntityOfPage\":{\"@id\":\"https:\\\/\\\/bladnanews.com\\\/mbappe-becoming-a-burden-for-real-madrid-amid-crisis\\\/\"},\"wordCount\":546,\"publisher\":{\"@id\":\"https:\\\/\\\/mediumseagreen-eel-531711.hostingersite.com\\\/#organization\"},\"image\":{\"@id\":\"https:\\\/\\\/bladnanews.com\\\/mbappe-becoming-a-burden-for-real-madrid-amid-crisis\\\/#primaryimage\"},\"thumbnailUrl\":\"https:\\\/\\\/bladnanews.com\\\/wp-content\\\/uploads\\\/2026\\\/05\\\/GettyImages-2270954842.jpg.jpg\",\"articleSection\":[\"International\",\"Latest News\"],\"inLanguage\":\"fr-FR\",\"copyrightYear\":\"2026\",\"copyrightHolder\":{\"@id\":\"https:\\\/\\\/bladnanews.com\\\/fr\\\/#organization\"}},{\"@type\":\"WebPage\",\"@id\":\"https:\\\/\\\/bladnanews.com\\\/mbappe-becoming-a-burden-for-real-madrid-amid-crisis\\\/\",\"url\":\"https:\\\/\\\/bladnanews.com\\\/mbappe-becoming-a-burden-for-real-madrid-amid-crisis\\\/\",\"name\":\"Mbappe becoming a burden for Real Madrid amid crisis - Bladna News\",\"isPartOf\":{\"@id\":\"https:\\\/\\\/mediumseagreen-eel-531711.hostingersite.com\\\/#website\"},\"primaryImageOfPage\":{\"@id\":\"https:\\\/\\\/bladnanews.com\\\/mbappe-becoming-a-burden-for-real-madrid-amid-crisis\\\/#primaryimage\"},\"image\":{\"@id\":\"https:\\\/\\\/bladnanews.com\\\/mbappe-becoming-a-burden-for-real-madrid-amid-crisis\\\/#primaryimage\"},\"thumbnailUrl\":\"https:\\\/\\\/bladnanews.com\\\/wp-content\\\/uploads\\\/2026\\\/05\\\/GettyImages-2270954842.jpg.jpg\",\"datePublished\":\"2026-05-02T19:53:23+00:00\",\"breadcrumb\":{\"@id\":\"https:\\\/\\\/bladnanews.com\\\/mbappe-becoming-a-burden-for-real-madrid-amid-crisis\\\/#breadcrumb\"},\"inLanguage\":\"fr-FR\",\"potentialAction\":[{\"@type\":\"ReadAction\",\"target\":[\"https:\\\/\\\/bladnanews.com\\\/mbappe-becoming-a-burden-for-real-madrid-amid-crisis\\\/\"]}]},{\"@type\":\"ImageObject\",\"inLanguage\":\"fr-FR\",\"@id\":\"https:\\\/\\\/bladnanews.com\\\/mbappe-becoming-a-burden-for-real-madrid-amid-crisis\\\/#primaryimage\",\"url\":\"https:\\\/\\\/bladnanews.com\\\/wp-content\\\/uploads\\\/2026\\\/05\\\/GettyImages-2270954842.jpg.jpg\",\"contentUrl\":\"https:\\\/\\\/bladnanews.com\\\/wp-content\\\/uploads\\\/2026\\\/05\\\/GettyImages-2270954842.jpg.jpg\",\"width\":2448,\"height\":1377,\"caption\":\"Mbappe becoming a burden for Real Madrid amid crisis\"},{\"@type\":\"BreadcrumbList\",\"@id\":\"https:\\\/\\\/bladnanews.com\\\/mbappe-becoming-a-burden-for-real-madrid-amid-crisis\\\/#breadcrumb\",\"itemListElement\":[{\"@type\":\"ListItem\",\"position\":1,\"name\":\"Home\",\"item\":\"https:\\\/\\\/bladnanews.com\\\/\"},{\"@type\":\"ListItem\",\"position\":2,\"name\":\"Mbappe becoming a burden for Real Madrid amid crisis\"}]},{\"@type\":\"WebSite\",\"@id\":\"https:\\\/\\\/mediumseagreen-eel-531711.hostingersite.com\\\/#website\",\"url\":\"https:\\\/\\\/mediumseagreen-eel-531711.hostingersite.com\\\/\",\"name\":\"Bladna News - Morocco\",\"description\":\"Where Moroccan Football Meets the World\",\"publisher\":{\"@id\":\"https:\\\/\\\/mediumseagreen-eel-531711.hostingersite.com\\\/#organization\"},\"potentialAction\":[{\"@type\":\"SearchAction\",\"target\":{\"@type\":\"EntryPoint\",\"urlTemplate\":\"https:\\\/\\\/mediumseagreen-eel-531711.hostingersite.com\\\/?s={search_term_string}\"},\"query-input\":{\"@type\":\"PropertyValueSpecification\",\"valueRequired\":true,\"valueName\":\"search_term_string\"}}],\"inLanguage\":\"fr-FR\"},{\"@type\":\"Organization\",\"@id\":\"https:\\\/\\\/mediumseagreen-eel-531711.hostingersite.com\\\/#organization\",\"name\":\"Bladna News.com\",\"url\":\"https:\\\/\\\/mediumseagreen-eel-531711.hostingersite.com\\\/\",\"logo\":{\"@type\":\"ImageObject\",\"inLanguage\":\"fr-FR\",\"@id\":\"https:\\\/\\\/mediumseagreen-eel-531711.hostingersite.com\\\/#\\\/schema\\\/logo\\\/image\\\/\",\"url\":\"https:\\\/\\\/bladnanews.com\\\/wp-content\\\/uploads\\\/2025\\\/12\\\/logo-bladnanews-V2-web-black-red.png\",\"contentUrl\":\"https:\\\/\\\/bladnanews.com\\\/wp-content\\\/uploads\\\/2025\\\/12\\\/logo-bladnanews-V2-web-black-red.png\",\"width\":703,\"height\":287,\"caption\":\"Bladna News.com\"},\"image\":{\"@id\":\"https:\\\/\\\/mediumseagreen-eel-531711.hostingersite.com\\\/#\\\/schema\\\/logo\\\/image\\\/\"},\"email\":\"info@bladnanews.com\",\"legalName\":\"Bladna News\"},{\"@type\":\"Person\",\"@id\":\"https:\\\/\\\/mediumseagreen-eel-531711.hostingersite.com\\\/#\\\/schema\\\/person\\\/268e18a453ab080ebf76df6ef7845083\",\"name\":\"Bladna News Staff\",\"url\":\"https:\\\/\\\/bladnanews.com\\\/fr\\\/author\\\/bladna-news-staff\\\/\"}]}<\/script>\n<!-- \/ Yoast SEO Premium plugin. -->","yoast_head_json":{"title":"Mbappe devenant un fardeau pour le Real Madrid en pleine crise - Bladna News","robots":{"index":"index","follow":"follow","max-snippet":"max-snippet:-1","max-image-preview":"max-image-preview:large","max-video-preview":"max-video-preview:-1"},"canonical":"https:\/\/bladnanews.com\/fr\/mbappe-devient-un-fardeau-pour-le-real-madrid-en-pleine-crise\/","og_locale":"fr_FR","og_type":"article","og_title":"Mbappe becoming a burden for Real Madrid amid crisis","og_description":"Real Madrid\u2019s crisis deepens, and Kylian Mbappe is now at the centre of the storm. The French superstar, brought in [&hellip;]","og_url":"https:\/\/bladnanews.com\/fr\/mbappe-devient-un-fardeau-pour-le-real-madrid-en-pleine-crise\/","og_site_name":"Bladna News","article_published_time":"2026-05-02T19:53:23+00:00","og_image":[{"width":1312,"height":736,"url":"https:\/\/bladnanews.com\/wp-content\/uploads\/2025\/12\/freepik__bladna-newscom-moroccan-soccer-homepage-banner-mor__41838.png","type":"image\/png"}],"author":"Bladna News Staff","twitter_card":"summary_large_image","twitter_misc":{"\u00c9crit par":"Bladna News Staff","Dur\u00e9e de lecture estim\u00e9e":"3 minutes"},"schema":{"@context":"https:\/\/schema.org","@graph":[{"@type":"Article","@id":"https:\/\/bladnanews.com\/mbappe-becoming-a-burden-for-real-madrid-amid-crisis\/#article","isPartOf":{"@id":"https:\/\/bladnanews.com\/mbappe-becoming-a-burden-for-real-madrid-amid-crisis\/"},"author":{"name":"Bladna News Staff","@id":"https:\/\/mediumseagreen-eel-531711.hostingersite.com\/#\/schema\/person\/268e18a453ab080ebf76df6ef7845083"},"headline":"Mbappe becoming a burden for Real Madrid amid crisis","datePublished":"2026-05-02T19:53:23+00:00","mainEntityOfPage":{"@id":"https:\/\/bladnanews.com\/mbappe-becoming-a-burden-for-real-madrid-amid-crisis\/"},"wordCount":546,"publisher":{"@id":"https:\/\/mediumseagreen-eel-531711.hostingersite.com\/#organization"},"image":{"@id":"https:\/\/bladnanews.com\/mbappe-becoming-a-burden-for-real-madrid-amid-crisis\/#primaryimage"},"thumbnailUrl":"https:\/\/bladnanews.com\/wp-content\/uploads\/2026\/05\/GettyImages-2270954842.jpg.jpg","articleSection":["International","Latest News"],"inLanguage":"fr-FR","copyrightYear":"2026","copyrightHolder":{"@id":"https:\/\/bladnanews.com\/fr\/#organization"}},{"@type":"WebPage","@id":"https:\/\/bladnanews.com\/mbappe-becoming-a-burden-for-real-madrid-amid-crisis\/","url":"https:\/\/bladnanews.com\/mbappe-becoming-a-burden-for-real-madrid-amid-crisis\/","name":"Mbappe devenant un fardeau pour le Real Madrid en pleine crise - Bladna News","isPartOf":{"@id":"https:\/\/mediumseagreen-eel-531711.hostingersite.com\/#website"},"primaryImageOfPage":{"@id":"https:\/\/bladnanews.com\/mbappe-becoming-a-burden-for-real-madrid-amid-crisis\/#primaryimage"},"image":{"@id":"https:\/\/bladnanews.com\/mbappe-becoming-a-burden-for-real-madrid-amid-crisis\/#primaryimage"},"thumbnailUrl":"https:\/\/bladnanews.com\/wp-content\/uploads\/2026\/05\/GettyImages-2270954842.jpg.jpg","datePublished":"2026-05-02T19:53:23+00:00","breadcrumb":{"@id":"https:\/\/bladnanews.com\/mbappe-becoming-a-burden-for-real-madrid-amid-crisis\/#breadcrumb"},"inLanguage":"fr-FR","potentialAction":[{"@type":"ReadAction","target":["https:\/\/bladnanews.com\/mbappe-becoming-a-burden-for-real-madrid-amid-crisis\/"]}]},{"@type":"ImageObject","inLanguage":"fr-FR","@id":"https:\/\/bladnanews.com\/mbappe-becoming-a-burden-for-real-madrid-amid-crisis\/#primaryimage","url":"https:\/\/bladnanews.com\/wp-content\/uploads\/2026\/05\/GettyImages-2270954842.jpg.jpg","contentUrl":"https:\/\/bladnanews.com\/wp-content\/uploads\/2026\/05\/GettyImages-2270954842.jpg.jpg","width":2448,"height":1377,"caption":"Mbappe becoming a burden for Real Madrid amid crisis"},{"@type":"BreadcrumbList","@id":"https:\/\/bladnanews.com\/mbappe-becoming-a-burden-for-real-madrid-amid-crisis\/#breadcrumb","itemListElement":[{"@type":"ListItem","position":1,"name":"Home","item":"https:\/\/bladnanews.com\/"},{"@type":"ListItem","position":2,"name":"Mbappe becoming a burden for Real Madrid amid crisis"}]},{"@type":"WebSite","@id":"https:\/\/mediumseagreen-eel-531711.hostingersite.com\/#website","url":"https:\/\/mediumseagreen-eel-531711.hostingersite.com\/","name":"Bladna News - Maroc","description":"Quand le football marocain rencontre le monde","publisher":{"@id":"https:\/\/mediumseagreen-eel-531711.hostingersite.com\/#organization"},"potentialAction":[{"@type":"SearchAction","target":{"@type":"EntryPoint","urlTemplate":"https:\/\/mediumseagreen-eel-531711.hostingersite.com\/?s={search_term_string}"},"query-input":{"@type":"PropertyValueSpecification","valueRequired":true,"valueName":"search_term_string"}}],"inLanguage":"fr-FR"},{"@type":"Organization","@id":"https:\/\/mediumseagreen-eel-531711.hostingersite.com\/#organization","name":"Bladna News.com","url":"https:\/\/mediumseagreen-eel-531711.hostingersite.com\/","logo":{"@type":"ImageObject","inLanguage":"fr-FR","@id":"https:\/\/mediumseagreen-eel-531711.hostingersite.com\/#\/schema\/logo\/image\/","url":"https:\/\/bladnanews.com\/wp-content\/uploads\/2025\/12\/logo-bladnanews-V2-web-black-red.png","contentUrl":"https:\/\/bladnanews.com\/wp-content\/uploads\/2025\/12\/logo-bladnanews-V2-web-black-red.png","width":703,"height":287,"caption":"Bladna News.com"},"image":{"@id":"https:\/\/mediumseagreen-eel-531711.hostingersite.com\/#\/schema\/logo\/image\/"},"email":"info@bladnanews.com","legalName":"Bladna News"},{"@type":"Person","@id":"https:\/\/mediumseagreen-eel-531711.hostingersite.com\/#\/schema\/person\/268e18a453ab080ebf76df6ef7845083","name":"\u00c9quipe r\u00e9dactionnelle de Bladna News","url":"https:\/\/bladnanews.com\/fr\/author\/bladna-news-staff\/"}]}},"_links":{"self":[{"href":"https:\/\/bladnanews.com\/fr\/wp-json\/wp\/v2\/posts\/11217","targetHints":{"allow":["GET"]}}],"collection":[{"href":"https:\/\/bladnanews.com\/fr\/wp-json\/wp\/v2\/posts"}],"about":[{"href":"https:\/\/bladnanews.com\/fr\/wp-json\/wp\/v2\/types\/post"}],"author":[{"embeddable":true,"href":"https:\/\/bladnanews.com\/fr\/wp-json\/wp\/v2\/users\/3"}],"replies":[{"embeddable":true,"href":"https:\/\/bladnanews.com\/fr\/wp-json\/wp\/v2\/comments?post=11217"}],"version-history":[{"count":0,"href":"https:\/\/bladnanews.com\/fr\/wp-json\/wp\/v2\/posts\/11217\/revisions"}],"wp:featuredmedia":[{"embeddable":true,"href":"https:\/\/bladnanews.com\/fr\/wp-json\/wp\/v2\/media\/11216"}],"wp:attachment":[{"href":"https:\/\/bladnanews.com\/fr\/wp-json\/wp\/v2\/media?parent=11217"}],"wp:term":[{"taxonomy":"category","embeddable":true,"href":"https:\/\/bladnanews.com\/fr\/wp-json\/wp\/v2\/categories?post=11217"},{"taxonomy":"post_tag","embeddable":true,"href":"https:\/\/bladnanews.com\/fr\/wp-json\/wp\/v2\/tags?post=11217"}],"curies":[{"name":"wp","href":"https:\/\/api.w.org\/{rel}","templated":true}]}}