{"id":11225,"date":"2026-05-02T20:33:14","date_gmt":"2026-05-02T20:33:14","guid":{"rendered":"https:\/\/bladnanews.com\/enrique-responds-to-artetas-hints-about-ligue-1-weakness\/"},"modified":"2026-05-02T20:33:14","modified_gmt":"2026-05-02T20:33:14","slug":"enrique-repond-aux-allusions-darteta-concernant-la-faiblesse-de-la-ligue-1","status":"publish","type":"post","link":"https:\/\/bladnanews.com\/fr\/enrique-repond-aux-allusions-darteta-concernant-la-faiblesse-de-la-ligue-1\/","title":{"rendered":"Enrique r\u00e9pond aux allusions d\u2019Arteta sur la faiblesse de la Ligue 1"},"content":{"rendered":"<p>L'entra\u00eeneur principal du Paris Saint-Germain, Luis Enrique, a r\u00e9pondu aux r\u00e9cents commentaires de l'entra\u00eeneur d'Arsenal, Mikel Arteta, qui semblaient sugg\u00e9rer que la Ligue 1 est un championnat plus faible par rapport aux autres grandes comp\u00e9titions europ\u00e9ennes.<\/p>\n<p>S'exprimant lors d'une conf\u00e9rence de presse vendredi, le tacticien espagnol a abord\u00e9 les remarques faites par Arteta, qui avait laiss\u00e9 entendre que l'\u00e9lite fran\u00e7aise manque du m\u00eame niveau de comp\u00e9titivit\u00e9 que la Premier League ou la Liga. Les commentaires d'Arteta sont intervenus avant le choc d'Arsenal en Ligue des champions contre une \u00e9quipe de Ligue 1.<\/p>\n<p>\u201c Je respecte \u00e9norm\u00e9ment Mikel Arteta en tant qu'entra\u00eeneur, mais je ne suis pas d'accord avec son point de vue sur la Ligue 1 \u201d, a d\u00e9clar\u00e9 Enrique. \u201c Chaque championnat a sa propre identit\u00e9 et ses propres difficult\u00e9s. Dire que la Ligue 1 est faible, c'est ignorer la qualit\u00e9 des \u00e9quipes et des joueurs qui s'y trouvent. \u201d<\/p>\n<p>Le patron du PSG a soulign\u00e9 la profondeur du talent dans le championnat fran\u00e7ais, mettant en avant les performances de clubs comme Marseille, Lyon et Monaco dans les comp\u00e9titions europ\u00e9ennes. Il a \u00e9galement not\u00e9 que plusieurs joueurs de classe mondiale ont \u00e9merg\u00e9 de la Ligue 1 ces derni\u00e8res ann\u00e9es.<\/p>\n<p>\u201c Regardez les joueurs qui sont venus de ce championnat et qui ont r\u00e9ussi ailleurs \u201d, a poursuivi Enrique. \u201c Kylian Mbapp\u00e9, Neymar, et bien d'autres. Le niveau de discipline tactique et de physicalit\u00e9 en Ligue 1 est souvent sous-estim\u00e9. \u201d<\/p>\n<p>Les remarques initiales d'Arteta, faites plus t\u00f4t cette semaine, sugg\u00e9raient que l'\u00e9cart entre la Premier League et les autres championnats s'est creus\u00e9, la Ligue 1 \u00e9tant cit\u00e9e comme exemple d'un environnement moins comp\u00e9titif. L'entra\u00eeneur d'Arsenal n'a pas nomm\u00e9 directement le PSG, mais a sous-entendu que les \u00e9quipes fran\u00e7aises b\u00e9n\u00e9ficient d'un parcours plus facile sur le plan national.<\/p>\n<p>Enrique a toutefois rejet\u00e9 l'id\u00e9e que la domination du PSG en Ligue 1 diminue la qualit\u00e9 globale du championnat. \u201c Nous travaillons dur chaque semaine pour gagner nos matchs. Ce n'est pas facile. Chaque adversaire nous oppose un match difficile \u201d, a-t-il d\u00e9clar\u00e9.<\/p>\n<p>Cet \u00e9change intervient alors que les deux entra\u00eeneurs se pr\u00e9parent pour la seconde moiti\u00e9 de la saison 2025-2026, le PSG menant la Ligue 1 et Arsenal \u00e9tant en t\u00eate de la Premier League. Les deux clubs pourraient potentiellement se rencontrer lors des phases \u00e0 \u00e9limination directe de la Ligue des champions plus tard cette ann\u00e9e.<\/p>\n<p>Enrique a conclu en appelant au respect de tous les championnats. \u201c Je pr\u00e9f\u00e8re me concentrer sur mon \u00e9quipe et nos objectifs. Nous prouverons notre qualit\u00e9 sur le terrain, pas en conf\u00e9rence de presse \u201d, a-t-il d\u00e9clar\u00e9.<\/p>","protected":false},"excerpt":{"rendered":"<p>Paris Saint-Germain head coach Luis Enrique has responded to recent comments from Arsenal manager Mikel Arteta, which appeared to suggest [&hellip;]<\/p>\n","protected":false},"author":3,"featured_media":11224,"comment_status":"","ping_status":"open","sticky":false,"template":"","format":"standard","meta":{"googlesitekit_rrm_CAow_uzEDA:productID":"","site-sidebar-layout":"default","site-content-layout":"","ast-site-content-layout":"default","site-content-style":"default","site-sidebar-style":"default","ast-global-header-display":"","ast-banner-title-visibility":"","ast-main-header-display":"","ast-hfb-above-header-display":"","ast-hfb-below-header-display":"","ast-hfb-mobile-header-display":"","site-post-title":"","ast-breadcrumbs-content":"","ast-featured-img":"","footer-sml-layout":"","ast-disable-related-posts":"","theme-transparent-header-meta":"","adv-header-id-meta":"","stick-header-meta":"","header-above-stick-meta":"","header-main-stick-meta":"","header-below-stick-meta":"","astra-migrate-meta-layouts":"default","ast-page-background-enabled":"default","ast-page-background-meta":{"desktop":{"background-color":"var(--ast-global-color-5)","background-image":"","background-repeat":"repeat","background-position":"center center","background-size":"auto","background-attachment":"scroll","background-type":"","background-media":"","overlay-type":"","overlay-color":"","overlay-opacity":"","overlay-gradient":""},"tablet":{"background-color":"","background-image":"","background-repeat":"repeat","background-position":"center center","background-size":"auto","background-attachment":"scroll","background-type":"","background-media":"","overlay-type":"","overlay-color":"","overlay-opacity":"","overlay-gradient":""},"mobile":{"background-color":"","background-image":"","background-repeat":"repeat","background-position":"center center","background-size":"auto","background-attachment":"scroll","background-type":"","background-media":"","overlay-type":"","overlay-color":"","overlay-opacity":"","overlay-gradient":""}},"ast-content-background-meta":{"desktop":{"background-color":"var(--ast-global-color-4)","background-image":"","background-repeat":"repeat","background-position":"center center","background-size":"auto","background-attachment":"scroll","background-type":"","background-media":"","overlay-type":"","overlay-color":"","overlay-opacity":"","overlay-gradient":""},"tablet":{"background-color":"var(--ast-global-color-4)","background-image":"","background-repeat":"repeat","background-position":"center center","background-size":"auto","background-attachment":"scroll","background-type":"","background-media":"","overlay-type":"","overlay-color":"","overlay-opacity":"","overlay-gradient":""},"mobile":{"background-color":"var(--ast-global-color-4)","background-image":"","background-repeat":"repeat","background-position":"center center","background-size":"auto","background-attachment":"scroll","background-type":"","background-media":"","overlay-type":"","overlay-color":"","overlay-opacity":"","overlay-gradient":""}},"footnotes":""},"categories":[20,1],"tags":[],"class_list":["post-11225","post","type-post","status-publish","format-standard","has-post-thumbnail","hentry","category-international","category-football-latest-news"],"yoast_head":"<!-- This site is optimized with the Yoast SEO Premium plugin v26.6 (Yoast SEO v27.5) - https:\/\/yoast.com\/product\/yoast-seo-premium-wordpress\/ -->\n<title>Enrique responds to Arteta&#039;s hints about Ligue 1 weakness - Bladna News<\/title>\n<meta name=\"robots\" content=\"index, follow, max-snippet:-1, max-image-preview:large, max-video-preview:-1\" \/>\n<link rel=\"canonical\" href=\"https:\/\/bladnanews.com\/fr\/enrique-repond-aux-allusions-darteta-concernant-la-faiblesse-de-la-ligue-1\/\" \/>\n<meta property=\"og:locale\" content=\"fr_FR\" \/>\n<meta property=\"og:type\" content=\"article\" \/>\n<meta property=\"og:title\" content=\"Enrique responds to Arteta&#039;s hints about Ligue 1 weakness\" \/>\n<meta property=\"og:description\" content=\"Paris Saint-Germain head coach Luis Enrique has responded to recent comments from Arsenal manager Mikel Arteta, which appeared to suggest [&hellip;]\" \/>\n<meta property=\"og:url\" content=\"https:\/\/bladnanews.com\/fr\/enrique-repond-aux-allusions-darteta-concernant-la-faiblesse-de-la-ligue-1\/\" \/>\n<meta property=\"og:site_name\" content=\"Bladna News\" \/>\n<meta property=\"article:published_time\" content=\"2026-05-02T20:33:14+00:00\" \/>\n<meta property=\"og:image\" content=\"https:\/\/bladnanews.com\/wp-content\/uploads\/2025\/12\/freepik__bladna-newscom-moroccan-soccer-homepage-banner-mor__41838.png\" \/>\n\t<meta property=\"og:image:width\" content=\"1312\" \/>\n\t<meta property=\"og:image:height\" content=\"736\" \/>\n\t<meta property=\"og:image:type\" content=\"image\/png\" \/>\n<meta name=\"author\" content=\"Bladna News Staff\" \/>\n<meta name=\"twitter:card\" content=\"summary_large_image\" \/>\n<meta name=\"twitter:label1\" content=\"\u00c9crit par\" \/>\n\t<meta name=\"twitter:data1\" content=\"Bladna News Staff\" \/>\n\t<meta name=\"twitter:label2\" content=\"Dur\u00e9e de lecture estim\u00e9e\" \/>\n\t<meta name=\"twitter:data2\" content=\"2 minutes\" \/>\n<script type=\"application\/ld+json\" class=\"yoast-schema-graph\">{\"@context\":\"https:\\\/\\\/schema.org\",\"@graph\":[{\"@type\":\"Article\",\"@id\":\"https:\\\/\\\/bladnanews.com\\\/enrique-responds-to-artetas-hints-about-ligue-1-weakness\\\/#article\",\"isPartOf\":{\"@id\":\"https:\\\/\\\/bladnanews.com\\\/enrique-responds-to-artetas-hints-about-ligue-1-weakness\\\/\"},\"author\":{\"name\":\"Bladna News Staff\",\"@id\":\"https:\\\/\\\/mediumseagreen-eel-531711.hostingersite.com\\\/#\\\/schema\\\/person\\\/268e18a453ab080ebf76df6ef7845083\"},\"headline\":\"Enrique responds to Arteta&#8217;s hints about Ligue 1 weakness\",\"datePublished\":\"2026-05-02T20:33:14+00:00\",\"mainEntityOfPage\":{\"@id\":\"https:\\\/\\\/bladnanews.com\\\/enrique-responds-to-artetas-hints-about-ligue-1-weakness\\\/\"},\"wordCount\":380,\"publisher\":{\"@id\":\"https:\\\/\\\/mediumseagreen-eel-531711.hostingersite.com\\\/#organization\"},\"image\":{\"@id\":\"https:\\\/\\\/bladnanews.com\\\/enrique-responds-to-artetas-hints-about-ligue-1-weakness\\\/#primaryimage\"},\"thumbnailUrl\":\"https:\\\/\\\/bladnanews.com\\\/wp-content\\\/uploads\\\/2026\\\/05\\\/GettyImages-2273657630.jpg-scaled.jpg\",\"articleSection\":[\"International\",\"Latest News\"],\"inLanguage\":\"fr-FR\",\"copyrightYear\":\"2026\",\"copyrightHolder\":{\"@id\":\"https:\\\/\\\/bladnanews.com\\\/fr\\\/#organization\"}},{\"@type\":\"WebPage\",\"@id\":\"https:\\\/\\\/bladnanews.com\\\/enrique-responds-to-artetas-hints-about-ligue-1-weakness\\\/\",\"url\":\"https:\\\/\\\/bladnanews.com\\\/enrique-responds-to-artetas-hints-about-ligue-1-weakness\\\/\",\"name\":\"Enrique responds to Arteta's hints about Ligue 1 weakness - Bladna News\",\"isPartOf\":{\"@id\":\"https:\\\/\\\/mediumseagreen-eel-531711.hostingersite.com\\\/#website\"},\"primaryImageOfPage\":{\"@id\":\"https:\\\/\\\/bladnanews.com\\\/enrique-responds-to-artetas-hints-about-ligue-1-weakness\\\/#primaryimage\"},\"image\":{\"@id\":\"https:\\\/\\\/bladnanews.com\\\/enrique-responds-to-artetas-hints-about-ligue-1-weakness\\\/#primaryimage\"},\"thumbnailUrl\":\"https:\\\/\\\/bladnanews.com\\\/wp-content\\\/uploads\\\/2026\\\/05\\\/GettyImages-2273657630.jpg-scaled.jpg\",\"datePublished\":\"2026-05-02T20:33:14+00:00\",\"breadcrumb\":{\"@id\":\"https:\\\/\\\/bladnanews.com\\\/enrique-responds-to-artetas-hints-about-ligue-1-weakness\\\/#breadcrumb\"},\"inLanguage\":\"fr-FR\",\"potentialAction\":[{\"@type\":\"ReadAction\",\"target\":[\"https:\\\/\\\/bladnanews.com\\\/enrique-responds-to-artetas-hints-about-ligue-1-weakness\\\/\"]}]},{\"@type\":\"ImageObject\",\"inLanguage\":\"fr-FR\",\"@id\":\"https:\\\/\\\/bladnanews.com\\\/enrique-responds-to-artetas-hints-about-ligue-1-weakness\\\/#primaryimage\",\"url\":\"https:\\\/\\\/bladnanews.com\\\/wp-content\\\/uploads\\\/2026\\\/05\\\/GettyImages-2273657630.jpg-scaled.jpg\",\"contentUrl\":\"https:\\\/\\\/bladnanews.com\\\/wp-content\\\/uploads\\\/2026\\\/05\\\/GettyImages-2273657630.jpg-scaled.jpg\",\"width\":2560,\"height\":1440,\"caption\":\"Enrique responds to Arteta's hints about Ligue 1 weakness\"},{\"@type\":\"BreadcrumbList\",\"@id\":\"https:\\\/\\\/bladnanews.com\\\/enrique-responds-to-artetas-hints-about-ligue-1-weakness\\\/#breadcrumb\",\"itemListElement\":[{\"@type\":\"ListItem\",\"position\":1,\"name\":\"Home\",\"item\":\"https:\\\/\\\/bladnanews.com\\\/\"},{\"@type\":\"ListItem\",\"position\":2,\"name\":\"Enrique responds to Arteta&#8217;s hints about Ligue 1 weakness\"}]},{\"@type\":\"WebSite\",\"@id\":\"https:\\\/\\\/mediumseagreen-eel-531711.hostingersite.com\\\/#website\",\"url\":\"https:\\\/\\\/mediumseagreen-eel-531711.hostingersite.com\\\/\",\"name\":\"Bladna News - Morocco\",\"description\":\"Where Moroccan Football Meets the World\",\"publisher\":{\"@id\":\"https:\\\/\\\/mediumseagreen-eel-531711.hostingersite.com\\\/#organization\"},\"potentialAction\":[{\"@type\":\"SearchAction\",\"target\":{\"@type\":\"EntryPoint\",\"urlTemplate\":\"https:\\\/\\\/mediumseagreen-eel-531711.hostingersite.com\\\/?s={search_term_string}\"},\"query-input\":{\"@type\":\"PropertyValueSpecification\",\"valueRequired\":true,\"valueName\":\"search_term_string\"}}],\"inLanguage\":\"fr-FR\"},{\"@type\":\"Organization\",\"@id\":\"https:\\\/\\\/mediumseagreen-eel-531711.hostingersite.com\\\/#organization\",\"name\":\"Bladna News.com\",\"url\":\"https:\\\/\\\/mediumseagreen-eel-531711.hostingersite.com\\\/\",\"logo\":{\"@type\":\"ImageObject\",\"inLanguage\":\"fr-FR\",\"@id\":\"https:\\\/\\\/mediumseagreen-eel-531711.hostingersite.com\\\/#\\\/schema\\\/logo\\\/image\\\/\",\"url\":\"https:\\\/\\\/bladnanews.com\\\/wp-content\\\/uploads\\\/2025\\\/12\\\/logo-bladnanews-V2-web-black-red.png\",\"contentUrl\":\"https:\\\/\\\/bladnanews.com\\\/wp-content\\\/uploads\\\/2025\\\/12\\\/logo-bladnanews-V2-web-black-red.png\",\"width\":703,\"height\":287,\"caption\":\"Bladna News.com\"},\"image\":{\"@id\":\"https:\\\/\\\/mediumseagreen-eel-531711.hostingersite.com\\\/#\\\/schema\\\/logo\\\/image\\\/\"},\"email\":\"info@bladnanews.com\",\"legalName\":\"Bladna News\"},{\"@type\":\"Person\",\"@id\":\"https:\\\/\\\/mediumseagreen-eel-531711.hostingersite.com\\\/#\\\/schema\\\/person\\\/268e18a453ab080ebf76df6ef7845083\",\"name\":\"Bladna News Staff\",\"url\":\"https:\\\/\\\/bladnanews.com\\\/fr\\\/author\\\/bladna-news-staff\\\/\"}]}<\/script>\n<!-- \/ Yoast SEO Premium plugin. -->","yoast_head_json":{"title":"Enrique r\u00e9pond aux allusions d'Arteta concernant la faiblesse de la Ligue 1 - Bladna News","robots":{"index":"index","follow":"follow","max-snippet":"max-snippet:-1","max-image-preview":"max-image-preview:large","max-video-preview":"max-video-preview:-1"},"canonical":"https:\/\/bladnanews.com\/fr\/enrique-repond-aux-allusions-darteta-concernant-la-faiblesse-de-la-ligue-1\/","og_locale":"fr_FR","og_type":"article","og_title":"Enrique responds to Arteta's hints about Ligue 1 weakness","og_description":"Paris Saint-Germain head coach Luis Enrique has responded to recent comments from Arsenal manager Mikel Arteta, which appeared to suggest [&hellip;]","og_url":"https:\/\/bladnanews.com\/fr\/enrique-repond-aux-allusions-darteta-concernant-la-faiblesse-de-la-ligue-1\/","og_site_name":"Bladna News","article_published_time":"2026-05-02T20:33:14+00:00","og_image":[{"width":1312,"height":736,"url":"https:\/\/bladnanews.com\/wp-content\/uploads\/2025\/12\/freepik__bladna-newscom-moroccan-soccer-homepage-banner-mor__41838.png","type":"image\/png"}],"author":"Bladna News Staff","twitter_card":"summary_large_image","twitter_misc":{"\u00c9crit par":"Bladna News Staff","Dur\u00e9e de lecture estim\u00e9e":"2 minutes"},"schema":{"@context":"https:\/\/schema.org","@graph":[{"@type":"Article","@id":"https:\/\/bladnanews.com\/enrique-responds-to-artetas-hints-about-ligue-1-weakness\/#article","isPartOf":{"@id":"https:\/\/bladnanews.com\/enrique-responds-to-artetas-hints-about-ligue-1-weakness\/"},"author":{"name":"Bladna News Staff","@id":"https:\/\/mediumseagreen-eel-531711.hostingersite.com\/#\/schema\/person\/268e18a453ab080ebf76df6ef7845083"},"headline":"Enrique responds to Arteta&#8217;s hints about Ligue 1 weakness","datePublished":"2026-05-02T20:33:14+00:00","mainEntityOfPage":{"@id":"https:\/\/bladnanews.com\/enrique-responds-to-artetas-hints-about-ligue-1-weakness\/"},"wordCount":380,"publisher":{"@id":"https:\/\/mediumseagreen-eel-531711.hostingersite.com\/#organization"},"image":{"@id":"https:\/\/bladnanews.com\/enrique-responds-to-artetas-hints-about-ligue-1-weakness\/#primaryimage"},"thumbnailUrl":"https:\/\/bladnanews.com\/wp-content\/uploads\/2026\/05\/GettyImages-2273657630.jpg-scaled.jpg","articleSection":["International","Latest News"],"inLanguage":"fr-FR","copyrightYear":"2026","copyrightHolder":{"@id":"https:\/\/bladnanews.com\/fr\/#organization"}},{"@type":"WebPage","@id":"https:\/\/bladnanews.com\/enrique-responds-to-artetas-hints-about-ligue-1-weakness\/","url":"https:\/\/bladnanews.com\/enrique-responds-to-artetas-hints-about-ligue-1-weakness\/","name":"Enrique r\u00e9pond aux allusions d'Arteta concernant la faiblesse de la Ligue 1 - Bladna News","isPartOf":{"@id":"https:\/\/mediumseagreen-eel-531711.hostingersite.com\/#website"},"primaryImageOfPage":{"@id":"https:\/\/bladnanews.com\/enrique-responds-to-artetas-hints-about-ligue-1-weakness\/#primaryimage"},"image":{"@id":"https:\/\/bladnanews.com\/enrique-responds-to-artetas-hints-about-ligue-1-weakness\/#primaryimage"},"thumbnailUrl":"https:\/\/bladnanews.com\/wp-content\/uploads\/2026\/05\/GettyImages-2273657630.jpg-scaled.jpg","datePublished":"2026-05-02T20:33:14+00:00","breadcrumb":{"@id":"https:\/\/bladnanews.com\/enrique-responds-to-artetas-hints-about-ligue-1-weakness\/#breadcrumb"},"inLanguage":"fr-FR","potentialAction":[{"@type":"ReadAction","target":["https:\/\/bladnanews.com\/enrique-responds-to-artetas-hints-about-ligue-1-weakness\/"]}]},{"@type":"ImageObject","inLanguage":"fr-FR","@id":"https:\/\/bladnanews.com\/enrique-responds-to-artetas-hints-about-ligue-1-weakness\/#primaryimage","url":"https:\/\/bladnanews.com\/wp-content\/uploads\/2026\/05\/GettyImages-2273657630.jpg-scaled.jpg","contentUrl":"https:\/\/bladnanews.com\/wp-content\/uploads\/2026\/05\/GettyImages-2273657630.jpg-scaled.jpg","width":2560,"height":1440,"caption":"Enrique responds to Arteta's hints about Ligue 1 weakness"},{"@type":"BreadcrumbList","@id":"https:\/\/bladnanews.com\/enrique-responds-to-artetas-hints-about-ligue-1-weakness\/#breadcrumb","itemListElement":[{"@type":"ListItem","position":1,"name":"Home","item":"https:\/\/bladnanews.com\/"},{"@type":"ListItem","position":2,"name":"Enrique responds to Arteta&#8217;s hints about Ligue 1 weakness"}]},{"@type":"WebSite","@id":"https:\/\/mediumseagreen-eel-531711.hostingersite.com\/#website","url":"https:\/\/mediumseagreen-eel-531711.hostingersite.com\/","name":"Bladna News - Maroc","description":"Quand le football marocain rencontre le monde","publisher":{"@id":"https:\/\/mediumseagreen-eel-531711.hostingersite.com\/#organization"},"potentialAction":[{"@type":"SearchAction","target":{"@type":"EntryPoint","urlTemplate":"https:\/\/mediumseagreen-eel-531711.hostingersite.com\/?s={search_term_string}"},"query-input":{"@type":"PropertyValueSpecification","valueRequired":true,"valueName":"search_term_string"}}],"inLanguage":"fr-FR"},{"@type":"Organization","@id":"https:\/\/mediumseagreen-eel-531711.hostingersite.com\/#organization","name":"Bladna News.com","url":"https:\/\/mediumseagreen-eel-531711.hostingersite.com\/","logo":{"@type":"ImageObject","inLanguage":"fr-FR","@id":"https:\/\/mediumseagreen-eel-531711.hostingersite.com\/#\/schema\/logo\/image\/","url":"https:\/\/bladnanews.com\/wp-content\/uploads\/2025\/12\/logo-bladnanews-V2-web-black-red.png","contentUrl":"https:\/\/bladnanews.com\/wp-content\/uploads\/2025\/12\/logo-bladnanews-V2-web-black-red.png","width":703,"height":287,"caption":"Bladna News.com"},"image":{"@id":"https:\/\/mediumseagreen-eel-531711.hostingersite.com\/#\/schema\/logo\/image\/"},"email":"info@bladnanews.com","legalName":"Bladna News"},{"@type":"Person","@id":"https:\/\/mediumseagreen-eel-531711.hostingersite.com\/#\/schema\/person\/268e18a453ab080ebf76df6ef7845083","name":"\u00c9quipe r\u00e9dactionnelle de Bladna News","url":"https:\/\/bladnanews.com\/fr\/author\/bladna-news-staff\/"}]}},"_links":{"self":[{"href":"https:\/\/bladnanews.com\/fr\/wp-json\/wp\/v2\/posts\/11225","targetHints":{"allow":["GET"]}}],"collection":[{"href":"https:\/\/bladnanews.com\/fr\/wp-json\/wp\/v2\/posts"}],"about":[{"href":"https:\/\/bladnanews.com\/fr\/wp-json\/wp\/v2\/types\/post"}],"author":[{"embeddable":true,"href":"https:\/\/bladnanews.com\/fr\/wp-json\/wp\/v2\/users\/3"}],"replies":[{"embeddable":true,"href":"https:\/\/bladnanews.com\/fr\/wp-json\/wp\/v2\/comments?post=11225"}],"version-history":[{"count":0,"href":"https:\/\/bladnanews.com\/fr\/wp-json\/wp\/v2\/posts\/11225\/revisions"}],"wp:featuredmedia":[{"embeddable":true,"href":"https:\/\/bladnanews.com\/fr\/wp-json\/wp\/v2\/media\/11224"}],"wp:attachment":[{"href":"https:\/\/bladnanews.com\/fr\/wp-json\/wp\/v2\/media?parent=11225"}],"wp:term":[{"taxonomy":"category","embeddable":true,"href":"https:\/\/bladnanews.com\/fr\/wp-json\/wp\/v2\/categories?post=11225"},{"taxonomy":"post_tag","embeddable":true,"href":"https:\/\/bladnanews.com\/fr\/wp-json\/wp\/v2\/tags?post=11225"}],"curies":[{"name":"wp","href":"https:\/\/api.w.org\/{rel}","templated":true}]}}