{"id":11227,"date":"2026-05-02T20:33:14","date_gmt":"2026-05-02T20:33:14","guid":{"rendered":"https:\/\/bladnanews.com\/enrique-responds-to-artetas-hints-about-french-league-weakness\/"},"modified":"2026-05-02T20:33:14","modified_gmt":"2026-05-02T20:33:14","slug":"enrique-repond-aux-allusions-darteta-concernant-la-faiblesse-de-la-ligue-francaise","status":"publish","type":"post","link":"https:\/\/bladnanews.com\/fr\/enrique-repond-aux-allusions-darteta-concernant-la-faiblesse-de-la-ligue-francaise\/","title":{"rendered":"Enrique r\u00e9pond aux allusions d\u2019Arteta sur la faiblesse du championnat fran\u00e7ais"},"content":{"rendered":"<p>L'entra\u00eeneur du Paris Saint-Germain, Luis Enrique, a r\u00e9pondu aux r\u00e9centes d\u00e9clarations de son homologue d'Arsenal, Mikel Arteta, qui semblait remettre en question la force des championnats fran\u00e7ais et allemand.<\/p>\n<p>S'exprimant avant le choc entre Arsenal et le PSG en Ligue des champions, mardi 1er octobre 2024, Arteta a sugg\u00e9r\u00e9 que l'intensit\u00e9 de la Premier League rendait plus difficile la pr\u00e9paration des rencontres europ\u00e9ennes. Certains ont interpr\u00e9t\u00e9 ses propos comme une critique de la Ligue 1 et de la Bundesliga.<\/p>\n<p>\u201c Je ne pense pas qu'il s'agissait d'une critique du championnat fran\u00e7ais ou du championnat allemand \u201d, a d\u00e9clar\u00e9 Enrique lors de sa conf\u00e9rence de presse d'avant-match. \u201c Je respecte tous les championnats. Chaque comp\u00e9tition a ses propres difficult\u00e9s. La Premier League est tr\u00e8s comp\u00e9titive, mais la Ligue 1 l'est aussi. Nous l'avons prouv\u00e9 en Europe. \u201d<\/p>\n<p>L'entra\u00eeneur espagnol a soulign\u00e9 le bilan du PSG lors des derni\u00e8res saisons. \u201c Nous avons atteint les demi-finales et la finale de la Ligue des champions ces derni\u00e8res ann\u00e9es. Cela prouve le niveau de notre championnat et de notre \u00e9quipe. \u201d<\/p>\n<p>Arteta avait pr\u00e9c\u00e9demment d\u00e9clar\u00e9 que le calendrier national d'Arsenal laissait peu de place \u00e0 l'erreur. \u201c En Premier League, chaque match est une bataille. Vous ne pouvez pas vous rel\u00e2cher une seconde. Ce n'est pas toujours le cas dans d'autres championnats \u201d, a d\u00e9clar\u00e9 l'entra\u00eeneur d'Arsenal le lundi 30 septembre 2024.<\/p>\n<p>Enrique a \u00e9cart\u00e9 toute suggestion de discorde entre les deux entra\u00eeneurs. \u201c Mikel est un entra\u00eeneur fantastique. J'ai un grand respect pour lui et pour Arsenal. Mais je d\u00e9fends mon championnat et mes joueurs. Le championnat fran\u00e7ais est solide, et nous sommes fiers de le repr\u00e9senter. \u201d<\/p>\n<p>Le match au stade de l'Emirates d\u00e9butera \u00e0 21h00, heure locale, mardi. Les deux \u00e9quipes cherchent \u00e0 prendre de l'\u00e9lan lors de la phase de groupes de la campagne 2024-2025 de la Ligue des champions.<\/p>","protected":false},"excerpt":{"rendered":"<p>Paris Saint-Germain manager Luis Enrique has responded to recent comments from Arsenal boss Mikel Arteta, who appeared to cast doubt [&hellip;]<\/p>\n","protected":false},"author":3,"featured_media":11226,"comment_status":"","ping_status":"open","sticky":false,"template":"","format":"standard","meta":{"googlesitekit_rrm_CAow_uzEDA:productID":"","site-sidebar-layout":"default","site-content-layout":"","ast-site-content-layout":"default","site-content-style":"default","site-sidebar-style":"default","ast-global-header-display":"","ast-banner-title-visibility":"","ast-main-header-display":"","ast-hfb-above-header-display":"","ast-hfb-below-header-display":"","ast-hfb-mobile-header-display":"","site-post-title":"","ast-breadcrumbs-content":"","ast-featured-img":"","footer-sml-layout":"","ast-disable-related-posts":"","theme-transparent-header-meta":"","adv-header-id-meta":"","stick-header-meta":"","header-above-stick-meta":"","header-main-stick-meta":"","header-below-stick-meta":"","astra-migrate-meta-layouts":"default","ast-page-background-enabled":"default","ast-page-background-meta":{"desktop":{"background-color":"var(--ast-global-color-5)","background-image":"","background-repeat":"repeat","background-position":"center center","background-size":"auto","background-attachment":"scroll","background-type":"","background-media":"","overlay-type":"","overlay-color":"","overlay-opacity":"","overlay-gradient":""},"tablet":{"background-color":"","background-image":"","background-repeat":"repeat","background-position":"center center","background-size":"auto","background-attachment":"scroll","background-type":"","background-media":"","overlay-type":"","overlay-color":"","overlay-opacity":"","overlay-gradient":""},"mobile":{"background-color":"","background-image":"","background-repeat":"repeat","background-position":"center center","background-size":"auto","background-attachment":"scroll","background-type":"","background-media":"","overlay-type":"","overlay-color":"","overlay-opacity":"","overlay-gradient":""}},"ast-content-background-meta":{"desktop":{"background-color":"var(--ast-global-color-4)","background-image":"","background-repeat":"repeat","background-position":"center center","background-size":"auto","background-attachment":"scroll","background-type":"","background-media":"","overlay-type":"","overlay-color":"","overlay-opacity":"","overlay-gradient":""},"tablet":{"background-color":"var(--ast-global-color-4)","background-image":"","background-repeat":"repeat","background-position":"center center","background-size":"auto","background-attachment":"scroll","background-type":"","background-media":"","overlay-type":"","overlay-color":"","overlay-opacity":"","overlay-gradient":""},"mobile":{"background-color":"var(--ast-global-color-4)","background-image":"","background-repeat":"repeat","background-position":"center center","background-size":"auto","background-attachment":"scroll","background-type":"","background-media":"","overlay-type":"","overlay-color":"","overlay-opacity":"","overlay-gradient":""}},"footnotes":""},"categories":[20,1],"tags":[],"class_list":["post-11227","post","type-post","status-publish","format-standard","has-post-thumbnail","hentry","category-international","category-football-latest-news"],"yoast_head":"<!-- This site is optimized with the Yoast SEO Premium plugin v26.6 (Yoast SEO v27.5) - https:\/\/yoast.com\/product\/yoast-seo-premium-wordpress\/ -->\n<title>Enrique responds to Arteta&#039;s hints about French league weakness - Bladna News<\/title>\n<meta name=\"robots\" content=\"index, follow, max-snippet:-1, max-image-preview:large, max-video-preview:-1\" \/>\n<link rel=\"canonical\" href=\"https:\/\/bladnanews.com\/fr\/enrique-repond-aux-allusions-darteta-concernant-la-faiblesse-de-la-ligue-francaise\/\" \/>\n<meta property=\"og:locale\" content=\"fr_FR\" \/>\n<meta property=\"og:type\" content=\"article\" \/>\n<meta property=\"og:title\" content=\"Enrique responds to Arteta&#039;s hints about French league weakness\" \/>\n<meta property=\"og:description\" content=\"Paris Saint-Germain manager Luis Enrique has responded to recent comments from Arsenal boss Mikel Arteta, who appeared to cast doubt [&hellip;]\" \/>\n<meta property=\"og:url\" content=\"https:\/\/bladnanews.com\/fr\/enrique-repond-aux-allusions-darteta-concernant-la-faiblesse-de-la-ligue-francaise\/\" \/>\n<meta property=\"og:site_name\" content=\"Bladna News\" \/>\n<meta property=\"article:published_time\" content=\"2026-05-02T20:33:14+00:00\" \/>\n<meta property=\"og:image\" content=\"https:\/\/bladnanews.com\/wp-content\/uploads\/2025\/12\/freepik__bladna-newscom-moroccan-soccer-homepage-banner-mor__41838.png\" \/>\n\t<meta property=\"og:image:width\" content=\"1312\" \/>\n\t<meta property=\"og:image:height\" content=\"736\" \/>\n\t<meta property=\"og:image:type\" content=\"image\/png\" \/>\n<meta name=\"author\" content=\"Bladna News Staff\" \/>\n<meta name=\"twitter:card\" content=\"summary_large_image\" \/>\n<meta name=\"twitter:label1\" content=\"\u00c9crit par\" \/>\n\t<meta name=\"twitter:data1\" content=\"Bladna News Staff\" \/>\n\t<meta name=\"twitter:label2\" content=\"Dur\u00e9e de lecture estim\u00e9e\" \/>\n\t<meta name=\"twitter:data2\" content=\"1 minute\" \/>\n<script type=\"application\/ld+json\" class=\"yoast-schema-graph\">{\"@context\":\"https:\\\/\\\/schema.org\",\"@graph\":[{\"@type\":\"Article\",\"@id\":\"https:\\\/\\\/bladnanews.com\\\/enrique-responds-to-artetas-hints-about-french-league-weakness\\\/#article\",\"isPartOf\":{\"@id\":\"https:\\\/\\\/bladnanews.com\\\/enrique-responds-to-artetas-hints-about-french-league-weakness\\\/\"},\"author\":{\"name\":\"Bladna News Staff\",\"@id\":\"https:\\\/\\\/mediumseagreen-eel-531711.hostingersite.com\\\/#\\\/schema\\\/person\\\/268e18a453ab080ebf76df6ef7845083\"},\"headline\":\"Enrique responds to Arteta&#8217;s hints about French league weakness\",\"datePublished\":\"2026-05-02T20:33:14+00:00\",\"mainEntityOfPage\":{\"@id\":\"https:\\\/\\\/bladnanews.com\\\/enrique-responds-to-artetas-hints-about-french-league-weakness\\\/\"},\"wordCount\":284,\"publisher\":{\"@id\":\"https:\\\/\\\/mediumseagreen-eel-531711.hostingersite.com\\\/#organization\"},\"image\":{\"@id\":\"https:\\\/\\\/bladnanews.com\\\/enrique-responds-to-artetas-hints-about-french-league-weakness\\\/#primaryimage\"},\"thumbnailUrl\":\"https:\\\/\\\/bladnanews.com\\\/wp-content\\\/uploads\\\/2026\\\/05\\\/GettyImages-2273657630-1.jpg-1-scaled.jpg\",\"articleSection\":[\"International\",\"Latest News\"],\"inLanguage\":\"fr-FR\",\"copyrightYear\":\"2026\",\"copyrightHolder\":{\"@id\":\"https:\\\/\\\/bladnanews.com\\\/fr\\\/#organization\"}},{\"@type\":\"WebPage\",\"@id\":\"https:\\\/\\\/bladnanews.com\\\/enrique-responds-to-artetas-hints-about-french-league-weakness\\\/\",\"url\":\"https:\\\/\\\/bladnanews.com\\\/enrique-responds-to-artetas-hints-about-french-league-weakness\\\/\",\"name\":\"Enrique responds to Arteta's hints about French league weakness - Bladna News\",\"isPartOf\":{\"@id\":\"https:\\\/\\\/mediumseagreen-eel-531711.hostingersite.com\\\/#website\"},\"primaryImageOfPage\":{\"@id\":\"https:\\\/\\\/bladnanews.com\\\/enrique-responds-to-artetas-hints-about-french-league-weakness\\\/#primaryimage\"},\"image\":{\"@id\":\"https:\\\/\\\/bladnanews.com\\\/enrique-responds-to-artetas-hints-about-french-league-weakness\\\/#primaryimage\"},\"thumbnailUrl\":\"https:\\\/\\\/bladnanews.com\\\/wp-content\\\/uploads\\\/2026\\\/05\\\/GettyImages-2273657630-1.jpg-1-scaled.jpg\",\"datePublished\":\"2026-05-02T20:33:14+00:00\",\"breadcrumb\":{\"@id\":\"https:\\\/\\\/bladnanews.com\\\/enrique-responds-to-artetas-hints-about-french-league-weakness\\\/#breadcrumb\"},\"inLanguage\":\"fr-FR\",\"potentialAction\":[{\"@type\":\"ReadAction\",\"target\":[\"https:\\\/\\\/bladnanews.com\\\/enrique-responds-to-artetas-hints-about-french-league-weakness\\\/\"]}]},{\"@type\":\"ImageObject\",\"inLanguage\":\"fr-FR\",\"@id\":\"https:\\\/\\\/bladnanews.com\\\/enrique-responds-to-artetas-hints-about-french-league-weakness\\\/#primaryimage\",\"url\":\"https:\\\/\\\/bladnanews.com\\\/wp-content\\\/uploads\\\/2026\\\/05\\\/GettyImages-2273657630-1.jpg-1-scaled.jpg\",\"contentUrl\":\"https:\\\/\\\/bladnanews.com\\\/wp-content\\\/uploads\\\/2026\\\/05\\\/GettyImages-2273657630-1.jpg-1-scaled.jpg\",\"width\":2560,\"height\":1440,\"caption\":\"Enrique responds to Arteta's hints about French league weakness\"},{\"@type\":\"BreadcrumbList\",\"@id\":\"https:\\\/\\\/bladnanews.com\\\/enrique-responds-to-artetas-hints-about-french-league-weakness\\\/#breadcrumb\",\"itemListElement\":[{\"@type\":\"ListItem\",\"position\":1,\"name\":\"Home\",\"item\":\"https:\\\/\\\/bladnanews.com\\\/\"},{\"@type\":\"ListItem\",\"position\":2,\"name\":\"Enrique responds to Arteta&#8217;s hints about French league weakness\"}]},{\"@type\":\"WebSite\",\"@id\":\"https:\\\/\\\/mediumseagreen-eel-531711.hostingersite.com\\\/#website\",\"url\":\"https:\\\/\\\/mediumseagreen-eel-531711.hostingersite.com\\\/\",\"name\":\"Bladna News - Morocco\",\"description\":\"Where Moroccan Football Meets the World\",\"publisher\":{\"@id\":\"https:\\\/\\\/mediumseagreen-eel-531711.hostingersite.com\\\/#organization\"},\"potentialAction\":[{\"@type\":\"SearchAction\",\"target\":{\"@type\":\"EntryPoint\",\"urlTemplate\":\"https:\\\/\\\/mediumseagreen-eel-531711.hostingersite.com\\\/?s={search_term_string}\"},\"query-input\":{\"@type\":\"PropertyValueSpecification\",\"valueRequired\":true,\"valueName\":\"search_term_string\"}}],\"inLanguage\":\"fr-FR\"},{\"@type\":\"Organization\",\"@id\":\"https:\\\/\\\/mediumseagreen-eel-531711.hostingersite.com\\\/#organization\",\"name\":\"Bladna News.com\",\"url\":\"https:\\\/\\\/mediumseagreen-eel-531711.hostingersite.com\\\/\",\"logo\":{\"@type\":\"ImageObject\",\"inLanguage\":\"fr-FR\",\"@id\":\"https:\\\/\\\/mediumseagreen-eel-531711.hostingersite.com\\\/#\\\/schema\\\/logo\\\/image\\\/\",\"url\":\"https:\\\/\\\/bladnanews.com\\\/wp-content\\\/uploads\\\/2025\\\/12\\\/logo-bladnanews-V2-web-black-red.png\",\"contentUrl\":\"https:\\\/\\\/bladnanews.com\\\/wp-content\\\/uploads\\\/2025\\\/12\\\/logo-bladnanews-V2-web-black-red.png\",\"width\":703,\"height\":287,\"caption\":\"Bladna News.com\"},\"image\":{\"@id\":\"https:\\\/\\\/mediumseagreen-eel-531711.hostingersite.com\\\/#\\\/schema\\\/logo\\\/image\\\/\"},\"email\":\"info@bladnanews.com\",\"legalName\":\"Bladna News\"},{\"@type\":\"Person\",\"@id\":\"https:\\\/\\\/mediumseagreen-eel-531711.hostingersite.com\\\/#\\\/schema\\\/person\\\/268e18a453ab080ebf76df6ef7845083\",\"name\":\"Bladna News Staff\",\"url\":\"https:\\\/\\\/bladnanews.com\\\/fr\\\/author\\\/bladna-news-staff\\\/\"}]}<\/script>\n<!-- \/ Yoast SEO Premium plugin. -->","yoast_head_json":{"title":"Enrique r\u00e9pond aux allusions d'Arteta concernant la faiblesse du championnat fran\u00e7ais - Bladna News","robots":{"index":"index","follow":"follow","max-snippet":"max-snippet:-1","max-image-preview":"max-image-preview:large","max-video-preview":"max-video-preview:-1"},"canonical":"https:\/\/bladnanews.com\/fr\/enrique-repond-aux-allusions-darteta-concernant-la-faiblesse-de-la-ligue-francaise\/","og_locale":"fr_FR","og_type":"article","og_title":"Enrique responds to Arteta's hints about French league weakness","og_description":"Paris Saint-Germain manager Luis Enrique has responded to recent comments from Arsenal boss Mikel Arteta, who appeared to cast doubt [&hellip;]","og_url":"https:\/\/bladnanews.com\/fr\/enrique-repond-aux-allusions-darteta-concernant-la-faiblesse-de-la-ligue-francaise\/","og_site_name":"Bladna News","article_published_time":"2026-05-02T20:33:14+00:00","og_image":[{"width":1312,"height":736,"url":"https:\/\/bladnanews.com\/wp-content\/uploads\/2025\/12\/freepik__bladna-newscom-moroccan-soccer-homepage-banner-mor__41838.png","type":"image\/png"}],"author":"Bladna News Staff","twitter_card":"summary_large_image","twitter_misc":{"\u00c9crit par":"Bladna News Staff","Dur\u00e9e de lecture estim\u00e9e":"1 minute"},"schema":{"@context":"https:\/\/schema.org","@graph":[{"@type":"Article","@id":"https:\/\/bladnanews.com\/enrique-responds-to-artetas-hints-about-french-league-weakness\/#article","isPartOf":{"@id":"https:\/\/bladnanews.com\/enrique-responds-to-artetas-hints-about-french-league-weakness\/"},"author":{"name":"Bladna News Staff","@id":"https:\/\/mediumseagreen-eel-531711.hostingersite.com\/#\/schema\/person\/268e18a453ab080ebf76df6ef7845083"},"headline":"Enrique responds to Arteta&#8217;s hints about French league weakness","datePublished":"2026-05-02T20:33:14+00:00","mainEntityOfPage":{"@id":"https:\/\/bladnanews.com\/enrique-responds-to-artetas-hints-about-french-league-weakness\/"},"wordCount":284,"publisher":{"@id":"https:\/\/mediumseagreen-eel-531711.hostingersite.com\/#organization"},"image":{"@id":"https:\/\/bladnanews.com\/enrique-responds-to-artetas-hints-about-french-league-weakness\/#primaryimage"},"thumbnailUrl":"https:\/\/bladnanews.com\/wp-content\/uploads\/2026\/05\/GettyImages-2273657630-1.jpg-1-scaled.jpg","articleSection":["International","Latest News"],"inLanguage":"fr-FR","copyrightYear":"2026","copyrightHolder":{"@id":"https:\/\/bladnanews.com\/fr\/#organization"}},{"@type":"WebPage","@id":"https:\/\/bladnanews.com\/enrique-responds-to-artetas-hints-about-french-league-weakness\/","url":"https:\/\/bladnanews.com\/enrique-responds-to-artetas-hints-about-french-league-weakness\/","name":"Enrique r\u00e9pond aux allusions d'Arteta concernant la faiblesse du championnat fran\u00e7ais - Bladna News","isPartOf":{"@id":"https:\/\/mediumseagreen-eel-531711.hostingersite.com\/#website"},"primaryImageOfPage":{"@id":"https:\/\/bladnanews.com\/enrique-responds-to-artetas-hints-about-french-league-weakness\/#primaryimage"},"image":{"@id":"https:\/\/bladnanews.com\/enrique-responds-to-artetas-hints-about-french-league-weakness\/#primaryimage"},"thumbnailUrl":"https:\/\/bladnanews.com\/wp-content\/uploads\/2026\/05\/GettyImages-2273657630-1.jpg-1-scaled.jpg","datePublished":"2026-05-02T20:33:14+00:00","breadcrumb":{"@id":"https:\/\/bladnanews.com\/enrique-responds-to-artetas-hints-about-french-league-weakness\/#breadcrumb"},"inLanguage":"fr-FR","potentialAction":[{"@type":"ReadAction","target":["https:\/\/bladnanews.com\/enrique-responds-to-artetas-hints-about-french-league-weakness\/"]}]},{"@type":"ImageObject","inLanguage":"fr-FR","@id":"https:\/\/bladnanews.com\/enrique-responds-to-artetas-hints-about-french-league-weakness\/#primaryimage","url":"https:\/\/bladnanews.com\/wp-content\/uploads\/2026\/05\/GettyImages-2273657630-1.jpg-1-scaled.jpg","contentUrl":"https:\/\/bladnanews.com\/wp-content\/uploads\/2026\/05\/GettyImages-2273657630-1.jpg-1-scaled.jpg","width":2560,"height":1440,"caption":"Enrique responds to Arteta's hints about French league weakness"},{"@type":"BreadcrumbList","@id":"https:\/\/bladnanews.com\/enrique-responds-to-artetas-hints-about-french-league-weakness\/#breadcrumb","itemListElement":[{"@type":"ListItem","position":1,"name":"Home","item":"https:\/\/bladnanews.com\/"},{"@type":"ListItem","position":2,"name":"Enrique responds to Arteta&#8217;s hints about French league weakness"}]},{"@type":"WebSite","@id":"https:\/\/mediumseagreen-eel-531711.hostingersite.com\/#website","url":"https:\/\/mediumseagreen-eel-531711.hostingersite.com\/","name":"Bladna News - Maroc","description":"Quand le football marocain rencontre le monde","publisher":{"@id":"https:\/\/mediumseagreen-eel-531711.hostingersite.com\/#organization"},"potentialAction":[{"@type":"SearchAction","target":{"@type":"EntryPoint","urlTemplate":"https:\/\/mediumseagreen-eel-531711.hostingersite.com\/?s={search_term_string}"},"query-input":{"@type":"PropertyValueSpecification","valueRequired":true,"valueName":"search_term_string"}}],"inLanguage":"fr-FR"},{"@type":"Organization","@id":"https:\/\/mediumseagreen-eel-531711.hostingersite.com\/#organization","name":"Bladna News.com","url":"https:\/\/mediumseagreen-eel-531711.hostingersite.com\/","logo":{"@type":"ImageObject","inLanguage":"fr-FR","@id":"https:\/\/mediumseagreen-eel-531711.hostingersite.com\/#\/schema\/logo\/image\/","url":"https:\/\/bladnanews.com\/wp-content\/uploads\/2025\/12\/logo-bladnanews-V2-web-black-red.png","contentUrl":"https:\/\/bladnanews.com\/wp-content\/uploads\/2025\/12\/logo-bladnanews-V2-web-black-red.png","width":703,"height":287,"caption":"Bladna News.com"},"image":{"@id":"https:\/\/mediumseagreen-eel-531711.hostingersite.com\/#\/schema\/logo\/image\/"},"email":"info@bladnanews.com","legalName":"Bladna News"},{"@type":"Person","@id":"https:\/\/mediumseagreen-eel-531711.hostingersite.com\/#\/schema\/person\/268e18a453ab080ebf76df6ef7845083","name":"\u00c9quipe r\u00e9dactionnelle de Bladna News","url":"https:\/\/bladnanews.com\/fr\/author\/bladna-news-staff\/"}]}},"_links":{"self":[{"href":"https:\/\/bladnanews.com\/fr\/wp-json\/wp\/v2\/posts\/11227","targetHints":{"allow":["GET"]}}],"collection":[{"href":"https:\/\/bladnanews.com\/fr\/wp-json\/wp\/v2\/posts"}],"about":[{"href":"https:\/\/bladnanews.com\/fr\/wp-json\/wp\/v2\/types\/post"}],"author":[{"embeddable":true,"href":"https:\/\/bladnanews.com\/fr\/wp-json\/wp\/v2\/users\/3"}],"replies":[{"embeddable":true,"href":"https:\/\/bladnanews.com\/fr\/wp-json\/wp\/v2\/comments?post=11227"}],"version-history":[{"count":0,"href":"https:\/\/bladnanews.com\/fr\/wp-json\/wp\/v2\/posts\/11227\/revisions"}],"wp:featuredmedia":[{"embeddable":true,"href":"https:\/\/bladnanews.com\/fr\/wp-json\/wp\/v2\/media\/11226"}],"wp:attachment":[{"href":"https:\/\/bladnanews.com\/fr\/wp-json\/wp\/v2\/media?parent=11227"}],"wp:term":[{"taxonomy":"category","embeddable":true,"href":"https:\/\/bladnanews.com\/fr\/wp-json\/wp\/v2\/categories?post=11227"},{"taxonomy":"post_tag","embeddable":true,"href":"https:\/\/bladnanews.com\/fr\/wp-json\/wp\/v2\/tags?post=11227"}],"curies":[{"name":"wp","href":"https:\/\/api.w.org\/{rel}","templated":true}]}}