{"id":1168,"date":"2026-01-01T18:40:18","date_gmt":"2026-01-01T18:40:18","guid":{"rendered":"https:\/\/bladnanews.com\/?p=1168"},"modified":"2026-01-01T18:40:18","modified_gmt":"2026-01-01T18:40:18","slug":"lequipe-algerienne-sous-le-feu-des-critiques-apres-la-disparition-des-ballons-de-match-a-rabat","status":"publish","type":"post","link":"https:\/\/bladnanews.com\/fr\/lequipe-algerienne-sous-le-feu-des-critiques-apres-la-disparition-des-ballons-de-match-a-rabat\/","title":{"rendered":"\u00c9quipe alg\u00e9rienne sous le feu des critiques apr\u00e8s la disparition des ballons de match \u00e0 Rabat"},"content":{"rendered":"<p>L'\u00e9quipe nationale alg\u00e9rienne a \u00e9t\u00e9 critiqu\u00e9e apr\u00e8s que des ballons de match ont disparu \u00e0 Rabat, peu apr\u00e8s leur match contre le Maroc.<\/p>\n<p>L'incident s'est produit autour du lieu dans la capitale marocaine, o\u00f9 les \u00e9quipes avaient jou\u00e9 dans le cadre de leur calendrier officiel. Apr\u00e8s le match, il est apparu qu'un certain nombre de ballons de match officiels avaient disparu.<\/p>\n<p>Les m\u00e9dias marocains ont rapport\u00e9 que la disparition avait provoqu\u00e9 de la col\u00e8re en coulisses et \u00e9tait rapidement devenue un sujet de conversation autour de la rencontre. L'attention s'est tourn\u00e9e vers le camp alg\u00e9rien, avec des all\u00e9gations selon lesquelles les ballons avaient \u00e9t\u00e9 pris lorsque les \u00e9quipes quittaient la zone du stade.<\/p>\n<p>Alors que la discussion grandissait, l'histoire a d\u00e9pass\u00e9 le r\u00e9sultat sur le terrain et s'est \u00e9tendue \u00e0 la rivalit\u00e9 plus large entre les deux nations de football. Les ballons manquants ont \u00e9t\u00e9 d\u00e9crits comme un nouveau point de tension, ajoutant de la pression \u00e0 une relation sportive d\u00e9j\u00e0 sensible.<\/p>\n<p>Ce qui a \u00e9t\u00e9 r\u00e9v\u00e9l\u00e9, c'est que les ballons de match n'ont pas simplement \u00e9t\u00e9 \u00e9gar\u00e9s lors du nettoyage habituel apr\u00e8s le match, mais ont \u00e9t\u00e9 signal\u00e9s comme manquants d'une mani\u00e8re qui a conduit \u00e0 des accusations directes visant la d\u00e9l\u00e9gation alg\u00e9rienne.<\/p>\n<p>Aucune sanction officielle n'a \u00e9t\u00e9 confirm\u00e9e, et aucune d\u00e9cision finale n'a \u00e9t\u00e9 annonc\u00e9e publiquement concernant un \u00e9ventuel suivi. Pour l'instant, l'affaire reste une source de controverse \u00e0 Rabat, l'\u00e9quipe alg\u00e9rienne faisant face \u00e0 des critiques alors que des questions continuent de se poser sur ce qui est arriv\u00e9 aux ballons de match.<\/p>","protected":false},"excerpt":{"rendered":"<p>The Algerian national team has come under fire after match balls went missing in Rabat, shortly after their game against [&hellip;]<\/p>\n","protected":false},"author":4,"featured_media":1167,"comment_status":"closed","ping_status":"open","sticky":false,"template":"","format":"standard","meta":{"googlesitekit_rrm_CAow_uzEDA:productID":"","site-sidebar-layout":"default","site-content-layout":"","ast-site-content-layout":"default","site-content-style":"default","site-sidebar-style":"default","ast-global-header-display":"","ast-banner-title-visibility":"","ast-main-header-display":"","ast-hfb-above-header-display":"","ast-hfb-below-header-display":"","ast-hfb-mobile-header-display":"","site-post-title":"","ast-breadcrumbs-content":"","ast-featured-img":"","footer-sml-layout":"","ast-disable-related-posts":"","theme-transparent-header-meta":"","adv-header-id-meta":"","stick-header-meta":"","header-above-stick-meta":"","header-main-stick-meta":"","header-below-stick-meta":"","astra-migrate-meta-layouts":"default","ast-page-background-enabled":"default","ast-page-background-meta":{"desktop":{"background-color":"var(--ast-global-color-5)","background-image":"","background-repeat":"repeat","background-position":"center center","background-size":"auto","background-attachment":"scroll","background-type":"","background-media":"","overlay-type":"","overlay-color":"","overlay-opacity":"","overlay-gradient":""},"tablet":{"background-color":"","background-image":"","background-repeat":"repeat","background-position":"center center","background-size":"auto","background-attachment":"scroll","background-type":"","background-media":"","overlay-type":"","overlay-color":"","overlay-opacity":"","overlay-gradient":""},"mobile":{"background-color":"","background-image":"","background-repeat":"repeat","background-position":"center center","background-size":"auto","background-attachment":"scroll","background-type":"","background-media":"","overlay-type":"","overlay-color":"","overlay-opacity":"","overlay-gradient":""}},"ast-content-background-meta":{"desktop":{"background-color":"var(--ast-global-color-4)","background-image":"","background-repeat":"repeat","background-position":"center center","background-size":"auto","background-attachment":"scroll","background-type":"","background-media":"","overlay-type":"","overlay-color":"","overlay-opacity":"","overlay-gradient":""},"tablet":{"background-color":"var(--ast-global-color-4)","background-image":"","background-repeat":"repeat","background-position":"center center","background-size":"auto","background-attachment":"scroll","background-type":"","background-media":"","overlay-type":"","overlay-color":"","overlay-opacity":"","overlay-gradient":""},"mobile":{"background-color":"var(--ast-global-color-4)","background-image":"","background-repeat":"repeat","background-position":"center center","background-size":"auto","background-attachment":"scroll","background-type":"","background-media":"","overlay-type":"","overlay-color":"","overlay-opacity":"","overlay-gradient":""}},"footnotes":""},"categories":[1,168],"tags":[],"class_list":["post-1168","post","type-post","status-publish","format-standard","has-post-thumbnail","hentry","category-football-latest-news","category-morocco-national-team"],"yoast_head":"<!-- This site is optimized with the Yoast SEO Premium plugin v26.6 (Yoast SEO v27.5) - https:\/\/yoast.com\/product\/yoast-seo-premium-wordpress\/ -->\n<title>Algerian team under fire after disappearance of match balls in Rabat - Bladna News<\/title>\n<meta name=\"robots\" content=\"index, follow, max-snippet:-1, max-image-preview:large, max-video-preview:-1\" \/>\n<link rel=\"canonical\" href=\"https:\/\/bladnanews.com\/fr\/lequipe-algerienne-sous-le-feu-des-critiques-apres-la-disparition-des-ballons-de-match-a-rabat\/\" \/>\n<meta property=\"og:locale\" content=\"fr_FR\" \/>\n<meta property=\"og:type\" content=\"article\" \/>\n<meta property=\"og:title\" content=\"Algerian team under fire after disappearance of match balls in Rabat\" \/>\n<meta property=\"og:description\" content=\"The Algerian national team has come under fire after match balls went missing in Rabat, shortly after their game against [&hellip;]\" \/>\n<meta property=\"og:url\" content=\"https:\/\/bladnanews.com\/fr\/lequipe-algerienne-sous-le-feu-des-critiques-apres-la-disparition-des-ballons-de-match-a-rabat\/\" \/>\n<meta property=\"og:site_name\" content=\"Bladna News\" \/>\n<meta property=\"article:published_time\" content=\"2026-01-01T18:40:18+00:00\" \/>\n<meta property=\"og:image\" content=\"https:\/\/bladnanews.com\/wp-content\/uploads\/2026\/01\/verdwijning-bal-itri-voetbalwedstrijd-algerije-rabat.webp\" \/>\n\t<meta property=\"og:image:width\" content=\"1200\" \/>\n\t<meta property=\"og:image:height\" content=\"750\" \/>\n\t<meta property=\"og:image:type\" content=\"image\/webp\" \/>\n<meta name=\"author\" content=\"Bladna Sports Desk\" \/>\n<meta name=\"twitter:card\" content=\"summary_large_image\" \/>\n<meta name=\"twitter:label1\" content=\"\u00c9crit par\" \/>\n\t<meta name=\"twitter:data1\" content=\"Bladna Sports Desk\" \/>\n\t<meta name=\"twitter:label2\" content=\"Dur\u00e9e de lecture estim\u00e9e\" \/>\n\t<meta name=\"twitter:data2\" content=\"1 minute\" \/>\n<script type=\"application\/ld+json\" class=\"yoast-schema-graph\">{\"@context\":\"https:\\\/\\\/schema.org\",\"@graph\":[{\"@type\":\"Article\",\"@id\":\"https:\\\/\\\/bladnanews.com\\\/algerian-team-under-fire-after-disappearance-of-match-balls-in-rabat\\\/#article\",\"isPartOf\":{\"@id\":\"https:\\\/\\\/bladnanews.com\\\/algerian-team-under-fire-after-disappearance-of-match-balls-in-rabat\\\/\"},\"author\":{\"name\":\"Bladna Sports Desk\",\"@id\":\"https:\\\/\\\/mediumseagreen-eel-531711.hostingersite.com\\\/#\\\/schema\\\/person\\\/6712b38fabe810f7eb8d15ed30d90f1e\"},\"headline\":\"Algerian team under fire after disappearance of match balls in Rabat\",\"datePublished\":\"2026-01-01T18:40:18+00:00\",\"mainEntityOfPage\":{\"@id\":\"https:\\\/\\\/bladnanews.com\\\/algerian-team-under-fire-after-disappearance-of-match-balls-in-rabat\\\/\"},\"wordCount\":232,\"publisher\":{\"@id\":\"https:\\\/\\\/mediumseagreen-eel-531711.hostingersite.com\\\/#organization\"},\"image\":{\"@id\":\"https:\\\/\\\/bladnanews.com\\\/algerian-team-under-fire-after-disappearance-of-match-balls-in-rabat\\\/#primaryimage\"},\"thumbnailUrl\":\"https:\\\/\\\/bladnanews.com\\\/wp-content\\\/uploads\\\/2026\\\/01\\\/verdwijning-bal-itri-voetbalwedstrijd-algerije-rabat.webp\",\"articleSection\":[\"Latest News\",\"Morocco National Team\"],\"inLanguage\":\"fr-FR\",\"copyrightYear\":\"2026\",\"copyrightHolder\":{\"@id\":\"https:\\\/\\\/bladnanews.com\\\/fr\\\/#organization\"}},{\"@type\":\"WebPage\",\"@id\":\"https:\\\/\\\/bladnanews.com\\\/algerian-team-under-fire-after-disappearance-of-match-balls-in-rabat\\\/\",\"url\":\"https:\\\/\\\/bladnanews.com\\\/algerian-team-under-fire-after-disappearance-of-match-balls-in-rabat\\\/\",\"name\":\"Algerian team under fire after disappearance of match balls in Rabat - Bladna News\",\"isPartOf\":{\"@id\":\"https:\\\/\\\/mediumseagreen-eel-531711.hostingersite.com\\\/#website\"},\"primaryImageOfPage\":{\"@id\":\"https:\\\/\\\/bladnanews.com\\\/algerian-team-under-fire-after-disappearance-of-match-balls-in-rabat\\\/#primaryimage\"},\"image\":{\"@id\":\"https:\\\/\\\/bladnanews.com\\\/algerian-team-under-fire-after-disappearance-of-match-balls-in-rabat\\\/#primaryimage\"},\"thumbnailUrl\":\"https:\\\/\\\/bladnanews.com\\\/wp-content\\\/uploads\\\/2026\\\/01\\\/verdwijning-bal-itri-voetbalwedstrijd-algerije-rabat.webp\",\"datePublished\":\"2026-01-01T18:40:18+00:00\",\"breadcrumb\":{\"@id\":\"https:\\\/\\\/bladnanews.com\\\/algerian-team-under-fire-after-disappearance-of-match-balls-in-rabat\\\/#breadcrumb\"},\"inLanguage\":\"fr-FR\",\"potentialAction\":[{\"@type\":\"ReadAction\",\"target\":[\"https:\\\/\\\/bladnanews.com\\\/algerian-team-under-fire-after-disappearance-of-match-balls-in-rabat\\\/\"]}]},{\"@type\":\"ImageObject\",\"inLanguage\":\"fr-FR\",\"@id\":\"https:\\\/\\\/bladnanews.com\\\/algerian-team-under-fire-after-disappearance-of-match-balls-in-rabat\\\/#primaryimage\",\"url\":\"https:\\\/\\\/bladnanews.com\\\/wp-content\\\/uploads\\\/2026\\\/01\\\/verdwijning-bal-itri-voetbalwedstrijd-algerije-rabat.webp\",\"contentUrl\":\"https:\\\/\\\/bladnanews.com\\\/wp-content\\\/uploads\\\/2026\\\/01\\\/verdwijning-bal-itri-voetbalwedstrijd-algerije-rabat.webp\",\"width\":1200,\"height\":750},{\"@type\":\"BreadcrumbList\",\"@id\":\"https:\\\/\\\/bladnanews.com\\\/algerian-team-under-fire-after-disappearance-of-match-balls-in-rabat\\\/#breadcrumb\",\"itemListElement\":[{\"@type\":\"ListItem\",\"position\":1,\"name\":\"Home\",\"item\":\"https:\\\/\\\/bladnanews.com\\\/\"},{\"@type\":\"ListItem\",\"position\":2,\"name\":\"Algerian team under fire after disappearance of match balls in Rabat\"}]},{\"@type\":\"WebSite\",\"@id\":\"https:\\\/\\\/mediumseagreen-eel-531711.hostingersite.com\\\/#website\",\"url\":\"https:\\\/\\\/mediumseagreen-eel-531711.hostingersite.com\\\/\",\"name\":\"Bladna News - Morocco\",\"description\":\"Where Moroccan Football Meets the World\",\"publisher\":{\"@id\":\"https:\\\/\\\/mediumseagreen-eel-531711.hostingersite.com\\\/#organization\"},\"potentialAction\":[{\"@type\":\"SearchAction\",\"target\":{\"@type\":\"EntryPoint\",\"urlTemplate\":\"https:\\\/\\\/mediumseagreen-eel-531711.hostingersite.com\\\/?s={search_term_string}\"},\"query-input\":{\"@type\":\"PropertyValueSpecification\",\"valueRequired\":true,\"valueName\":\"search_term_string\"}}],\"inLanguage\":\"fr-FR\"},{\"@type\":\"Organization\",\"@id\":\"https:\\\/\\\/mediumseagreen-eel-531711.hostingersite.com\\\/#organization\",\"name\":\"Bladna News.com\",\"url\":\"https:\\\/\\\/mediumseagreen-eel-531711.hostingersite.com\\\/\",\"logo\":{\"@type\":\"ImageObject\",\"inLanguage\":\"fr-FR\",\"@id\":\"https:\\\/\\\/mediumseagreen-eel-531711.hostingersite.com\\\/#\\\/schema\\\/logo\\\/image\\\/\",\"url\":\"https:\\\/\\\/bladnanews.com\\\/wp-content\\\/uploads\\\/2025\\\/12\\\/logo-bladnanews-V2-web-black-red.png\",\"contentUrl\":\"https:\\\/\\\/bladnanews.com\\\/wp-content\\\/uploads\\\/2025\\\/12\\\/logo-bladnanews-V2-web-black-red.png\",\"width\":703,\"height\":287,\"caption\":\"Bladna News.com\"},\"image\":{\"@id\":\"https:\\\/\\\/mediumseagreen-eel-531711.hostingersite.com\\\/#\\\/schema\\\/logo\\\/image\\\/\"},\"email\":\"info@bladnanews.com\",\"legalName\":\"Bladna News\"},{\"@type\":\"Person\",\"@id\":\"https:\\\/\\\/mediumseagreen-eel-531711.hostingersite.com\\\/#\\\/schema\\\/person\\\/6712b38fabe810f7eb8d15ed30d90f1e\",\"name\":\"Bladna Sports Desk\",\"url\":\"https:\\\/\\\/bladnanews.com\\\/fr\\\/author\\\/bladna-sports-desk\\\/\"}]}<\/script>\n<!-- \/ Yoast SEO Premium plugin. -->","yoast_head_json":{"title":"\u00c9quipe alg\u00e9rienne sous le feu des critiques apr\u00e8s la disparition des ballons de match \u00e0 Rabat - Bladna News","robots":{"index":"index","follow":"follow","max-snippet":"max-snippet:-1","max-image-preview":"max-image-preview:large","max-video-preview":"max-video-preview:-1"},"canonical":"https:\/\/bladnanews.com\/fr\/lequipe-algerienne-sous-le-feu-des-critiques-apres-la-disparition-des-ballons-de-match-a-rabat\/","og_locale":"fr_FR","og_type":"article","og_title":"Algerian team under fire after disappearance of match balls in Rabat","og_description":"The Algerian national team has come under fire after match balls went missing in Rabat, shortly after their game against [&hellip;]","og_url":"https:\/\/bladnanews.com\/fr\/lequipe-algerienne-sous-le-feu-des-critiques-apres-la-disparition-des-ballons-de-match-a-rabat\/","og_site_name":"Bladna News","article_published_time":"2026-01-01T18:40:18+00:00","og_image":[{"width":1200,"height":750,"url":"https:\/\/bladnanews.com\/wp-content\/uploads\/2026\/01\/verdwijning-bal-itri-voetbalwedstrijd-algerije-rabat.webp","type":"image\/webp"}],"author":"Bladna Sports Desk","twitter_card":"summary_large_image","twitter_misc":{"\u00c9crit par":"Bladna Sports Desk","Dur\u00e9e de lecture estim\u00e9e":"1 minute"},"schema":{"@context":"https:\/\/schema.org","@graph":[{"@type":"Article","@id":"https:\/\/bladnanews.com\/algerian-team-under-fire-after-disappearance-of-match-balls-in-rabat\/#article","isPartOf":{"@id":"https:\/\/bladnanews.com\/algerian-team-under-fire-after-disappearance-of-match-balls-in-rabat\/"},"author":{"name":"Bladna Sports Desk","@id":"https:\/\/mediumseagreen-eel-531711.hostingersite.com\/#\/schema\/person\/6712b38fabe810f7eb8d15ed30d90f1e"},"headline":"Algerian team under fire after disappearance of match balls in Rabat","datePublished":"2026-01-01T18:40:18+00:00","mainEntityOfPage":{"@id":"https:\/\/bladnanews.com\/algerian-team-under-fire-after-disappearance-of-match-balls-in-rabat\/"},"wordCount":232,"publisher":{"@id":"https:\/\/mediumseagreen-eel-531711.hostingersite.com\/#organization"},"image":{"@id":"https:\/\/bladnanews.com\/algerian-team-under-fire-after-disappearance-of-match-balls-in-rabat\/#primaryimage"},"thumbnailUrl":"https:\/\/bladnanews.com\/wp-content\/uploads\/2026\/01\/verdwijning-bal-itri-voetbalwedstrijd-algerije-rabat.webp","articleSection":["Latest News","Morocco National Team"],"inLanguage":"fr-FR","copyrightYear":"2026","copyrightHolder":{"@id":"https:\/\/bladnanews.com\/fr\/#organization"}},{"@type":"WebPage","@id":"https:\/\/bladnanews.com\/algerian-team-under-fire-after-disappearance-of-match-balls-in-rabat\/","url":"https:\/\/bladnanews.com\/algerian-team-under-fire-after-disappearance-of-match-balls-in-rabat\/","name":"\u00c9quipe alg\u00e9rienne sous le feu des critiques apr\u00e8s la disparition des ballons de match \u00e0 Rabat - Bladna News","isPartOf":{"@id":"https:\/\/mediumseagreen-eel-531711.hostingersite.com\/#website"},"primaryImageOfPage":{"@id":"https:\/\/bladnanews.com\/algerian-team-under-fire-after-disappearance-of-match-balls-in-rabat\/#primaryimage"},"image":{"@id":"https:\/\/bladnanews.com\/algerian-team-under-fire-after-disappearance-of-match-balls-in-rabat\/#primaryimage"},"thumbnailUrl":"https:\/\/bladnanews.com\/wp-content\/uploads\/2026\/01\/verdwijning-bal-itri-voetbalwedstrijd-algerije-rabat.webp","datePublished":"2026-01-01T18:40:18+00:00","breadcrumb":{"@id":"https:\/\/bladnanews.com\/algerian-team-under-fire-after-disappearance-of-match-balls-in-rabat\/#breadcrumb"},"inLanguage":"fr-FR","potentialAction":[{"@type":"ReadAction","target":["https:\/\/bladnanews.com\/algerian-team-under-fire-after-disappearance-of-match-balls-in-rabat\/"]}]},{"@type":"ImageObject","inLanguage":"fr-FR","@id":"https:\/\/bladnanews.com\/algerian-team-under-fire-after-disappearance-of-match-balls-in-rabat\/#primaryimage","url":"https:\/\/bladnanews.com\/wp-content\/uploads\/2026\/01\/verdwijning-bal-itri-voetbalwedstrijd-algerije-rabat.webp","contentUrl":"https:\/\/bladnanews.com\/wp-content\/uploads\/2026\/01\/verdwijning-bal-itri-voetbalwedstrijd-algerije-rabat.webp","width":1200,"height":750},{"@type":"BreadcrumbList","@id":"https:\/\/bladnanews.com\/algerian-team-under-fire-after-disappearance-of-match-balls-in-rabat\/#breadcrumb","itemListElement":[{"@type":"ListItem","position":1,"name":"Home","item":"https:\/\/bladnanews.com\/"},{"@type":"ListItem","position":2,"name":"Algerian team under fire after disappearance of match balls in Rabat"}]},{"@type":"WebSite","@id":"https:\/\/mediumseagreen-eel-531711.hostingersite.com\/#website","url":"https:\/\/mediumseagreen-eel-531711.hostingersite.com\/","name":"Bladna News - Maroc","description":"Quand le football marocain rencontre le monde","publisher":{"@id":"https:\/\/mediumseagreen-eel-531711.hostingersite.com\/#organization"},"potentialAction":[{"@type":"SearchAction","target":{"@type":"EntryPoint","urlTemplate":"https:\/\/mediumseagreen-eel-531711.hostingersite.com\/?s={search_term_string}"},"query-input":{"@type":"PropertyValueSpecification","valueRequired":true,"valueName":"search_term_string"}}],"inLanguage":"fr-FR"},{"@type":"Organization","@id":"https:\/\/mediumseagreen-eel-531711.hostingersite.com\/#organization","name":"Bladna News.com","url":"https:\/\/mediumseagreen-eel-531711.hostingersite.com\/","logo":{"@type":"ImageObject","inLanguage":"fr-FR","@id":"https:\/\/mediumseagreen-eel-531711.hostingersite.com\/#\/schema\/logo\/image\/","url":"https:\/\/bladnanews.com\/wp-content\/uploads\/2025\/12\/logo-bladnanews-V2-web-black-red.png","contentUrl":"https:\/\/bladnanews.com\/wp-content\/uploads\/2025\/12\/logo-bladnanews-V2-web-black-red.png","width":703,"height":287,"caption":"Bladna News.com"},"image":{"@id":"https:\/\/mediumseagreen-eel-531711.hostingersite.com\/#\/schema\/logo\/image\/"},"email":"info@bladnanews.com","legalName":"Bladna News"},{"@type":"Person","@id":"https:\/\/mediumseagreen-eel-531711.hostingersite.com\/#\/schema\/person\/6712b38fabe810f7eb8d15ed30d90f1e","name":"Bladna Sports Desk","url":"https:\/\/bladnanews.com\/fr\/author\/bladna-sports-desk\/"}]}},"_links":{"self":[{"href":"https:\/\/bladnanews.com\/fr\/wp-json\/wp\/v2\/posts\/1168","targetHints":{"allow":["GET"]}}],"collection":[{"href":"https:\/\/bladnanews.com\/fr\/wp-json\/wp\/v2\/posts"}],"about":[{"href":"https:\/\/bladnanews.com\/fr\/wp-json\/wp\/v2\/types\/post"}],"author":[{"embeddable":true,"href":"https:\/\/bladnanews.com\/fr\/wp-json\/wp\/v2\/users\/4"}],"replies":[{"embeddable":true,"href":"https:\/\/bladnanews.com\/fr\/wp-json\/wp\/v2\/comments?post=1168"}],"version-history":[{"count":0,"href":"https:\/\/bladnanews.com\/fr\/wp-json\/wp\/v2\/posts\/1168\/revisions"}],"wp:featuredmedia":[{"embeddable":true,"href":"https:\/\/bladnanews.com\/fr\/wp-json\/wp\/v2\/media\/1167"}],"wp:attachment":[{"href":"https:\/\/bladnanews.com\/fr\/wp-json\/wp\/v2\/media?parent=1168"}],"wp:term":[{"taxonomy":"category","embeddable":true,"href":"https:\/\/bladnanews.com\/fr\/wp-json\/wp\/v2\/categories?post=1168"},{"taxonomy":"post_tag","embeddable":true,"href":"https:\/\/bladnanews.com\/fr\/wp-json\/wp\/v2\/tags?post=1168"}],"curies":[{"name":"wp","href":"https:\/\/api.w.org\/{rel}","templated":true}]}}