{"id":1172,"date":"2026-01-01T18:40:17","date_gmt":"2026-01-01T18:40:17","guid":{"rendered":"https:\/\/bladnanews.com\/?p=1172"},"modified":"2026-01-01T18:40:17","modified_gmt":"2026-01-01T18:40:17","slug":"marokkaanse-anas-laghrari-noms-dans-la-carriere-de-real-madrid","status":"publish","type":"post","link":"https:\/\/bladnanews.com\/fr\/marokkaanse-anas-laghrari-noms-dans-la-carriere-de-real-madrid\/","title":{"rendered":"Marokkaanse Anas Laghrari noms dans sa carri\u00e8re au Real Madrid"},"content":{"rendered":"<p>Le Real Madrid a confirm\u00e9 qu'une nouvelle figure jouera un r\u00f4le de premier plan en coulisses, avec le Marocain Anas Laghrari qui devrait \u00eatre impliqu\u00e9 au sommet de la structure du club.<\/p>\n<p>Ce d\u00e9veloppement a attir\u00e9 l'attention tant en Espagne qu'au Maroc, car le nom de Laghrari est d\u00e9sormais directement li\u00e9 aux plans futurs du Real Madrid. La r\u00e9v\u00e9lation dans le rapport est que Laghrari est positionn\u00e9 dans un r\u00f4le cl\u00e9 de prise de d\u00e9cision au sein du club.<\/p>\n<p>Laghrari a construit son profil en dehors du terrain, travaillant dans des cercles d'affaires et d'investissement, et est maintenant associ\u00e9 au Real Madrid au niveau du conseil d'administration. Son ascension est consid\u00e9r\u00e9e comme significative car elle place une figure marocaine dans une position puissante dans l'un des plus grands clubs de football mondial.<\/p>\n<p>Le Real Madrid n'a pas donn\u00e9 de d\u00e9tails \u00e9tendus sur la port\u00e9e quotidienne du r\u00f4le, mais le message est clair : Laghrari est cens\u00e9 avoir une influence sur les d\u00e9cisions majeures alors que le club continue de fa\u00e7onner sa direction \u00e0 long terme.<\/p>\n<p>Ce mouvement souligne comment le leadership du Real Madrid \u00e9volue, et cela marque un moment notable pour la repr\u00e9sentation de l'Afrique du Nord au sein de la gestion du football europ\u00e9en d'\u00e9lite.<\/p>","protected":false},"excerpt":{"rendered":"<p>Real Madrid have confirmed a new figure will take a leading role behind the scenes, with Moroccan-born Anas Laghrari set [&hellip;]<\/p>\n","protected":false},"author":4,"featured_media":1171,"comment_status":"closed","ping_status":"open","sticky":false,"template":"","format":"standard","meta":{"googlesitekit_rrm_CAow_uzEDA:productID":"","site-sidebar-layout":"default","site-content-layout":"","ast-site-content-layout":"default","site-content-style":"default","site-sidebar-style":"default","ast-global-header-display":"","ast-banner-title-visibility":"","ast-main-header-display":"","ast-hfb-above-header-display":"","ast-hfb-below-header-display":"","ast-hfb-mobile-header-display":"","site-post-title":"","ast-breadcrumbs-content":"","ast-featured-img":"","footer-sml-layout":"","ast-disable-related-posts":"","theme-transparent-header-meta":"","adv-header-id-meta":"","stick-header-meta":"","header-above-stick-meta":"","header-main-stick-meta":"","header-below-stick-meta":"","astra-migrate-meta-layouts":"default","ast-page-background-enabled":"default","ast-page-background-meta":{"desktop":{"background-color":"var(--ast-global-color-5)","background-image":"","background-repeat":"repeat","background-position":"center center","background-size":"auto","background-attachment":"scroll","background-type":"","background-media":"","overlay-type":"","overlay-color":"","overlay-opacity":"","overlay-gradient":""},"tablet":{"background-color":"","background-image":"","background-repeat":"repeat","background-position":"center center","background-size":"auto","background-attachment":"scroll","background-type":"","background-media":"","overlay-type":"","overlay-color":"","overlay-opacity":"","overlay-gradient":""},"mobile":{"background-color":"","background-image":"","background-repeat":"repeat","background-position":"center center","background-size":"auto","background-attachment":"scroll","background-type":"","background-media":"","overlay-type":"","overlay-color":"","overlay-opacity":"","overlay-gradient":""}},"ast-content-background-meta":{"desktop":{"background-color":"var(--ast-global-color-4)","background-image":"","background-repeat":"repeat","background-position":"center center","background-size":"auto","background-attachment":"scroll","background-type":"","background-media":"","overlay-type":"","overlay-color":"","overlay-opacity":"","overlay-gradient":""},"tablet":{"background-color":"var(--ast-global-color-4)","background-image":"","background-repeat":"repeat","background-position":"center center","background-size":"auto","background-attachment":"scroll","background-type":"","background-media":"","overlay-type":"","overlay-color":"","overlay-opacity":"","overlay-gradient":""},"mobile":{"background-color":"var(--ast-global-color-4)","background-image":"","background-repeat":"repeat","background-position":"center center","background-size":"auto","background-attachment":"scroll","background-type":"","background-media":"","overlay-type":"","overlay-color":"","overlay-opacity":"","overlay-gradient":""}},"footnotes":""},"categories":[1,168],"tags":[],"class_list":["post-1172","post","type-post","status-publish","format-standard","has-post-thumbnail","hentry","category-football-latest-news","category-morocco-national-team"],"yoast_head":"<!-- This site is optimized with the Yoast SEO Premium plugin v26.6 (Yoast SEO v27.5) - https:\/\/yoast.com\/product\/yoast-seo-premium-wordpress\/ -->\n<title>Marokkaanse Anas Laghrari isimleri Real Madrid kariyerinde - Bladna News<\/title>\n<meta name=\"robots\" content=\"index, follow, max-snippet:-1, max-image-preview:large, max-video-preview:-1\" \/>\n<link rel=\"canonical\" href=\"https:\/\/bladnanews.com\/fr\/marokkaanse-anas-laghrari-noms-dans-la-carriere-de-real-madrid\/\" \/>\n<meta property=\"og:locale\" content=\"fr_FR\" \/>\n<meta property=\"og:type\" content=\"article\" \/>\n<meta property=\"og:title\" content=\"Marokkaanse Anas Laghrari isimleri Real Madrid kariyerinde\" \/>\n<meta property=\"og:description\" content=\"Real Madrid have confirmed a new figure will take a leading role behind the scenes, with Moroccan-born Anas Laghrari set [&hellip;]\" \/>\n<meta property=\"og:url\" content=\"https:\/\/bladnanews.com\/fr\/marokkaanse-anas-laghrari-noms-dans-la-carriere-de-real-madrid\/\" \/>\n<meta property=\"og:site_name\" content=\"Bladna News\" \/>\n<meta property=\"article:published_time\" content=\"2026-01-01T18:40:17+00:00\" \/>\n<meta property=\"og:image\" content=\"https:\/\/bladnanews.com\/wp-content\/uploads\/2026\/01\/real-madrid-marokkaanse-financierder-anas-laghrari.webp\" \/>\n\t<meta property=\"og:image:width\" content=\"1200\" \/>\n\t<meta property=\"og:image:height\" content=\"750\" \/>\n\t<meta property=\"og:image:type\" content=\"image\/webp\" \/>\n<meta name=\"author\" content=\"Bladna Sports Desk\" \/>\n<meta name=\"twitter:card\" content=\"summary_large_image\" \/>\n<meta name=\"twitter:label1\" content=\"\u00c9crit par\" \/>\n\t<meta name=\"twitter:data1\" content=\"Bladna Sports Desk\" \/>\n\t<meta name=\"twitter:label2\" content=\"Dur\u00e9e de lecture estim\u00e9e\" \/>\n\t<meta name=\"twitter:data2\" content=\"1 minute\" \/>\n<script type=\"application\/ld+json\" class=\"yoast-schema-graph\">{\"@context\":\"https:\\\/\\\/schema.org\",\"@graph\":[{\"@type\":\"Article\",\"@id\":\"https:\\\/\\\/bladnanews.com\\\/marokkaanse-anas-laghrari-isimleri-real-madrid-kariyerinde\\\/#article\",\"isPartOf\":{\"@id\":\"https:\\\/\\\/bladnanews.com\\\/marokkaanse-anas-laghrari-isimleri-real-madrid-kariyerinde\\\/\"},\"author\":{\"name\":\"Bladna Sports Desk\",\"@id\":\"https:\\\/\\\/mediumseagreen-eel-531711.hostingersite.com\\\/#\\\/schema\\\/person\\\/6712b38fabe810f7eb8d15ed30d90f1e\"},\"headline\":\"Marokkaanse Anas Laghrari isimleri Real Madrid kariyerinde\",\"datePublished\":\"2026-01-01T18:40:17+00:00\",\"mainEntityOfPage\":{\"@id\":\"https:\\\/\\\/bladnanews.com\\\/marokkaanse-anas-laghrari-isimleri-real-madrid-kariyerinde\\\/\"},\"wordCount\":195,\"publisher\":{\"@id\":\"https:\\\/\\\/mediumseagreen-eel-531711.hostingersite.com\\\/#organization\"},\"image\":{\"@id\":\"https:\\\/\\\/bladnanews.com\\\/marokkaanse-anas-laghrari-isimleri-real-madrid-kariyerinde\\\/#primaryimage\"},\"thumbnailUrl\":\"https:\\\/\\\/bladnanews.com\\\/wp-content\\\/uploads\\\/2026\\\/01\\\/real-madrid-marokkaanse-financierder-anas-laghrari.webp\",\"articleSection\":[\"Latest News\",\"Morocco National Team\"],\"inLanguage\":\"fr-FR\",\"copyrightYear\":\"2026\",\"copyrightHolder\":{\"@id\":\"https:\\\/\\\/bladnanews.com\\\/fr\\\/#organization\"}},{\"@type\":\"WebPage\",\"@id\":\"https:\\\/\\\/bladnanews.com\\\/marokkaanse-anas-laghrari-isimleri-real-madrid-kariyerinde\\\/\",\"url\":\"https:\\\/\\\/bladnanews.com\\\/marokkaanse-anas-laghrari-isimleri-real-madrid-kariyerinde\\\/\",\"name\":\"Marokkaanse Anas Laghrari isimleri Real Madrid kariyerinde - Bladna News\",\"isPartOf\":{\"@id\":\"https:\\\/\\\/mediumseagreen-eel-531711.hostingersite.com\\\/#website\"},\"primaryImageOfPage\":{\"@id\":\"https:\\\/\\\/bladnanews.com\\\/marokkaanse-anas-laghrari-isimleri-real-madrid-kariyerinde\\\/#primaryimage\"},\"image\":{\"@id\":\"https:\\\/\\\/bladnanews.com\\\/marokkaanse-anas-laghrari-isimleri-real-madrid-kariyerinde\\\/#primaryimage\"},\"thumbnailUrl\":\"https:\\\/\\\/bladnanews.com\\\/wp-content\\\/uploads\\\/2026\\\/01\\\/real-madrid-marokkaanse-financierder-anas-laghrari.webp\",\"datePublished\":\"2026-01-01T18:40:17+00:00\",\"breadcrumb\":{\"@id\":\"https:\\\/\\\/bladnanews.com\\\/marokkaanse-anas-laghrari-isimleri-real-madrid-kariyerinde\\\/#breadcrumb\"},\"inLanguage\":\"fr-FR\",\"potentialAction\":[{\"@type\":\"ReadAction\",\"target\":[\"https:\\\/\\\/bladnanews.com\\\/marokkaanse-anas-laghrari-isimleri-real-madrid-kariyerinde\\\/\"]}]},{\"@type\":\"ImageObject\",\"inLanguage\":\"fr-FR\",\"@id\":\"https:\\\/\\\/bladnanews.com\\\/marokkaanse-anas-laghrari-isimleri-real-madrid-kariyerinde\\\/#primaryimage\",\"url\":\"https:\\\/\\\/bladnanews.com\\\/wp-content\\\/uploads\\\/2026\\\/01\\\/real-madrid-marokkaanse-financierder-anas-laghrari.webp\",\"contentUrl\":\"https:\\\/\\\/bladnanews.com\\\/wp-content\\\/uploads\\\/2026\\\/01\\\/real-madrid-marokkaanse-financierder-anas-laghrari.webp\",\"width\":1200,\"height\":750},{\"@type\":\"BreadcrumbList\",\"@id\":\"https:\\\/\\\/bladnanews.com\\\/marokkaanse-anas-laghrari-isimleri-real-madrid-kariyerinde\\\/#breadcrumb\",\"itemListElement\":[{\"@type\":\"ListItem\",\"position\":1,\"name\":\"Home\",\"item\":\"https:\\\/\\\/bladnanews.com\\\/\"},{\"@type\":\"ListItem\",\"position\":2,\"name\":\"Marokkaanse Anas Laghrari isimleri Real Madrid kariyerinde\"}]},{\"@type\":\"WebSite\",\"@id\":\"https:\\\/\\\/mediumseagreen-eel-531711.hostingersite.com\\\/#website\",\"url\":\"https:\\\/\\\/mediumseagreen-eel-531711.hostingersite.com\\\/\",\"name\":\"Bladna News - Morocco\",\"description\":\"Where Moroccan Football Meets the World\",\"publisher\":{\"@id\":\"https:\\\/\\\/mediumseagreen-eel-531711.hostingersite.com\\\/#organization\"},\"potentialAction\":[{\"@type\":\"SearchAction\",\"target\":{\"@type\":\"EntryPoint\",\"urlTemplate\":\"https:\\\/\\\/mediumseagreen-eel-531711.hostingersite.com\\\/?s={search_term_string}\"},\"query-input\":{\"@type\":\"PropertyValueSpecification\",\"valueRequired\":true,\"valueName\":\"search_term_string\"}}],\"inLanguage\":\"fr-FR\"},{\"@type\":\"Organization\",\"@id\":\"https:\\\/\\\/mediumseagreen-eel-531711.hostingersite.com\\\/#organization\",\"name\":\"Bladna News.com\",\"url\":\"https:\\\/\\\/mediumseagreen-eel-531711.hostingersite.com\\\/\",\"logo\":{\"@type\":\"ImageObject\",\"inLanguage\":\"fr-FR\",\"@id\":\"https:\\\/\\\/mediumseagreen-eel-531711.hostingersite.com\\\/#\\\/schema\\\/logo\\\/image\\\/\",\"url\":\"https:\\\/\\\/bladnanews.com\\\/wp-content\\\/uploads\\\/2025\\\/12\\\/logo-bladnanews-V2-web-black-red.png\",\"contentUrl\":\"https:\\\/\\\/bladnanews.com\\\/wp-content\\\/uploads\\\/2025\\\/12\\\/logo-bladnanews-V2-web-black-red.png\",\"width\":703,\"height\":287,\"caption\":\"Bladna News.com\"},\"image\":{\"@id\":\"https:\\\/\\\/mediumseagreen-eel-531711.hostingersite.com\\\/#\\\/schema\\\/logo\\\/image\\\/\"},\"email\":\"info@bladnanews.com\",\"legalName\":\"Bladna News\"},{\"@type\":\"Person\",\"@id\":\"https:\\\/\\\/mediumseagreen-eel-531711.hostingersite.com\\\/#\\\/schema\\\/person\\\/6712b38fabe810f7eb8d15ed30d90f1e\",\"name\":\"Bladna Sports Desk\",\"url\":\"https:\\\/\\\/bladnanews.com\\\/fr\\\/author\\\/bladna-sports-desk\\\/\"}]}<\/script>\n<!-- \/ Yoast SEO Premium plugin. -->","yoast_head_json":{"title":"Marokkaanse Anas Laghrari isimleri Real Madrid kariyerinde - Bladna News","robots":{"index":"index","follow":"follow","max-snippet":"max-snippet:-1","max-image-preview":"max-image-preview:large","max-video-preview":"max-video-preview:-1"},"canonical":"https:\/\/bladnanews.com\/fr\/marokkaanse-anas-laghrari-noms-dans-la-carriere-de-real-madrid\/","og_locale":"fr_FR","og_type":"article","og_title":"Marokkaanse Anas Laghrari isimleri Real Madrid kariyerinde","og_description":"Real Madrid have confirmed a new figure will take a leading role behind the scenes, with Moroccan-born Anas Laghrari set [&hellip;]","og_url":"https:\/\/bladnanews.com\/fr\/marokkaanse-anas-laghrari-noms-dans-la-carriere-de-real-madrid\/","og_site_name":"Bladna News","article_published_time":"2026-01-01T18:40:17+00:00","og_image":[{"width":1200,"height":750,"url":"https:\/\/bladnanews.com\/wp-content\/uploads\/2026\/01\/real-madrid-marokkaanse-financierder-anas-laghrari.webp","type":"image\/webp"}],"author":"Bladna Sports Desk","twitter_card":"summary_large_image","twitter_misc":{"\u00c9crit par":"Bladna Sports Desk","Dur\u00e9e de lecture estim\u00e9e":"1 minute"},"schema":{"@context":"https:\/\/schema.org","@graph":[{"@type":"Article","@id":"https:\/\/bladnanews.com\/marokkaanse-anas-laghrari-isimleri-real-madrid-kariyerinde\/#article","isPartOf":{"@id":"https:\/\/bladnanews.com\/marokkaanse-anas-laghrari-isimleri-real-madrid-kariyerinde\/"},"author":{"name":"Bladna Sports Desk","@id":"https:\/\/mediumseagreen-eel-531711.hostingersite.com\/#\/schema\/person\/6712b38fabe810f7eb8d15ed30d90f1e"},"headline":"Marokkaanse Anas Laghrari isimleri Real Madrid kariyerinde","datePublished":"2026-01-01T18:40:17+00:00","mainEntityOfPage":{"@id":"https:\/\/bladnanews.com\/marokkaanse-anas-laghrari-isimleri-real-madrid-kariyerinde\/"},"wordCount":195,"publisher":{"@id":"https:\/\/mediumseagreen-eel-531711.hostingersite.com\/#organization"},"image":{"@id":"https:\/\/bladnanews.com\/marokkaanse-anas-laghrari-isimleri-real-madrid-kariyerinde\/#primaryimage"},"thumbnailUrl":"https:\/\/bladnanews.com\/wp-content\/uploads\/2026\/01\/real-madrid-marokkaanse-financierder-anas-laghrari.webp","articleSection":["Latest News","Morocco National Team"],"inLanguage":"fr-FR","copyrightYear":"2026","copyrightHolder":{"@id":"https:\/\/bladnanews.com\/fr\/#organization"}},{"@type":"WebPage","@id":"https:\/\/bladnanews.com\/marokkaanse-anas-laghrari-isimleri-real-madrid-kariyerinde\/","url":"https:\/\/bladnanews.com\/marokkaanse-anas-laghrari-isimleri-real-madrid-kariyerinde\/","name":"Marokkaanse Anas Laghrari isimleri Real Madrid kariyerinde - Bladna News","isPartOf":{"@id":"https:\/\/mediumseagreen-eel-531711.hostingersite.com\/#website"},"primaryImageOfPage":{"@id":"https:\/\/bladnanews.com\/marokkaanse-anas-laghrari-isimleri-real-madrid-kariyerinde\/#primaryimage"},"image":{"@id":"https:\/\/bladnanews.com\/marokkaanse-anas-laghrari-isimleri-real-madrid-kariyerinde\/#primaryimage"},"thumbnailUrl":"https:\/\/bladnanews.com\/wp-content\/uploads\/2026\/01\/real-madrid-marokkaanse-financierder-anas-laghrari.webp","datePublished":"2026-01-01T18:40:17+00:00","breadcrumb":{"@id":"https:\/\/bladnanews.com\/marokkaanse-anas-laghrari-isimleri-real-madrid-kariyerinde\/#breadcrumb"},"inLanguage":"fr-FR","potentialAction":[{"@type":"ReadAction","target":["https:\/\/bladnanews.com\/marokkaanse-anas-laghrari-isimleri-real-madrid-kariyerinde\/"]}]},{"@type":"ImageObject","inLanguage":"fr-FR","@id":"https:\/\/bladnanews.com\/marokkaanse-anas-laghrari-isimleri-real-madrid-kariyerinde\/#primaryimage","url":"https:\/\/bladnanews.com\/wp-content\/uploads\/2026\/01\/real-madrid-marokkaanse-financierder-anas-laghrari.webp","contentUrl":"https:\/\/bladnanews.com\/wp-content\/uploads\/2026\/01\/real-madrid-marokkaanse-financierder-anas-laghrari.webp","width":1200,"height":750},{"@type":"BreadcrumbList","@id":"https:\/\/bladnanews.com\/marokkaanse-anas-laghrari-isimleri-real-madrid-kariyerinde\/#breadcrumb","itemListElement":[{"@type":"ListItem","position":1,"name":"Home","item":"https:\/\/bladnanews.com\/"},{"@type":"ListItem","position":2,"name":"Marokkaanse Anas Laghrari isimleri Real Madrid kariyerinde"}]},{"@type":"WebSite","@id":"https:\/\/mediumseagreen-eel-531711.hostingersite.com\/#website","url":"https:\/\/mediumseagreen-eel-531711.hostingersite.com\/","name":"Bladna News - Maroc","description":"Quand le football marocain rencontre le monde","publisher":{"@id":"https:\/\/mediumseagreen-eel-531711.hostingersite.com\/#organization"},"potentialAction":[{"@type":"SearchAction","target":{"@type":"EntryPoint","urlTemplate":"https:\/\/mediumseagreen-eel-531711.hostingersite.com\/?s={search_term_string}"},"query-input":{"@type":"PropertyValueSpecification","valueRequired":true,"valueName":"search_term_string"}}],"inLanguage":"fr-FR"},{"@type":"Organization","@id":"https:\/\/mediumseagreen-eel-531711.hostingersite.com\/#organization","name":"Bladna News.com","url":"https:\/\/mediumseagreen-eel-531711.hostingersite.com\/","logo":{"@type":"ImageObject","inLanguage":"fr-FR","@id":"https:\/\/mediumseagreen-eel-531711.hostingersite.com\/#\/schema\/logo\/image\/","url":"https:\/\/bladnanews.com\/wp-content\/uploads\/2025\/12\/logo-bladnanews-V2-web-black-red.png","contentUrl":"https:\/\/bladnanews.com\/wp-content\/uploads\/2025\/12\/logo-bladnanews-V2-web-black-red.png","width":703,"height":287,"caption":"Bladna News.com"},"image":{"@id":"https:\/\/mediumseagreen-eel-531711.hostingersite.com\/#\/schema\/logo\/image\/"},"email":"info@bladnanews.com","legalName":"Bladna News"},{"@type":"Person","@id":"https:\/\/mediumseagreen-eel-531711.hostingersite.com\/#\/schema\/person\/6712b38fabe810f7eb8d15ed30d90f1e","name":"Bladna Sports Desk","url":"https:\/\/bladnanews.com\/fr\/author\/bladna-sports-desk\/"}]}},"_links":{"self":[{"href":"https:\/\/bladnanews.com\/fr\/wp-json\/wp\/v2\/posts\/1172","targetHints":{"allow":["GET"]}}],"collection":[{"href":"https:\/\/bladnanews.com\/fr\/wp-json\/wp\/v2\/posts"}],"about":[{"href":"https:\/\/bladnanews.com\/fr\/wp-json\/wp\/v2\/types\/post"}],"author":[{"embeddable":true,"href":"https:\/\/bladnanews.com\/fr\/wp-json\/wp\/v2\/users\/4"}],"replies":[{"embeddable":true,"href":"https:\/\/bladnanews.com\/fr\/wp-json\/wp\/v2\/comments?post=1172"}],"version-history":[{"count":0,"href":"https:\/\/bladnanews.com\/fr\/wp-json\/wp\/v2\/posts\/1172\/revisions"}],"wp:featuredmedia":[{"embeddable":true,"href":"https:\/\/bladnanews.com\/fr\/wp-json\/wp\/v2\/media\/1171"}],"wp:attachment":[{"href":"https:\/\/bladnanews.com\/fr\/wp-json\/wp\/v2\/media?parent=1172"}],"wp:term":[{"taxonomy":"category","embeddable":true,"href":"https:\/\/bladnanews.com\/fr\/wp-json\/wp\/v2\/categories?post=1172"},{"taxonomy":"post_tag","embeddable":true,"href":"https:\/\/bladnanews.com\/fr\/wp-json\/wp\/v2\/tags?post=1172"}],"curies":[{"name":"wp","href":"https:\/\/api.w.org\/{rel}","templated":true}]}}