{"id":1182,"date":"2026-01-01T07:47:51","date_gmt":"2026-01-01T07:47:51","guid":{"rendered":"https:\/\/bladnanews.com\/neymar-signs-new-contract-with-santos-no-messi-reunion-planned\/"},"modified":"2026-01-01T07:47:51","modified_gmt":"2026-01-01T07:47:51","slug":"neymar-signe-un-nouveau-contrat-avec-santos-aucun-retour-de-messi-prevu","status":"publish","type":"post","link":"https:\/\/bladnanews.com\/fr\/neymar-signe-un-nouveau-contrat-avec-santos-aucun-retour-de-messi-prevu\/","title":{"rendered":"Neymar signe un nouveau contrat avec Santos, aucun retour de Messi pr\u00e9vu"},"content":{"rendered":"<p>Neymar Jr. a sign\u00e9 une prolongation de contrat avec le Santos FC, confirmant qu'il n'y aura pas de retrouvailles avec Lionel Messi au sein du club. L'attaquant br\u00e9silien, qui a d\u00e9j\u00e0 jou\u00e9 avec Messi au FC Barcelone, a engag\u00e9 son avenir \u00e0 Santos, o\u00f9 il a d\u00e9but\u00e9 sa carri\u00e8re professionnelle.<\/p>\n<p>La d\u00e9cision du joueur de 31 ans a \u00e9t\u00e9 r\u00e9v\u00e9l\u00e9e le 20 juin 2024, mettant fin aux sp\u00e9culations selon lesquelles il pourrait de nouveau faire \u00e9quipe avec Messi, qui \u00e9volue actuellement \u00e0 l'Inter Miami. Santos a fait cette annonce apr\u00e8s avoir finalis\u00e9 l'accord qui lie Neymar au club jusqu'en 2027.<\/p>\n<p>Ce nouveau contrat souligne la d\u00e9termination de Santos \u00e0 construire son effectif autour de l'attaquant. Neymar a exprim\u00e9 son bonheur de rester dans son club d'enfance, d\u00e9clarant : \u2019 Je suis fier de continuer \u00e0 repr\u00e9senter l'\u00e9quipe qui m'a donn\u00e9 ma chance. C'est une p\u00e9riode excitante pour Santos, et je souhaite contribuer \u00e0 notre succ\u00e8s sur le terrain. \u201c<\/p>\n<p>Cette prolongation \u00e9carte tout transfert potentiel qui l'aurait r\u00e9uni avec Messi, l'un de ses plus proches amis et anciens co\u00e9quipiers. Malgr\u00e9 les espoirs des supporters de voir une apparition commune \u00e0 Santos, le club a confirm\u00e9 qu'aucun plan de transfert de ce type n'est en cours.<\/p>\n<p>L'annonce est intervenue au cours de la saison en cours du Championnat br\u00e9silien (S\u00e9rie A), o\u00f9 Neymar a d\u00e9j\u00e0 inscrit sept buts en 14 apparitions avec Santos. Sa pr\u00e9sence reste cruciale pour les ambitions de titre de l'\u00e9quipe et la progression du club dans les comp\u00e9titions nationales.<\/p>\n<p>Avec le maintien de Neymar, Santos pr\u00e9voit de se concentrer sur le renforcement de l'effectif autour de lui. Les dirigeants du club ont salu\u00e9 le professionnalisme et le leadership de l'attaquant, soulignant que cette prolongation de contrat constitue un atout majeur pour leurs objectifs de saison.<\/p>\n<p>Alors que Santos vise le succ\u00e8s cette ann\u00e9e, l'engagement de Neymar t\u00e9moigne de stabilit\u00e9 et d'ambition. Les supporters peuvent continuer \u00e0 profiter de ses talents sans l'incertitude d'un important transfert imminent.<\/p>","protected":false},"excerpt":{"rendered":"<p>Neymar Jr. has signed a new contract extension with Santos FC, confirming there will be no reunion with Lionel Messi [&hellip;]<\/p>\n","protected":false},"author":3,"featured_media":1181,"comment_status":"","ping_status":"open","sticky":false,"template":"","format":"standard","meta":{"googlesitekit_rrm_CAow_uzEDA:productID":"","site-sidebar-layout":"default","site-content-layout":"","ast-site-content-layout":"default","site-content-style":"default","site-sidebar-style":"default","ast-global-header-display":"","ast-banner-title-visibility":"","ast-main-header-display":"","ast-hfb-above-header-display":"","ast-hfb-below-header-display":"","ast-hfb-mobile-header-display":"","site-post-title":"","ast-breadcrumbs-content":"","ast-featured-img":"","footer-sml-layout":"","ast-disable-related-posts":"","theme-transparent-header-meta":"","adv-header-id-meta":"","stick-header-meta":"","header-above-stick-meta":"","header-main-stick-meta":"","header-below-stick-meta":"","astra-migrate-meta-layouts":"default","ast-page-background-enabled":"default","ast-page-background-meta":{"desktop":{"background-color":"var(--ast-global-color-5)","background-image":"","background-repeat":"repeat","background-position":"center center","background-size":"auto","background-attachment":"scroll","background-type":"","background-media":"","overlay-type":"","overlay-color":"","overlay-opacity":"","overlay-gradient":""},"tablet":{"background-color":"","background-image":"","background-repeat":"repeat","background-position":"center center","background-size":"auto","background-attachment":"scroll","background-type":"","background-media":"","overlay-type":"","overlay-color":"","overlay-opacity":"","overlay-gradient":""},"mobile":{"background-color":"","background-image":"","background-repeat":"repeat","background-position":"center center","background-size":"auto","background-attachment":"scroll","background-type":"","background-media":"","overlay-type":"","overlay-color":"","overlay-opacity":"","overlay-gradient":""}},"ast-content-background-meta":{"desktop":{"background-color":"var(--ast-global-color-4)","background-image":"","background-repeat":"repeat","background-position":"center center","background-size":"auto","background-attachment":"scroll","background-type":"","background-media":"","overlay-type":"","overlay-color":"","overlay-opacity":"","overlay-gradient":""},"tablet":{"background-color":"var(--ast-global-color-4)","background-image":"","background-repeat":"repeat","background-position":"center center","background-size":"auto","background-attachment":"scroll","background-type":"","background-media":"","overlay-type":"","overlay-color":"","overlay-opacity":"","overlay-gradient":""},"mobile":{"background-color":"var(--ast-global-color-4)","background-image":"","background-repeat":"repeat","background-position":"center center","background-size":"auto","background-attachment":"scroll","background-type":"","background-media":"","overlay-type":"","overlay-color":"","overlay-opacity":"","overlay-gradient":""}},"footnotes":""},"categories":[20,1],"tags":[],"class_list":["post-1182","post","type-post","status-publish","format-standard","has-post-thumbnail","hentry","category-international","category-football-latest-news"],"yoast_head":"<!-- This site is optimized with the Yoast SEO Premium plugin v26.6 (Yoast SEO v27.5) - https:\/\/yoast.com\/product\/yoast-seo-premium-wordpress\/ -->\n<title>Neymar signs new contract with Santos no Messi reunion planned - Bladna News<\/title>\n<meta name=\"robots\" content=\"index, follow, max-snippet:-1, max-image-preview:large, max-video-preview:-1\" \/>\n<link rel=\"canonical\" href=\"https:\/\/bladnanews.com\/fr\/neymar-signe-un-nouveau-contrat-avec-santos-aucun-retour-de-messi-prevu\/\" \/>\n<meta property=\"og:locale\" content=\"fr_FR\" \/>\n<meta property=\"og:type\" content=\"article\" \/>\n<meta property=\"og:title\" content=\"Neymar signs new contract with Santos no Messi reunion planned\" \/>\n<meta property=\"og:description\" content=\"Neymar Jr. has signed a new contract extension with Santos FC, confirming there will be no reunion with Lionel Messi [&hellip;]\" \/>\n<meta property=\"og:url\" content=\"https:\/\/bladnanews.com\/fr\/neymar-signe-un-nouveau-contrat-avec-santos-aucun-retour-de-messi-prevu\/\" \/>\n<meta property=\"og:site_name\" content=\"Bladna News\" \/>\n<meta property=\"article:published_time\" content=\"2026-01-01T07:47:51+00:00\" \/>\n<meta property=\"og:image\" content=\"https:\/\/bladnanews.com\/wp-content\/uploads\/2026\/01\/BladnaNews-Neymar-signs-new-contract-with-Santos-no-Messi-reunion-planned-2026-01-01T163255.085Z.jpg\" \/>\n\t<meta property=\"og:image:width\" content=\"1920\" \/>\n\t<meta property=\"og:image:height\" content=\"1080\" \/>\n\t<meta property=\"og:image:type\" content=\"image\/jpeg\" \/>\n<meta name=\"author\" content=\"Bladna News Staff\" \/>\n<meta name=\"twitter:card\" content=\"summary_large_image\" \/>\n<meta name=\"twitter:label1\" content=\"\u00c9crit par\" \/>\n\t<meta name=\"twitter:data1\" content=\"Bladna News Staff\" \/>\n\t<meta name=\"twitter:label2\" content=\"Dur\u00e9e de lecture estim\u00e9e\" \/>\n\t<meta name=\"twitter:data2\" content=\"1 minute\" \/>\n<script type=\"application\/ld+json\" class=\"yoast-schema-graph\">{\"@context\":\"https:\\\/\\\/schema.org\",\"@graph\":[{\"@type\":\"Article\",\"@id\":\"https:\\\/\\\/bladnanews.com\\\/neymar-signs-new-contract-with-santos-no-messi-reunion-planned\\\/#article\",\"isPartOf\":{\"@id\":\"https:\\\/\\\/bladnanews.com\\\/neymar-signs-new-contract-with-santos-no-messi-reunion-planned\\\/\"},\"author\":{\"name\":\"Bladna News Staff\",\"@id\":\"https:\\\/\\\/mediumseagreen-eel-531711.hostingersite.com\\\/#\\\/schema\\\/person\\\/268e18a453ab080ebf76df6ef7845083\"},\"headline\":\"Neymar signs new contract with Santos no Messi reunion planned\",\"datePublished\":\"2026-01-01T07:47:51+00:00\",\"mainEntityOfPage\":{\"@id\":\"https:\\\/\\\/bladnanews.com\\\/neymar-signs-new-contract-with-santos-no-messi-reunion-planned\\\/\"},\"wordCount\":297,\"publisher\":{\"@id\":\"https:\\\/\\\/mediumseagreen-eel-531711.hostingersite.com\\\/#organization\"},\"image\":{\"@id\":\"https:\\\/\\\/bladnanews.com\\\/neymar-signs-new-contract-with-santos-no-messi-reunion-planned\\\/#primaryimage\"},\"thumbnailUrl\":\"https:\\\/\\\/bladnanews.com\\\/wp-content\\\/uploads\\\/2026\\\/01\\\/BladnaNews-Neymar-signs-new-contract-with-Santos-no-Messi-reunion-planned-2026-01-01T163255.085Z.jpg\",\"articleSection\":[\"International\",\"Latest News\"],\"inLanguage\":\"fr-FR\",\"copyrightYear\":\"2026\",\"copyrightHolder\":{\"@id\":\"https:\\\/\\\/bladnanews.com\\\/fr\\\/#organization\"}},{\"@type\":\"WebPage\",\"@id\":\"https:\\\/\\\/bladnanews.com\\\/neymar-signs-new-contract-with-santos-no-messi-reunion-planned\\\/\",\"url\":\"https:\\\/\\\/bladnanews.com\\\/neymar-signs-new-contract-with-santos-no-messi-reunion-planned\\\/\",\"name\":\"Neymar signs new contract with Santos no Messi reunion planned - Bladna News\",\"isPartOf\":{\"@id\":\"https:\\\/\\\/mediumseagreen-eel-531711.hostingersite.com\\\/#website\"},\"primaryImageOfPage\":{\"@id\":\"https:\\\/\\\/bladnanews.com\\\/neymar-signs-new-contract-with-santos-no-messi-reunion-planned\\\/#primaryimage\"},\"image\":{\"@id\":\"https:\\\/\\\/bladnanews.com\\\/neymar-signs-new-contract-with-santos-no-messi-reunion-planned\\\/#primaryimage\"},\"thumbnailUrl\":\"https:\\\/\\\/bladnanews.com\\\/wp-content\\\/uploads\\\/2026\\\/01\\\/BladnaNews-Neymar-signs-new-contract-with-Santos-no-Messi-reunion-planned-2026-01-01T163255.085Z.jpg\",\"datePublished\":\"2026-01-01T07:47:51+00:00\",\"breadcrumb\":{\"@id\":\"https:\\\/\\\/bladnanews.com\\\/neymar-signs-new-contract-with-santos-no-messi-reunion-planned\\\/#breadcrumb\"},\"inLanguage\":\"fr-FR\",\"potentialAction\":[{\"@type\":\"ReadAction\",\"target\":[\"https:\\\/\\\/bladnanews.com\\\/neymar-signs-new-contract-with-santos-no-messi-reunion-planned\\\/\"]}]},{\"@type\":\"ImageObject\",\"inLanguage\":\"fr-FR\",\"@id\":\"https:\\\/\\\/bladnanews.com\\\/neymar-signs-new-contract-with-santos-no-messi-reunion-planned\\\/#primaryimage\",\"url\":\"https:\\\/\\\/bladnanews.com\\\/wp-content\\\/uploads\\\/2026\\\/01\\\/BladnaNews-Neymar-signs-new-contract-with-Santos-no-Messi-reunion-planned-2026-01-01T163255.085Z.jpg\",\"contentUrl\":\"https:\\\/\\\/bladnanews.com\\\/wp-content\\\/uploads\\\/2026\\\/01\\\/BladnaNews-Neymar-signs-new-contract-with-Santos-no-Messi-reunion-planned-2026-01-01T163255.085Z.jpg\",\"width\":1600,\"height\":900},{\"@type\":\"BreadcrumbList\",\"@id\":\"https:\\\/\\\/bladnanews.com\\\/neymar-signs-new-contract-with-santos-no-messi-reunion-planned\\\/#breadcrumb\",\"itemListElement\":[{\"@type\":\"ListItem\",\"position\":1,\"name\":\"Home\",\"item\":\"https:\\\/\\\/bladnanews.com\\\/\"},{\"@type\":\"ListItem\",\"position\":2,\"name\":\"Neymar signs new contract with Santos no Messi reunion planned\"}]},{\"@type\":\"WebSite\",\"@id\":\"https:\\\/\\\/mediumseagreen-eel-531711.hostingersite.com\\\/#website\",\"url\":\"https:\\\/\\\/mediumseagreen-eel-531711.hostingersite.com\\\/\",\"name\":\"Bladna News - Morocco\",\"description\":\"Where Moroccan Football Meets the World\",\"publisher\":{\"@id\":\"https:\\\/\\\/mediumseagreen-eel-531711.hostingersite.com\\\/#organization\"},\"potentialAction\":[{\"@type\":\"SearchAction\",\"target\":{\"@type\":\"EntryPoint\",\"urlTemplate\":\"https:\\\/\\\/mediumseagreen-eel-531711.hostingersite.com\\\/?s={search_term_string}\"},\"query-input\":{\"@type\":\"PropertyValueSpecification\",\"valueRequired\":true,\"valueName\":\"search_term_string\"}}],\"inLanguage\":\"fr-FR\"},{\"@type\":\"Organization\",\"@id\":\"https:\\\/\\\/mediumseagreen-eel-531711.hostingersite.com\\\/#organization\",\"name\":\"Bladna News.com\",\"url\":\"https:\\\/\\\/mediumseagreen-eel-531711.hostingersite.com\\\/\",\"logo\":{\"@type\":\"ImageObject\",\"inLanguage\":\"fr-FR\",\"@id\":\"https:\\\/\\\/mediumseagreen-eel-531711.hostingersite.com\\\/#\\\/schema\\\/logo\\\/image\\\/\",\"url\":\"https:\\\/\\\/bladnanews.com\\\/wp-content\\\/uploads\\\/2025\\\/12\\\/logo-bladnanews-V2-web-black-red.png\",\"contentUrl\":\"https:\\\/\\\/bladnanews.com\\\/wp-content\\\/uploads\\\/2025\\\/12\\\/logo-bladnanews-V2-web-black-red.png\",\"width\":703,\"height\":287,\"caption\":\"Bladna News.com\"},\"image\":{\"@id\":\"https:\\\/\\\/mediumseagreen-eel-531711.hostingersite.com\\\/#\\\/schema\\\/logo\\\/image\\\/\"},\"email\":\"info@bladnanews.com\",\"legalName\":\"Bladna News\"},{\"@type\":\"Person\",\"@id\":\"https:\\\/\\\/mediumseagreen-eel-531711.hostingersite.com\\\/#\\\/schema\\\/person\\\/268e18a453ab080ebf76df6ef7845083\",\"name\":\"Bladna News Staff\",\"url\":\"https:\\\/\\\/bladnanews.com\\\/fr\\\/author\\\/bladna-news-staff\\\/\"}]}<\/script>\n<!-- \/ Yoast SEO Premium plugin. -->","yoast_head_json":{"title":"Neymar signe un nouveau contrat avec Santos, aucun retour de Messi pr\u00e9vu - Bladna News","robots":{"index":"index","follow":"follow","max-snippet":"max-snippet:-1","max-image-preview":"max-image-preview:large","max-video-preview":"max-video-preview:-1"},"canonical":"https:\/\/bladnanews.com\/fr\/neymar-signe-un-nouveau-contrat-avec-santos-aucun-retour-de-messi-prevu\/","og_locale":"fr_FR","og_type":"article","og_title":"Neymar signs new contract with Santos no Messi reunion planned","og_description":"Neymar Jr. has signed a new contract extension with Santos FC, confirming there will be no reunion with Lionel Messi [&hellip;]","og_url":"https:\/\/bladnanews.com\/fr\/neymar-signe-un-nouveau-contrat-avec-santos-aucun-retour-de-messi-prevu\/","og_site_name":"Bladna News","article_published_time":"2026-01-01T07:47:51+00:00","og_image":[{"width":1920,"height":1080,"url":"https:\/\/bladnanews.com\/wp-content\/uploads\/2026\/01\/BladnaNews-Neymar-signs-new-contract-with-Santos-no-Messi-reunion-planned-2026-01-01T163255.085Z.jpg","type":"image\/jpeg"}],"author":"Bladna News Staff","twitter_card":"summary_large_image","twitter_misc":{"\u00c9crit par":"Bladna News Staff","Dur\u00e9e de lecture estim\u00e9e":"1 minute"},"schema":{"@context":"https:\/\/schema.org","@graph":[{"@type":"Article","@id":"https:\/\/bladnanews.com\/neymar-signs-new-contract-with-santos-no-messi-reunion-planned\/#article","isPartOf":{"@id":"https:\/\/bladnanews.com\/neymar-signs-new-contract-with-santos-no-messi-reunion-planned\/"},"author":{"name":"Bladna News Staff","@id":"https:\/\/mediumseagreen-eel-531711.hostingersite.com\/#\/schema\/person\/268e18a453ab080ebf76df6ef7845083"},"headline":"Neymar signs new contract with Santos no Messi reunion planned","datePublished":"2026-01-01T07:47:51+00:00","mainEntityOfPage":{"@id":"https:\/\/bladnanews.com\/neymar-signs-new-contract-with-santos-no-messi-reunion-planned\/"},"wordCount":297,"publisher":{"@id":"https:\/\/mediumseagreen-eel-531711.hostingersite.com\/#organization"},"image":{"@id":"https:\/\/bladnanews.com\/neymar-signs-new-contract-with-santos-no-messi-reunion-planned\/#primaryimage"},"thumbnailUrl":"https:\/\/bladnanews.com\/wp-content\/uploads\/2026\/01\/BladnaNews-Neymar-signs-new-contract-with-Santos-no-Messi-reunion-planned-2026-01-01T163255.085Z.jpg","articleSection":["International","Latest News"],"inLanguage":"fr-FR","copyrightYear":"2026","copyrightHolder":{"@id":"https:\/\/bladnanews.com\/fr\/#organization"}},{"@type":"WebPage","@id":"https:\/\/bladnanews.com\/neymar-signs-new-contract-with-santos-no-messi-reunion-planned\/","url":"https:\/\/bladnanews.com\/neymar-signs-new-contract-with-santos-no-messi-reunion-planned\/","name":"Neymar signe un nouveau contrat avec Santos, aucun retour de Messi pr\u00e9vu - Bladna News","isPartOf":{"@id":"https:\/\/mediumseagreen-eel-531711.hostingersite.com\/#website"},"primaryImageOfPage":{"@id":"https:\/\/bladnanews.com\/neymar-signs-new-contract-with-santos-no-messi-reunion-planned\/#primaryimage"},"image":{"@id":"https:\/\/bladnanews.com\/neymar-signs-new-contract-with-santos-no-messi-reunion-planned\/#primaryimage"},"thumbnailUrl":"https:\/\/bladnanews.com\/wp-content\/uploads\/2026\/01\/BladnaNews-Neymar-signs-new-contract-with-Santos-no-Messi-reunion-planned-2026-01-01T163255.085Z.jpg","datePublished":"2026-01-01T07:47:51+00:00","breadcrumb":{"@id":"https:\/\/bladnanews.com\/neymar-signs-new-contract-with-santos-no-messi-reunion-planned\/#breadcrumb"},"inLanguage":"fr-FR","potentialAction":[{"@type":"ReadAction","target":["https:\/\/bladnanews.com\/neymar-signs-new-contract-with-santos-no-messi-reunion-planned\/"]}]},{"@type":"ImageObject","inLanguage":"fr-FR","@id":"https:\/\/bladnanews.com\/neymar-signs-new-contract-with-santos-no-messi-reunion-planned\/#primaryimage","url":"https:\/\/bladnanews.com\/wp-content\/uploads\/2026\/01\/BladnaNews-Neymar-signs-new-contract-with-Santos-no-Messi-reunion-planned-2026-01-01T163255.085Z.jpg","contentUrl":"https:\/\/bladnanews.com\/wp-content\/uploads\/2026\/01\/BladnaNews-Neymar-signs-new-contract-with-Santos-no-Messi-reunion-planned-2026-01-01T163255.085Z.jpg","width":1600,"height":900},{"@type":"BreadcrumbList","@id":"https:\/\/bladnanews.com\/neymar-signs-new-contract-with-santos-no-messi-reunion-planned\/#breadcrumb","itemListElement":[{"@type":"ListItem","position":1,"name":"Home","item":"https:\/\/bladnanews.com\/"},{"@type":"ListItem","position":2,"name":"Neymar signs new contract with Santos no Messi reunion planned"}]},{"@type":"WebSite","@id":"https:\/\/mediumseagreen-eel-531711.hostingersite.com\/#website","url":"https:\/\/mediumseagreen-eel-531711.hostingersite.com\/","name":"Bladna News - Maroc","description":"Quand le football marocain rencontre le monde","publisher":{"@id":"https:\/\/mediumseagreen-eel-531711.hostingersite.com\/#organization"},"potentialAction":[{"@type":"SearchAction","target":{"@type":"EntryPoint","urlTemplate":"https:\/\/mediumseagreen-eel-531711.hostingersite.com\/?s={search_term_string}"},"query-input":{"@type":"PropertyValueSpecification","valueRequired":true,"valueName":"search_term_string"}}],"inLanguage":"fr-FR"},{"@type":"Organization","@id":"https:\/\/mediumseagreen-eel-531711.hostingersite.com\/#organization","name":"Bladna News.com","url":"https:\/\/mediumseagreen-eel-531711.hostingersite.com\/","logo":{"@type":"ImageObject","inLanguage":"fr-FR","@id":"https:\/\/mediumseagreen-eel-531711.hostingersite.com\/#\/schema\/logo\/image\/","url":"https:\/\/bladnanews.com\/wp-content\/uploads\/2025\/12\/logo-bladnanews-V2-web-black-red.png","contentUrl":"https:\/\/bladnanews.com\/wp-content\/uploads\/2025\/12\/logo-bladnanews-V2-web-black-red.png","width":703,"height":287,"caption":"Bladna News.com"},"image":{"@id":"https:\/\/mediumseagreen-eel-531711.hostingersite.com\/#\/schema\/logo\/image\/"},"email":"info@bladnanews.com","legalName":"Bladna News"},{"@type":"Person","@id":"https:\/\/mediumseagreen-eel-531711.hostingersite.com\/#\/schema\/person\/268e18a453ab080ebf76df6ef7845083","name":"\u00c9quipe r\u00e9dactionnelle de Bladna News","url":"https:\/\/bladnanews.com\/fr\/author\/bladna-news-staff\/"}]}},"_links":{"self":[{"href":"https:\/\/bladnanews.com\/fr\/wp-json\/wp\/v2\/posts\/1182","targetHints":{"allow":["GET"]}}],"collection":[{"href":"https:\/\/bladnanews.com\/fr\/wp-json\/wp\/v2\/posts"}],"about":[{"href":"https:\/\/bladnanews.com\/fr\/wp-json\/wp\/v2\/types\/post"}],"author":[{"embeddable":true,"href":"https:\/\/bladnanews.com\/fr\/wp-json\/wp\/v2\/users\/3"}],"replies":[{"embeddable":true,"href":"https:\/\/bladnanews.com\/fr\/wp-json\/wp\/v2\/comments?post=1182"}],"version-history":[{"count":0,"href":"https:\/\/bladnanews.com\/fr\/wp-json\/wp\/v2\/posts\/1182\/revisions"}],"wp:featuredmedia":[{"embeddable":true,"href":"https:\/\/bladnanews.com\/fr\/wp-json\/wp\/v2\/media\/1181"}],"wp:attachment":[{"href":"https:\/\/bladnanews.com\/fr\/wp-json\/wp\/v2\/media?parent=1182"}],"wp:term":[{"taxonomy":"category","embeddable":true,"href":"https:\/\/bladnanews.com\/fr\/wp-json\/wp\/v2\/categories?post=1182"},{"taxonomy":"post_tag","embeddable":true,"href":"https:\/\/bladnanews.com\/fr\/wp-json\/wp\/v2\/tags?post=1182"}],"curies":[{"name":"wp","href":"https:\/\/api.w.org\/{rel}","templated":true}]}}