{"id":1188,"date":"2026-01-01T09:09:44","date_gmt":"2026-01-01T09:09:44","guid":{"rendered":"https:\/\/bladnanews.com\/virgil-van-dijk-pays-emotional-tribute-to-diogo-jota-on-new-years-eve\/"},"modified":"2026-01-01T09:09:44","modified_gmt":"2026-01-01T09:09:44","slug":"virgil-van-dijk-rend-un-hommage-emouvant-a-diogo-jota-lors-du-reveillon-du-nouvel-an","status":"publish","type":"post","link":"https:\/\/bladnanews.com\/fr\/virgil-van-dijk-rend-un-hommage-emouvant-a-diogo-jota-lors-du-reveillon-du-nouvel-an\/","title":{"rendered":"Virgil van Dijk rend un hommage \u00e9mouvant \u00e0 Diogo Jota lors du r\u00e9veillon du Nouvel An."},"content":{"rendered":"<p>Le capitaine de Liverpool, Virgil van Dijk, a rendu un hommage \u00e9mouvant \u00e0 son co\u00e9quipier Diogo Jota, d\u00e9crivant son absence comme une \u201c perte qui nous a chang\u00e9s \u00e0 jamais \u201d. Ce message sinc\u00e8re a \u00e9t\u00e9 partag\u00e9 par van Dijk le soir du Nouvel An, soulignant l'impact de la blessure de Jota sur l'\u00e9quipe.<\/p>\n<p>Jota a subi une grave blessure lors du match d'ouverture de la saison 2023-24 de Premier League de Liverpool contre Chelsea \u00e0 Anfield d\u00e9but ao\u00fbt. Ce revers l'a \u00e9cart\u00e9 des terrains pour une longue p\u00e9riode, limitant son r\u00f4le dans la campagne. Van Dijk a r\u00e9fl\u00e9chi \u00e0 la mani\u00e8re dont l'\u00e9quipe a d\u00fb s'adapter depuis lors et a salu\u00e9 l'engagement de Jota dans sa r\u00e9cup\u00e9ration.<\/p>\n<p>\u201c Sa perte nous a chang\u00e9s \u00e0 jamais \u201d, a d\u00e9clar\u00e9 van Dijk dans son message. \u201c Nous l'avons tous profond\u00e9ment ressenti, car Diogo apporte tant d'\u00e9nergie, de talent et de passion au groupe. Ce fut difficile de le voir sur la touche, mais nous sommes tous derri\u00e8re lui alors qu'il travaille \u00e0 retrouver sa pleine forme. \u201d<\/p>\n<p>La blessure de Jota a constitu\u00e9 un d\u00e9fi pour les options offensives de Liverpool, l'attaquant ayant \u00e9t\u00e9 une figure essentielle dans les r\u00e9cents succ\u00e8s de l'\u00e9quipe \u00e0 travers les comp\u00e9titions, notamment la Premier League et la Ligue des champions. L'hommage de van Dijk souligne l'esprit collectif au sein de l'effectif durant cette p\u00e9riode difficile.<\/p>\n<p>Le capitaine des Reds a \u00e9galement soulign\u00e9 l'importance de l'unit\u00e9 \u00e0 l'approche de la seconde moiti\u00e9 de la saison, d\u00e9clarant : \u201c Nous restons unis en tant qu'\u00e9quipe, nous soutenant mutuellement dans les bons et les mauvais moments. Nous avons h\u00e2te de revoir Diogo sur le terrain et de le voir poursuivre son excellent travail. \u201d<\/p>\n<p>Les progr\u00e8s de la r\u00e9\u00e9ducation de Jota sont suivis de pr\u00e8s par les supporters et le staff du club, Liverpool esp\u00e9rant que l'attaquant pourra reprendre la comp\u00e9tition avant la fin de la saison. D'ici l\u00e0, le message de van Dijk t\u00e9moigne de l'importance du joueur et des liens solides au sein de l'\u00e9quipe.<\/p>","protected":false},"excerpt":{"rendered":"<p>Liverpool captain Virgil van Dijk has paid an emotional tribute to teammate Diogo Jota, describing his absence as a \u201closs [&hellip;]<\/p>\n","protected":false},"author":3,"featured_media":1187,"comment_status":"","ping_status":"open","sticky":false,"template":"","format":"standard","meta":{"googlesitekit_rrm_CAow_uzEDA:productID":"","site-sidebar-layout":"default","site-content-layout":"","ast-site-content-layout":"default","site-content-style":"default","site-sidebar-style":"default","ast-global-header-display":"","ast-banner-title-visibility":"","ast-main-header-display":"","ast-hfb-above-header-display":"","ast-hfb-below-header-display":"","ast-hfb-mobile-header-display":"","site-post-title":"","ast-breadcrumbs-content":"","ast-featured-img":"","footer-sml-layout":"","ast-disable-related-posts":"","theme-transparent-header-meta":"","adv-header-id-meta":"","stick-header-meta":"","header-above-stick-meta":"","header-main-stick-meta":"","header-below-stick-meta":"","astra-migrate-meta-layouts":"default","ast-page-background-enabled":"default","ast-page-background-meta":{"desktop":{"background-color":"var(--ast-global-color-5)","background-image":"","background-repeat":"repeat","background-position":"center center","background-size":"auto","background-attachment":"scroll","background-type":"","background-media":"","overlay-type":"","overlay-color":"","overlay-opacity":"","overlay-gradient":""},"tablet":{"background-color":"","background-image":"","background-repeat":"repeat","background-position":"center center","background-size":"auto","background-attachment":"scroll","background-type":"","background-media":"","overlay-type":"","overlay-color":"","overlay-opacity":"","overlay-gradient":""},"mobile":{"background-color":"","background-image":"","background-repeat":"repeat","background-position":"center center","background-size":"auto","background-attachment":"scroll","background-type":"","background-media":"","overlay-type":"","overlay-color":"","overlay-opacity":"","overlay-gradient":""}},"ast-content-background-meta":{"desktop":{"background-color":"var(--ast-global-color-4)","background-image":"","background-repeat":"repeat","background-position":"center center","background-size":"auto","background-attachment":"scroll","background-type":"","background-media":"","overlay-type":"","overlay-color":"","overlay-opacity":"","overlay-gradient":""},"tablet":{"background-color":"var(--ast-global-color-4)","background-image":"","background-repeat":"repeat","background-position":"center center","background-size":"auto","background-attachment":"scroll","background-type":"","background-media":"","overlay-type":"","overlay-color":"","overlay-opacity":"","overlay-gradient":""},"mobile":{"background-color":"var(--ast-global-color-4)","background-image":"","background-repeat":"repeat","background-position":"center center","background-size":"auto","background-attachment":"scroll","background-type":"","background-media":"","overlay-type":"","overlay-color":"","overlay-opacity":"","overlay-gradient":""}},"footnotes":""},"categories":[20,1],"tags":[],"class_list":["post-1188","post","type-post","status-publish","format-standard","has-post-thumbnail","hentry","category-international","category-football-latest-news"],"yoast_head":"<!-- This site is optimized with the Yoast SEO Premium plugin v26.6 (Yoast SEO v27.5) - https:\/\/yoast.com\/product\/yoast-seo-premium-wordpress\/ -->\n<title>Virgil van Dijk pays emotional tribute to Diogo Jota on New Year\u2019s Eve - Bladna News<\/title>\n<meta name=\"robots\" content=\"index, follow, max-snippet:-1, max-image-preview:large, max-video-preview:-1\" \/>\n<link rel=\"canonical\" href=\"https:\/\/bladnanews.com\/fr\/virgil-van-dijk-rend-un-hommage-emouvant-a-diogo-jota-lors-du-reveillon-du-nouvel-an\/\" \/>\n<meta property=\"og:locale\" content=\"fr_FR\" \/>\n<meta property=\"og:type\" content=\"article\" \/>\n<meta property=\"og:title\" content=\"Virgil van Dijk pays emotional tribute to Diogo Jota on New Year\u2019s Eve\" \/>\n<meta property=\"og:description\" content=\"Liverpool captain Virgil van Dijk has paid an emotional tribute to teammate Diogo Jota, describing his absence as a \u201closs [&hellip;]\" \/>\n<meta property=\"og:url\" content=\"https:\/\/bladnanews.com\/fr\/virgil-van-dijk-rend-un-hommage-emouvant-a-diogo-jota-lors-du-reveillon-du-nouvel-an\/\" \/>\n<meta property=\"og:site_name\" content=\"Bladna News\" \/>\n<meta property=\"article:published_time\" content=\"2026-01-01T09:09:44+00:00\" \/>\n<meta property=\"og:image\" content=\"https:\/\/bladnanews.com\/wp-content\/uploads\/2026\/01\/BladnaNews-Virgil-van-Dijk-pays-emotional-tribute-to-Diogo-Jota-on-New-Years-Eve-2026-01-01T163329.760Z.jpg\" \/>\n\t<meta property=\"og:image:width\" content=\"1920\" \/>\n\t<meta property=\"og:image:height\" content=\"1080\" \/>\n\t<meta property=\"og:image:type\" content=\"image\/jpeg\" \/>\n<meta name=\"author\" content=\"Bladna News Staff\" \/>\n<meta name=\"twitter:card\" content=\"summary_large_image\" \/>\n<meta name=\"twitter:label1\" content=\"\u00c9crit par\" \/>\n\t<meta name=\"twitter:data1\" content=\"Bladna News Staff\" \/>\n\t<meta name=\"twitter:label2\" content=\"Dur\u00e9e de lecture estim\u00e9e\" \/>\n\t<meta name=\"twitter:data2\" content=\"2 minutes\" \/>\n<script type=\"application\/ld+json\" class=\"yoast-schema-graph\">{\"@context\":\"https:\\\/\\\/schema.org\",\"@graph\":[{\"@type\":\"Article\",\"@id\":\"https:\\\/\\\/bladnanews.com\\\/virgil-van-dijk-pays-emotional-tribute-to-diogo-jota-on-new-years-eve\\\/#article\",\"isPartOf\":{\"@id\":\"https:\\\/\\\/bladnanews.com\\\/virgil-van-dijk-pays-emotional-tribute-to-diogo-jota-on-new-years-eve\\\/\"},\"author\":{\"name\":\"Bladna News Staff\",\"@id\":\"https:\\\/\\\/mediumseagreen-eel-531711.hostingersite.com\\\/#\\\/schema\\\/person\\\/268e18a453ab080ebf76df6ef7845083\"},\"headline\":\"Virgil van Dijk pays emotional tribute to Diogo Jota on New Year\u2019s Eve\",\"datePublished\":\"2026-01-01T09:09:44+00:00\",\"mainEntityOfPage\":{\"@id\":\"https:\\\/\\\/bladnanews.com\\\/virgil-van-dijk-pays-emotional-tribute-to-diogo-jota-on-new-years-eve\\\/\"},\"wordCount\":316,\"publisher\":{\"@id\":\"https:\\\/\\\/mediumseagreen-eel-531711.hostingersite.com\\\/#organization\"},\"image\":{\"@id\":\"https:\\\/\\\/bladnanews.com\\\/virgil-van-dijk-pays-emotional-tribute-to-diogo-jota-on-new-years-eve\\\/#primaryimage\"},\"thumbnailUrl\":\"https:\\\/\\\/bladnanews.com\\\/wp-content\\\/uploads\\\/2026\\\/01\\\/BladnaNews-Virgil-van-Dijk-pays-emotional-tribute-to-Diogo-Jota-on-New-Years-Eve-2026-01-01T163329.760Z.jpg\",\"articleSection\":[\"International\",\"Latest News\"],\"inLanguage\":\"fr-FR\",\"copyrightYear\":\"2026\",\"copyrightHolder\":{\"@id\":\"https:\\\/\\\/bladnanews.com\\\/fr\\\/#organization\"}},{\"@type\":\"WebPage\",\"@id\":\"https:\\\/\\\/bladnanews.com\\\/virgil-van-dijk-pays-emotional-tribute-to-diogo-jota-on-new-years-eve\\\/\",\"url\":\"https:\\\/\\\/bladnanews.com\\\/virgil-van-dijk-pays-emotional-tribute-to-diogo-jota-on-new-years-eve\\\/\",\"name\":\"Virgil van Dijk pays emotional tribute to Diogo Jota on New Year\u2019s Eve - Bladna News\",\"isPartOf\":{\"@id\":\"https:\\\/\\\/mediumseagreen-eel-531711.hostingersite.com\\\/#website\"},\"primaryImageOfPage\":{\"@id\":\"https:\\\/\\\/bladnanews.com\\\/virgil-van-dijk-pays-emotional-tribute-to-diogo-jota-on-new-years-eve\\\/#primaryimage\"},\"image\":{\"@id\":\"https:\\\/\\\/bladnanews.com\\\/virgil-van-dijk-pays-emotional-tribute-to-diogo-jota-on-new-years-eve\\\/#primaryimage\"},\"thumbnailUrl\":\"https:\\\/\\\/bladnanews.com\\\/wp-content\\\/uploads\\\/2026\\\/01\\\/BladnaNews-Virgil-van-Dijk-pays-emotional-tribute-to-Diogo-Jota-on-New-Years-Eve-2026-01-01T163329.760Z.jpg\",\"datePublished\":\"2026-01-01T09:09:44+00:00\",\"breadcrumb\":{\"@id\":\"https:\\\/\\\/bladnanews.com\\\/virgil-van-dijk-pays-emotional-tribute-to-diogo-jota-on-new-years-eve\\\/#breadcrumb\"},\"inLanguage\":\"fr-FR\",\"potentialAction\":[{\"@type\":\"ReadAction\",\"target\":[\"https:\\\/\\\/bladnanews.com\\\/virgil-van-dijk-pays-emotional-tribute-to-diogo-jota-on-new-years-eve\\\/\"]}]},{\"@type\":\"ImageObject\",\"inLanguage\":\"fr-FR\",\"@id\":\"https:\\\/\\\/bladnanews.com\\\/virgil-van-dijk-pays-emotional-tribute-to-diogo-jota-on-new-years-eve\\\/#primaryimage\",\"url\":\"https:\\\/\\\/bladnanews.com\\\/wp-content\\\/uploads\\\/2026\\\/01\\\/BladnaNews-Virgil-van-Dijk-pays-emotional-tribute-to-Diogo-Jota-on-New-Years-Eve-2026-01-01T163329.760Z.jpg\",\"contentUrl\":\"https:\\\/\\\/bladnanews.com\\\/wp-content\\\/uploads\\\/2026\\\/01\\\/BladnaNews-Virgil-van-Dijk-pays-emotional-tribute-to-Diogo-Jota-on-New-Years-Eve-2026-01-01T163329.760Z.jpg\",\"width\":1600,\"height\":900},{\"@type\":\"BreadcrumbList\",\"@id\":\"https:\\\/\\\/bladnanews.com\\\/virgil-van-dijk-pays-emotional-tribute-to-diogo-jota-on-new-years-eve\\\/#breadcrumb\",\"itemListElement\":[{\"@type\":\"ListItem\",\"position\":1,\"name\":\"Home\",\"item\":\"https:\\\/\\\/bladnanews.com\\\/\"},{\"@type\":\"ListItem\",\"position\":2,\"name\":\"Virgil van Dijk pays emotional tribute to Diogo Jota on New Year\u2019s Eve\"}]},{\"@type\":\"WebSite\",\"@id\":\"https:\\\/\\\/mediumseagreen-eel-531711.hostingersite.com\\\/#website\",\"url\":\"https:\\\/\\\/mediumseagreen-eel-531711.hostingersite.com\\\/\",\"name\":\"Bladna News - Morocco\",\"description\":\"Where Moroccan Football Meets the World\",\"publisher\":{\"@id\":\"https:\\\/\\\/mediumseagreen-eel-531711.hostingersite.com\\\/#organization\"},\"potentialAction\":[{\"@type\":\"SearchAction\",\"target\":{\"@type\":\"EntryPoint\",\"urlTemplate\":\"https:\\\/\\\/mediumseagreen-eel-531711.hostingersite.com\\\/?s={search_term_string}\"},\"query-input\":{\"@type\":\"PropertyValueSpecification\",\"valueRequired\":true,\"valueName\":\"search_term_string\"}}],\"inLanguage\":\"fr-FR\"},{\"@type\":\"Organization\",\"@id\":\"https:\\\/\\\/mediumseagreen-eel-531711.hostingersite.com\\\/#organization\",\"name\":\"Bladna News.com\",\"url\":\"https:\\\/\\\/mediumseagreen-eel-531711.hostingersite.com\\\/\",\"logo\":{\"@type\":\"ImageObject\",\"inLanguage\":\"fr-FR\",\"@id\":\"https:\\\/\\\/mediumseagreen-eel-531711.hostingersite.com\\\/#\\\/schema\\\/logo\\\/image\\\/\",\"url\":\"https:\\\/\\\/bladnanews.com\\\/wp-content\\\/uploads\\\/2025\\\/12\\\/logo-bladnanews-V2-web-black-red.png\",\"contentUrl\":\"https:\\\/\\\/bladnanews.com\\\/wp-content\\\/uploads\\\/2025\\\/12\\\/logo-bladnanews-V2-web-black-red.png\",\"width\":703,\"height\":287,\"caption\":\"Bladna News.com\"},\"image\":{\"@id\":\"https:\\\/\\\/mediumseagreen-eel-531711.hostingersite.com\\\/#\\\/schema\\\/logo\\\/image\\\/\"},\"email\":\"info@bladnanews.com\",\"legalName\":\"Bladna News\"},{\"@type\":\"Person\",\"@id\":\"https:\\\/\\\/mediumseagreen-eel-531711.hostingersite.com\\\/#\\\/schema\\\/person\\\/268e18a453ab080ebf76df6ef7845083\",\"name\":\"Bladna News Staff\",\"url\":\"https:\\\/\\\/bladnanews.com\\\/fr\\\/author\\\/bladna-news-staff\\\/\"}]}<\/script>\n<!-- \/ Yoast SEO Premium plugin. -->","yoast_head_json":{"title":"Virgil van Dijk rend un hommage \u00e9mouvant \u00e0 Diogo Jota lors du r\u00e9veillon du Nouvel An - Bladna News","robots":{"index":"index","follow":"follow","max-snippet":"max-snippet:-1","max-image-preview":"max-image-preview:large","max-video-preview":"max-video-preview:-1"},"canonical":"https:\/\/bladnanews.com\/fr\/virgil-van-dijk-rend-un-hommage-emouvant-a-diogo-jota-lors-du-reveillon-du-nouvel-an\/","og_locale":"fr_FR","og_type":"article","og_title":"Virgil van Dijk pays emotional tribute to Diogo Jota on New Year\u2019s Eve","og_description":"Liverpool captain Virgil van Dijk has paid an emotional tribute to teammate Diogo Jota, describing his absence as a \u201closs [&hellip;]","og_url":"https:\/\/bladnanews.com\/fr\/virgil-van-dijk-rend-un-hommage-emouvant-a-diogo-jota-lors-du-reveillon-du-nouvel-an\/","og_site_name":"Bladna News","article_published_time":"2026-01-01T09:09:44+00:00","og_image":[{"width":1920,"height":1080,"url":"https:\/\/bladnanews.com\/wp-content\/uploads\/2026\/01\/BladnaNews-Virgil-van-Dijk-pays-emotional-tribute-to-Diogo-Jota-on-New-Years-Eve-2026-01-01T163329.760Z.jpg","type":"image\/jpeg"}],"author":"Bladna News Staff","twitter_card":"summary_large_image","twitter_misc":{"\u00c9crit par":"Bladna News Staff","Dur\u00e9e de lecture estim\u00e9e":"2 minutes"},"schema":{"@context":"https:\/\/schema.org","@graph":[{"@type":"Article","@id":"https:\/\/bladnanews.com\/virgil-van-dijk-pays-emotional-tribute-to-diogo-jota-on-new-years-eve\/#article","isPartOf":{"@id":"https:\/\/bladnanews.com\/virgil-van-dijk-pays-emotional-tribute-to-diogo-jota-on-new-years-eve\/"},"author":{"name":"Bladna News Staff","@id":"https:\/\/mediumseagreen-eel-531711.hostingersite.com\/#\/schema\/person\/268e18a453ab080ebf76df6ef7845083"},"headline":"Virgil van Dijk pays emotional tribute to Diogo Jota on New Year\u2019s Eve","datePublished":"2026-01-01T09:09:44+00:00","mainEntityOfPage":{"@id":"https:\/\/bladnanews.com\/virgil-van-dijk-pays-emotional-tribute-to-diogo-jota-on-new-years-eve\/"},"wordCount":316,"publisher":{"@id":"https:\/\/mediumseagreen-eel-531711.hostingersite.com\/#organization"},"image":{"@id":"https:\/\/bladnanews.com\/virgil-van-dijk-pays-emotional-tribute-to-diogo-jota-on-new-years-eve\/#primaryimage"},"thumbnailUrl":"https:\/\/bladnanews.com\/wp-content\/uploads\/2026\/01\/BladnaNews-Virgil-van-Dijk-pays-emotional-tribute-to-Diogo-Jota-on-New-Years-Eve-2026-01-01T163329.760Z.jpg","articleSection":["International","Latest News"],"inLanguage":"fr-FR","copyrightYear":"2026","copyrightHolder":{"@id":"https:\/\/bladnanews.com\/fr\/#organization"}},{"@type":"WebPage","@id":"https:\/\/bladnanews.com\/virgil-van-dijk-pays-emotional-tribute-to-diogo-jota-on-new-years-eve\/","url":"https:\/\/bladnanews.com\/virgil-van-dijk-pays-emotional-tribute-to-diogo-jota-on-new-years-eve\/","name":"Virgil van Dijk rend un hommage \u00e9mouvant \u00e0 Diogo Jota lors du r\u00e9veillon du Nouvel An - Bladna News","isPartOf":{"@id":"https:\/\/mediumseagreen-eel-531711.hostingersite.com\/#website"},"primaryImageOfPage":{"@id":"https:\/\/bladnanews.com\/virgil-van-dijk-pays-emotional-tribute-to-diogo-jota-on-new-years-eve\/#primaryimage"},"image":{"@id":"https:\/\/bladnanews.com\/virgil-van-dijk-pays-emotional-tribute-to-diogo-jota-on-new-years-eve\/#primaryimage"},"thumbnailUrl":"https:\/\/bladnanews.com\/wp-content\/uploads\/2026\/01\/BladnaNews-Virgil-van-Dijk-pays-emotional-tribute-to-Diogo-Jota-on-New-Years-Eve-2026-01-01T163329.760Z.jpg","datePublished":"2026-01-01T09:09:44+00:00","breadcrumb":{"@id":"https:\/\/bladnanews.com\/virgil-van-dijk-pays-emotional-tribute-to-diogo-jota-on-new-years-eve\/#breadcrumb"},"inLanguage":"fr-FR","potentialAction":[{"@type":"ReadAction","target":["https:\/\/bladnanews.com\/virgil-van-dijk-pays-emotional-tribute-to-diogo-jota-on-new-years-eve\/"]}]},{"@type":"ImageObject","inLanguage":"fr-FR","@id":"https:\/\/bladnanews.com\/virgil-van-dijk-pays-emotional-tribute-to-diogo-jota-on-new-years-eve\/#primaryimage","url":"https:\/\/bladnanews.com\/wp-content\/uploads\/2026\/01\/BladnaNews-Virgil-van-Dijk-pays-emotional-tribute-to-Diogo-Jota-on-New-Years-Eve-2026-01-01T163329.760Z.jpg","contentUrl":"https:\/\/bladnanews.com\/wp-content\/uploads\/2026\/01\/BladnaNews-Virgil-van-Dijk-pays-emotional-tribute-to-Diogo-Jota-on-New-Years-Eve-2026-01-01T163329.760Z.jpg","width":1600,"height":900},{"@type":"BreadcrumbList","@id":"https:\/\/bladnanews.com\/virgil-van-dijk-pays-emotional-tribute-to-diogo-jota-on-new-years-eve\/#breadcrumb","itemListElement":[{"@type":"ListItem","position":1,"name":"Home","item":"https:\/\/bladnanews.com\/"},{"@type":"ListItem","position":2,"name":"Virgil van Dijk pays emotional tribute to Diogo Jota on New Year\u2019s Eve"}]},{"@type":"WebSite","@id":"https:\/\/mediumseagreen-eel-531711.hostingersite.com\/#website","url":"https:\/\/mediumseagreen-eel-531711.hostingersite.com\/","name":"Bladna News - Maroc","description":"Quand le football marocain rencontre le monde","publisher":{"@id":"https:\/\/mediumseagreen-eel-531711.hostingersite.com\/#organization"},"potentialAction":[{"@type":"SearchAction","target":{"@type":"EntryPoint","urlTemplate":"https:\/\/mediumseagreen-eel-531711.hostingersite.com\/?s={search_term_string}"},"query-input":{"@type":"PropertyValueSpecification","valueRequired":true,"valueName":"search_term_string"}}],"inLanguage":"fr-FR"},{"@type":"Organization","@id":"https:\/\/mediumseagreen-eel-531711.hostingersite.com\/#organization","name":"Bladna News.com","url":"https:\/\/mediumseagreen-eel-531711.hostingersite.com\/","logo":{"@type":"ImageObject","inLanguage":"fr-FR","@id":"https:\/\/mediumseagreen-eel-531711.hostingersite.com\/#\/schema\/logo\/image\/","url":"https:\/\/bladnanews.com\/wp-content\/uploads\/2025\/12\/logo-bladnanews-V2-web-black-red.png","contentUrl":"https:\/\/bladnanews.com\/wp-content\/uploads\/2025\/12\/logo-bladnanews-V2-web-black-red.png","width":703,"height":287,"caption":"Bladna News.com"},"image":{"@id":"https:\/\/mediumseagreen-eel-531711.hostingersite.com\/#\/schema\/logo\/image\/"},"email":"info@bladnanews.com","legalName":"Bladna News"},{"@type":"Person","@id":"https:\/\/mediumseagreen-eel-531711.hostingersite.com\/#\/schema\/person\/268e18a453ab080ebf76df6ef7845083","name":"\u00c9quipe r\u00e9dactionnelle de Bladna News","url":"https:\/\/bladnanews.com\/fr\/author\/bladna-news-staff\/"}]}},"_links":{"self":[{"href":"https:\/\/bladnanews.com\/fr\/wp-json\/wp\/v2\/posts\/1188","targetHints":{"allow":["GET"]}}],"collection":[{"href":"https:\/\/bladnanews.com\/fr\/wp-json\/wp\/v2\/posts"}],"about":[{"href":"https:\/\/bladnanews.com\/fr\/wp-json\/wp\/v2\/types\/post"}],"author":[{"embeddable":true,"href":"https:\/\/bladnanews.com\/fr\/wp-json\/wp\/v2\/users\/3"}],"replies":[{"embeddable":true,"href":"https:\/\/bladnanews.com\/fr\/wp-json\/wp\/v2\/comments?post=1188"}],"version-history":[{"count":0,"href":"https:\/\/bladnanews.com\/fr\/wp-json\/wp\/v2\/posts\/1188\/revisions"}],"wp:featuredmedia":[{"embeddable":true,"href":"https:\/\/bladnanews.com\/fr\/wp-json\/wp\/v2\/media\/1187"}],"wp:attachment":[{"href":"https:\/\/bladnanews.com\/fr\/wp-json\/wp\/v2\/media?parent=1188"}],"wp:term":[{"taxonomy":"category","embeddable":true,"href":"https:\/\/bladnanews.com\/fr\/wp-json\/wp\/v2\/categories?post=1188"},{"taxonomy":"post_tag","embeddable":true,"href":"https:\/\/bladnanews.com\/fr\/wp-json\/wp\/v2\/tags?post=1188"}],"curies":[{"name":"wp","href":"https:\/\/api.w.org\/{rel}","templated":true}]}}