{"id":1190,"date":"2026-01-01T10:12:50","date_gmt":"2026-01-01T10:12:50","guid":{"rendered":"https:\/\/bladnanews.com\/roma-eye-two-premier-league-defenders-in-january-transfer-window\/"},"modified":"2026-01-01T10:12:50","modified_gmt":"2026-01-01T10:12:50","slug":"roma-cible-deux-defenseurs-de-premier-league-lors-du-mercato-de-janvier","status":"publish","type":"post","link":"https:\/\/bladnanews.com\/fr\/roma-cible-deux-defenseurs-de-premier-league-lors-du-mercato-de-janvier\/","title":{"rendered":"La Roma vise deux d\u00e9fenseurs de Premier League lors du mercato de janvier"},"content":{"rendered":"<p>La Roma a identifi\u00e9 deux d\u00e9fenseurs centraux de Premier League comme recrutements potentiels avant l'ouverture du mercato de janvier, visant \u00e0 renforcer sa d\u00e9fense pour consolider son effectif. Le club de Serie A s'int\u00e9resserait \u00e0 Cristian Romero de Tottenham et \u00e0 Wesley Fofana de Chelsea, deux joueurs aux qualit\u00e9s prometteuses mais confront\u00e9s \u00e0 des d\u00e9fis li\u00e9s aux blessures et \u00e0 la concurrence pour une place titulaire.<\/p>\n<p>Romero, appr\u00e9ci\u00e9 pour son agressivit\u00e9 d\u00e9fensive et sa lecture du jeu, a connu des probl\u00e8mes de r\u00e9gularit\u00e9 en raison de soucis physiques, mais demeure un atout d\u00e9fensif majeur pour les Spurs. Quant \u00e0 Fofana, qui a d\u00e9montr\u00e9 de solides performances lorsqu'il est en forme, il a \u00e9galement \u00e9t\u00e9 g\u00ean\u00e9 par des blessures, limitant ses apparitions sous le maillot de Chelsea cette saison.<\/p>\n<p>L'int\u00e9r\u00eat de la Roma pour ces joueurs s'inscrit dans son objectif de renforcer sa d\u00e9fense en vue de la deuxi\u00e8me partie de saison en Serie A et des comp\u00e9titions europ\u00e9ennes. La direction du club recherche activement des d\u00e9fenseurs ayant une exp\u00e9rience en Premier League, consid\u00e9rant le physique et la rigueur tactique pr\u00e9valents dans le football anglais pour \u00e9toffer ses options d\u00e9fensives.<\/p>\n<p>Des sources internes ont r\u00e9v\u00e9l\u00e9 que la Roma pourrait formuler des approches officielles d\u00e8s l'ouverture du mercato en janvier, en sondant la volont\u00e9 de Tottenham et de Chelsea de n\u00e9gocier pour leurs d\u00e9fenseurs centraux respectifs. Selon les rapports, les deux joueurs pourraient \u00eatre ouverts \u00e0 un transfert s'ils consid\u00e8rent le projet b\u00e9n\u00e9fique pour leur carri\u00e8re et leur temps de jeu.<\/p>\n<p>Cet int\u00e9r\u00eat marqu\u00e9 pour des d\u00e9fenseurs \u00e9prouv\u00e9s en Premier League souligne les efforts strat\u00e9giques de la Roma pour am\u00e9liorer sa stabilit\u00e9 d\u00e9fensive, un point de pr\u00e9occupation lors des r\u00e9centes rencontres. Si ces transferts se concr\u00e9tisent, ils repr\u00e9senteraient des acquisitions majeures, refl\u00e9tant l'ambition du club de se montrer comp\u00e9titif tant au niveau national qu'europ\u00e9en.<\/p>","protected":false},"excerpt":{"rendered":"<p>Roma have identified two Premier League centre-backs as potential signings ahead of the January transfer window, targeting defensive reinforcements to [&hellip;]<\/p>\n","protected":false},"author":3,"featured_media":1189,"comment_status":"","ping_status":"open","sticky":false,"template":"","format":"standard","meta":{"googlesitekit_rrm_CAow_uzEDA:productID":"","site-sidebar-layout":"default","site-content-layout":"","ast-site-content-layout":"default","site-content-style":"default","site-sidebar-style":"default","ast-global-header-display":"","ast-banner-title-visibility":"","ast-main-header-display":"","ast-hfb-above-header-display":"","ast-hfb-below-header-display":"","ast-hfb-mobile-header-display":"","site-post-title":"","ast-breadcrumbs-content":"","ast-featured-img":"","footer-sml-layout":"","ast-disable-related-posts":"","theme-transparent-header-meta":"","adv-header-id-meta":"","stick-header-meta":"","header-above-stick-meta":"","header-main-stick-meta":"","header-below-stick-meta":"","astra-migrate-meta-layouts":"default","ast-page-background-enabled":"default","ast-page-background-meta":{"desktop":{"background-color":"var(--ast-global-color-5)","background-image":"","background-repeat":"repeat","background-position":"center center","background-size":"auto","background-attachment":"scroll","background-type":"","background-media":"","overlay-type":"","overlay-color":"","overlay-opacity":"","overlay-gradient":""},"tablet":{"background-color":"","background-image":"","background-repeat":"repeat","background-position":"center center","background-size":"auto","background-attachment":"scroll","background-type":"","background-media":"","overlay-type":"","overlay-color":"","overlay-opacity":"","overlay-gradient":""},"mobile":{"background-color":"","background-image":"","background-repeat":"repeat","background-position":"center center","background-size":"auto","background-attachment":"scroll","background-type":"","background-media":"","overlay-type":"","overlay-color":"","overlay-opacity":"","overlay-gradient":""}},"ast-content-background-meta":{"desktop":{"background-color":"var(--ast-global-color-4)","background-image":"","background-repeat":"repeat","background-position":"center center","background-size":"auto","background-attachment":"scroll","background-type":"","background-media":"","overlay-type":"","overlay-color":"","overlay-opacity":"","overlay-gradient":""},"tablet":{"background-color":"var(--ast-global-color-4)","background-image":"","background-repeat":"repeat","background-position":"center center","background-size":"auto","background-attachment":"scroll","background-type":"","background-media":"","overlay-type":"","overlay-color":"","overlay-opacity":"","overlay-gradient":""},"mobile":{"background-color":"var(--ast-global-color-4)","background-image":"","background-repeat":"repeat","background-position":"center center","background-size":"auto","background-attachment":"scroll","background-type":"","background-media":"","overlay-type":"","overlay-color":"","overlay-opacity":"","overlay-gradient":""}},"footnotes":""},"categories":[20,1],"tags":[],"class_list":["post-1190","post","type-post","status-publish","format-standard","has-post-thumbnail","hentry","category-international","category-football-latest-news"],"yoast_head":"<!-- This site is optimized with the Yoast SEO Premium plugin v26.6 (Yoast SEO v27.5) - https:\/\/yoast.com\/product\/yoast-seo-premium-wordpress\/ -->\n<title>Roma eye two Premier League defenders in January transfer window - Bladna News<\/title>\n<meta name=\"robots\" content=\"index, follow, max-snippet:-1, max-image-preview:large, max-video-preview:-1\" \/>\n<link rel=\"canonical\" href=\"https:\/\/bladnanews.com\/fr\/roma-cible-deux-defenseurs-de-premier-league-lors-du-mercato-de-janvier\/\" \/>\n<meta property=\"og:locale\" content=\"fr_FR\" \/>\n<meta property=\"og:type\" content=\"article\" \/>\n<meta property=\"og:title\" content=\"Roma eye two Premier League defenders in January transfer window\" \/>\n<meta property=\"og:description\" content=\"Roma have identified two Premier League centre-backs as potential signings ahead of the January transfer window, targeting defensive reinforcements to [&hellip;]\" \/>\n<meta property=\"og:url\" content=\"https:\/\/bladnanews.com\/fr\/roma-cible-deux-defenseurs-de-premier-league-lors-du-mercato-de-janvier\/\" \/>\n<meta property=\"og:site_name\" content=\"Bladna News\" \/>\n<meta property=\"article:published_time\" content=\"2026-01-01T10:12:50+00:00\" \/>\n<meta property=\"og:image\" content=\"https:\/\/bladnanews.com\/wp-content\/uploads\/2026\/01\/BladnaNews-Roma-eye-two-Premier-League-defenders-in-January-transfer-window-2026-01-01T163339.813Z.jpg\" \/>\n\t<meta property=\"og:image:width\" content=\"1920\" \/>\n\t<meta property=\"og:image:height\" content=\"1080\" \/>\n\t<meta property=\"og:image:type\" content=\"image\/jpeg\" \/>\n<meta name=\"author\" content=\"Bladna News Staff\" \/>\n<meta name=\"twitter:card\" content=\"summary_large_image\" \/>\n<meta name=\"twitter:label1\" content=\"\u00c9crit par\" \/>\n\t<meta name=\"twitter:data1\" content=\"Bladna News Staff\" \/>\n\t<meta name=\"twitter:label2\" content=\"Dur\u00e9e de lecture estim\u00e9e\" \/>\n\t<meta name=\"twitter:data2\" content=\"1 minute\" \/>\n<script type=\"application\/ld+json\" class=\"yoast-schema-graph\">{\"@context\":\"https:\\\/\\\/schema.org\",\"@graph\":[{\"@type\":\"Article\",\"@id\":\"https:\\\/\\\/bladnanews.com\\\/roma-eye-two-premier-league-defenders-in-january-transfer-window\\\/#article\",\"isPartOf\":{\"@id\":\"https:\\\/\\\/bladnanews.com\\\/roma-eye-two-premier-league-defenders-in-january-transfer-window\\\/\"},\"author\":{\"name\":\"Bladna News Staff\",\"@id\":\"https:\\\/\\\/mediumseagreen-eel-531711.hostingersite.com\\\/#\\\/schema\\\/person\\\/268e18a453ab080ebf76df6ef7845083\"},\"headline\":\"Roma eye two Premier League defenders in January transfer window\",\"datePublished\":\"2026-01-01T10:12:50+00:00\",\"mainEntityOfPage\":{\"@id\":\"https:\\\/\\\/bladnanews.com\\\/roma-eye-two-premier-league-defenders-in-january-transfer-window\\\/\"},\"wordCount\":277,\"publisher\":{\"@id\":\"https:\\\/\\\/mediumseagreen-eel-531711.hostingersite.com\\\/#organization\"},\"image\":{\"@id\":\"https:\\\/\\\/bladnanews.com\\\/roma-eye-two-premier-league-defenders-in-january-transfer-window\\\/#primaryimage\"},\"thumbnailUrl\":\"https:\\\/\\\/bladnanews.com\\\/wp-content\\\/uploads\\\/2026\\\/01\\\/BladnaNews-Roma-eye-two-Premier-League-defenders-in-January-transfer-window-2026-01-01T163339.813Z.jpg\",\"articleSection\":[\"International\",\"Latest News\"],\"inLanguage\":\"fr-FR\",\"copyrightYear\":\"2026\",\"copyrightHolder\":{\"@id\":\"https:\\\/\\\/bladnanews.com\\\/fr\\\/#organization\"}},{\"@type\":\"WebPage\",\"@id\":\"https:\\\/\\\/bladnanews.com\\\/roma-eye-two-premier-league-defenders-in-january-transfer-window\\\/\",\"url\":\"https:\\\/\\\/bladnanews.com\\\/roma-eye-two-premier-league-defenders-in-january-transfer-window\\\/\",\"name\":\"Roma eye two Premier League defenders in January transfer window - Bladna News\",\"isPartOf\":{\"@id\":\"https:\\\/\\\/mediumseagreen-eel-531711.hostingersite.com\\\/#website\"},\"primaryImageOfPage\":{\"@id\":\"https:\\\/\\\/bladnanews.com\\\/roma-eye-two-premier-league-defenders-in-january-transfer-window\\\/#primaryimage\"},\"image\":{\"@id\":\"https:\\\/\\\/bladnanews.com\\\/roma-eye-two-premier-league-defenders-in-january-transfer-window\\\/#primaryimage\"},\"thumbnailUrl\":\"https:\\\/\\\/bladnanews.com\\\/wp-content\\\/uploads\\\/2026\\\/01\\\/BladnaNews-Roma-eye-two-Premier-League-defenders-in-January-transfer-window-2026-01-01T163339.813Z.jpg\",\"datePublished\":\"2026-01-01T10:12:50+00:00\",\"breadcrumb\":{\"@id\":\"https:\\\/\\\/bladnanews.com\\\/roma-eye-two-premier-league-defenders-in-january-transfer-window\\\/#breadcrumb\"},\"inLanguage\":\"fr-FR\",\"potentialAction\":[{\"@type\":\"ReadAction\",\"target\":[\"https:\\\/\\\/bladnanews.com\\\/roma-eye-two-premier-league-defenders-in-january-transfer-window\\\/\"]}]},{\"@type\":\"ImageObject\",\"inLanguage\":\"fr-FR\",\"@id\":\"https:\\\/\\\/bladnanews.com\\\/roma-eye-two-premier-league-defenders-in-january-transfer-window\\\/#primaryimage\",\"url\":\"https:\\\/\\\/bladnanews.com\\\/wp-content\\\/uploads\\\/2026\\\/01\\\/BladnaNews-Roma-eye-two-Premier-League-defenders-in-January-transfer-window-2026-01-01T163339.813Z.jpg\",\"contentUrl\":\"https:\\\/\\\/bladnanews.com\\\/wp-content\\\/uploads\\\/2026\\\/01\\\/BladnaNews-Roma-eye-two-Premier-League-defenders-in-January-transfer-window-2026-01-01T163339.813Z.jpg\",\"width\":1600,\"height\":900},{\"@type\":\"BreadcrumbList\",\"@id\":\"https:\\\/\\\/bladnanews.com\\\/roma-eye-two-premier-league-defenders-in-january-transfer-window\\\/#breadcrumb\",\"itemListElement\":[{\"@type\":\"ListItem\",\"position\":1,\"name\":\"Home\",\"item\":\"https:\\\/\\\/bladnanews.com\\\/\"},{\"@type\":\"ListItem\",\"position\":2,\"name\":\"Roma eye two Premier League defenders in January transfer window\"}]},{\"@type\":\"WebSite\",\"@id\":\"https:\\\/\\\/mediumseagreen-eel-531711.hostingersite.com\\\/#website\",\"url\":\"https:\\\/\\\/mediumseagreen-eel-531711.hostingersite.com\\\/\",\"name\":\"Bladna News - Morocco\",\"description\":\"Where Moroccan Football Meets the World\",\"publisher\":{\"@id\":\"https:\\\/\\\/mediumseagreen-eel-531711.hostingersite.com\\\/#organization\"},\"potentialAction\":[{\"@type\":\"SearchAction\",\"target\":{\"@type\":\"EntryPoint\",\"urlTemplate\":\"https:\\\/\\\/mediumseagreen-eel-531711.hostingersite.com\\\/?s={search_term_string}\"},\"query-input\":{\"@type\":\"PropertyValueSpecification\",\"valueRequired\":true,\"valueName\":\"search_term_string\"}}],\"inLanguage\":\"fr-FR\"},{\"@type\":\"Organization\",\"@id\":\"https:\\\/\\\/mediumseagreen-eel-531711.hostingersite.com\\\/#organization\",\"name\":\"Bladna News.com\",\"url\":\"https:\\\/\\\/mediumseagreen-eel-531711.hostingersite.com\\\/\",\"logo\":{\"@type\":\"ImageObject\",\"inLanguage\":\"fr-FR\",\"@id\":\"https:\\\/\\\/mediumseagreen-eel-531711.hostingersite.com\\\/#\\\/schema\\\/logo\\\/image\\\/\",\"url\":\"https:\\\/\\\/bladnanews.com\\\/wp-content\\\/uploads\\\/2025\\\/12\\\/logo-bladnanews-V2-web-black-red.png\",\"contentUrl\":\"https:\\\/\\\/bladnanews.com\\\/wp-content\\\/uploads\\\/2025\\\/12\\\/logo-bladnanews-V2-web-black-red.png\",\"width\":703,\"height\":287,\"caption\":\"Bladna News.com\"},\"image\":{\"@id\":\"https:\\\/\\\/mediumseagreen-eel-531711.hostingersite.com\\\/#\\\/schema\\\/logo\\\/image\\\/\"},\"email\":\"info@bladnanews.com\",\"legalName\":\"Bladna News\"},{\"@type\":\"Person\",\"@id\":\"https:\\\/\\\/mediumseagreen-eel-531711.hostingersite.com\\\/#\\\/schema\\\/person\\\/268e18a453ab080ebf76df6ef7845083\",\"name\":\"Bladna News Staff\",\"url\":\"https:\\\/\\\/bladnanews.com\\\/fr\\\/author\\\/bladna-news-staff\\\/\"}]}<\/script>\n<!-- \/ Yoast SEO Premium plugin. -->","yoast_head_json":{"title":"Roma cible deux d\u00e9fenseurs de Premier League lors du mercato de janvier - Bladna News","robots":{"index":"index","follow":"follow","max-snippet":"max-snippet:-1","max-image-preview":"max-image-preview:large","max-video-preview":"max-video-preview:-1"},"canonical":"https:\/\/bladnanews.com\/fr\/roma-cible-deux-defenseurs-de-premier-league-lors-du-mercato-de-janvier\/","og_locale":"fr_FR","og_type":"article","og_title":"Roma eye two Premier League defenders in January transfer window","og_description":"Roma have identified two Premier League centre-backs as potential signings ahead of the January transfer window, targeting defensive reinforcements to [&hellip;]","og_url":"https:\/\/bladnanews.com\/fr\/roma-cible-deux-defenseurs-de-premier-league-lors-du-mercato-de-janvier\/","og_site_name":"Bladna News","article_published_time":"2026-01-01T10:12:50+00:00","og_image":[{"width":1920,"height":1080,"url":"https:\/\/bladnanews.com\/wp-content\/uploads\/2026\/01\/BladnaNews-Roma-eye-two-Premier-League-defenders-in-January-transfer-window-2026-01-01T163339.813Z.jpg","type":"image\/jpeg"}],"author":"Bladna News Staff","twitter_card":"summary_large_image","twitter_misc":{"\u00c9crit par":"Bladna News Staff","Dur\u00e9e de lecture estim\u00e9e":"1 minute"},"schema":{"@context":"https:\/\/schema.org","@graph":[{"@type":"Article","@id":"https:\/\/bladnanews.com\/roma-eye-two-premier-league-defenders-in-january-transfer-window\/#article","isPartOf":{"@id":"https:\/\/bladnanews.com\/roma-eye-two-premier-league-defenders-in-january-transfer-window\/"},"author":{"name":"Bladna News Staff","@id":"https:\/\/mediumseagreen-eel-531711.hostingersite.com\/#\/schema\/person\/268e18a453ab080ebf76df6ef7845083"},"headline":"Roma eye two Premier League defenders in January transfer window","datePublished":"2026-01-01T10:12:50+00:00","mainEntityOfPage":{"@id":"https:\/\/bladnanews.com\/roma-eye-two-premier-league-defenders-in-january-transfer-window\/"},"wordCount":277,"publisher":{"@id":"https:\/\/mediumseagreen-eel-531711.hostingersite.com\/#organization"},"image":{"@id":"https:\/\/bladnanews.com\/roma-eye-two-premier-league-defenders-in-january-transfer-window\/#primaryimage"},"thumbnailUrl":"https:\/\/bladnanews.com\/wp-content\/uploads\/2026\/01\/BladnaNews-Roma-eye-two-Premier-League-defenders-in-January-transfer-window-2026-01-01T163339.813Z.jpg","articleSection":["International","Latest News"],"inLanguage":"fr-FR","copyrightYear":"2026","copyrightHolder":{"@id":"https:\/\/bladnanews.com\/fr\/#organization"}},{"@type":"WebPage","@id":"https:\/\/bladnanews.com\/roma-eye-two-premier-league-defenders-in-january-transfer-window\/","url":"https:\/\/bladnanews.com\/roma-eye-two-premier-league-defenders-in-january-transfer-window\/","name":"Roma cible deux d\u00e9fenseurs de Premier League lors du mercato de janvier - Bladna News","isPartOf":{"@id":"https:\/\/mediumseagreen-eel-531711.hostingersite.com\/#website"},"primaryImageOfPage":{"@id":"https:\/\/bladnanews.com\/roma-eye-two-premier-league-defenders-in-january-transfer-window\/#primaryimage"},"image":{"@id":"https:\/\/bladnanews.com\/roma-eye-two-premier-league-defenders-in-january-transfer-window\/#primaryimage"},"thumbnailUrl":"https:\/\/bladnanews.com\/wp-content\/uploads\/2026\/01\/BladnaNews-Roma-eye-two-Premier-League-defenders-in-January-transfer-window-2026-01-01T163339.813Z.jpg","datePublished":"2026-01-01T10:12:50+00:00","breadcrumb":{"@id":"https:\/\/bladnanews.com\/roma-eye-two-premier-league-defenders-in-january-transfer-window\/#breadcrumb"},"inLanguage":"fr-FR","potentialAction":[{"@type":"ReadAction","target":["https:\/\/bladnanews.com\/roma-eye-two-premier-league-defenders-in-january-transfer-window\/"]}]},{"@type":"ImageObject","inLanguage":"fr-FR","@id":"https:\/\/bladnanews.com\/roma-eye-two-premier-league-defenders-in-january-transfer-window\/#primaryimage","url":"https:\/\/bladnanews.com\/wp-content\/uploads\/2026\/01\/BladnaNews-Roma-eye-two-Premier-League-defenders-in-January-transfer-window-2026-01-01T163339.813Z.jpg","contentUrl":"https:\/\/bladnanews.com\/wp-content\/uploads\/2026\/01\/BladnaNews-Roma-eye-two-Premier-League-defenders-in-January-transfer-window-2026-01-01T163339.813Z.jpg","width":1600,"height":900},{"@type":"BreadcrumbList","@id":"https:\/\/bladnanews.com\/roma-eye-two-premier-league-defenders-in-january-transfer-window\/#breadcrumb","itemListElement":[{"@type":"ListItem","position":1,"name":"Home","item":"https:\/\/bladnanews.com\/"},{"@type":"ListItem","position":2,"name":"Roma eye two Premier League defenders in January transfer window"}]},{"@type":"WebSite","@id":"https:\/\/mediumseagreen-eel-531711.hostingersite.com\/#website","url":"https:\/\/mediumseagreen-eel-531711.hostingersite.com\/","name":"Bladna News - Maroc","description":"Quand le football marocain rencontre le monde","publisher":{"@id":"https:\/\/mediumseagreen-eel-531711.hostingersite.com\/#organization"},"potentialAction":[{"@type":"SearchAction","target":{"@type":"EntryPoint","urlTemplate":"https:\/\/mediumseagreen-eel-531711.hostingersite.com\/?s={search_term_string}"},"query-input":{"@type":"PropertyValueSpecification","valueRequired":true,"valueName":"search_term_string"}}],"inLanguage":"fr-FR"},{"@type":"Organization","@id":"https:\/\/mediumseagreen-eel-531711.hostingersite.com\/#organization","name":"Bladna News.com","url":"https:\/\/mediumseagreen-eel-531711.hostingersite.com\/","logo":{"@type":"ImageObject","inLanguage":"fr-FR","@id":"https:\/\/mediumseagreen-eel-531711.hostingersite.com\/#\/schema\/logo\/image\/","url":"https:\/\/bladnanews.com\/wp-content\/uploads\/2025\/12\/logo-bladnanews-V2-web-black-red.png","contentUrl":"https:\/\/bladnanews.com\/wp-content\/uploads\/2025\/12\/logo-bladnanews-V2-web-black-red.png","width":703,"height":287,"caption":"Bladna News.com"},"image":{"@id":"https:\/\/mediumseagreen-eel-531711.hostingersite.com\/#\/schema\/logo\/image\/"},"email":"info@bladnanews.com","legalName":"Bladna News"},{"@type":"Person","@id":"https:\/\/mediumseagreen-eel-531711.hostingersite.com\/#\/schema\/person\/268e18a453ab080ebf76df6ef7845083","name":"\u00c9quipe r\u00e9dactionnelle de Bladna News","url":"https:\/\/bladnanews.com\/fr\/author\/bladna-news-staff\/"}]}},"_links":{"self":[{"href":"https:\/\/bladnanews.com\/fr\/wp-json\/wp\/v2\/posts\/1190","targetHints":{"allow":["GET"]}}],"collection":[{"href":"https:\/\/bladnanews.com\/fr\/wp-json\/wp\/v2\/posts"}],"about":[{"href":"https:\/\/bladnanews.com\/fr\/wp-json\/wp\/v2\/types\/post"}],"author":[{"embeddable":true,"href":"https:\/\/bladnanews.com\/fr\/wp-json\/wp\/v2\/users\/3"}],"replies":[{"embeddable":true,"href":"https:\/\/bladnanews.com\/fr\/wp-json\/wp\/v2\/comments?post=1190"}],"version-history":[{"count":0,"href":"https:\/\/bladnanews.com\/fr\/wp-json\/wp\/v2\/posts\/1190\/revisions"}],"wp:featuredmedia":[{"embeddable":true,"href":"https:\/\/bladnanews.com\/fr\/wp-json\/wp\/v2\/media\/1189"}],"wp:attachment":[{"href":"https:\/\/bladnanews.com\/fr\/wp-json\/wp\/v2\/media?parent=1190"}],"wp:term":[{"taxonomy":"category","embeddable":true,"href":"https:\/\/bladnanews.com\/fr\/wp-json\/wp\/v2\/categories?post=1190"},{"taxonomy":"post_tag","embeddable":true,"href":"https:\/\/bladnanews.com\/fr\/wp-json\/wp\/v2\/tags?post=1190"}],"curies":[{"name":"wp","href":"https:\/\/api.w.org\/{rel}","templated":true}]}}