{"id":1200,"date":"2026-01-01T10:56:21","date_gmt":"2026-01-01T10:56:21","guid":{"rendered":"https:\/\/bladnanews.com\/christian-pulisic-contract-update-milan-to-hold-talks-with-usmnt-star\/"},"modified":"2026-01-01T10:56:21","modified_gmt":"2026-01-01T10:56:21","slug":"christian-pulisic-contrat-mise-a-jour-milan-pour-tenir-des-pourparlers-avec-la-star-de-lusmnt","status":"publish","type":"post","link":"https:\/\/bladnanews.com\/fr\/christian-pulisic-contrat-mise-a-jour-milan-pour-tenir-des-pourparlers-avec-la-star-de-lusmnt\/","title":{"rendered":"Mise \u00e0 jour du contrat de Christian Pulisic : le Milan pr\u00e9voit des discussions avec la star de l'\u00e9quipe nationale am\u00e9ricaine"},"content":{"rendered":"<p>L'AC Milan s'appr\u00eate \u00e0 entamer des n\u00e9gociations contractuelles avec Christian Pulisic, le club cherchant \u00e0 assurer l'avenir de l'attaquant de l'\u00e9quipe nationale am\u00e9ricaine. Le club de Serie A a programm\u00e9 des discussions \u00e0 l'issue de la saison en cours, visant \u00e0 parvenir \u00e0 un accord refl\u00e9tant l'importance croissante de Pulisic au sein de l'effectif.<\/p>\n<p>Selon des rapports, Milan aurait d\u00e9j\u00e0 soumis une offre am\u00e9lior\u00e9e \u00e0 Pulisic, ce qui t\u00e9moigne de sa volont\u00e9 de conserver l'ailier de 25 ans au-del\u00e0 de son contrat actuel. Le club valorise ses performances et le consid\u00e8re comme une figure cl\u00e9 de son secteur offensif pour l'avenir.<\/p>\n<p>Les d\u00e9tails r\u00e9v\u00e9l\u00e9s sugg\u00e8rent que la proposition actualis\u00e9e inclut des conditions financi\u00e8res et des incitations rehauss\u00e9es, en ad\u00e9quation avec l'impact de Pulisic depuis son arriv\u00e9e chez les Rossoneri. Cette d\u00e9marche souligne l'engagement de Milan \u00e0 construire un effectif comp\u00e9titif capable de rivaliser pour les grands troph\u00e9es.<\/p>\n<p>Les discussions devraient avoir lieu peu apr\u00e8s la fin de la saison, les deux parties \u00e9tant concentr\u00e9es sur la conclusion d'un accord satisfaisant les ambitions du joueur et les objectifs du club. La pr\u00e9sence continue de Pulisic \u00e0 Milan sera cruciale dans la qu\u00eate de succ\u00e8s en Serie A et dans les comp\u00e9titions europ\u00e9ennes.<\/p>","protected":false},"excerpt":{"rendered":"<p>AC Milan is preparing to enter contract talks with Christian Pulisic as the club seeks to secure the USMNT forward&#8217;s [&hellip;]<\/p>\n","protected":false},"author":3,"featured_media":1199,"comment_status":"","ping_status":"open","sticky":false,"template":"","format":"standard","meta":{"googlesitekit_rrm_CAow_uzEDA:productID":"","site-sidebar-layout":"default","site-content-layout":"","ast-site-content-layout":"default","site-content-style":"default","site-sidebar-style":"default","ast-global-header-display":"","ast-banner-title-visibility":"","ast-main-header-display":"","ast-hfb-above-header-display":"","ast-hfb-below-header-display":"","ast-hfb-mobile-header-display":"","site-post-title":"","ast-breadcrumbs-content":"","ast-featured-img":"","footer-sml-layout":"","ast-disable-related-posts":"","theme-transparent-header-meta":"","adv-header-id-meta":"","stick-header-meta":"","header-above-stick-meta":"","header-main-stick-meta":"","header-below-stick-meta":"","astra-migrate-meta-layouts":"default","ast-page-background-enabled":"default","ast-page-background-meta":{"desktop":{"background-color":"var(--ast-global-color-5)","background-image":"","background-repeat":"repeat","background-position":"center center","background-size":"auto","background-attachment":"scroll","background-type":"","background-media":"","overlay-type":"","overlay-color":"","overlay-opacity":"","overlay-gradient":""},"tablet":{"background-color":"","background-image":"","background-repeat":"repeat","background-position":"center center","background-size":"auto","background-attachment":"scroll","background-type":"","background-media":"","overlay-type":"","overlay-color":"","overlay-opacity":"","overlay-gradient":""},"mobile":{"background-color":"","background-image":"","background-repeat":"repeat","background-position":"center center","background-size":"auto","background-attachment":"scroll","background-type":"","background-media":"","overlay-type":"","overlay-color":"","overlay-opacity":"","overlay-gradient":""}},"ast-content-background-meta":{"desktop":{"background-color":"var(--ast-global-color-4)","background-image":"","background-repeat":"repeat","background-position":"center center","background-size":"auto","background-attachment":"scroll","background-type":"","background-media":"","overlay-type":"","overlay-color":"","overlay-opacity":"","overlay-gradient":""},"tablet":{"background-color":"var(--ast-global-color-4)","background-image":"","background-repeat":"repeat","background-position":"center center","background-size":"auto","background-attachment":"scroll","background-type":"","background-media":"","overlay-type":"","overlay-color":"","overlay-opacity":"","overlay-gradient":""},"mobile":{"background-color":"var(--ast-global-color-4)","background-image":"","background-repeat":"repeat","background-position":"center center","background-size":"auto","background-attachment":"scroll","background-type":"","background-media":"","overlay-type":"","overlay-color":"","overlay-opacity":"","overlay-gradient":""}},"footnotes":""},"categories":[20,1],"tags":[],"class_list":["post-1200","post","type-post","status-publish","format-standard","has-post-thumbnail","hentry","category-international","category-football-latest-news"],"yoast_head":"<!-- This site is optimized with the Yoast SEO Premium plugin v26.6 (Yoast SEO v27.5) - https:\/\/yoast.com\/product\/yoast-seo-premium-wordpress\/ -->\n<title>Christian Pulisic contract update: Milan to hold talks with USMNT star - Bladna News<\/title>\n<meta name=\"robots\" content=\"index, follow, max-snippet:-1, max-image-preview:large, max-video-preview:-1\" \/>\n<link rel=\"canonical\" href=\"https:\/\/bladnanews.com\/fr\/christian-pulisic-contrat-mise-a-jour-milan-pour-tenir-des-pourparlers-avec-la-star-de-lusmnt\/\" \/>\n<meta property=\"og:locale\" content=\"fr_FR\" \/>\n<meta property=\"og:type\" content=\"article\" \/>\n<meta property=\"og:title\" content=\"Christian Pulisic contract update: Milan to hold talks with USMNT star\" \/>\n<meta property=\"og:description\" content=\"AC Milan is preparing to enter contract talks with Christian Pulisic as the club seeks to secure the USMNT forward&#8217;s [&hellip;]\" \/>\n<meta property=\"og:url\" content=\"https:\/\/bladnanews.com\/fr\/christian-pulisic-contrat-mise-a-jour-milan-pour-tenir-des-pourparlers-avec-la-star-de-lusmnt\/\" \/>\n<meta property=\"og:site_name\" content=\"Bladna News\" \/>\n<meta property=\"article:published_time\" content=\"2026-01-01T10:56:21+00:00\" \/>\n<meta property=\"og:image\" content=\"https:\/\/bladnanews.com\/wp-content\/uploads\/2026\/01\/BladnaNews-Christian-Pulisic-contract-update-Milan-to-hold-talks-with-USMNT-star-2026-01-01T175031.204Z.jpg\" \/>\n\t<meta property=\"og:image:width\" content=\"1920\" \/>\n\t<meta property=\"og:image:height\" content=\"1080\" \/>\n\t<meta property=\"og:image:type\" content=\"image\/jpeg\" \/>\n<meta name=\"author\" content=\"Bladna News Staff\" \/>\n<meta name=\"twitter:card\" content=\"summary_large_image\" \/>\n<meta name=\"twitter:label1\" content=\"\u00c9crit par\" \/>\n\t<meta name=\"twitter:data1\" content=\"Bladna News Staff\" \/>\n\t<meta name=\"twitter:label2\" content=\"Dur\u00e9e de lecture estim\u00e9e\" \/>\n\t<meta name=\"twitter:data2\" content=\"1 minute\" \/>\n<script type=\"application\/ld+json\" class=\"yoast-schema-graph\">{\"@context\":\"https:\\\/\\\/schema.org\",\"@graph\":[{\"@type\":\"Article\",\"@id\":\"https:\\\/\\\/bladnanews.com\\\/christian-pulisic-contract-update-milan-to-hold-talks-with-usmnt-star\\\/#article\",\"isPartOf\":{\"@id\":\"https:\\\/\\\/bladnanews.com\\\/christian-pulisic-contract-update-milan-to-hold-talks-with-usmnt-star\\\/\"},\"author\":{\"name\":\"Bladna News Staff\",\"@id\":\"https:\\\/\\\/mediumseagreen-eel-531711.hostingersite.com\\\/#\\\/schema\\\/person\\\/268e18a453ab080ebf76df6ef7845083\"},\"headline\":\"Christian Pulisic contract update: Milan to hold talks with USMNT star\",\"datePublished\":\"2026-01-01T10:56:21+00:00\",\"mainEntityOfPage\":{\"@id\":\"https:\\\/\\\/bladnanews.com\\\/christian-pulisic-contract-update-milan-to-hold-talks-with-usmnt-star\\\/\"},\"wordCount\":191,\"publisher\":{\"@id\":\"https:\\\/\\\/mediumseagreen-eel-531711.hostingersite.com\\\/#organization\"},\"image\":{\"@id\":\"https:\\\/\\\/bladnanews.com\\\/christian-pulisic-contract-update-milan-to-hold-talks-with-usmnt-star\\\/#primaryimage\"},\"thumbnailUrl\":\"https:\\\/\\\/bladnanews.com\\\/wp-content\\\/uploads\\\/2026\\\/01\\\/BladnaNews-Christian-Pulisic-contract-update-Milan-to-hold-talks-with-USMNT-star-2026-01-01T175031.204Z.jpg\",\"articleSection\":[\"International\",\"Latest News\"],\"inLanguage\":\"fr-FR\",\"copyrightYear\":\"2026\",\"copyrightHolder\":{\"@id\":\"https:\\\/\\\/bladnanews.com\\\/fr\\\/#organization\"}},{\"@type\":\"WebPage\",\"@id\":\"https:\\\/\\\/bladnanews.com\\\/christian-pulisic-contract-update-milan-to-hold-talks-with-usmnt-star\\\/\",\"url\":\"https:\\\/\\\/bladnanews.com\\\/christian-pulisic-contract-update-milan-to-hold-talks-with-usmnt-star\\\/\",\"name\":\"Christian Pulisic contract update: Milan to hold talks with USMNT star - Bladna News\",\"isPartOf\":{\"@id\":\"https:\\\/\\\/mediumseagreen-eel-531711.hostingersite.com\\\/#website\"},\"primaryImageOfPage\":{\"@id\":\"https:\\\/\\\/bladnanews.com\\\/christian-pulisic-contract-update-milan-to-hold-talks-with-usmnt-star\\\/#primaryimage\"},\"image\":{\"@id\":\"https:\\\/\\\/bladnanews.com\\\/christian-pulisic-contract-update-milan-to-hold-talks-with-usmnt-star\\\/#primaryimage\"},\"thumbnailUrl\":\"https:\\\/\\\/bladnanews.com\\\/wp-content\\\/uploads\\\/2026\\\/01\\\/BladnaNews-Christian-Pulisic-contract-update-Milan-to-hold-talks-with-USMNT-star-2026-01-01T175031.204Z.jpg\",\"datePublished\":\"2026-01-01T10:56:21+00:00\",\"breadcrumb\":{\"@id\":\"https:\\\/\\\/bladnanews.com\\\/christian-pulisic-contract-update-milan-to-hold-talks-with-usmnt-star\\\/#breadcrumb\"},\"inLanguage\":\"fr-FR\",\"potentialAction\":[{\"@type\":\"ReadAction\",\"target\":[\"https:\\\/\\\/bladnanews.com\\\/christian-pulisic-contract-update-milan-to-hold-talks-with-usmnt-star\\\/\"]}]},{\"@type\":\"ImageObject\",\"inLanguage\":\"fr-FR\",\"@id\":\"https:\\\/\\\/bladnanews.com\\\/christian-pulisic-contract-update-milan-to-hold-talks-with-usmnt-star\\\/#primaryimage\",\"url\":\"https:\\\/\\\/bladnanews.com\\\/wp-content\\\/uploads\\\/2026\\\/01\\\/BladnaNews-Christian-Pulisic-contract-update-Milan-to-hold-talks-with-USMNT-star-2026-01-01T175031.204Z.jpg\",\"contentUrl\":\"https:\\\/\\\/bladnanews.com\\\/wp-content\\\/uploads\\\/2026\\\/01\\\/BladnaNews-Christian-Pulisic-contract-update-Milan-to-hold-talks-with-USMNT-star-2026-01-01T175031.204Z.jpg\",\"width\":1600,\"height\":900},{\"@type\":\"BreadcrumbList\",\"@id\":\"https:\\\/\\\/bladnanews.com\\\/christian-pulisic-contract-update-milan-to-hold-talks-with-usmnt-star\\\/#breadcrumb\",\"itemListElement\":[{\"@type\":\"ListItem\",\"position\":1,\"name\":\"Home\",\"item\":\"https:\\\/\\\/bladnanews.com\\\/\"},{\"@type\":\"ListItem\",\"position\":2,\"name\":\"Christian Pulisic contract update: Milan to hold talks with USMNT star\"}]},{\"@type\":\"WebSite\",\"@id\":\"https:\\\/\\\/mediumseagreen-eel-531711.hostingersite.com\\\/#website\",\"url\":\"https:\\\/\\\/mediumseagreen-eel-531711.hostingersite.com\\\/\",\"name\":\"Bladna News - Morocco\",\"description\":\"Where Moroccan Football Meets the World\",\"publisher\":{\"@id\":\"https:\\\/\\\/mediumseagreen-eel-531711.hostingersite.com\\\/#organization\"},\"potentialAction\":[{\"@type\":\"SearchAction\",\"target\":{\"@type\":\"EntryPoint\",\"urlTemplate\":\"https:\\\/\\\/mediumseagreen-eel-531711.hostingersite.com\\\/?s={search_term_string}\"},\"query-input\":{\"@type\":\"PropertyValueSpecification\",\"valueRequired\":true,\"valueName\":\"search_term_string\"}}],\"inLanguage\":\"fr-FR\"},{\"@type\":\"Organization\",\"@id\":\"https:\\\/\\\/mediumseagreen-eel-531711.hostingersite.com\\\/#organization\",\"name\":\"Bladna News.com\",\"url\":\"https:\\\/\\\/mediumseagreen-eel-531711.hostingersite.com\\\/\",\"logo\":{\"@type\":\"ImageObject\",\"inLanguage\":\"fr-FR\",\"@id\":\"https:\\\/\\\/mediumseagreen-eel-531711.hostingersite.com\\\/#\\\/schema\\\/logo\\\/image\\\/\",\"url\":\"https:\\\/\\\/bladnanews.com\\\/wp-content\\\/uploads\\\/2025\\\/12\\\/logo-bladnanews-V2-web-black-red.png\",\"contentUrl\":\"https:\\\/\\\/bladnanews.com\\\/wp-content\\\/uploads\\\/2025\\\/12\\\/logo-bladnanews-V2-web-black-red.png\",\"width\":703,\"height\":287,\"caption\":\"Bladna News.com\"},\"image\":{\"@id\":\"https:\\\/\\\/mediumseagreen-eel-531711.hostingersite.com\\\/#\\\/schema\\\/logo\\\/image\\\/\"},\"email\":\"info@bladnanews.com\",\"legalName\":\"Bladna News\"},{\"@type\":\"Person\",\"@id\":\"https:\\\/\\\/mediumseagreen-eel-531711.hostingersite.com\\\/#\\\/schema\\\/person\\\/268e18a453ab080ebf76df6ef7845083\",\"name\":\"Bladna News Staff\",\"url\":\"https:\\\/\\\/bladnanews.com\\\/fr\\\/author\\\/bladna-news-staff\\\/\"}]}<\/script>\n<!-- \/ Yoast SEO Premium plugin. -->","yoast_head_json":{"title":"Mise \u00e0 jour du contrat de Christian Pulisic : le Milan pr\u00e9voit des discussions avec la star de l'\u00e9quipe nationale am\u00e9ricaine - Bladna News","robots":{"index":"index","follow":"follow","max-snippet":"max-snippet:-1","max-image-preview":"max-image-preview:large","max-video-preview":"max-video-preview:-1"},"canonical":"https:\/\/bladnanews.com\/fr\/christian-pulisic-contrat-mise-a-jour-milan-pour-tenir-des-pourparlers-avec-la-star-de-lusmnt\/","og_locale":"fr_FR","og_type":"article","og_title":"Christian Pulisic contract update: Milan to hold talks with USMNT star","og_description":"AC Milan is preparing to enter contract talks with Christian Pulisic as the club seeks to secure the USMNT forward&#8217;s [&hellip;]","og_url":"https:\/\/bladnanews.com\/fr\/christian-pulisic-contrat-mise-a-jour-milan-pour-tenir-des-pourparlers-avec-la-star-de-lusmnt\/","og_site_name":"Bladna News","article_published_time":"2026-01-01T10:56:21+00:00","og_image":[{"width":1920,"height":1080,"url":"https:\/\/bladnanews.com\/wp-content\/uploads\/2026\/01\/BladnaNews-Christian-Pulisic-contract-update-Milan-to-hold-talks-with-USMNT-star-2026-01-01T175031.204Z.jpg","type":"image\/jpeg"}],"author":"Bladna News Staff","twitter_card":"summary_large_image","twitter_misc":{"\u00c9crit par":"Bladna News Staff","Dur\u00e9e de lecture estim\u00e9e":"1 minute"},"schema":{"@context":"https:\/\/schema.org","@graph":[{"@type":"Article","@id":"https:\/\/bladnanews.com\/christian-pulisic-contract-update-milan-to-hold-talks-with-usmnt-star\/#article","isPartOf":{"@id":"https:\/\/bladnanews.com\/christian-pulisic-contract-update-milan-to-hold-talks-with-usmnt-star\/"},"author":{"name":"Bladna News Staff","@id":"https:\/\/mediumseagreen-eel-531711.hostingersite.com\/#\/schema\/person\/268e18a453ab080ebf76df6ef7845083"},"headline":"Christian Pulisic contract update: Milan to hold talks with USMNT star","datePublished":"2026-01-01T10:56:21+00:00","mainEntityOfPage":{"@id":"https:\/\/bladnanews.com\/christian-pulisic-contract-update-milan-to-hold-talks-with-usmnt-star\/"},"wordCount":191,"publisher":{"@id":"https:\/\/mediumseagreen-eel-531711.hostingersite.com\/#organization"},"image":{"@id":"https:\/\/bladnanews.com\/christian-pulisic-contract-update-milan-to-hold-talks-with-usmnt-star\/#primaryimage"},"thumbnailUrl":"https:\/\/bladnanews.com\/wp-content\/uploads\/2026\/01\/BladnaNews-Christian-Pulisic-contract-update-Milan-to-hold-talks-with-USMNT-star-2026-01-01T175031.204Z.jpg","articleSection":["International","Latest News"],"inLanguage":"fr-FR","copyrightYear":"2026","copyrightHolder":{"@id":"https:\/\/bladnanews.com\/fr\/#organization"}},{"@type":"WebPage","@id":"https:\/\/bladnanews.com\/christian-pulisic-contract-update-milan-to-hold-talks-with-usmnt-star\/","url":"https:\/\/bladnanews.com\/christian-pulisic-contract-update-milan-to-hold-talks-with-usmnt-star\/","name":"Mise \u00e0 jour du contrat de Christian Pulisic : le Milan pr\u00e9voit des discussions avec la star de l'\u00e9quipe nationale am\u00e9ricaine - Bladna News","isPartOf":{"@id":"https:\/\/mediumseagreen-eel-531711.hostingersite.com\/#website"},"primaryImageOfPage":{"@id":"https:\/\/bladnanews.com\/christian-pulisic-contract-update-milan-to-hold-talks-with-usmnt-star\/#primaryimage"},"image":{"@id":"https:\/\/bladnanews.com\/christian-pulisic-contract-update-milan-to-hold-talks-with-usmnt-star\/#primaryimage"},"thumbnailUrl":"https:\/\/bladnanews.com\/wp-content\/uploads\/2026\/01\/BladnaNews-Christian-Pulisic-contract-update-Milan-to-hold-talks-with-USMNT-star-2026-01-01T175031.204Z.jpg","datePublished":"2026-01-01T10:56:21+00:00","breadcrumb":{"@id":"https:\/\/bladnanews.com\/christian-pulisic-contract-update-milan-to-hold-talks-with-usmnt-star\/#breadcrumb"},"inLanguage":"fr-FR","potentialAction":[{"@type":"ReadAction","target":["https:\/\/bladnanews.com\/christian-pulisic-contract-update-milan-to-hold-talks-with-usmnt-star\/"]}]},{"@type":"ImageObject","inLanguage":"fr-FR","@id":"https:\/\/bladnanews.com\/christian-pulisic-contract-update-milan-to-hold-talks-with-usmnt-star\/#primaryimage","url":"https:\/\/bladnanews.com\/wp-content\/uploads\/2026\/01\/BladnaNews-Christian-Pulisic-contract-update-Milan-to-hold-talks-with-USMNT-star-2026-01-01T175031.204Z.jpg","contentUrl":"https:\/\/bladnanews.com\/wp-content\/uploads\/2026\/01\/BladnaNews-Christian-Pulisic-contract-update-Milan-to-hold-talks-with-USMNT-star-2026-01-01T175031.204Z.jpg","width":1600,"height":900},{"@type":"BreadcrumbList","@id":"https:\/\/bladnanews.com\/christian-pulisic-contract-update-milan-to-hold-talks-with-usmnt-star\/#breadcrumb","itemListElement":[{"@type":"ListItem","position":1,"name":"Home","item":"https:\/\/bladnanews.com\/"},{"@type":"ListItem","position":2,"name":"Christian Pulisic contract update: Milan to hold talks with USMNT star"}]},{"@type":"WebSite","@id":"https:\/\/mediumseagreen-eel-531711.hostingersite.com\/#website","url":"https:\/\/mediumseagreen-eel-531711.hostingersite.com\/","name":"Bladna News - Maroc","description":"Quand le football marocain rencontre le monde","publisher":{"@id":"https:\/\/mediumseagreen-eel-531711.hostingersite.com\/#organization"},"potentialAction":[{"@type":"SearchAction","target":{"@type":"EntryPoint","urlTemplate":"https:\/\/mediumseagreen-eel-531711.hostingersite.com\/?s={search_term_string}"},"query-input":{"@type":"PropertyValueSpecification","valueRequired":true,"valueName":"search_term_string"}}],"inLanguage":"fr-FR"},{"@type":"Organization","@id":"https:\/\/mediumseagreen-eel-531711.hostingersite.com\/#organization","name":"Bladna News.com","url":"https:\/\/mediumseagreen-eel-531711.hostingersite.com\/","logo":{"@type":"ImageObject","inLanguage":"fr-FR","@id":"https:\/\/mediumseagreen-eel-531711.hostingersite.com\/#\/schema\/logo\/image\/","url":"https:\/\/bladnanews.com\/wp-content\/uploads\/2025\/12\/logo-bladnanews-V2-web-black-red.png","contentUrl":"https:\/\/bladnanews.com\/wp-content\/uploads\/2025\/12\/logo-bladnanews-V2-web-black-red.png","width":703,"height":287,"caption":"Bladna News.com"},"image":{"@id":"https:\/\/mediumseagreen-eel-531711.hostingersite.com\/#\/schema\/logo\/image\/"},"email":"info@bladnanews.com","legalName":"Bladna News"},{"@type":"Person","@id":"https:\/\/mediumseagreen-eel-531711.hostingersite.com\/#\/schema\/person\/268e18a453ab080ebf76df6ef7845083","name":"\u00c9quipe r\u00e9dactionnelle de Bladna News","url":"https:\/\/bladnanews.com\/fr\/author\/bladna-news-staff\/"}]}},"_links":{"self":[{"href":"https:\/\/bladnanews.com\/fr\/wp-json\/wp\/v2\/posts\/1200","targetHints":{"allow":["GET"]}}],"collection":[{"href":"https:\/\/bladnanews.com\/fr\/wp-json\/wp\/v2\/posts"}],"about":[{"href":"https:\/\/bladnanews.com\/fr\/wp-json\/wp\/v2\/types\/post"}],"author":[{"embeddable":true,"href":"https:\/\/bladnanews.com\/fr\/wp-json\/wp\/v2\/users\/3"}],"replies":[{"embeddable":true,"href":"https:\/\/bladnanews.com\/fr\/wp-json\/wp\/v2\/comments?post=1200"}],"version-history":[{"count":0,"href":"https:\/\/bladnanews.com\/fr\/wp-json\/wp\/v2\/posts\/1200\/revisions"}],"wp:featuredmedia":[{"embeddable":true,"href":"https:\/\/bladnanews.com\/fr\/wp-json\/wp\/v2\/media\/1199"}],"wp:attachment":[{"href":"https:\/\/bladnanews.com\/fr\/wp-json\/wp\/v2\/media?parent=1200"}],"wp:term":[{"taxonomy":"category","embeddable":true,"href":"https:\/\/bladnanews.com\/fr\/wp-json\/wp\/v2\/categories?post=1200"},{"taxonomy":"post_tag","embeddable":true,"href":"https:\/\/bladnanews.com\/fr\/wp-json\/wp\/v2\/tags?post=1200"}],"curies":[{"name":"wp","href":"https:\/\/api.w.org\/{rel}","templated":true}]}}