{"id":1208,"date":"2026-01-01T13:32:32","date_gmt":"2026-01-01T13:32:32","guid":{"rendered":"https:\/\/bladnanews.com\/sacked-enzo-maresca-told-chelsea-he-was-talking-to-man-city-twice\/"},"modified":"2026-01-01T13:32:32","modified_gmt":"2026-01-01T13:32:32","slug":"licencie-enzo-maresca-a-dit-a-chelsea-quil-avait-parle-a-man-city-deux-fois","status":"publish","type":"post","link":"https:\/\/bladnanews.com\/fr\/licencie-enzo-maresca-a-dit-a-chelsea-quil-avait-parle-a-man-city-deux-fois\/","title":{"rendered":"L'entra\u00eeneur licenci\u00e9 Enzo Maresca a dit \u00e0 Chelsea qu'il avait parl\u00e9 \u00e0 Man City deux fois"},"content":{"rendered":"<p>L'entra\u00eeneur licenci\u00e9 de Leeds United, Enzo Maresca, aurait inform\u00e9 Chelsea qu'il avait eu des discussions avec Manchester City \u00e0 deux reprises, \u00e9clairant ainsi les plans de succession de Pep Guardiola chez les g\u00e9ants de la Premier League.<\/p>\n<p>Suite au d\u00e9part de Maresca de Leeds, des d\u00e9tails ont \u00e9merg\u00e9 r\u00e9v\u00e9lant que l'entra\u00eeneur italien \u00e9tait en discussions avec City, o\u00f9 il avait pr\u00e9c\u00e9demment travaill\u00e9 comme entra\u00eeneur adjoint sous Guardiola. Des sources confirment que ces discussions ont eu lieu deux fois, soulignant l'int\u00e9r\u00eat de City \u00e0 garder Maresca proche dans le cadre de leur strat\u00e9gie d'entra\u00eenement \u00e0 long terme.<\/p>\n<p>La succession de Guardiola a \u00e9t\u00e9 un sujet de sp\u00e9culation intense, avec des rapports confirmant maintenant que Maresca \u00e9tait consid\u00e9r\u00e9 comme une figure cl\u00e9 dans le processus. Les conversations avec Chelsea sont survenues au milieu de ses liens avec Manchester City, montrant la position de l'entra\u00eeneur parmi les clubs de Premier League de premier plan malgr\u00e9 son bref passage \u00e0 Leeds.<\/p>\n<p>On comprend que la communication de Maresca avec Chelsea impliquait des discussions franches sur ses n\u00e9gociations avec City, soulignant les mouvements manag\u00e9riaux complexes en coulisses. Leeds a d\u00e9cid\u00e9 de se s\u00e9parer de Maresca apr\u00e8s une p\u00e9riode difficile, mais son profil reste remarquablement \u00e9lev\u00e9 en raison de ces r\u00e9centes r\u00e9v\u00e9lations.<\/p>\n<p>La s\u00e9quence des \u00e9v\u00e9nements marque un rare aper\u00e7u des plans de succession \u00e0 long terme de Pep Guardiola, le nom de Maresca \u00e9tant d\u00e9sormais fermement associ\u00e9 au paysage d'entra\u00eenement futur de Manchester City. Avec Chelsea apparemment au courant de ces discussions, les dynamiques entre les clubs et les candidats \u00e0 l'entra\u00eenement sont devenues encore plus complexes avant la prochaine saison de Premier League.<\/p>","protected":false},"excerpt":{"rendered":"<p>Sacked Leeds United head coach Enzo Maresca reportedly informed Chelsea that he had held talks with Manchester City on two [&hellip;]<\/p>\n","protected":false},"author":3,"featured_media":1207,"comment_status":"","ping_status":"open","sticky":false,"template":"","format":"standard","meta":{"googlesitekit_rrm_CAow_uzEDA:productID":"","site-sidebar-layout":"default","site-content-layout":"","ast-site-content-layout":"default","site-content-style":"default","site-sidebar-style":"default","ast-global-header-display":"","ast-banner-title-visibility":"","ast-main-header-display":"","ast-hfb-above-header-display":"","ast-hfb-below-header-display":"","ast-hfb-mobile-header-display":"","site-post-title":"","ast-breadcrumbs-content":"","ast-featured-img":"","footer-sml-layout":"","ast-disable-related-posts":"","theme-transparent-header-meta":"","adv-header-id-meta":"","stick-header-meta":"","header-above-stick-meta":"","header-main-stick-meta":"","header-below-stick-meta":"","astra-migrate-meta-layouts":"default","ast-page-background-enabled":"default","ast-page-background-meta":{"desktop":{"background-color":"var(--ast-global-color-5)","background-image":"","background-repeat":"repeat","background-position":"center center","background-size":"auto","background-attachment":"scroll","background-type":"","background-media":"","overlay-type":"","overlay-color":"","overlay-opacity":"","overlay-gradient":""},"tablet":{"background-color":"","background-image":"","background-repeat":"repeat","background-position":"center center","background-size":"auto","background-attachment":"scroll","background-type":"","background-media":"","overlay-type":"","overlay-color":"","overlay-opacity":"","overlay-gradient":""},"mobile":{"background-color":"","background-image":"","background-repeat":"repeat","background-position":"center center","background-size":"auto","background-attachment":"scroll","background-type":"","background-media":"","overlay-type":"","overlay-color":"","overlay-opacity":"","overlay-gradient":""}},"ast-content-background-meta":{"desktop":{"background-color":"var(--ast-global-color-4)","background-image":"","background-repeat":"repeat","background-position":"center center","background-size":"auto","background-attachment":"scroll","background-type":"","background-media":"","overlay-type":"","overlay-color":"","overlay-opacity":"","overlay-gradient":""},"tablet":{"background-color":"var(--ast-global-color-4)","background-image":"","background-repeat":"repeat","background-position":"center center","background-size":"auto","background-attachment":"scroll","background-type":"","background-media":"","overlay-type":"","overlay-color":"","overlay-opacity":"","overlay-gradient":""},"mobile":{"background-color":"var(--ast-global-color-4)","background-image":"","background-repeat":"repeat","background-position":"center center","background-size":"auto","background-attachment":"scroll","background-type":"","background-media":"","overlay-type":"","overlay-color":"","overlay-opacity":"","overlay-gradient":""}},"footnotes":""},"categories":[20,1],"tags":[],"class_list":["post-1208","post","type-post","status-publish","format-standard","has-post-thumbnail","hentry","category-international","category-football-latest-news"],"yoast_head":"<!-- This site is optimized with the Yoast SEO Premium plugin v26.6 (Yoast SEO v27.5) - https:\/\/yoast.com\/product\/yoast-seo-premium-wordpress\/ -->\n<title>Sacked Enzo Maresca told Chelsea he was talking to Man City twice - Bladna News<\/title>\n<meta name=\"robots\" content=\"index, follow, max-snippet:-1, max-image-preview:large, max-video-preview:-1\" \/>\n<link rel=\"canonical\" href=\"https:\/\/bladnanews.com\/fr\/licencie-enzo-maresca-a-dit-a-chelsea-quil-avait-parle-a-man-city-deux-fois\/\" \/>\n<meta property=\"og:locale\" content=\"fr_FR\" \/>\n<meta property=\"og:type\" content=\"article\" \/>\n<meta property=\"og:title\" content=\"Sacked Enzo Maresca told Chelsea he was talking to Man City twice\" \/>\n<meta property=\"og:description\" content=\"Sacked Leeds United head coach Enzo Maresca reportedly informed Chelsea that he had held talks with Manchester City on two [&hellip;]\" \/>\n<meta property=\"og:url\" content=\"https:\/\/bladnanews.com\/fr\/licencie-enzo-maresca-a-dit-a-chelsea-quil-avait-parle-a-man-city-deux-fois\/\" \/>\n<meta property=\"og:site_name\" content=\"Bladna News\" \/>\n<meta property=\"article:published_time\" content=\"2026-01-01T13:32:32+00:00\" \/>\n<meta property=\"og:image\" content=\"https:\/\/bladnanews.com\/wp-content\/uploads\/2026\/01\/BladnaNews-Sacked-Enzo-Maresca-told-Chelsea-he-was-talking-to-Man-City-twice-2026-01-01T175122.512Z.jpg\" \/>\n\t<meta property=\"og:image:width\" content=\"1920\" \/>\n\t<meta property=\"og:image:height\" content=\"1080\" \/>\n\t<meta property=\"og:image:type\" content=\"image\/jpeg\" \/>\n<meta name=\"author\" content=\"Bladna News Staff\" \/>\n<meta name=\"twitter:card\" content=\"summary_large_image\" \/>\n<meta name=\"twitter:label1\" content=\"\u00c9crit par\" \/>\n\t<meta name=\"twitter:data1\" content=\"Bladna News Staff\" \/>\n\t<meta name=\"twitter:label2\" content=\"Dur\u00e9e de lecture estim\u00e9e\" \/>\n\t<meta name=\"twitter:data2\" content=\"1 minute\" \/>\n<script type=\"application\/ld+json\" class=\"yoast-schema-graph\">{\"@context\":\"https:\\\/\\\/schema.org\",\"@graph\":[{\"@type\":\"Article\",\"@id\":\"https:\\\/\\\/bladnanews.com\\\/sacked-enzo-maresca-told-chelsea-he-was-talking-to-man-city-twice\\\/#article\",\"isPartOf\":{\"@id\":\"https:\\\/\\\/bladnanews.com\\\/sacked-enzo-maresca-told-chelsea-he-was-talking-to-man-city-twice\\\/\"},\"author\":{\"name\":\"Bladna News Staff\",\"@id\":\"https:\\\/\\\/mediumseagreen-eel-531711.hostingersite.com\\\/#\\\/schema\\\/person\\\/268e18a453ab080ebf76df6ef7845083\"},\"headline\":\"Sacked Enzo Maresca told Chelsea he was talking to Man City twice\",\"datePublished\":\"2026-01-01T13:32:32+00:00\",\"mainEntityOfPage\":{\"@id\":\"https:\\\/\\\/bladnanews.com\\\/sacked-enzo-maresca-told-chelsea-he-was-talking-to-man-city-twice\\\/\"},\"wordCount\":253,\"publisher\":{\"@id\":\"https:\\\/\\\/mediumseagreen-eel-531711.hostingersite.com\\\/#organization\"},\"image\":{\"@id\":\"https:\\\/\\\/bladnanews.com\\\/sacked-enzo-maresca-told-chelsea-he-was-talking-to-man-city-twice\\\/#primaryimage\"},\"thumbnailUrl\":\"https:\\\/\\\/bladnanews.com\\\/wp-content\\\/uploads\\\/2026\\\/01\\\/BladnaNews-Sacked-Enzo-Maresca-told-Chelsea-he-was-talking-to-Man-City-twice-2026-01-01T175122.512Z.jpg\",\"articleSection\":[\"International\",\"Latest News\"],\"inLanguage\":\"fr-FR\",\"copyrightYear\":\"2026\",\"copyrightHolder\":{\"@id\":\"https:\\\/\\\/bladnanews.com\\\/fr\\\/#organization\"}},{\"@type\":\"WebPage\",\"@id\":\"https:\\\/\\\/bladnanews.com\\\/sacked-enzo-maresca-told-chelsea-he-was-talking-to-man-city-twice\\\/\",\"url\":\"https:\\\/\\\/bladnanews.com\\\/sacked-enzo-maresca-told-chelsea-he-was-talking-to-man-city-twice\\\/\",\"name\":\"Sacked Enzo Maresca told Chelsea he was talking to Man City twice - Bladna News\",\"isPartOf\":{\"@id\":\"https:\\\/\\\/mediumseagreen-eel-531711.hostingersite.com\\\/#website\"},\"primaryImageOfPage\":{\"@id\":\"https:\\\/\\\/bladnanews.com\\\/sacked-enzo-maresca-told-chelsea-he-was-talking-to-man-city-twice\\\/#primaryimage\"},\"image\":{\"@id\":\"https:\\\/\\\/bladnanews.com\\\/sacked-enzo-maresca-told-chelsea-he-was-talking-to-man-city-twice\\\/#primaryimage\"},\"thumbnailUrl\":\"https:\\\/\\\/bladnanews.com\\\/wp-content\\\/uploads\\\/2026\\\/01\\\/BladnaNews-Sacked-Enzo-Maresca-told-Chelsea-he-was-talking-to-Man-City-twice-2026-01-01T175122.512Z.jpg\",\"datePublished\":\"2026-01-01T13:32:32+00:00\",\"breadcrumb\":{\"@id\":\"https:\\\/\\\/bladnanews.com\\\/sacked-enzo-maresca-told-chelsea-he-was-talking-to-man-city-twice\\\/#breadcrumb\"},\"inLanguage\":\"fr-FR\",\"potentialAction\":[{\"@type\":\"ReadAction\",\"target\":[\"https:\\\/\\\/bladnanews.com\\\/sacked-enzo-maresca-told-chelsea-he-was-talking-to-man-city-twice\\\/\"]}]},{\"@type\":\"ImageObject\",\"inLanguage\":\"fr-FR\",\"@id\":\"https:\\\/\\\/bladnanews.com\\\/sacked-enzo-maresca-told-chelsea-he-was-talking-to-man-city-twice\\\/#primaryimage\",\"url\":\"https:\\\/\\\/bladnanews.com\\\/wp-content\\\/uploads\\\/2026\\\/01\\\/BladnaNews-Sacked-Enzo-Maresca-told-Chelsea-he-was-talking-to-Man-City-twice-2026-01-01T175122.512Z.jpg\",\"contentUrl\":\"https:\\\/\\\/bladnanews.com\\\/wp-content\\\/uploads\\\/2026\\\/01\\\/BladnaNews-Sacked-Enzo-Maresca-told-Chelsea-he-was-talking-to-Man-City-twice-2026-01-01T175122.512Z.jpg\",\"width\":1600,\"height\":900},{\"@type\":\"BreadcrumbList\",\"@id\":\"https:\\\/\\\/bladnanews.com\\\/sacked-enzo-maresca-told-chelsea-he-was-talking-to-man-city-twice\\\/#breadcrumb\",\"itemListElement\":[{\"@type\":\"ListItem\",\"position\":1,\"name\":\"Home\",\"item\":\"https:\\\/\\\/bladnanews.com\\\/\"},{\"@type\":\"ListItem\",\"position\":2,\"name\":\"Sacked Enzo Maresca told Chelsea he was talking to Man City twice\"}]},{\"@type\":\"WebSite\",\"@id\":\"https:\\\/\\\/mediumseagreen-eel-531711.hostingersite.com\\\/#website\",\"url\":\"https:\\\/\\\/mediumseagreen-eel-531711.hostingersite.com\\\/\",\"name\":\"Bladna News - Morocco\",\"description\":\"Where Moroccan Football Meets the World\",\"publisher\":{\"@id\":\"https:\\\/\\\/mediumseagreen-eel-531711.hostingersite.com\\\/#organization\"},\"potentialAction\":[{\"@type\":\"SearchAction\",\"target\":{\"@type\":\"EntryPoint\",\"urlTemplate\":\"https:\\\/\\\/mediumseagreen-eel-531711.hostingersite.com\\\/?s={search_term_string}\"},\"query-input\":{\"@type\":\"PropertyValueSpecification\",\"valueRequired\":true,\"valueName\":\"search_term_string\"}}],\"inLanguage\":\"fr-FR\"},{\"@type\":\"Organization\",\"@id\":\"https:\\\/\\\/mediumseagreen-eel-531711.hostingersite.com\\\/#organization\",\"name\":\"Bladna News.com\",\"url\":\"https:\\\/\\\/mediumseagreen-eel-531711.hostingersite.com\\\/\",\"logo\":{\"@type\":\"ImageObject\",\"inLanguage\":\"fr-FR\",\"@id\":\"https:\\\/\\\/mediumseagreen-eel-531711.hostingersite.com\\\/#\\\/schema\\\/logo\\\/image\\\/\",\"url\":\"https:\\\/\\\/bladnanews.com\\\/wp-content\\\/uploads\\\/2025\\\/12\\\/logo-bladnanews-V2-web-black-red.png\",\"contentUrl\":\"https:\\\/\\\/bladnanews.com\\\/wp-content\\\/uploads\\\/2025\\\/12\\\/logo-bladnanews-V2-web-black-red.png\",\"width\":703,\"height\":287,\"caption\":\"Bladna News.com\"},\"image\":{\"@id\":\"https:\\\/\\\/mediumseagreen-eel-531711.hostingersite.com\\\/#\\\/schema\\\/logo\\\/image\\\/\"},\"email\":\"info@bladnanews.com\",\"legalName\":\"Bladna News\"},{\"@type\":\"Person\",\"@id\":\"https:\\\/\\\/mediumseagreen-eel-531711.hostingersite.com\\\/#\\\/schema\\\/person\\\/268e18a453ab080ebf76df6ef7845083\",\"name\":\"Bladna News Staff\",\"url\":\"https:\\\/\\\/bladnanews.com\\\/fr\\\/author\\\/bladna-news-staff\\\/\"}]}<\/script>\n<!-- \/ Yoast SEO Premium plugin. -->","yoast_head_json":{"title":"Licenci\u00e9, Enzo Maresca a dit \u00e0 Chelsea qu'il parlait \u00e0 Man City deux fois - Bladna News","robots":{"index":"index","follow":"follow","max-snippet":"max-snippet:-1","max-image-preview":"max-image-preview:large","max-video-preview":"max-video-preview:-1"},"canonical":"https:\/\/bladnanews.com\/fr\/licencie-enzo-maresca-a-dit-a-chelsea-quil-avait-parle-a-man-city-deux-fois\/","og_locale":"fr_FR","og_type":"article","og_title":"Sacked Enzo Maresca told Chelsea he was talking to Man City twice","og_description":"Sacked Leeds United head coach Enzo Maresca reportedly informed Chelsea that he had held talks with Manchester City on two [&hellip;]","og_url":"https:\/\/bladnanews.com\/fr\/licencie-enzo-maresca-a-dit-a-chelsea-quil-avait-parle-a-man-city-deux-fois\/","og_site_name":"Bladna News","article_published_time":"2026-01-01T13:32:32+00:00","og_image":[{"width":1920,"height":1080,"url":"https:\/\/bladnanews.com\/wp-content\/uploads\/2026\/01\/BladnaNews-Sacked-Enzo-Maresca-told-Chelsea-he-was-talking-to-Man-City-twice-2026-01-01T175122.512Z.jpg","type":"image\/jpeg"}],"author":"Bladna News Staff","twitter_card":"summary_large_image","twitter_misc":{"\u00c9crit par":"Bladna News Staff","Dur\u00e9e de lecture estim\u00e9e":"1 minute"},"schema":{"@context":"https:\/\/schema.org","@graph":[{"@type":"Article","@id":"https:\/\/bladnanews.com\/sacked-enzo-maresca-told-chelsea-he-was-talking-to-man-city-twice\/#article","isPartOf":{"@id":"https:\/\/bladnanews.com\/sacked-enzo-maresca-told-chelsea-he-was-talking-to-man-city-twice\/"},"author":{"name":"Bladna News Staff","@id":"https:\/\/mediumseagreen-eel-531711.hostingersite.com\/#\/schema\/person\/268e18a453ab080ebf76df6ef7845083"},"headline":"Sacked Enzo Maresca told Chelsea he was talking to Man City twice","datePublished":"2026-01-01T13:32:32+00:00","mainEntityOfPage":{"@id":"https:\/\/bladnanews.com\/sacked-enzo-maresca-told-chelsea-he-was-talking-to-man-city-twice\/"},"wordCount":253,"publisher":{"@id":"https:\/\/mediumseagreen-eel-531711.hostingersite.com\/#organization"},"image":{"@id":"https:\/\/bladnanews.com\/sacked-enzo-maresca-told-chelsea-he-was-talking-to-man-city-twice\/#primaryimage"},"thumbnailUrl":"https:\/\/bladnanews.com\/wp-content\/uploads\/2026\/01\/BladnaNews-Sacked-Enzo-Maresca-told-Chelsea-he-was-talking-to-Man-City-twice-2026-01-01T175122.512Z.jpg","articleSection":["International","Latest News"],"inLanguage":"fr-FR","copyrightYear":"2026","copyrightHolder":{"@id":"https:\/\/bladnanews.com\/fr\/#organization"}},{"@type":"WebPage","@id":"https:\/\/bladnanews.com\/sacked-enzo-maresca-told-chelsea-he-was-talking-to-man-city-twice\/","url":"https:\/\/bladnanews.com\/sacked-enzo-maresca-told-chelsea-he-was-talking-to-man-city-twice\/","name":"Licenci\u00e9, Enzo Maresca a dit \u00e0 Chelsea qu'il parlait \u00e0 Man City deux fois - Bladna News","isPartOf":{"@id":"https:\/\/mediumseagreen-eel-531711.hostingersite.com\/#website"},"primaryImageOfPage":{"@id":"https:\/\/bladnanews.com\/sacked-enzo-maresca-told-chelsea-he-was-talking-to-man-city-twice\/#primaryimage"},"image":{"@id":"https:\/\/bladnanews.com\/sacked-enzo-maresca-told-chelsea-he-was-talking-to-man-city-twice\/#primaryimage"},"thumbnailUrl":"https:\/\/bladnanews.com\/wp-content\/uploads\/2026\/01\/BladnaNews-Sacked-Enzo-Maresca-told-Chelsea-he-was-talking-to-Man-City-twice-2026-01-01T175122.512Z.jpg","datePublished":"2026-01-01T13:32:32+00:00","breadcrumb":{"@id":"https:\/\/bladnanews.com\/sacked-enzo-maresca-told-chelsea-he-was-talking-to-man-city-twice\/#breadcrumb"},"inLanguage":"fr-FR","potentialAction":[{"@type":"ReadAction","target":["https:\/\/bladnanews.com\/sacked-enzo-maresca-told-chelsea-he-was-talking-to-man-city-twice\/"]}]},{"@type":"ImageObject","inLanguage":"fr-FR","@id":"https:\/\/bladnanews.com\/sacked-enzo-maresca-told-chelsea-he-was-talking-to-man-city-twice\/#primaryimage","url":"https:\/\/bladnanews.com\/wp-content\/uploads\/2026\/01\/BladnaNews-Sacked-Enzo-Maresca-told-Chelsea-he-was-talking-to-Man-City-twice-2026-01-01T175122.512Z.jpg","contentUrl":"https:\/\/bladnanews.com\/wp-content\/uploads\/2026\/01\/BladnaNews-Sacked-Enzo-Maresca-told-Chelsea-he-was-talking-to-Man-City-twice-2026-01-01T175122.512Z.jpg","width":1600,"height":900},{"@type":"BreadcrumbList","@id":"https:\/\/bladnanews.com\/sacked-enzo-maresca-told-chelsea-he-was-talking-to-man-city-twice\/#breadcrumb","itemListElement":[{"@type":"ListItem","position":1,"name":"Home","item":"https:\/\/bladnanews.com\/"},{"@type":"ListItem","position":2,"name":"Sacked Enzo Maresca told Chelsea he was talking to Man City twice"}]},{"@type":"WebSite","@id":"https:\/\/mediumseagreen-eel-531711.hostingersite.com\/#website","url":"https:\/\/mediumseagreen-eel-531711.hostingersite.com\/","name":"Bladna News - Maroc","description":"Quand le football marocain rencontre le monde","publisher":{"@id":"https:\/\/mediumseagreen-eel-531711.hostingersite.com\/#organization"},"potentialAction":[{"@type":"SearchAction","target":{"@type":"EntryPoint","urlTemplate":"https:\/\/mediumseagreen-eel-531711.hostingersite.com\/?s={search_term_string}"},"query-input":{"@type":"PropertyValueSpecification","valueRequired":true,"valueName":"search_term_string"}}],"inLanguage":"fr-FR"},{"@type":"Organization","@id":"https:\/\/mediumseagreen-eel-531711.hostingersite.com\/#organization","name":"Bladna News.com","url":"https:\/\/mediumseagreen-eel-531711.hostingersite.com\/","logo":{"@type":"ImageObject","inLanguage":"fr-FR","@id":"https:\/\/mediumseagreen-eel-531711.hostingersite.com\/#\/schema\/logo\/image\/","url":"https:\/\/bladnanews.com\/wp-content\/uploads\/2025\/12\/logo-bladnanews-V2-web-black-red.png","contentUrl":"https:\/\/bladnanews.com\/wp-content\/uploads\/2025\/12\/logo-bladnanews-V2-web-black-red.png","width":703,"height":287,"caption":"Bladna News.com"},"image":{"@id":"https:\/\/mediumseagreen-eel-531711.hostingersite.com\/#\/schema\/logo\/image\/"},"email":"info@bladnanews.com","legalName":"Bladna News"},{"@type":"Person","@id":"https:\/\/mediumseagreen-eel-531711.hostingersite.com\/#\/schema\/person\/268e18a453ab080ebf76df6ef7845083","name":"\u00c9quipe r\u00e9dactionnelle de Bladna News","url":"https:\/\/bladnanews.com\/fr\/author\/bladna-news-staff\/"}]}},"_links":{"self":[{"href":"https:\/\/bladnanews.com\/fr\/wp-json\/wp\/v2\/posts\/1208","targetHints":{"allow":["GET"]}}],"collection":[{"href":"https:\/\/bladnanews.com\/fr\/wp-json\/wp\/v2\/posts"}],"about":[{"href":"https:\/\/bladnanews.com\/fr\/wp-json\/wp\/v2\/types\/post"}],"author":[{"embeddable":true,"href":"https:\/\/bladnanews.com\/fr\/wp-json\/wp\/v2\/users\/3"}],"replies":[{"embeddable":true,"href":"https:\/\/bladnanews.com\/fr\/wp-json\/wp\/v2\/comments?post=1208"}],"version-history":[{"count":0,"href":"https:\/\/bladnanews.com\/fr\/wp-json\/wp\/v2\/posts\/1208\/revisions"}],"wp:featuredmedia":[{"embeddable":true,"href":"https:\/\/bladnanews.com\/fr\/wp-json\/wp\/v2\/media\/1207"}],"wp:attachment":[{"href":"https:\/\/bladnanews.com\/fr\/wp-json\/wp\/v2\/media?parent=1208"}],"wp:term":[{"taxonomy":"category","embeddable":true,"href":"https:\/\/bladnanews.com\/fr\/wp-json\/wp\/v2\/categories?post=1208"},{"taxonomy":"post_tag","embeddable":true,"href":"https:\/\/bladnanews.com\/fr\/wp-json\/wp\/v2\/tags?post=1208"}],"curies":[{"name":"wp","href":"https:\/\/api.w.org\/{rel}","templated":true}]}}