{"id":1210,"date":"2026-01-01T13:59:03","date_gmt":"2026-01-01T13:59:03","guid":{"rendered":"https:\/\/bladnanews.com\/christian-pulisic-cannot-always-save-ac-milan-says-coach\/"},"modified":"2026-01-01T13:59:03","modified_gmt":"2026-01-01T13:59:03","slug":"christian-pulisic-ne-peut-pas-toujours-sauver-lac-milan-dit-lentraineur","status":"publish","type":"post","link":"https:\/\/bladnanews.com\/fr\/christian-pulisic-ne-peut-pas-toujours-sauver-lac-milan-dit-lentraineur\/","title":{"rendered":"Christian Pulisic ne peut pas toujours sauver l'AC Milan, d\u00e9clare l'entra\u00eeneur"},"content":{"rendered":"<p>L'influence de Christian Pulisic \u00e0 l'AC Milan reste \u00e9vidente, mais un entra\u00eeneur l\u00e9gendaire a averti que les g\u00e9ants de la Serie A deviennent trop d\u00e9pendants de l'international am\u00e9ricain. Malgr\u00e9 les contributions vitales de l'ailier, le message provenant de l'int\u00e9rieur du club est que Milan ne peut pas compter uniquement sur \u201cCaptain America\u201d pour obtenir des r\u00e9sultats \u00e0 chaque fois.<\/p>\n<p>Cette saison, Pulisic a \u00e9t\u00e9 au c\u0153ur du jeu offensif de Milan, renversant souvent le cours des matchs en sa faveur gr\u00e2ce \u00e0 sa vitesse et sa cr\u00e9ativit\u00e9. Ses performances ont \u00e9t\u00e9 cruciales dans les moments cl\u00e9s, avec plusieurs buts et passes d\u00e9cisives importants qui ont aid\u00e9 les Rossoneri \u00e0 obtenir des points pr\u00e9cieux en Serie A et en comp\u00e9tition europ\u00e9enne.<\/p>\n<p>Cependant, les difficult\u00e9s r\u00e9centes de l'\u00e9quipe ont suscit\u00e9 des inqui\u00e9tudes. L'entra\u00eeneur a soulign\u00e9 que si le talent de Pulisic peut changer les matchs, le succ\u00e8s de Milan ne peut reposer sur un seul joueur. \u201c Christian ne peut pas toujours sauver l'\u00e9quipe \u201d, a d\u00e9clar\u00e9 l'entra\u00eeneur, soulignant la n\u00e9cessit\u00e9 de contributions plus \u00e9quilibr\u00e9es de la part de l'effectif.<\/p>\n<p>Cet avertissement met en lumi\u00e8re que l'approche tactique de Milan n\u00e9cessite d\u00e9sormais plus de profondeur et d'effort collectif. Les Rossoneri auront besoin que d'autres joueurs se r\u00e9v\u00e8lent r\u00e9guli\u00e8rement aux c\u00f4t\u00e9s de Pulisic s'ils veulent maintenir leur position dans la course au titre et progresser en Europe.<\/p>\n<p>En r\u00e9ponse aux commentaires de l'entra\u00eeneur, des sources internes au club ont reconnu le d\u00e9fi. Elles ont r\u00e9v\u00e9l\u00e9 que si Pulisic est une figure cl\u00e9, l'accent est mis sur le d\u00e9veloppement d'une attaque plus polyvalente pour r\u00e9duire la charge pesant sur la star de l'USMNT.<\/p>\n<p>Alors que Milan se projette sur les prochaines rencontres, les projecteurs resteront braqu\u00e9s sur Pulisic, mais le message du staff technique est clair : l'\u00e9quipe ne peut pas compter uniquement sur son attaquant am\u00e9ricain. Un effort plus collectif sera crucial si les Rossoneri veulent atteindre leurs objectifs cette saison.<\/p>","protected":false},"excerpt":{"rendered":"<p>Christian Pulisic\u2019s influence at AC Milan remains clear, but a legendary coach has warned that the Serie A giants are [&hellip;]<\/p>\n","protected":false},"author":3,"featured_media":1209,"comment_status":"","ping_status":"open","sticky":false,"template":"","format":"standard","meta":{"googlesitekit_rrm_CAow_uzEDA:productID":"","site-sidebar-layout":"default","site-content-layout":"","ast-site-content-layout":"default","site-content-style":"default","site-sidebar-style":"default","ast-global-header-display":"","ast-banner-title-visibility":"","ast-main-header-display":"","ast-hfb-above-header-display":"","ast-hfb-below-header-display":"","ast-hfb-mobile-header-display":"","site-post-title":"","ast-breadcrumbs-content":"","ast-featured-img":"","footer-sml-layout":"","ast-disable-related-posts":"","theme-transparent-header-meta":"","adv-header-id-meta":"","stick-header-meta":"","header-above-stick-meta":"","header-main-stick-meta":"","header-below-stick-meta":"","astra-migrate-meta-layouts":"default","ast-page-background-enabled":"default","ast-page-background-meta":{"desktop":{"background-color":"var(--ast-global-color-5)","background-image":"","background-repeat":"repeat","background-position":"center center","background-size":"auto","background-attachment":"scroll","background-type":"","background-media":"","overlay-type":"","overlay-color":"","overlay-opacity":"","overlay-gradient":""},"tablet":{"background-color":"","background-image":"","background-repeat":"repeat","background-position":"center center","background-size":"auto","background-attachment":"scroll","background-type":"","background-media":"","overlay-type":"","overlay-color":"","overlay-opacity":"","overlay-gradient":""},"mobile":{"background-color":"","background-image":"","background-repeat":"repeat","background-position":"center center","background-size":"auto","background-attachment":"scroll","background-type":"","background-media":"","overlay-type":"","overlay-color":"","overlay-opacity":"","overlay-gradient":""}},"ast-content-background-meta":{"desktop":{"background-color":"var(--ast-global-color-4)","background-image":"","background-repeat":"repeat","background-position":"center center","background-size":"auto","background-attachment":"scroll","background-type":"","background-media":"","overlay-type":"","overlay-color":"","overlay-opacity":"","overlay-gradient":""},"tablet":{"background-color":"var(--ast-global-color-4)","background-image":"","background-repeat":"repeat","background-position":"center center","background-size":"auto","background-attachment":"scroll","background-type":"","background-media":"","overlay-type":"","overlay-color":"","overlay-opacity":"","overlay-gradient":""},"mobile":{"background-color":"var(--ast-global-color-4)","background-image":"","background-repeat":"repeat","background-position":"center center","background-size":"auto","background-attachment":"scroll","background-type":"","background-media":"","overlay-type":"","overlay-color":"","overlay-opacity":"","overlay-gradient":""}},"footnotes":""},"categories":[20,1],"tags":[],"class_list":["post-1210","post","type-post","status-publish","format-standard","has-post-thumbnail","hentry","category-international","category-football-latest-news"],"yoast_head":"<!-- This site is optimized with the Yoast SEO Premium plugin v26.6 (Yoast SEO v27.5) - https:\/\/yoast.com\/product\/yoast-seo-premium-wordpress\/ -->\n<title>Christian Pulisic cannot always save AC Milan, says coach - Bladna News<\/title>\n<meta name=\"robots\" content=\"index, follow, max-snippet:-1, max-image-preview:large, max-video-preview:-1\" \/>\n<link rel=\"canonical\" href=\"https:\/\/bladnanews.com\/fr\/christian-pulisic-ne-peut-pas-toujours-sauver-lac-milan-dit-lentraineur\/\" \/>\n<meta property=\"og:locale\" content=\"fr_FR\" \/>\n<meta property=\"og:type\" content=\"article\" \/>\n<meta property=\"og:title\" content=\"Christian Pulisic cannot always save AC Milan, says coach\" \/>\n<meta property=\"og:description\" content=\"Christian Pulisic\u2019s influence at AC Milan remains clear, but a legendary coach has warned that the Serie A giants are [&hellip;]\" \/>\n<meta property=\"og:url\" content=\"https:\/\/bladnanews.com\/fr\/christian-pulisic-ne-peut-pas-toujours-sauver-lac-milan-dit-lentraineur\/\" \/>\n<meta property=\"og:site_name\" content=\"Bladna News\" \/>\n<meta property=\"article:published_time\" content=\"2026-01-01T13:59:03+00:00\" \/>\n<meta property=\"og:image\" content=\"https:\/\/bladnanews.com\/wp-content\/uploads\/2026\/01\/BladnaNews-Christian-Pulisic-cannot-always-save-AC-Milan-says-coach-2026-01-01T175135.548Z.jpg\" \/>\n\t<meta property=\"og:image:width\" content=\"1918\" \/>\n\t<meta property=\"og:image:height\" content=\"1079\" \/>\n\t<meta property=\"og:image:type\" content=\"image\/jpeg\" \/>\n<meta name=\"author\" content=\"Bladna News Staff\" \/>\n<meta name=\"twitter:card\" content=\"summary_large_image\" \/>\n<meta name=\"twitter:label1\" content=\"\u00c9crit par\" \/>\n\t<meta name=\"twitter:data1\" content=\"Bladna News Staff\" \/>\n\t<meta name=\"twitter:label2\" content=\"Dur\u00e9e de lecture estim\u00e9e\" \/>\n\t<meta name=\"twitter:data2\" content=\"1 minute\" \/>\n<script type=\"application\/ld+json\" class=\"yoast-schema-graph\">{\"@context\":\"https:\\\/\\\/schema.org\",\"@graph\":[{\"@type\":\"Article\",\"@id\":\"https:\\\/\\\/bladnanews.com\\\/christian-pulisic-cannot-always-save-ac-milan-says-coach\\\/#article\",\"isPartOf\":{\"@id\":\"https:\\\/\\\/bladnanews.com\\\/christian-pulisic-cannot-always-save-ac-milan-says-coach\\\/\"},\"author\":{\"name\":\"Bladna News Staff\",\"@id\":\"https:\\\/\\\/mediumseagreen-eel-531711.hostingersite.com\\\/#\\\/schema\\\/person\\\/268e18a453ab080ebf76df6ef7845083\"},\"headline\":\"Christian Pulisic cannot always save AC Milan, says coach\",\"datePublished\":\"2026-01-01T13:59:03+00:00\",\"mainEntityOfPage\":{\"@id\":\"https:\\\/\\\/bladnanews.com\\\/christian-pulisic-cannot-always-save-ac-milan-says-coach\\\/\"},\"wordCount\":292,\"publisher\":{\"@id\":\"https:\\\/\\\/mediumseagreen-eel-531711.hostingersite.com\\\/#organization\"},\"image\":{\"@id\":\"https:\\\/\\\/bladnanews.com\\\/christian-pulisic-cannot-always-save-ac-milan-says-coach\\\/#primaryimage\"},\"thumbnailUrl\":\"https:\\\/\\\/bladnanews.com\\\/wp-content\\\/uploads\\\/2026\\\/01\\\/BladnaNews-Christian-Pulisic-cannot-always-save-AC-Milan-says-coach-2026-01-01T175135.548Z.jpg\",\"articleSection\":[\"International\",\"Latest News\"],\"inLanguage\":\"fr-FR\",\"copyrightYear\":\"2026\",\"copyrightHolder\":{\"@id\":\"https:\\\/\\\/bladnanews.com\\\/fr\\\/#organization\"}},{\"@type\":\"WebPage\",\"@id\":\"https:\\\/\\\/bladnanews.com\\\/christian-pulisic-cannot-always-save-ac-milan-says-coach\\\/\",\"url\":\"https:\\\/\\\/bladnanews.com\\\/christian-pulisic-cannot-always-save-ac-milan-says-coach\\\/\",\"name\":\"Christian Pulisic cannot always save AC Milan, says coach - Bladna News\",\"isPartOf\":{\"@id\":\"https:\\\/\\\/mediumseagreen-eel-531711.hostingersite.com\\\/#website\"},\"primaryImageOfPage\":{\"@id\":\"https:\\\/\\\/bladnanews.com\\\/christian-pulisic-cannot-always-save-ac-milan-says-coach\\\/#primaryimage\"},\"image\":{\"@id\":\"https:\\\/\\\/bladnanews.com\\\/christian-pulisic-cannot-always-save-ac-milan-says-coach\\\/#primaryimage\"},\"thumbnailUrl\":\"https:\\\/\\\/bladnanews.com\\\/wp-content\\\/uploads\\\/2026\\\/01\\\/BladnaNews-Christian-Pulisic-cannot-always-save-AC-Milan-says-coach-2026-01-01T175135.548Z.jpg\",\"datePublished\":\"2026-01-01T13:59:03+00:00\",\"breadcrumb\":{\"@id\":\"https:\\\/\\\/bladnanews.com\\\/christian-pulisic-cannot-always-save-ac-milan-says-coach\\\/#breadcrumb\"},\"inLanguage\":\"fr-FR\",\"potentialAction\":[{\"@type\":\"ReadAction\",\"target\":[\"https:\\\/\\\/bladnanews.com\\\/christian-pulisic-cannot-always-save-ac-milan-says-coach\\\/\"]}]},{\"@type\":\"ImageObject\",\"inLanguage\":\"fr-FR\",\"@id\":\"https:\\\/\\\/bladnanews.com\\\/christian-pulisic-cannot-always-save-ac-milan-says-coach\\\/#primaryimage\",\"url\":\"https:\\\/\\\/bladnanews.com\\\/wp-content\\\/uploads\\\/2026\\\/01\\\/BladnaNews-Christian-Pulisic-cannot-always-save-AC-Milan-says-coach-2026-01-01T175135.548Z.jpg\",\"contentUrl\":\"https:\\\/\\\/bladnanews.com\\\/wp-content\\\/uploads\\\/2026\\\/01\\\/BladnaNews-Christian-Pulisic-cannot-always-save-AC-Milan-says-coach-2026-01-01T175135.548Z.jpg\",\"width\":1600,\"height\":900},{\"@type\":\"BreadcrumbList\",\"@id\":\"https:\\\/\\\/bladnanews.com\\\/christian-pulisic-cannot-always-save-ac-milan-says-coach\\\/#breadcrumb\",\"itemListElement\":[{\"@type\":\"ListItem\",\"position\":1,\"name\":\"Home\",\"item\":\"https:\\\/\\\/bladnanews.com\\\/\"},{\"@type\":\"ListItem\",\"position\":2,\"name\":\"Christian Pulisic cannot always save AC Milan, says coach\"}]},{\"@type\":\"WebSite\",\"@id\":\"https:\\\/\\\/mediumseagreen-eel-531711.hostingersite.com\\\/#website\",\"url\":\"https:\\\/\\\/mediumseagreen-eel-531711.hostingersite.com\\\/\",\"name\":\"Bladna News - Morocco\",\"description\":\"Where Moroccan Football Meets the World\",\"publisher\":{\"@id\":\"https:\\\/\\\/mediumseagreen-eel-531711.hostingersite.com\\\/#organization\"},\"potentialAction\":[{\"@type\":\"SearchAction\",\"target\":{\"@type\":\"EntryPoint\",\"urlTemplate\":\"https:\\\/\\\/mediumseagreen-eel-531711.hostingersite.com\\\/?s={search_term_string}\"},\"query-input\":{\"@type\":\"PropertyValueSpecification\",\"valueRequired\":true,\"valueName\":\"search_term_string\"}}],\"inLanguage\":\"fr-FR\"},{\"@type\":\"Organization\",\"@id\":\"https:\\\/\\\/mediumseagreen-eel-531711.hostingersite.com\\\/#organization\",\"name\":\"Bladna News.com\",\"url\":\"https:\\\/\\\/mediumseagreen-eel-531711.hostingersite.com\\\/\",\"logo\":{\"@type\":\"ImageObject\",\"inLanguage\":\"fr-FR\",\"@id\":\"https:\\\/\\\/mediumseagreen-eel-531711.hostingersite.com\\\/#\\\/schema\\\/logo\\\/image\\\/\",\"url\":\"https:\\\/\\\/bladnanews.com\\\/wp-content\\\/uploads\\\/2025\\\/12\\\/logo-bladnanews-V2-web-black-red.png\",\"contentUrl\":\"https:\\\/\\\/bladnanews.com\\\/wp-content\\\/uploads\\\/2025\\\/12\\\/logo-bladnanews-V2-web-black-red.png\",\"width\":703,\"height\":287,\"caption\":\"Bladna News.com\"},\"image\":{\"@id\":\"https:\\\/\\\/mediumseagreen-eel-531711.hostingersite.com\\\/#\\\/schema\\\/logo\\\/image\\\/\"},\"email\":\"info@bladnanews.com\",\"legalName\":\"Bladna News\"},{\"@type\":\"Person\",\"@id\":\"https:\\\/\\\/mediumseagreen-eel-531711.hostingersite.com\\\/#\\\/schema\\\/person\\\/268e18a453ab080ebf76df6ef7845083\",\"name\":\"Bladna News Staff\",\"url\":\"https:\\\/\\\/bladnanews.com\\\/fr\\\/author\\\/bladna-news-staff\\\/\"}]}<\/script>\n<!-- \/ Yoast SEO Premium plugin. -->","yoast_head_json":{"title":"Christian Pulisic ne peut pas toujours sauver l'AC Milan, d\u00e9clare l'entra\u00eeneur - Bladna News","robots":{"index":"index","follow":"follow","max-snippet":"max-snippet:-1","max-image-preview":"max-image-preview:large","max-video-preview":"max-video-preview:-1"},"canonical":"https:\/\/bladnanews.com\/fr\/christian-pulisic-ne-peut-pas-toujours-sauver-lac-milan-dit-lentraineur\/","og_locale":"fr_FR","og_type":"article","og_title":"Christian Pulisic cannot always save AC Milan, says coach","og_description":"Christian Pulisic\u2019s influence at AC Milan remains clear, but a legendary coach has warned that the Serie A giants are [&hellip;]","og_url":"https:\/\/bladnanews.com\/fr\/christian-pulisic-ne-peut-pas-toujours-sauver-lac-milan-dit-lentraineur\/","og_site_name":"Bladna News","article_published_time":"2026-01-01T13:59:03+00:00","og_image":[{"width":1918,"height":1079,"url":"https:\/\/bladnanews.com\/wp-content\/uploads\/2026\/01\/BladnaNews-Christian-Pulisic-cannot-always-save-AC-Milan-says-coach-2026-01-01T175135.548Z.jpg","type":"image\/jpeg"}],"author":"Bladna News Staff","twitter_card":"summary_large_image","twitter_misc":{"\u00c9crit par":"Bladna News Staff","Dur\u00e9e de lecture estim\u00e9e":"1 minute"},"schema":{"@context":"https:\/\/schema.org","@graph":[{"@type":"Article","@id":"https:\/\/bladnanews.com\/christian-pulisic-cannot-always-save-ac-milan-says-coach\/#article","isPartOf":{"@id":"https:\/\/bladnanews.com\/christian-pulisic-cannot-always-save-ac-milan-says-coach\/"},"author":{"name":"Bladna News Staff","@id":"https:\/\/mediumseagreen-eel-531711.hostingersite.com\/#\/schema\/person\/268e18a453ab080ebf76df6ef7845083"},"headline":"Christian Pulisic cannot always save AC Milan, says coach","datePublished":"2026-01-01T13:59:03+00:00","mainEntityOfPage":{"@id":"https:\/\/bladnanews.com\/christian-pulisic-cannot-always-save-ac-milan-says-coach\/"},"wordCount":292,"publisher":{"@id":"https:\/\/mediumseagreen-eel-531711.hostingersite.com\/#organization"},"image":{"@id":"https:\/\/bladnanews.com\/christian-pulisic-cannot-always-save-ac-milan-says-coach\/#primaryimage"},"thumbnailUrl":"https:\/\/bladnanews.com\/wp-content\/uploads\/2026\/01\/BladnaNews-Christian-Pulisic-cannot-always-save-AC-Milan-says-coach-2026-01-01T175135.548Z.jpg","articleSection":["International","Latest News"],"inLanguage":"fr-FR","copyrightYear":"2026","copyrightHolder":{"@id":"https:\/\/bladnanews.com\/fr\/#organization"}},{"@type":"WebPage","@id":"https:\/\/bladnanews.com\/christian-pulisic-cannot-always-save-ac-milan-says-coach\/","url":"https:\/\/bladnanews.com\/christian-pulisic-cannot-always-save-ac-milan-says-coach\/","name":"Christian Pulisic ne peut pas toujours sauver l'AC Milan, d\u00e9clare l'entra\u00eeneur - Bladna News","isPartOf":{"@id":"https:\/\/mediumseagreen-eel-531711.hostingersite.com\/#website"},"primaryImageOfPage":{"@id":"https:\/\/bladnanews.com\/christian-pulisic-cannot-always-save-ac-milan-says-coach\/#primaryimage"},"image":{"@id":"https:\/\/bladnanews.com\/christian-pulisic-cannot-always-save-ac-milan-says-coach\/#primaryimage"},"thumbnailUrl":"https:\/\/bladnanews.com\/wp-content\/uploads\/2026\/01\/BladnaNews-Christian-Pulisic-cannot-always-save-AC-Milan-says-coach-2026-01-01T175135.548Z.jpg","datePublished":"2026-01-01T13:59:03+00:00","breadcrumb":{"@id":"https:\/\/bladnanews.com\/christian-pulisic-cannot-always-save-ac-milan-says-coach\/#breadcrumb"},"inLanguage":"fr-FR","potentialAction":[{"@type":"ReadAction","target":["https:\/\/bladnanews.com\/christian-pulisic-cannot-always-save-ac-milan-says-coach\/"]}]},{"@type":"ImageObject","inLanguage":"fr-FR","@id":"https:\/\/bladnanews.com\/christian-pulisic-cannot-always-save-ac-milan-says-coach\/#primaryimage","url":"https:\/\/bladnanews.com\/wp-content\/uploads\/2026\/01\/BladnaNews-Christian-Pulisic-cannot-always-save-AC-Milan-says-coach-2026-01-01T175135.548Z.jpg","contentUrl":"https:\/\/bladnanews.com\/wp-content\/uploads\/2026\/01\/BladnaNews-Christian-Pulisic-cannot-always-save-AC-Milan-says-coach-2026-01-01T175135.548Z.jpg","width":1600,"height":900},{"@type":"BreadcrumbList","@id":"https:\/\/bladnanews.com\/christian-pulisic-cannot-always-save-ac-milan-says-coach\/#breadcrumb","itemListElement":[{"@type":"ListItem","position":1,"name":"Home","item":"https:\/\/bladnanews.com\/"},{"@type":"ListItem","position":2,"name":"Christian Pulisic cannot always save AC Milan, says coach"}]},{"@type":"WebSite","@id":"https:\/\/mediumseagreen-eel-531711.hostingersite.com\/#website","url":"https:\/\/mediumseagreen-eel-531711.hostingersite.com\/","name":"Bladna News - Maroc","description":"Quand le football marocain rencontre le monde","publisher":{"@id":"https:\/\/mediumseagreen-eel-531711.hostingersite.com\/#organization"},"potentialAction":[{"@type":"SearchAction","target":{"@type":"EntryPoint","urlTemplate":"https:\/\/mediumseagreen-eel-531711.hostingersite.com\/?s={search_term_string}"},"query-input":{"@type":"PropertyValueSpecification","valueRequired":true,"valueName":"search_term_string"}}],"inLanguage":"fr-FR"},{"@type":"Organization","@id":"https:\/\/mediumseagreen-eel-531711.hostingersite.com\/#organization","name":"Bladna News.com","url":"https:\/\/mediumseagreen-eel-531711.hostingersite.com\/","logo":{"@type":"ImageObject","inLanguage":"fr-FR","@id":"https:\/\/mediumseagreen-eel-531711.hostingersite.com\/#\/schema\/logo\/image\/","url":"https:\/\/bladnanews.com\/wp-content\/uploads\/2025\/12\/logo-bladnanews-V2-web-black-red.png","contentUrl":"https:\/\/bladnanews.com\/wp-content\/uploads\/2025\/12\/logo-bladnanews-V2-web-black-red.png","width":703,"height":287,"caption":"Bladna News.com"},"image":{"@id":"https:\/\/mediumseagreen-eel-531711.hostingersite.com\/#\/schema\/logo\/image\/"},"email":"info@bladnanews.com","legalName":"Bladna News"},{"@type":"Person","@id":"https:\/\/mediumseagreen-eel-531711.hostingersite.com\/#\/schema\/person\/268e18a453ab080ebf76df6ef7845083","name":"\u00c9quipe r\u00e9dactionnelle de Bladna News","url":"https:\/\/bladnanews.com\/fr\/author\/bladna-news-staff\/"}]}},"_links":{"self":[{"href":"https:\/\/bladnanews.com\/fr\/wp-json\/wp\/v2\/posts\/1210","targetHints":{"allow":["GET"]}}],"collection":[{"href":"https:\/\/bladnanews.com\/fr\/wp-json\/wp\/v2\/posts"}],"about":[{"href":"https:\/\/bladnanews.com\/fr\/wp-json\/wp\/v2\/types\/post"}],"author":[{"embeddable":true,"href":"https:\/\/bladnanews.com\/fr\/wp-json\/wp\/v2\/users\/3"}],"replies":[{"embeddable":true,"href":"https:\/\/bladnanews.com\/fr\/wp-json\/wp\/v2\/comments?post=1210"}],"version-history":[{"count":0,"href":"https:\/\/bladnanews.com\/fr\/wp-json\/wp\/v2\/posts\/1210\/revisions"}],"wp:featuredmedia":[{"embeddable":true,"href":"https:\/\/bladnanews.com\/fr\/wp-json\/wp\/v2\/media\/1209"}],"wp:attachment":[{"href":"https:\/\/bladnanews.com\/fr\/wp-json\/wp\/v2\/media?parent=1210"}],"wp:term":[{"taxonomy":"category","embeddable":true,"href":"https:\/\/bladnanews.com\/fr\/wp-json\/wp\/v2\/categories?post=1210"},{"taxonomy":"post_tag","embeddable":true,"href":"https:\/\/bladnanews.com\/fr\/wp-json\/wp\/v2\/tags?post=1210"}],"curies":[{"name":"wp","href":"https:\/\/api.w.org\/{rel}","templated":true}]}}