{"id":1240,"date":"2026-01-02T02:19:11","date_gmt":"2026-01-02T02:19:11","guid":{"rendered":"https:\/\/bladnanews.com\/?p=1240"},"modified":"2026-01-02T02:19:11","modified_gmt":"2026-01-02T02:19:11","slug":"ibrahim-diaz-approche-dune-prolongation-de-contrat-a-long-terme-avec-le-real-madrid","status":"publish","type":"post","link":"https:\/\/bladnanews.com\/fr\/ibrahim-diaz-approche-dune-prolongation-de-contrat-a-long-terme-avec-le-real-madrid\/","title":{"rendered":"Ibrahim Diaz sur le point de prolonger son contrat \u00e0 long terme avec le Real Madrid"},"content":{"rendered":"<p>Le Real Madrid est proche de parvenir \u00e0 un accord avec Ibrahim D\u00edaz pour une prolongation de contrat \u00e0 long terme, malgr\u00e9 le r\u00f4le souvent secondaire de l'ailier dans les plans de Carlo Ancelotti cette saison.<\/p>\n<p>D\u00edaz, qui continue \u00e0 avoir un impact lorsqu'il est sollicit\u00e9, est d\u00e9sormais proche d'un accord qui le maintiendra au Santiago Bernab\u00e9u pour une p\u00e9riode prolong\u00e9e, le club cherchant \u00e0 s\u00e9curiser l'avenir de plusieurs membres cl\u00e9s de l'effectif.<\/p>\n<p>Cette d\u00e9marche refl\u00e8te la satisfaction du Real Madrid quant \u00e0 l'attitude et aux performances du joueur, D\u00edaz ayant fait preuve de fiabilit\u00e9 \u00e0 chaque fois qu'il est intervenu, que ce soit comme titulaire ou en entrant en jeu.<\/p>\n<p>Dans ce contexte, le club a pris des mesures pour faire avancer les discussions, et tout indique qu'une annonce pourrait intervenir une fois les derniers d\u00e9tails finalis\u00e9s.<\/p>\n<p>D\u00edaz est rest\u00e9 concentr\u00e9 sur son travail au sein de l'effectif, et ce renouvellement serait un signe clair que le Real Madrid le consid\u00e8re comme faisant partie de son projet \u00e0 long terme, m\u00eame si son r\u00f4le actuel ne le place pas toujours parmi les titulaires habituels.<\/p>","protected":false},"excerpt":{"rendered":"<p>Real Madrid are close to reaching an agreement with Ibrahim Diaz over a long-term contract extension, despite the winger often [&hellip;]<\/p>\n","protected":false},"author":4,"featured_media":1239,"comment_status":"closed","ping_status":"open","sticky":false,"template":"","format":"standard","meta":{"googlesitekit_rrm_CAow_uzEDA:productID":"","site-sidebar-layout":"default","site-content-layout":"","ast-site-content-layout":"default","site-content-style":"default","site-sidebar-style":"default","ast-global-header-display":"","ast-banner-title-visibility":"","ast-main-header-display":"","ast-hfb-above-header-display":"","ast-hfb-below-header-display":"","ast-hfb-mobile-header-display":"","site-post-title":"","ast-breadcrumbs-content":"","ast-featured-img":"","footer-sml-layout":"","ast-disable-related-posts":"","theme-transparent-header-meta":"","adv-header-id-meta":"","stick-header-meta":"","header-above-stick-meta":"","header-main-stick-meta":"","header-below-stick-meta":"","astra-migrate-meta-layouts":"default","ast-page-background-enabled":"default","ast-page-background-meta":{"desktop":{"background-color":"var(--ast-global-color-5)","background-image":"","background-repeat":"repeat","background-position":"center center","background-size":"auto","background-attachment":"scroll","background-type":"","background-media":"","overlay-type":"","overlay-color":"","overlay-opacity":"","overlay-gradient":""},"tablet":{"background-color":"","background-image":"","background-repeat":"repeat","background-position":"center center","background-size":"auto","background-attachment":"scroll","background-type":"","background-media":"","overlay-type":"","overlay-color":"","overlay-opacity":"","overlay-gradient":""},"mobile":{"background-color":"","background-image":"","background-repeat":"repeat","background-position":"center center","background-size":"auto","background-attachment":"scroll","background-type":"","background-media":"","overlay-type":"","overlay-color":"","overlay-opacity":"","overlay-gradient":""}},"ast-content-background-meta":{"desktop":{"background-color":"var(--ast-global-color-4)","background-image":"","background-repeat":"repeat","background-position":"center center","background-size":"auto","background-attachment":"scroll","background-type":"","background-media":"","overlay-type":"","overlay-color":"","overlay-opacity":"","overlay-gradient":""},"tablet":{"background-color":"var(--ast-global-color-4)","background-image":"","background-repeat":"repeat","background-position":"center center","background-size":"auto","background-attachment":"scroll","background-type":"","background-media":"","overlay-type":"","overlay-color":"","overlay-opacity":"","overlay-gradient":""},"mobile":{"background-color":"var(--ast-global-color-4)","background-image":"","background-repeat":"repeat","background-position":"center center","background-size":"auto","background-attachment":"scroll","background-type":"","background-media":"","overlay-type":"","overlay-color":"","overlay-opacity":"","overlay-gradient":""}},"footnotes":""},"categories":[1,168],"tags":[],"class_list":["post-1240","post","type-post","status-publish","format-standard","has-post-thumbnail","hentry","category-football-latest-news","category-morocco-national-team"],"yoast_head":"<!-- This site is optimized with the Yoast SEO Premium plugin v26.6 (Yoast SEO v27.5) - https:\/\/yoast.com\/product\/yoast-seo-premium-wordpress\/ -->\n<title>Ibrahim Diaz nears long-term contract extension with Real Madrid - Bladna News<\/title>\n<meta name=\"robots\" content=\"index, follow, max-snippet:-1, max-image-preview:large, max-video-preview:-1\" \/>\n<link rel=\"canonical\" href=\"https:\/\/bladnanews.com\/fr\/ibrahim-diaz-approche-dune-prolongation-de-contrat-a-long-terme-avec-le-real-madrid\/\" \/>\n<meta property=\"og:locale\" content=\"fr_FR\" \/>\n<meta property=\"og:type\" content=\"article\" \/>\n<meta property=\"og:title\" content=\"Ibrahim Diaz nears long-term contract extension with Real Madrid\" \/>\n<meta property=\"og:description\" content=\"Real Madrid are close to reaching an agreement with Ibrahim Diaz over a long-term contract extension, despite the winger often [&hellip;]\" \/>\n<meta property=\"og:url\" content=\"https:\/\/bladnanews.com\/fr\/ibrahim-diaz-approche-dune-prolongation-de-contrat-a-long-terme-avec-le-real-madrid\/\" \/>\n<meta property=\"og:site_name\" content=\"Bladna News\" \/>\n<meta property=\"article:published_time\" content=\"2026-01-02T02:19:11+00:00\" \/>\n<meta property=\"og:image\" content=\"https:\/\/bladnanews.com\/wp-content\/uploads\/2026\/01\/diazibrahim_1733910922.webp\" \/>\n\t<meta property=\"og:image:width\" content=\"860\" \/>\n\t<meta property=\"og:image:height\" content=\"573\" \/>\n\t<meta property=\"og:image:type\" content=\"image\/webp\" \/>\n<meta name=\"author\" content=\"Bladna Sports Desk\" \/>\n<meta name=\"twitter:card\" content=\"summary_large_image\" \/>\n<meta name=\"twitter:label1\" content=\"\u00c9crit par\" \/>\n\t<meta name=\"twitter:data1\" content=\"Bladna Sports Desk\" \/>\n\t<meta name=\"twitter:label2\" content=\"Dur\u00e9e de lecture estim\u00e9e\" \/>\n\t<meta name=\"twitter:data2\" content=\"1 minute\" \/>\n<script type=\"application\/ld+json\" class=\"yoast-schema-graph\">{\"@context\":\"https:\\\/\\\/schema.org\",\"@graph\":[{\"@type\":\"Article\",\"@id\":\"https:\\\/\\\/bladnanews.com\\\/ibrahim-diaz-nears-long-term-contract-extension-with-real-madrid\\\/#article\",\"isPartOf\":{\"@id\":\"https:\\\/\\\/bladnanews.com\\\/ibrahim-diaz-nears-long-term-contract-extension-with-real-madrid\\\/\"},\"author\":{\"name\":\"Bladna Sports Desk\",\"@id\":\"https:\\\/\\\/mediumseagreen-eel-531711.hostingersite.com\\\/#\\\/schema\\\/person\\\/6712b38fabe810f7eb8d15ed30d90f1e\"},\"headline\":\"Ibrahim Diaz nears long-term contract extension with Real Madrid\",\"datePublished\":\"2026-01-02T02:19:11+00:00\",\"mainEntityOfPage\":{\"@id\":\"https:\\\/\\\/bladnanews.com\\\/ibrahim-diaz-nears-long-term-contract-extension-with-real-madrid\\\/\"},\"wordCount\":180,\"publisher\":{\"@id\":\"https:\\\/\\\/mediumseagreen-eel-531711.hostingersite.com\\\/#organization\"},\"image\":{\"@id\":\"https:\\\/\\\/bladnanews.com\\\/ibrahim-diaz-nears-long-term-contract-extension-with-real-madrid\\\/#primaryimage\"},\"thumbnailUrl\":\"https:\\\/\\\/bladnanews.com\\\/wp-content\\\/uploads\\\/2026\\\/01\\\/diazibrahim_1733910922.webp\",\"articleSection\":[\"Latest News\",\"Morocco National Team\"],\"inLanguage\":\"fr-FR\",\"copyrightYear\":\"2026\",\"copyrightHolder\":{\"@id\":\"https:\\\/\\\/bladnanews.com\\\/fr\\\/#organization\"}},{\"@type\":\"WebPage\",\"@id\":\"https:\\\/\\\/bladnanews.com\\\/ibrahim-diaz-nears-long-term-contract-extension-with-real-madrid\\\/\",\"url\":\"https:\\\/\\\/bladnanews.com\\\/ibrahim-diaz-nears-long-term-contract-extension-with-real-madrid\\\/\",\"name\":\"Ibrahim Diaz nears long-term contract extension with Real Madrid - Bladna News\",\"isPartOf\":{\"@id\":\"https:\\\/\\\/mediumseagreen-eel-531711.hostingersite.com\\\/#website\"},\"primaryImageOfPage\":{\"@id\":\"https:\\\/\\\/bladnanews.com\\\/ibrahim-diaz-nears-long-term-contract-extension-with-real-madrid\\\/#primaryimage\"},\"image\":{\"@id\":\"https:\\\/\\\/bladnanews.com\\\/ibrahim-diaz-nears-long-term-contract-extension-with-real-madrid\\\/#primaryimage\"},\"thumbnailUrl\":\"https:\\\/\\\/bladnanews.com\\\/wp-content\\\/uploads\\\/2026\\\/01\\\/diazibrahim_1733910922.webp\",\"datePublished\":\"2026-01-02T02:19:11+00:00\",\"breadcrumb\":{\"@id\":\"https:\\\/\\\/bladnanews.com\\\/ibrahim-diaz-nears-long-term-contract-extension-with-real-madrid\\\/#breadcrumb\"},\"inLanguage\":\"fr-FR\",\"potentialAction\":[{\"@type\":\"ReadAction\",\"target\":[\"https:\\\/\\\/bladnanews.com\\\/ibrahim-diaz-nears-long-term-contract-extension-with-real-madrid\\\/\"]}]},{\"@type\":\"ImageObject\",\"inLanguage\":\"fr-FR\",\"@id\":\"https:\\\/\\\/bladnanews.com\\\/ibrahim-diaz-nears-long-term-contract-extension-with-real-madrid\\\/#primaryimage\",\"url\":\"https:\\\/\\\/bladnanews.com\\\/wp-content\\\/uploads\\\/2026\\\/01\\\/diazibrahim_1733910922.webp\",\"contentUrl\":\"https:\\\/\\\/bladnanews.com\\\/wp-content\\\/uploads\\\/2026\\\/01\\\/diazibrahim_1733910922.webp\",\"width\":860,\"height\":573},{\"@type\":\"BreadcrumbList\",\"@id\":\"https:\\\/\\\/bladnanews.com\\\/ibrahim-diaz-nears-long-term-contract-extension-with-real-madrid\\\/#breadcrumb\",\"itemListElement\":[{\"@type\":\"ListItem\",\"position\":1,\"name\":\"Home\",\"item\":\"https:\\\/\\\/bladnanews.com\\\/\"},{\"@type\":\"ListItem\",\"position\":2,\"name\":\"Ibrahim Diaz nears long-term contract extension with Real Madrid\"}]},{\"@type\":\"WebSite\",\"@id\":\"https:\\\/\\\/mediumseagreen-eel-531711.hostingersite.com\\\/#website\",\"url\":\"https:\\\/\\\/mediumseagreen-eel-531711.hostingersite.com\\\/\",\"name\":\"Bladna News - Morocco\",\"description\":\"Where Moroccan Football Meets the World\",\"publisher\":{\"@id\":\"https:\\\/\\\/mediumseagreen-eel-531711.hostingersite.com\\\/#organization\"},\"potentialAction\":[{\"@type\":\"SearchAction\",\"target\":{\"@type\":\"EntryPoint\",\"urlTemplate\":\"https:\\\/\\\/mediumseagreen-eel-531711.hostingersite.com\\\/?s={search_term_string}\"},\"query-input\":{\"@type\":\"PropertyValueSpecification\",\"valueRequired\":true,\"valueName\":\"search_term_string\"}}],\"inLanguage\":\"fr-FR\"},{\"@type\":\"Organization\",\"@id\":\"https:\\\/\\\/mediumseagreen-eel-531711.hostingersite.com\\\/#organization\",\"name\":\"Bladna News.com\",\"url\":\"https:\\\/\\\/mediumseagreen-eel-531711.hostingersite.com\\\/\",\"logo\":{\"@type\":\"ImageObject\",\"inLanguage\":\"fr-FR\",\"@id\":\"https:\\\/\\\/mediumseagreen-eel-531711.hostingersite.com\\\/#\\\/schema\\\/logo\\\/image\\\/\",\"url\":\"https:\\\/\\\/bladnanews.com\\\/wp-content\\\/uploads\\\/2025\\\/12\\\/logo-bladnanews-V2-web-black-red.png\",\"contentUrl\":\"https:\\\/\\\/bladnanews.com\\\/wp-content\\\/uploads\\\/2025\\\/12\\\/logo-bladnanews-V2-web-black-red.png\",\"width\":703,\"height\":287,\"caption\":\"Bladna News.com\"},\"image\":{\"@id\":\"https:\\\/\\\/mediumseagreen-eel-531711.hostingersite.com\\\/#\\\/schema\\\/logo\\\/image\\\/\"},\"email\":\"info@bladnanews.com\",\"legalName\":\"Bladna News\"},{\"@type\":\"Person\",\"@id\":\"https:\\\/\\\/mediumseagreen-eel-531711.hostingersite.com\\\/#\\\/schema\\\/person\\\/6712b38fabe810f7eb8d15ed30d90f1e\",\"name\":\"Bladna Sports Desk\",\"url\":\"https:\\\/\\\/bladnanews.com\\\/fr\\\/author\\\/bladna-sports-desk\\\/\"}]}<\/script>\n<!-- \/ Yoast SEO Premium plugin. -->","yoast_head_json":{"title":"Ibrahim Diaz se rapproche d'une prolongation de contrat \u00e0 long terme avec le Real Madrid - Bladna News","robots":{"index":"index","follow":"follow","max-snippet":"max-snippet:-1","max-image-preview":"max-image-preview:large","max-video-preview":"max-video-preview:-1"},"canonical":"https:\/\/bladnanews.com\/fr\/ibrahim-diaz-approche-dune-prolongation-de-contrat-a-long-terme-avec-le-real-madrid\/","og_locale":"fr_FR","og_type":"article","og_title":"Ibrahim Diaz nears long-term contract extension with Real Madrid","og_description":"Real Madrid are close to reaching an agreement with Ibrahim Diaz over a long-term contract extension, despite the winger often [&hellip;]","og_url":"https:\/\/bladnanews.com\/fr\/ibrahim-diaz-approche-dune-prolongation-de-contrat-a-long-terme-avec-le-real-madrid\/","og_site_name":"Bladna News","article_published_time":"2026-01-02T02:19:11+00:00","og_image":[{"width":860,"height":573,"url":"https:\/\/bladnanews.com\/wp-content\/uploads\/2026\/01\/diazibrahim_1733910922.webp","type":"image\/webp"}],"author":"Bladna Sports Desk","twitter_card":"summary_large_image","twitter_misc":{"\u00c9crit par":"Bladna Sports Desk","Dur\u00e9e de lecture estim\u00e9e":"1 minute"},"schema":{"@context":"https:\/\/schema.org","@graph":[{"@type":"Article","@id":"https:\/\/bladnanews.com\/ibrahim-diaz-nears-long-term-contract-extension-with-real-madrid\/#article","isPartOf":{"@id":"https:\/\/bladnanews.com\/ibrahim-diaz-nears-long-term-contract-extension-with-real-madrid\/"},"author":{"name":"Bladna Sports Desk","@id":"https:\/\/mediumseagreen-eel-531711.hostingersite.com\/#\/schema\/person\/6712b38fabe810f7eb8d15ed30d90f1e"},"headline":"Ibrahim Diaz nears long-term contract extension with Real Madrid","datePublished":"2026-01-02T02:19:11+00:00","mainEntityOfPage":{"@id":"https:\/\/bladnanews.com\/ibrahim-diaz-nears-long-term-contract-extension-with-real-madrid\/"},"wordCount":180,"publisher":{"@id":"https:\/\/mediumseagreen-eel-531711.hostingersite.com\/#organization"},"image":{"@id":"https:\/\/bladnanews.com\/ibrahim-diaz-nears-long-term-contract-extension-with-real-madrid\/#primaryimage"},"thumbnailUrl":"https:\/\/bladnanews.com\/wp-content\/uploads\/2026\/01\/diazibrahim_1733910922.webp","articleSection":["Latest News","Morocco National Team"],"inLanguage":"fr-FR","copyrightYear":"2026","copyrightHolder":{"@id":"https:\/\/bladnanews.com\/fr\/#organization"}},{"@type":"WebPage","@id":"https:\/\/bladnanews.com\/ibrahim-diaz-nears-long-term-contract-extension-with-real-madrid\/","url":"https:\/\/bladnanews.com\/ibrahim-diaz-nears-long-term-contract-extension-with-real-madrid\/","name":"Ibrahim Diaz se rapproche d'une prolongation de contrat \u00e0 long terme avec le Real Madrid - Bladna News","isPartOf":{"@id":"https:\/\/mediumseagreen-eel-531711.hostingersite.com\/#website"},"primaryImageOfPage":{"@id":"https:\/\/bladnanews.com\/ibrahim-diaz-nears-long-term-contract-extension-with-real-madrid\/#primaryimage"},"image":{"@id":"https:\/\/bladnanews.com\/ibrahim-diaz-nears-long-term-contract-extension-with-real-madrid\/#primaryimage"},"thumbnailUrl":"https:\/\/bladnanews.com\/wp-content\/uploads\/2026\/01\/diazibrahim_1733910922.webp","datePublished":"2026-01-02T02:19:11+00:00","breadcrumb":{"@id":"https:\/\/bladnanews.com\/ibrahim-diaz-nears-long-term-contract-extension-with-real-madrid\/#breadcrumb"},"inLanguage":"fr-FR","potentialAction":[{"@type":"ReadAction","target":["https:\/\/bladnanews.com\/ibrahim-diaz-nears-long-term-contract-extension-with-real-madrid\/"]}]},{"@type":"ImageObject","inLanguage":"fr-FR","@id":"https:\/\/bladnanews.com\/ibrahim-diaz-nears-long-term-contract-extension-with-real-madrid\/#primaryimage","url":"https:\/\/bladnanews.com\/wp-content\/uploads\/2026\/01\/diazibrahim_1733910922.webp","contentUrl":"https:\/\/bladnanews.com\/wp-content\/uploads\/2026\/01\/diazibrahim_1733910922.webp","width":860,"height":573},{"@type":"BreadcrumbList","@id":"https:\/\/bladnanews.com\/ibrahim-diaz-nears-long-term-contract-extension-with-real-madrid\/#breadcrumb","itemListElement":[{"@type":"ListItem","position":1,"name":"Home","item":"https:\/\/bladnanews.com\/"},{"@type":"ListItem","position":2,"name":"Ibrahim Diaz nears long-term contract extension with Real Madrid"}]},{"@type":"WebSite","@id":"https:\/\/mediumseagreen-eel-531711.hostingersite.com\/#website","url":"https:\/\/mediumseagreen-eel-531711.hostingersite.com\/","name":"Bladna News - Maroc","description":"Quand le football marocain rencontre le monde","publisher":{"@id":"https:\/\/mediumseagreen-eel-531711.hostingersite.com\/#organization"},"potentialAction":[{"@type":"SearchAction","target":{"@type":"EntryPoint","urlTemplate":"https:\/\/mediumseagreen-eel-531711.hostingersite.com\/?s={search_term_string}"},"query-input":{"@type":"PropertyValueSpecification","valueRequired":true,"valueName":"search_term_string"}}],"inLanguage":"fr-FR"},{"@type":"Organization","@id":"https:\/\/mediumseagreen-eel-531711.hostingersite.com\/#organization","name":"Bladna News.com","url":"https:\/\/mediumseagreen-eel-531711.hostingersite.com\/","logo":{"@type":"ImageObject","inLanguage":"fr-FR","@id":"https:\/\/mediumseagreen-eel-531711.hostingersite.com\/#\/schema\/logo\/image\/","url":"https:\/\/bladnanews.com\/wp-content\/uploads\/2025\/12\/logo-bladnanews-V2-web-black-red.png","contentUrl":"https:\/\/bladnanews.com\/wp-content\/uploads\/2025\/12\/logo-bladnanews-V2-web-black-red.png","width":703,"height":287,"caption":"Bladna News.com"},"image":{"@id":"https:\/\/mediumseagreen-eel-531711.hostingersite.com\/#\/schema\/logo\/image\/"},"email":"info@bladnanews.com","legalName":"Bladna News"},{"@type":"Person","@id":"https:\/\/mediumseagreen-eel-531711.hostingersite.com\/#\/schema\/person\/6712b38fabe810f7eb8d15ed30d90f1e","name":"Bladna Sports Desk","url":"https:\/\/bladnanews.com\/fr\/author\/bladna-sports-desk\/"}]}},"_links":{"self":[{"href":"https:\/\/bladnanews.com\/fr\/wp-json\/wp\/v2\/posts\/1240","targetHints":{"allow":["GET"]}}],"collection":[{"href":"https:\/\/bladnanews.com\/fr\/wp-json\/wp\/v2\/posts"}],"about":[{"href":"https:\/\/bladnanews.com\/fr\/wp-json\/wp\/v2\/types\/post"}],"author":[{"embeddable":true,"href":"https:\/\/bladnanews.com\/fr\/wp-json\/wp\/v2\/users\/4"}],"replies":[{"embeddable":true,"href":"https:\/\/bladnanews.com\/fr\/wp-json\/wp\/v2\/comments?post=1240"}],"version-history":[{"count":0,"href":"https:\/\/bladnanews.com\/fr\/wp-json\/wp\/v2\/posts\/1240\/revisions"}],"wp:featuredmedia":[{"embeddable":true,"href":"https:\/\/bladnanews.com\/fr\/wp-json\/wp\/v2\/media\/1239"}],"wp:attachment":[{"href":"https:\/\/bladnanews.com\/fr\/wp-json\/wp\/v2\/media?parent=1240"}],"wp:term":[{"taxonomy":"category","embeddable":true,"href":"https:\/\/bladnanews.com\/fr\/wp-json\/wp\/v2\/categories?post=1240"},{"taxonomy":"post_tag","embeddable":true,"href":"https:\/\/bladnanews.com\/fr\/wp-json\/wp\/v2\/tags?post=1240"}],"curies":[{"name":"wp","href":"https:\/\/api.w.org\/{rel}","templated":true}]}}