{"id":1246,"date":"2026-01-01T15:59:36","date_gmt":"2026-01-01T15:59:36","guid":{"rendered":"https:\/\/bladnanews.com\/gabon-suspends-national-team-and-bans-aubameyang-after-afcon-protest\/"},"modified":"2026-01-01T15:59:36","modified_gmt":"2026-01-01T15:59:36","slug":"le-gabon-suspend-lequipe-nationale-et-bannit-aubameyang-apres-la-protestation-a-la-can","status":"publish","type":"post","link":"https:\/\/bladnanews.com\/fr\/le-gabon-suspend-lequipe-nationale-et-bannit-aubameyang-apres-la-protestation-a-la-can\/","title":{"rendered":"Le Gabon suspend l'\u00e9quipe nationale et bannit Aubameyang apr\u00e8s la protestation \u00e0 la CAN."},"content":{"rendered":"<p>Le gouvernement gabonais a pris la d\u00e9cision sans pr\u00e9c\u00e9dent de suspendre l'\u00e9quipe nationale de football suite \u00e0 sa performance d\u00e9cevante lors de la Coupe d'Afrique des Nations (CAN). Dans un communiqu\u00e9 publi\u00e9 le 30 janvier, les autorit\u00e9s ont qualifi\u00e9 la prestation de l'\u00e9quipe de \u201c honteuse \u201d et ont annonc\u00e9 de nouvelles sanctions, incluant l'exclusion de l'ancien attaquant d'Arsenal, Pierre-Emerick Aubameyang, de la s\u00e9lection nationale.<\/p>\n<p>Cette d\u00e9cision radicale est intervenue apr\u00e8s l'\u00e9limination pr\u00e9coce du Gabon du tournoi, o\u00f9 l'\u00e9quipe n'a pas r\u00e9pondu aux attentes dans un contexte de tensions croissantes. Le gouvernement a accus\u00e9 les joueurs de faire preuve d'un manque d'engagement et de professionnalisme tout au long de la comp\u00e9tition, portant finalement atteinte \u00e0 la r\u00e9putation du pays sur la sc\u00e8ne continentale.<\/p>\n<p>Aubameyang, l'un des footballeurs gabonais les plus en vue, a \u00e9t\u00e9 sp\u00e9cifiquement cibl\u00e9 dans le communiqu\u00e9 gouvernemental. Les autorit\u00e9s ont r\u00e9v\u00e9l\u00e9 qu'il avait \u00e9t\u00e9 \u00e9cart\u00e9 de l'\u00e9quipe pour ce qu'elles ont d\u00e9crit comme un geste de \u201c protestation \u201d durant la campagne de la CAN. Le statut de l'attaquant en s\u00e9lection nationale est d\u00e9sormais s\u00e9rieusement compromis, les responsables ayant clairement indiqu\u00e9 que des mesures disciplinaires seraient appliqu\u00e9es.<\/p>\n<p>Chronologiquement, les tensions semblent s'\u00eatre accentu\u00e9es apr\u00e8s les matchs de phase de groupes du Gabon. Malgr\u00e9 les espoirs suscit\u00e9s par la participation d'Aubameyang, l'\u00e9quipe a pein\u00e9 \u00e0 obtenir des r\u00e9sultats positifs. La situation s'est d\u00e9t\u00e9rior\u00e9e apr\u00e8s le dernier match de groupe, lorsqu'il est devenu \u00e9vident que la performance de l'\u00e9quipe ne lui permettrait pas de se qualifier pour les phases \u00e0 \u00e9limination directe.<\/p>\n<p>Dans sa communication officielle, le minist\u00e8re gabonais des Sports a annonc\u00e9 que l'ensemble de l'\u00e9quipe nationale serait suspendue ind\u00e9finiment de toutes les comp\u00e9titions internationales \u00e0 venir. Cette d\u00e9cision vise \u00e0 r\u00e9former en profondeur la structure du football dans le pays et \u00e0 restaurer la fiert\u00e9 nationale sur le terrain.<\/p>\n<p>Bien qu'aucun calendrier pr\u00e9cis n'ait \u00e9t\u00e9 fourni pour la dur\u00e9e de la suspension, les responsables gouvernementaux ont soulign\u00e9 que les r\u00e9formes incluraient des crit\u00e8res de s\u00e9lection plus stricts et des politiques disciplinaires internes visant \u00e0 \u00e9viter la r\u00e9p\u00e9tition des controverses li\u00e9es \u00e0 la CAN.<\/p>\n<p>Cette mesure constitue un bouleversement majeur dans le cadre footballistique gabonais, soulevant des interrogations sur les carri\u00e8res futures de plusieurs joueurs cl\u00e9s, dont Aubameyang. Les perspectives internationales de l'ancien attaquant d'Arsenal sont d\u00e9sormais en suspens, alors que la f\u00e9d\u00e9ration s'appr\u00eate \u00e0 reconstruire \u00e0 la suite de cette crise publique.<\/p>","protected":false},"excerpt":{"rendered":"<p>The Gabonese government has taken the unprecedented step of suspending the national football team following their disappointing performance at the [&hellip;]<\/p>\n","protected":false},"author":3,"featured_media":1245,"comment_status":"","ping_status":"open","sticky":false,"template":"","format":"standard","meta":{"googlesitekit_rrm_CAow_uzEDA:productID":"","site-sidebar-layout":"default","site-content-layout":"","ast-site-content-layout":"default","site-content-style":"default","site-sidebar-style":"default","ast-global-header-display":"","ast-banner-title-visibility":"","ast-main-header-display":"","ast-hfb-above-header-display":"","ast-hfb-below-header-display":"","ast-hfb-mobile-header-display":"","site-post-title":"","ast-breadcrumbs-content":"","ast-featured-img":"","footer-sml-layout":"","ast-disable-related-posts":"","theme-transparent-header-meta":"","adv-header-id-meta":"","stick-header-meta":"","header-above-stick-meta":"","header-main-stick-meta":"","header-below-stick-meta":"","astra-migrate-meta-layouts":"default","ast-page-background-enabled":"default","ast-page-background-meta":{"desktop":{"background-color":"var(--ast-global-color-5)","background-image":"","background-repeat":"repeat","background-position":"center center","background-size":"auto","background-attachment":"scroll","background-type":"","background-media":"","overlay-type":"","overlay-color":"","overlay-opacity":"","overlay-gradient":""},"tablet":{"background-color":"","background-image":"","background-repeat":"repeat","background-position":"center center","background-size":"auto","background-attachment":"scroll","background-type":"","background-media":"","overlay-type":"","overlay-color":"","overlay-opacity":"","overlay-gradient":""},"mobile":{"background-color":"","background-image":"","background-repeat":"repeat","background-position":"center center","background-size":"auto","background-attachment":"scroll","background-type":"","background-media":"","overlay-type":"","overlay-color":"","overlay-opacity":"","overlay-gradient":""}},"ast-content-background-meta":{"desktop":{"background-color":"var(--ast-global-color-4)","background-image":"","background-repeat":"repeat","background-position":"center center","background-size":"auto","background-attachment":"scroll","background-type":"","background-media":"","overlay-type":"","overlay-color":"","overlay-opacity":"","overlay-gradient":""},"tablet":{"background-color":"var(--ast-global-color-4)","background-image":"","background-repeat":"repeat","background-position":"center center","background-size":"auto","background-attachment":"scroll","background-type":"","background-media":"","overlay-type":"","overlay-color":"","overlay-opacity":"","overlay-gradient":""},"mobile":{"background-color":"var(--ast-global-color-4)","background-image":"","background-repeat":"repeat","background-position":"center center","background-size":"auto","background-attachment":"scroll","background-type":"","background-media":"","overlay-type":"","overlay-color":"","overlay-opacity":"","overlay-gradient":""}},"footnotes":""},"categories":[20,1],"tags":[],"class_list":["post-1246","post","type-post","status-publish","format-standard","has-post-thumbnail","hentry","category-international","category-football-latest-news"],"yoast_head":"<!-- This site is optimized with the Yoast SEO Premium plugin v26.6 (Yoast SEO v27.5) - https:\/\/yoast.com\/product\/yoast-seo-premium-wordpress\/ -->\n<title>Gabon suspends national team and bans Aubameyang after AFCON protest - Bladna News<\/title>\n<meta name=\"robots\" content=\"index, follow, max-snippet:-1, max-image-preview:large, max-video-preview:-1\" \/>\n<link rel=\"canonical\" href=\"https:\/\/bladnanews.com\/fr\/le-gabon-suspend-lequipe-nationale-et-bannit-aubameyang-apres-la-protestation-a-la-can\/\" \/>\n<meta property=\"og:locale\" content=\"fr_FR\" \/>\n<meta property=\"og:type\" content=\"article\" \/>\n<meta property=\"og:title\" content=\"Gabon suspends national team and bans Aubameyang after AFCON protest\" \/>\n<meta property=\"og:description\" content=\"The Gabonese government has taken the unprecedented step of suspending the national football team following their disappointing performance at the [&hellip;]\" \/>\n<meta property=\"og:url\" content=\"https:\/\/bladnanews.com\/fr\/le-gabon-suspend-lequipe-nationale-et-bannit-aubameyang-apres-la-protestation-a-la-can\/\" \/>\n<meta property=\"og:site_name\" content=\"Bladna News\" \/>\n<meta property=\"article:published_time\" content=\"2026-01-01T15:59:36+00:00\" \/>\n<meta property=\"og:image\" content=\"https:\/\/bladnanews.com\/wp-content\/uploads\/2026\/01\/BladnaNews-Gabon-suspends-national-team-and-bans-Aubameyang-after-AFCON-protest-2026-01-01T195050.382Z.jpg\" \/>\n\t<meta property=\"og:image:width\" content=\"1328\" \/>\n\t<meta property=\"og:image:height\" content=\"747\" \/>\n\t<meta property=\"og:image:type\" content=\"image\/jpeg\" \/>\n<meta name=\"author\" content=\"Bladna News Staff\" \/>\n<meta name=\"twitter:card\" content=\"summary_large_image\" \/>\n<meta name=\"twitter:label1\" content=\"\u00c9crit par\" \/>\n\t<meta name=\"twitter:data1\" content=\"Bladna News Staff\" \/>\n\t<meta name=\"twitter:label2\" content=\"Dur\u00e9e de lecture estim\u00e9e\" \/>\n\t<meta name=\"twitter:data2\" content=\"2 minutes\" \/>\n<script type=\"application\/ld+json\" class=\"yoast-schema-graph\">{\"@context\":\"https:\\\/\\\/schema.org\",\"@graph\":[{\"@type\":\"Article\",\"@id\":\"https:\\\/\\\/bladnanews.com\\\/gabon-suspends-national-team-and-bans-aubameyang-after-afcon-protest\\\/#article\",\"isPartOf\":{\"@id\":\"https:\\\/\\\/bladnanews.com\\\/gabon-suspends-national-team-and-bans-aubameyang-after-afcon-protest\\\/\"},\"author\":{\"name\":\"Bladna News Staff\",\"@id\":\"https:\\\/\\\/mediumseagreen-eel-531711.hostingersite.com\\\/#\\\/schema\\\/person\\\/268e18a453ab080ebf76df6ef7845083\"},\"headline\":\"Gabon suspends national team and bans Aubameyang after AFCON protest\",\"datePublished\":\"2026-01-01T15:59:36+00:00\",\"mainEntityOfPage\":{\"@id\":\"https:\\\/\\\/bladnanews.com\\\/gabon-suspends-national-team-and-bans-aubameyang-after-afcon-protest\\\/\"},\"wordCount\":347,\"publisher\":{\"@id\":\"https:\\\/\\\/mediumseagreen-eel-531711.hostingersite.com\\\/#organization\"},\"image\":{\"@id\":\"https:\\\/\\\/bladnanews.com\\\/gabon-suspends-national-team-and-bans-aubameyang-after-afcon-protest\\\/#primaryimage\"},\"thumbnailUrl\":\"https:\\\/\\\/bladnanews.com\\\/wp-content\\\/uploads\\\/2026\\\/01\\\/BladnaNews-Gabon-suspends-national-team-and-bans-Aubameyang-after-AFCON-protest-2026-01-01T195050.382Z.jpg\",\"articleSection\":[\"International\",\"Latest News\"],\"inLanguage\":\"fr-FR\",\"copyrightYear\":\"2026\",\"copyrightHolder\":{\"@id\":\"https:\\\/\\\/bladnanews.com\\\/fr\\\/#organization\"}},{\"@type\":\"WebPage\",\"@id\":\"https:\\\/\\\/bladnanews.com\\\/gabon-suspends-national-team-and-bans-aubameyang-after-afcon-protest\\\/\",\"url\":\"https:\\\/\\\/bladnanews.com\\\/gabon-suspends-national-team-and-bans-aubameyang-after-afcon-protest\\\/\",\"name\":\"Gabon suspends national team and bans Aubameyang after AFCON protest - Bladna News\",\"isPartOf\":{\"@id\":\"https:\\\/\\\/mediumseagreen-eel-531711.hostingersite.com\\\/#website\"},\"primaryImageOfPage\":{\"@id\":\"https:\\\/\\\/bladnanews.com\\\/gabon-suspends-national-team-and-bans-aubameyang-after-afcon-protest\\\/#primaryimage\"},\"image\":{\"@id\":\"https:\\\/\\\/bladnanews.com\\\/gabon-suspends-national-team-and-bans-aubameyang-after-afcon-protest\\\/#primaryimage\"},\"thumbnailUrl\":\"https:\\\/\\\/bladnanews.com\\\/wp-content\\\/uploads\\\/2026\\\/01\\\/BladnaNews-Gabon-suspends-national-team-and-bans-Aubameyang-after-AFCON-protest-2026-01-01T195050.382Z.jpg\",\"datePublished\":\"2026-01-01T15:59:36+00:00\",\"breadcrumb\":{\"@id\":\"https:\\\/\\\/bladnanews.com\\\/gabon-suspends-national-team-and-bans-aubameyang-after-afcon-protest\\\/#breadcrumb\"},\"inLanguage\":\"fr-FR\",\"potentialAction\":[{\"@type\":\"ReadAction\",\"target\":[\"https:\\\/\\\/bladnanews.com\\\/gabon-suspends-national-team-and-bans-aubameyang-after-afcon-protest\\\/\"]}]},{\"@type\":\"ImageObject\",\"inLanguage\":\"fr-FR\",\"@id\":\"https:\\\/\\\/bladnanews.com\\\/gabon-suspends-national-team-and-bans-aubameyang-after-afcon-protest\\\/#primaryimage\",\"url\":\"https:\\\/\\\/bladnanews.com\\\/wp-content\\\/uploads\\\/2026\\\/01\\\/BladnaNews-Gabon-suspends-national-team-and-bans-Aubameyang-after-AFCON-protest-2026-01-01T195050.382Z.jpg\",\"contentUrl\":\"https:\\\/\\\/bladnanews.com\\\/wp-content\\\/uploads\\\/2026\\\/01\\\/BladnaNews-Gabon-suspends-national-team-and-bans-Aubameyang-after-AFCON-protest-2026-01-01T195050.382Z.jpg\",\"width\":1328,\"height\":747},{\"@type\":\"BreadcrumbList\",\"@id\":\"https:\\\/\\\/bladnanews.com\\\/gabon-suspends-national-team-and-bans-aubameyang-after-afcon-protest\\\/#breadcrumb\",\"itemListElement\":[{\"@type\":\"ListItem\",\"position\":1,\"name\":\"Home\",\"item\":\"https:\\\/\\\/bladnanews.com\\\/\"},{\"@type\":\"ListItem\",\"position\":2,\"name\":\"Gabon suspends national team and bans Aubameyang after AFCON protest\"}]},{\"@type\":\"WebSite\",\"@id\":\"https:\\\/\\\/mediumseagreen-eel-531711.hostingersite.com\\\/#website\",\"url\":\"https:\\\/\\\/mediumseagreen-eel-531711.hostingersite.com\\\/\",\"name\":\"Bladna News - Morocco\",\"description\":\"Where Moroccan Football Meets the World\",\"publisher\":{\"@id\":\"https:\\\/\\\/mediumseagreen-eel-531711.hostingersite.com\\\/#organization\"},\"potentialAction\":[{\"@type\":\"SearchAction\",\"target\":{\"@type\":\"EntryPoint\",\"urlTemplate\":\"https:\\\/\\\/mediumseagreen-eel-531711.hostingersite.com\\\/?s={search_term_string}\"},\"query-input\":{\"@type\":\"PropertyValueSpecification\",\"valueRequired\":true,\"valueName\":\"search_term_string\"}}],\"inLanguage\":\"fr-FR\"},{\"@type\":\"Organization\",\"@id\":\"https:\\\/\\\/mediumseagreen-eel-531711.hostingersite.com\\\/#organization\",\"name\":\"Bladna News.com\",\"url\":\"https:\\\/\\\/mediumseagreen-eel-531711.hostingersite.com\\\/\",\"logo\":{\"@type\":\"ImageObject\",\"inLanguage\":\"fr-FR\",\"@id\":\"https:\\\/\\\/mediumseagreen-eel-531711.hostingersite.com\\\/#\\\/schema\\\/logo\\\/image\\\/\",\"url\":\"https:\\\/\\\/bladnanews.com\\\/wp-content\\\/uploads\\\/2025\\\/12\\\/logo-bladnanews-V2-web-black-red.png\",\"contentUrl\":\"https:\\\/\\\/bladnanews.com\\\/wp-content\\\/uploads\\\/2025\\\/12\\\/logo-bladnanews-V2-web-black-red.png\",\"width\":703,\"height\":287,\"caption\":\"Bladna News.com\"},\"image\":{\"@id\":\"https:\\\/\\\/mediumseagreen-eel-531711.hostingersite.com\\\/#\\\/schema\\\/logo\\\/image\\\/\"},\"email\":\"info@bladnanews.com\",\"legalName\":\"Bladna News\"},{\"@type\":\"Person\",\"@id\":\"https:\\\/\\\/mediumseagreen-eel-531711.hostingersite.com\\\/#\\\/schema\\\/person\\\/268e18a453ab080ebf76df6ef7845083\",\"name\":\"Bladna News Staff\",\"url\":\"https:\\\/\\\/bladnanews.com\\\/fr\\\/author\\\/bladna-news-staff\\\/\"}]}<\/script>\n<!-- \/ Yoast SEO Premium plugin. -->","yoast_head_json":{"title":"Le Gabon suspend sa s\u00e9lection nationale et bannit Aubameyang apr\u00e8s la protestation \u00e0 la CAN - Bladna News","robots":{"index":"index","follow":"follow","max-snippet":"max-snippet:-1","max-image-preview":"max-image-preview:large","max-video-preview":"max-video-preview:-1"},"canonical":"https:\/\/bladnanews.com\/fr\/le-gabon-suspend-lequipe-nationale-et-bannit-aubameyang-apres-la-protestation-a-la-can\/","og_locale":"fr_FR","og_type":"article","og_title":"Gabon suspends national team and bans Aubameyang after AFCON protest","og_description":"The Gabonese government has taken the unprecedented step of suspending the national football team following their disappointing performance at the [&hellip;]","og_url":"https:\/\/bladnanews.com\/fr\/le-gabon-suspend-lequipe-nationale-et-bannit-aubameyang-apres-la-protestation-a-la-can\/","og_site_name":"Bladna News","article_published_time":"2026-01-01T15:59:36+00:00","og_image":[{"width":1328,"height":747,"url":"https:\/\/bladnanews.com\/wp-content\/uploads\/2026\/01\/BladnaNews-Gabon-suspends-national-team-and-bans-Aubameyang-after-AFCON-protest-2026-01-01T195050.382Z.jpg","type":"image\/jpeg"}],"author":"Bladna News Staff","twitter_card":"summary_large_image","twitter_misc":{"\u00c9crit par":"Bladna News Staff","Dur\u00e9e de lecture estim\u00e9e":"2 minutes"},"schema":{"@context":"https:\/\/schema.org","@graph":[{"@type":"Article","@id":"https:\/\/bladnanews.com\/gabon-suspends-national-team-and-bans-aubameyang-after-afcon-protest\/#article","isPartOf":{"@id":"https:\/\/bladnanews.com\/gabon-suspends-national-team-and-bans-aubameyang-after-afcon-protest\/"},"author":{"name":"Bladna News Staff","@id":"https:\/\/mediumseagreen-eel-531711.hostingersite.com\/#\/schema\/person\/268e18a453ab080ebf76df6ef7845083"},"headline":"Gabon suspends national team and bans Aubameyang after AFCON protest","datePublished":"2026-01-01T15:59:36+00:00","mainEntityOfPage":{"@id":"https:\/\/bladnanews.com\/gabon-suspends-national-team-and-bans-aubameyang-after-afcon-protest\/"},"wordCount":347,"publisher":{"@id":"https:\/\/mediumseagreen-eel-531711.hostingersite.com\/#organization"},"image":{"@id":"https:\/\/bladnanews.com\/gabon-suspends-national-team-and-bans-aubameyang-after-afcon-protest\/#primaryimage"},"thumbnailUrl":"https:\/\/bladnanews.com\/wp-content\/uploads\/2026\/01\/BladnaNews-Gabon-suspends-national-team-and-bans-Aubameyang-after-AFCON-protest-2026-01-01T195050.382Z.jpg","articleSection":["International","Latest News"],"inLanguage":"fr-FR","copyrightYear":"2026","copyrightHolder":{"@id":"https:\/\/bladnanews.com\/fr\/#organization"}},{"@type":"WebPage","@id":"https:\/\/bladnanews.com\/gabon-suspends-national-team-and-bans-aubameyang-after-afcon-protest\/","url":"https:\/\/bladnanews.com\/gabon-suspends-national-team-and-bans-aubameyang-after-afcon-protest\/","name":"Le Gabon suspend sa s\u00e9lection nationale et bannit Aubameyang apr\u00e8s la protestation \u00e0 la CAN - Bladna News","isPartOf":{"@id":"https:\/\/mediumseagreen-eel-531711.hostingersite.com\/#website"},"primaryImageOfPage":{"@id":"https:\/\/bladnanews.com\/gabon-suspends-national-team-and-bans-aubameyang-after-afcon-protest\/#primaryimage"},"image":{"@id":"https:\/\/bladnanews.com\/gabon-suspends-national-team-and-bans-aubameyang-after-afcon-protest\/#primaryimage"},"thumbnailUrl":"https:\/\/bladnanews.com\/wp-content\/uploads\/2026\/01\/BladnaNews-Gabon-suspends-national-team-and-bans-Aubameyang-after-AFCON-protest-2026-01-01T195050.382Z.jpg","datePublished":"2026-01-01T15:59:36+00:00","breadcrumb":{"@id":"https:\/\/bladnanews.com\/gabon-suspends-national-team-and-bans-aubameyang-after-afcon-protest\/#breadcrumb"},"inLanguage":"fr-FR","potentialAction":[{"@type":"ReadAction","target":["https:\/\/bladnanews.com\/gabon-suspends-national-team-and-bans-aubameyang-after-afcon-protest\/"]}]},{"@type":"ImageObject","inLanguage":"fr-FR","@id":"https:\/\/bladnanews.com\/gabon-suspends-national-team-and-bans-aubameyang-after-afcon-protest\/#primaryimage","url":"https:\/\/bladnanews.com\/wp-content\/uploads\/2026\/01\/BladnaNews-Gabon-suspends-national-team-and-bans-Aubameyang-after-AFCON-protest-2026-01-01T195050.382Z.jpg","contentUrl":"https:\/\/bladnanews.com\/wp-content\/uploads\/2026\/01\/BladnaNews-Gabon-suspends-national-team-and-bans-Aubameyang-after-AFCON-protest-2026-01-01T195050.382Z.jpg","width":1328,"height":747},{"@type":"BreadcrumbList","@id":"https:\/\/bladnanews.com\/gabon-suspends-national-team-and-bans-aubameyang-after-afcon-protest\/#breadcrumb","itemListElement":[{"@type":"ListItem","position":1,"name":"Home","item":"https:\/\/bladnanews.com\/"},{"@type":"ListItem","position":2,"name":"Gabon suspends national team and bans Aubameyang after AFCON protest"}]},{"@type":"WebSite","@id":"https:\/\/mediumseagreen-eel-531711.hostingersite.com\/#website","url":"https:\/\/mediumseagreen-eel-531711.hostingersite.com\/","name":"Bladna News - Maroc","description":"Quand le football marocain rencontre le monde","publisher":{"@id":"https:\/\/mediumseagreen-eel-531711.hostingersite.com\/#organization"},"potentialAction":[{"@type":"SearchAction","target":{"@type":"EntryPoint","urlTemplate":"https:\/\/mediumseagreen-eel-531711.hostingersite.com\/?s={search_term_string}"},"query-input":{"@type":"PropertyValueSpecification","valueRequired":true,"valueName":"search_term_string"}}],"inLanguage":"fr-FR"},{"@type":"Organization","@id":"https:\/\/mediumseagreen-eel-531711.hostingersite.com\/#organization","name":"Bladna News.com","url":"https:\/\/mediumseagreen-eel-531711.hostingersite.com\/","logo":{"@type":"ImageObject","inLanguage":"fr-FR","@id":"https:\/\/mediumseagreen-eel-531711.hostingersite.com\/#\/schema\/logo\/image\/","url":"https:\/\/bladnanews.com\/wp-content\/uploads\/2025\/12\/logo-bladnanews-V2-web-black-red.png","contentUrl":"https:\/\/bladnanews.com\/wp-content\/uploads\/2025\/12\/logo-bladnanews-V2-web-black-red.png","width":703,"height":287,"caption":"Bladna News.com"},"image":{"@id":"https:\/\/mediumseagreen-eel-531711.hostingersite.com\/#\/schema\/logo\/image\/"},"email":"info@bladnanews.com","legalName":"Bladna News"},{"@type":"Person","@id":"https:\/\/mediumseagreen-eel-531711.hostingersite.com\/#\/schema\/person\/268e18a453ab080ebf76df6ef7845083","name":"\u00c9quipe r\u00e9dactionnelle de Bladna News","url":"https:\/\/bladnanews.com\/fr\/author\/bladna-news-staff\/"}]}},"_links":{"self":[{"href":"https:\/\/bladnanews.com\/fr\/wp-json\/wp\/v2\/posts\/1246","targetHints":{"allow":["GET"]}}],"collection":[{"href":"https:\/\/bladnanews.com\/fr\/wp-json\/wp\/v2\/posts"}],"about":[{"href":"https:\/\/bladnanews.com\/fr\/wp-json\/wp\/v2\/types\/post"}],"author":[{"embeddable":true,"href":"https:\/\/bladnanews.com\/fr\/wp-json\/wp\/v2\/users\/3"}],"replies":[{"embeddable":true,"href":"https:\/\/bladnanews.com\/fr\/wp-json\/wp\/v2\/comments?post=1246"}],"version-history":[{"count":0,"href":"https:\/\/bladnanews.com\/fr\/wp-json\/wp\/v2\/posts\/1246\/revisions"}],"wp:featuredmedia":[{"embeddable":true,"href":"https:\/\/bladnanews.com\/fr\/wp-json\/wp\/v2\/media\/1245"}],"wp:attachment":[{"href":"https:\/\/bladnanews.com\/fr\/wp-json\/wp\/v2\/media?parent=1246"}],"wp:term":[{"taxonomy":"category","embeddable":true,"href":"https:\/\/bladnanews.com\/fr\/wp-json\/wp\/v2\/categories?post=1246"},{"taxonomy":"post_tag","embeddable":true,"href":"https:\/\/bladnanews.com\/fr\/wp-json\/wp\/v2\/tags?post=1246"}],"curies":[{"name":"wp","href":"https:\/\/api.w.org\/{rel}","templated":true}]}}