{"id":1248,"date":"2026-01-01T16:50:55","date_gmt":"2026-01-01T16:50:55","guid":{"rendered":"https:\/\/bladnanews.com\/chelsea-met-with-roberto-de-zerbi-before-enzo-maresca-sacking\/"},"modified":"2026-01-01T16:50:55","modified_gmt":"2026-01-01T16:50:55","slug":"chelsea-a-rencontre-roberto-de-zerbi-avant-le-licenciement-denzo-maresca","status":"publish","type":"post","link":"https:\/\/bladnanews.com\/fr\/chelsea-a-rencontre-roberto-de-zerbi-avant-le-licenciement-denzo-maresca\/","title":{"rendered":"Chelsea a rencontr\u00e9 Roberto De Zerbi avant le licenciement d'Enzo Maresca"},"content":{"rendered":"<p>Chelsea a engag\u00e9 des pourparlers avec Roberto De Zerbi avant le licenciement d'Enzo Maresca, comme l'a confirm\u00e9 une r\u00e9cente r\u00e9v\u00e9lation. Bien qu'ils aient discut\u00e9 avec l'ancien entra\u00eeneur de Brighton et de Naples, les Blues ont d\u00e9cid\u00e9 de ne pas nommer le technicien italien comme leur prochain entra\u00eeneur principal.<\/p>\n<p>Enzo Maresca a \u00e9t\u00e9 relev\u00e9 de ses fonctions \u00e0 Chelsea suite \u00e0 une s\u00e9rie de r\u00e9sultats d\u00e9cevants. Le club s'est rapidement mobilis\u00e9 pour trouver un rempla\u00e7ant appropri\u00e9 et a identifi\u00e9 De Zerbi comme un candidat potentiel. Des r\u00e9unions ont eu lieu pour explorer la possibilit\u00e9 de le recruter, mais les discussions n'ont pas abouti \u00e0 une offre officielle.<\/p>\n<p>De Zerbi, qui a pr\u00e9c\u00e9demment entra\u00een\u00e9 en Serie A et en Premier League, a \u00e9t\u00e9 envisag\u00e9 en raison de son approche tactique et de sa r\u00e9putation en faveur d'un football progressif. Cependant, des inqui\u00e9tudes sont apparues concernant son passage controvers\u00e9 \u00e0 Marseille, o\u00f9 son mandat a \u00e9t\u00e9 marqu\u00e9 par des r\u00e9actions mitig\u00e9es et une situation instable.<\/p>\n<p>Finalement, Chelsea a choisi de poursuivre sa recherche d'un nouvel entra\u00eeneur correspondant davantage aux ambitions \u00e0 long terme du club. Cette d\u00e9cision refl\u00e8te l'approche prudente du club suite au d\u00e9part de Maresca.<\/p>\n<p>Ce d\u00e9veloppement apporte une clarification sur la situation manag\u00e9riale de Chelsea, mettant en lumi\u00e8re le processus d'\u00e9valuation approfondi du club avant de s'engager avec son prochain entra\u00eeneur principal.<\/p>","protected":false},"excerpt":{"rendered":"<p>Chelsea held talks with Roberto De Zerbi prior to the dismissal of Enzo Maresca, as confirmed in a recent revelation. [&hellip;]<\/p>\n","protected":false},"author":3,"featured_media":1247,"comment_status":"","ping_status":"open","sticky":false,"template":"","format":"standard","meta":{"googlesitekit_rrm_CAow_uzEDA:productID":"","site-sidebar-layout":"default","site-content-layout":"","ast-site-content-layout":"default","site-content-style":"default","site-sidebar-style":"default","ast-global-header-display":"","ast-banner-title-visibility":"","ast-main-header-display":"","ast-hfb-above-header-display":"","ast-hfb-below-header-display":"","ast-hfb-mobile-header-display":"","site-post-title":"","ast-breadcrumbs-content":"","ast-featured-img":"","footer-sml-layout":"","ast-disable-related-posts":"","theme-transparent-header-meta":"","adv-header-id-meta":"","stick-header-meta":"","header-above-stick-meta":"","header-main-stick-meta":"","header-below-stick-meta":"","astra-migrate-meta-layouts":"default","ast-page-background-enabled":"default","ast-page-background-meta":{"desktop":{"background-color":"var(--ast-global-color-5)","background-image":"","background-repeat":"repeat","background-position":"center center","background-size":"auto","background-attachment":"scroll","background-type":"","background-media":"","overlay-type":"","overlay-color":"","overlay-opacity":"","overlay-gradient":""},"tablet":{"background-color":"","background-image":"","background-repeat":"repeat","background-position":"center center","background-size":"auto","background-attachment":"scroll","background-type":"","background-media":"","overlay-type":"","overlay-color":"","overlay-opacity":"","overlay-gradient":""},"mobile":{"background-color":"","background-image":"","background-repeat":"repeat","background-position":"center center","background-size":"auto","background-attachment":"scroll","background-type":"","background-media":"","overlay-type":"","overlay-color":"","overlay-opacity":"","overlay-gradient":""}},"ast-content-background-meta":{"desktop":{"background-color":"var(--ast-global-color-4)","background-image":"","background-repeat":"repeat","background-position":"center center","background-size":"auto","background-attachment":"scroll","background-type":"","background-media":"","overlay-type":"","overlay-color":"","overlay-opacity":"","overlay-gradient":""},"tablet":{"background-color":"var(--ast-global-color-4)","background-image":"","background-repeat":"repeat","background-position":"center center","background-size":"auto","background-attachment":"scroll","background-type":"","background-media":"","overlay-type":"","overlay-color":"","overlay-opacity":"","overlay-gradient":""},"mobile":{"background-color":"var(--ast-global-color-4)","background-image":"","background-repeat":"repeat","background-position":"center center","background-size":"auto","background-attachment":"scroll","background-type":"","background-media":"","overlay-type":"","overlay-color":"","overlay-opacity":"","overlay-gradient":""}},"footnotes":""},"categories":[20,1],"tags":[],"class_list":["post-1248","post","type-post","status-publish","format-standard","has-post-thumbnail","hentry","category-international","category-football-latest-news"],"yoast_head":"<!-- This site is optimized with the Yoast SEO Premium plugin v26.6 (Yoast SEO v27.5) - https:\/\/yoast.com\/product\/yoast-seo-premium-wordpress\/ -->\n<title>Chelsea met with Roberto De Zerbi before Enzo Maresca sacking - Bladna News<\/title>\n<meta name=\"robots\" content=\"index, follow, max-snippet:-1, max-image-preview:large, max-video-preview:-1\" \/>\n<link rel=\"canonical\" href=\"https:\/\/bladnanews.com\/fr\/chelsea-a-rencontre-roberto-de-zerbi-avant-le-licenciement-denzo-maresca\/\" \/>\n<meta property=\"og:locale\" content=\"fr_FR\" \/>\n<meta property=\"og:type\" content=\"article\" \/>\n<meta property=\"og:title\" content=\"Chelsea met with Roberto De Zerbi before Enzo Maresca sacking\" \/>\n<meta property=\"og:description\" content=\"Chelsea held talks with Roberto De Zerbi prior to the dismissal of Enzo Maresca, as confirmed in a recent revelation. [&hellip;]\" \/>\n<meta property=\"og:url\" content=\"https:\/\/bladnanews.com\/fr\/chelsea-a-rencontre-roberto-de-zerbi-avant-le-licenciement-denzo-maresca\/\" \/>\n<meta property=\"og:site_name\" content=\"Bladna News\" \/>\n<meta property=\"article:published_time\" content=\"2026-01-01T16:50:55+00:00\" \/>\n<meta property=\"og:image\" content=\"https:\/\/bladnanews.com\/wp-content\/uploads\/2026\/01\/BladnaNews-Chelsea-met-with-Roberto-De-Zerbi-before-Enzo-Maresca-sacking-2026-01-01T195100.138Z-scaled.jpg\" \/>\n\t<meta property=\"og:image:width\" content=\"2560\" \/>\n\t<meta property=\"og:image:height\" content=\"1440\" \/>\n\t<meta property=\"og:image:type\" content=\"image\/jpeg\" \/>\n<meta name=\"author\" content=\"Bladna News Staff\" \/>\n<meta name=\"twitter:card\" content=\"summary_large_image\" \/>\n<meta name=\"twitter:label1\" content=\"\u00c9crit par\" \/>\n\t<meta name=\"twitter:data1\" content=\"Bladna News Staff\" \/>\n\t<meta name=\"twitter:label2\" content=\"Dur\u00e9e de lecture estim\u00e9e\" \/>\n\t<meta name=\"twitter:data2\" content=\"1 minute\" \/>\n<script type=\"application\/ld+json\" class=\"yoast-schema-graph\">{\"@context\":\"https:\\\/\\\/schema.org\",\"@graph\":[{\"@type\":\"Article\",\"@id\":\"https:\\\/\\\/bladnanews.com\\\/chelsea-met-with-roberto-de-zerbi-before-enzo-maresca-sacking\\\/#article\",\"isPartOf\":{\"@id\":\"https:\\\/\\\/bladnanews.com\\\/chelsea-met-with-roberto-de-zerbi-before-enzo-maresca-sacking\\\/\"},\"author\":{\"name\":\"Bladna News Staff\",\"@id\":\"https:\\\/\\\/mediumseagreen-eel-531711.hostingersite.com\\\/#\\\/schema\\\/person\\\/268e18a453ab080ebf76df6ef7845083\"},\"headline\":\"Chelsea met with Roberto De Zerbi before Enzo Maresca sacking\",\"datePublished\":\"2026-01-01T16:50:55+00:00\",\"mainEntityOfPage\":{\"@id\":\"https:\\\/\\\/bladnanews.com\\\/chelsea-met-with-roberto-de-zerbi-before-enzo-maresca-sacking\\\/\"},\"wordCount\":212,\"publisher\":{\"@id\":\"https:\\\/\\\/mediumseagreen-eel-531711.hostingersite.com\\\/#organization\"},\"image\":{\"@id\":\"https:\\\/\\\/bladnanews.com\\\/chelsea-met-with-roberto-de-zerbi-before-enzo-maresca-sacking\\\/#primaryimage\"},\"thumbnailUrl\":\"https:\\\/\\\/bladnanews.com\\\/wp-content\\\/uploads\\\/2026\\\/01\\\/BladnaNews-Chelsea-met-with-Roberto-De-Zerbi-before-Enzo-Maresca-sacking-2026-01-01T195100.138Z.jpg\",\"articleSection\":[\"International\",\"Latest News\"],\"inLanguage\":\"fr-FR\",\"copyrightYear\":\"2026\",\"copyrightHolder\":{\"@id\":\"https:\\\/\\\/bladnanews.com\\\/fr\\\/#organization\"}},{\"@type\":\"WebPage\",\"@id\":\"https:\\\/\\\/bladnanews.com\\\/chelsea-met-with-roberto-de-zerbi-before-enzo-maresca-sacking\\\/\",\"url\":\"https:\\\/\\\/bladnanews.com\\\/chelsea-met-with-roberto-de-zerbi-before-enzo-maresca-sacking\\\/\",\"name\":\"Chelsea met with Roberto De Zerbi before Enzo Maresca sacking - Bladna News\",\"isPartOf\":{\"@id\":\"https:\\\/\\\/mediumseagreen-eel-531711.hostingersite.com\\\/#website\"},\"primaryImageOfPage\":{\"@id\":\"https:\\\/\\\/bladnanews.com\\\/chelsea-met-with-roberto-de-zerbi-before-enzo-maresca-sacking\\\/#primaryimage\"},\"image\":{\"@id\":\"https:\\\/\\\/bladnanews.com\\\/chelsea-met-with-roberto-de-zerbi-before-enzo-maresca-sacking\\\/#primaryimage\"},\"thumbnailUrl\":\"https:\\\/\\\/bladnanews.com\\\/wp-content\\\/uploads\\\/2026\\\/01\\\/BladnaNews-Chelsea-met-with-Roberto-De-Zerbi-before-Enzo-Maresca-sacking-2026-01-01T195100.138Z.jpg\",\"datePublished\":\"2026-01-01T16:50:55+00:00\",\"breadcrumb\":{\"@id\":\"https:\\\/\\\/bladnanews.com\\\/chelsea-met-with-roberto-de-zerbi-before-enzo-maresca-sacking\\\/#breadcrumb\"},\"inLanguage\":\"fr-FR\",\"potentialAction\":[{\"@type\":\"ReadAction\",\"target\":[\"https:\\\/\\\/bladnanews.com\\\/chelsea-met-with-roberto-de-zerbi-before-enzo-maresca-sacking\\\/\"]}]},{\"@type\":\"ImageObject\",\"inLanguage\":\"fr-FR\",\"@id\":\"https:\\\/\\\/bladnanews.com\\\/chelsea-met-with-roberto-de-zerbi-before-enzo-maresca-sacking\\\/#primaryimage\",\"url\":\"https:\\\/\\\/bladnanews.com\\\/wp-content\\\/uploads\\\/2026\\\/01\\\/BladnaNews-Chelsea-met-with-Roberto-De-Zerbi-before-Enzo-Maresca-sacking-2026-01-01T195100.138Z.jpg\",\"contentUrl\":\"https:\\\/\\\/bladnanews.com\\\/wp-content\\\/uploads\\\/2026\\\/01\\\/BladnaNews-Chelsea-met-with-Roberto-De-Zerbi-before-Enzo-Maresca-sacking-2026-01-01T195100.138Z.jpg\",\"width\":2560,\"height\":1440},{\"@type\":\"BreadcrumbList\",\"@id\":\"https:\\\/\\\/bladnanews.com\\\/chelsea-met-with-roberto-de-zerbi-before-enzo-maresca-sacking\\\/#breadcrumb\",\"itemListElement\":[{\"@type\":\"ListItem\",\"position\":1,\"name\":\"Home\",\"item\":\"https:\\\/\\\/bladnanews.com\\\/\"},{\"@type\":\"ListItem\",\"position\":2,\"name\":\"Chelsea met with Roberto De Zerbi before Enzo Maresca sacking\"}]},{\"@type\":\"WebSite\",\"@id\":\"https:\\\/\\\/mediumseagreen-eel-531711.hostingersite.com\\\/#website\",\"url\":\"https:\\\/\\\/mediumseagreen-eel-531711.hostingersite.com\\\/\",\"name\":\"Bladna News - Morocco\",\"description\":\"Where Moroccan Football Meets the World\",\"publisher\":{\"@id\":\"https:\\\/\\\/mediumseagreen-eel-531711.hostingersite.com\\\/#organization\"},\"potentialAction\":[{\"@type\":\"SearchAction\",\"target\":{\"@type\":\"EntryPoint\",\"urlTemplate\":\"https:\\\/\\\/mediumseagreen-eel-531711.hostingersite.com\\\/?s={search_term_string}\"},\"query-input\":{\"@type\":\"PropertyValueSpecification\",\"valueRequired\":true,\"valueName\":\"search_term_string\"}}],\"inLanguage\":\"fr-FR\"},{\"@type\":\"Organization\",\"@id\":\"https:\\\/\\\/mediumseagreen-eel-531711.hostingersite.com\\\/#organization\",\"name\":\"Bladna News.com\",\"url\":\"https:\\\/\\\/mediumseagreen-eel-531711.hostingersite.com\\\/\",\"logo\":{\"@type\":\"ImageObject\",\"inLanguage\":\"fr-FR\",\"@id\":\"https:\\\/\\\/mediumseagreen-eel-531711.hostingersite.com\\\/#\\\/schema\\\/logo\\\/image\\\/\",\"url\":\"https:\\\/\\\/bladnanews.com\\\/wp-content\\\/uploads\\\/2025\\\/12\\\/logo-bladnanews-V2-web-black-red.png\",\"contentUrl\":\"https:\\\/\\\/bladnanews.com\\\/wp-content\\\/uploads\\\/2025\\\/12\\\/logo-bladnanews-V2-web-black-red.png\",\"width\":703,\"height\":287,\"caption\":\"Bladna News.com\"},\"image\":{\"@id\":\"https:\\\/\\\/mediumseagreen-eel-531711.hostingersite.com\\\/#\\\/schema\\\/logo\\\/image\\\/\"},\"email\":\"info@bladnanews.com\",\"legalName\":\"Bladna News\"},{\"@type\":\"Person\",\"@id\":\"https:\\\/\\\/mediumseagreen-eel-531711.hostingersite.com\\\/#\\\/schema\\\/person\\\/268e18a453ab080ebf76df6ef7845083\",\"name\":\"Bladna News Staff\",\"url\":\"https:\\\/\\\/bladnanews.com\\\/fr\\\/author\\\/bladna-news-staff\\\/\"}]}<\/script>\n<!-- \/ Yoast SEO Premium plugin. -->","yoast_head_json":{"title":"Chelsea a rencontr\u00e9 Roberto De Zerbi avant le licenciement d'Enzo Maresca - Bladna News","robots":{"index":"index","follow":"follow","max-snippet":"max-snippet:-1","max-image-preview":"max-image-preview:large","max-video-preview":"max-video-preview:-1"},"canonical":"https:\/\/bladnanews.com\/fr\/chelsea-a-rencontre-roberto-de-zerbi-avant-le-licenciement-denzo-maresca\/","og_locale":"fr_FR","og_type":"article","og_title":"Chelsea met with Roberto De Zerbi before Enzo Maresca sacking","og_description":"Chelsea held talks with Roberto De Zerbi prior to the dismissal of Enzo Maresca, as confirmed in a recent revelation. [&hellip;]","og_url":"https:\/\/bladnanews.com\/fr\/chelsea-a-rencontre-roberto-de-zerbi-avant-le-licenciement-denzo-maresca\/","og_site_name":"Bladna News","article_published_time":"2026-01-01T16:50:55+00:00","og_image":[{"width":2560,"height":1440,"url":"https:\/\/bladnanews.com\/wp-content\/uploads\/2026\/01\/BladnaNews-Chelsea-met-with-Roberto-De-Zerbi-before-Enzo-Maresca-sacking-2026-01-01T195100.138Z-scaled.jpg","type":"image\/jpeg"}],"author":"Bladna News Staff","twitter_card":"summary_large_image","twitter_misc":{"\u00c9crit par":"Bladna News Staff","Dur\u00e9e de lecture estim\u00e9e":"1 minute"},"schema":{"@context":"https:\/\/schema.org","@graph":[{"@type":"Article","@id":"https:\/\/bladnanews.com\/chelsea-met-with-roberto-de-zerbi-before-enzo-maresca-sacking\/#article","isPartOf":{"@id":"https:\/\/bladnanews.com\/chelsea-met-with-roberto-de-zerbi-before-enzo-maresca-sacking\/"},"author":{"name":"Bladna News Staff","@id":"https:\/\/mediumseagreen-eel-531711.hostingersite.com\/#\/schema\/person\/268e18a453ab080ebf76df6ef7845083"},"headline":"Chelsea met with Roberto De Zerbi before Enzo Maresca sacking","datePublished":"2026-01-01T16:50:55+00:00","mainEntityOfPage":{"@id":"https:\/\/bladnanews.com\/chelsea-met-with-roberto-de-zerbi-before-enzo-maresca-sacking\/"},"wordCount":212,"publisher":{"@id":"https:\/\/mediumseagreen-eel-531711.hostingersite.com\/#organization"},"image":{"@id":"https:\/\/bladnanews.com\/chelsea-met-with-roberto-de-zerbi-before-enzo-maresca-sacking\/#primaryimage"},"thumbnailUrl":"https:\/\/bladnanews.com\/wp-content\/uploads\/2026\/01\/BladnaNews-Chelsea-met-with-Roberto-De-Zerbi-before-Enzo-Maresca-sacking-2026-01-01T195100.138Z.jpg","articleSection":["International","Latest News"],"inLanguage":"fr-FR","copyrightYear":"2026","copyrightHolder":{"@id":"https:\/\/bladnanews.com\/fr\/#organization"}},{"@type":"WebPage","@id":"https:\/\/bladnanews.com\/chelsea-met-with-roberto-de-zerbi-before-enzo-maresca-sacking\/","url":"https:\/\/bladnanews.com\/chelsea-met-with-roberto-de-zerbi-before-enzo-maresca-sacking\/","name":"Chelsea a rencontr\u00e9 Roberto De Zerbi avant le licenciement d'Enzo Maresca - Bladna News","isPartOf":{"@id":"https:\/\/mediumseagreen-eel-531711.hostingersite.com\/#website"},"primaryImageOfPage":{"@id":"https:\/\/bladnanews.com\/chelsea-met-with-roberto-de-zerbi-before-enzo-maresca-sacking\/#primaryimage"},"image":{"@id":"https:\/\/bladnanews.com\/chelsea-met-with-roberto-de-zerbi-before-enzo-maresca-sacking\/#primaryimage"},"thumbnailUrl":"https:\/\/bladnanews.com\/wp-content\/uploads\/2026\/01\/BladnaNews-Chelsea-met-with-Roberto-De-Zerbi-before-Enzo-Maresca-sacking-2026-01-01T195100.138Z.jpg","datePublished":"2026-01-01T16:50:55+00:00","breadcrumb":{"@id":"https:\/\/bladnanews.com\/chelsea-met-with-roberto-de-zerbi-before-enzo-maresca-sacking\/#breadcrumb"},"inLanguage":"fr-FR","potentialAction":[{"@type":"ReadAction","target":["https:\/\/bladnanews.com\/chelsea-met-with-roberto-de-zerbi-before-enzo-maresca-sacking\/"]}]},{"@type":"ImageObject","inLanguage":"fr-FR","@id":"https:\/\/bladnanews.com\/chelsea-met-with-roberto-de-zerbi-before-enzo-maresca-sacking\/#primaryimage","url":"https:\/\/bladnanews.com\/wp-content\/uploads\/2026\/01\/BladnaNews-Chelsea-met-with-Roberto-De-Zerbi-before-Enzo-Maresca-sacking-2026-01-01T195100.138Z.jpg","contentUrl":"https:\/\/bladnanews.com\/wp-content\/uploads\/2026\/01\/BladnaNews-Chelsea-met-with-Roberto-De-Zerbi-before-Enzo-Maresca-sacking-2026-01-01T195100.138Z.jpg","width":2560,"height":1440},{"@type":"BreadcrumbList","@id":"https:\/\/bladnanews.com\/chelsea-met-with-roberto-de-zerbi-before-enzo-maresca-sacking\/#breadcrumb","itemListElement":[{"@type":"ListItem","position":1,"name":"Home","item":"https:\/\/bladnanews.com\/"},{"@type":"ListItem","position":2,"name":"Chelsea met with Roberto De Zerbi before Enzo Maresca sacking"}]},{"@type":"WebSite","@id":"https:\/\/mediumseagreen-eel-531711.hostingersite.com\/#website","url":"https:\/\/mediumseagreen-eel-531711.hostingersite.com\/","name":"Bladna News - Maroc","description":"Quand le football marocain rencontre le monde","publisher":{"@id":"https:\/\/mediumseagreen-eel-531711.hostingersite.com\/#organization"},"potentialAction":[{"@type":"SearchAction","target":{"@type":"EntryPoint","urlTemplate":"https:\/\/mediumseagreen-eel-531711.hostingersite.com\/?s={search_term_string}"},"query-input":{"@type":"PropertyValueSpecification","valueRequired":true,"valueName":"search_term_string"}}],"inLanguage":"fr-FR"},{"@type":"Organization","@id":"https:\/\/mediumseagreen-eel-531711.hostingersite.com\/#organization","name":"Bladna News.com","url":"https:\/\/mediumseagreen-eel-531711.hostingersite.com\/","logo":{"@type":"ImageObject","inLanguage":"fr-FR","@id":"https:\/\/mediumseagreen-eel-531711.hostingersite.com\/#\/schema\/logo\/image\/","url":"https:\/\/bladnanews.com\/wp-content\/uploads\/2025\/12\/logo-bladnanews-V2-web-black-red.png","contentUrl":"https:\/\/bladnanews.com\/wp-content\/uploads\/2025\/12\/logo-bladnanews-V2-web-black-red.png","width":703,"height":287,"caption":"Bladna News.com"},"image":{"@id":"https:\/\/mediumseagreen-eel-531711.hostingersite.com\/#\/schema\/logo\/image\/"},"email":"info@bladnanews.com","legalName":"Bladna News"},{"@type":"Person","@id":"https:\/\/mediumseagreen-eel-531711.hostingersite.com\/#\/schema\/person\/268e18a453ab080ebf76df6ef7845083","name":"\u00c9quipe r\u00e9dactionnelle de Bladna News","url":"https:\/\/bladnanews.com\/fr\/author\/bladna-news-staff\/"}]}},"_links":{"self":[{"href":"https:\/\/bladnanews.com\/fr\/wp-json\/wp\/v2\/posts\/1248","targetHints":{"allow":["GET"]}}],"collection":[{"href":"https:\/\/bladnanews.com\/fr\/wp-json\/wp\/v2\/posts"}],"about":[{"href":"https:\/\/bladnanews.com\/fr\/wp-json\/wp\/v2\/types\/post"}],"author":[{"embeddable":true,"href":"https:\/\/bladnanews.com\/fr\/wp-json\/wp\/v2\/users\/3"}],"replies":[{"embeddable":true,"href":"https:\/\/bladnanews.com\/fr\/wp-json\/wp\/v2\/comments?post=1248"}],"version-history":[{"count":0,"href":"https:\/\/bladnanews.com\/fr\/wp-json\/wp\/v2\/posts\/1248\/revisions"}],"wp:featuredmedia":[{"embeddable":true,"href":"https:\/\/bladnanews.com\/fr\/wp-json\/wp\/v2\/media\/1247"}],"wp:attachment":[{"href":"https:\/\/bladnanews.com\/fr\/wp-json\/wp\/v2\/media?parent=1248"}],"wp:term":[{"taxonomy":"category","embeddable":true,"href":"https:\/\/bladnanews.com\/fr\/wp-json\/wp\/v2\/categories?post=1248"},{"taxonomy":"post_tag","embeddable":true,"href":"https:\/\/bladnanews.com\/fr\/wp-json\/wp\/v2\/tags?post=1248"}],"curies":[{"name":"wp","href":"https:\/\/api.w.org\/{rel}","templated":true}]}}