{"id":1264,"date":"2026-01-01T17:44:40","date_gmt":"2026-01-01T17:44:40","guid":{"rendered":"https:\/\/bladnanews.com\/camavinga-tells-endrick-never-to-wear-green-in-a-revealed-message\/"},"modified":"2026-01-01T17:44:40","modified_gmt":"2026-01-01T17:44:40","slug":"camavinga-dit-a-endrick-de-ne-jamais-porter-de-vert-dans-un-message-revele","status":"publish","type":"post","link":"https:\/\/bladnanews.com\/fr\/camavinga-dit-a-endrick-de-ne-jamais-porter-de-vert-dans-un-message-revele\/","title":{"rendered":"Camavinga dit \u00e0 Endrick de ne jamais porter de vert dans un message r\u00e9v\u00e9l\u00e9"},"content":{"rendered":"<p>Eduardo Camavinga a ouvertement conseill\u00e9 \u00e0 Endrick, le pr\u00eat\u00e9 du Real Madrid, qu'il ne devrait \u201cjamais porter de vert,\u201d un message qui a r\u00e9cemment \u00e9t\u00e9 r\u00e9v\u00e9l\u00e9.<\/p>\n<p>Endrick, qui est pr\u00eat\u00e9 par Palmeiras, a rejoint le centre de formation du Real Madrid plus t\u00f4t cette ann\u00e9e et a \u00e9t\u00e9 \u00e9troitement surveill\u00e9 par le personnel d'entra\u00eeneurs et les joueurs seniors du club.<\/p>\n<p>Dans la communication r\u00e9v\u00e9l\u00e9e, Camavinga a rappel\u00e9 de mani\u00e8re ludique \u00e0 Endrick de rester \u00e0 l'\u00e9cart des couleurs de Palmeiras maintenant qu'il repr\u00e9sente le Real Madrid, symbolisant la transition naturelle du club br\u00e9silien aux g\u00e9ants espagnols.<\/p>\n<p>Le conseil de Camavinga fait \u00e9galement allusion \u00e0 l'esprit comp\u00e9titif au sein des rangs du Real Madrid, o\u00f9 la loyaut\u00e9 envers l'image et les couleurs du club est soulign\u00e9e. Pour Endrick, qui est consid\u00e9r\u00e9 comme une \u00e9toile montante, embrasser pleinement le nouvel environnement inclut le respect des traditions du club.<\/p>\n<p>Le message a attir\u00e9 l'attention car il met en lumi\u00e8re les interactions personnelles en coulisses dans l'un des plus grands clubs de football d'Europe. Il refl\u00e8te \u00e9galement comment de jeunes talents comme Endrick sont int\u00e9gr\u00e9s dans l'\u00e9quipe, combinant conseils et encouragements.<\/p>\n<p>Dans l'ensemble, le texte de Camavinga sert de rappel \u00e0 Endrick du changement dans son parcours footballistique, l'exhortant \u00e0 embrasser le Real Madrid de tout c\u0153ur et \u00e0 laisser symboliquement le vert de Palmeiras derri\u00e8re lui.<\/p>","protected":false},"excerpt":{"rendered":"<p>Eduardo Camavinga has openly advised Endrick, the Real Madrid loanee, that he should &#8220;never wear green,&#8221; a message that has [&hellip;]<\/p>\n","protected":false},"author":3,"featured_media":1263,"comment_status":"","ping_status":"open","sticky":false,"template":"","format":"standard","meta":{"googlesitekit_rrm_CAow_uzEDA:productID":"","site-sidebar-layout":"default","site-content-layout":"","ast-site-content-layout":"default","site-content-style":"default","site-sidebar-style":"default","ast-global-header-display":"","ast-banner-title-visibility":"","ast-main-header-display":"","ast-hfb-above-header-display":"","ast-hfb-below-header-display":"","ast-hfb-mobile-header-display":"","site-post-title":"","ast-breadcrumbs-content":"","ast-featured-img":"","footer-sml-layout":"","ast-disable-related-posts":"","theme-transparent-header-meta":"","adv-header-id-meta":"","stick-header-meta":"","header-above-stick-meta":"","header-main-stick-meta":"","header-below-stick-meta":"","astra-migrate-meta-layouts":"default","ast-page-background-enabled":"default","ast-page-background-meta":{"desktop":{"background-color":"var(--ast-global-color-5)","background-image":"","background-repeat":"repeat","background-position":"center center","background-size":"auto","background-attachment":"scroll","background-type":"","background-media":"","overlay-type":"","overlay-color":"","overlay-opacity":"","overlay-gradient":""},"tablet":{"background-color":"","background-image":"","background-repeat":"repeat","background-position":"center center","background-size":"auto","background-attachment":"scroll","background-type":"","background-media":"","overlay-type":"","overlay-color":"","overlay-opacity":"","overlay-gradient":""},"mobile":{"background-color":"","background-image":"","background-repeat":"repeat","background-position":"center center","background-size":"auto","background-attachment":"scroll","background-type":"","background-media":"","overlay-type":"","overlay-color":"","overlay-opacity":"","overlay-gradient":""}},"ast-content-background-meta":{"desktop":{"background-color":"var(--ast-global-color-4)","background-image":"","background-repeat":"repeat","background-position":"center center","background-size":"auto","background-attachment":"scroll","background-type":"","background-media":"","overlay-type":"","overlay-color":"","overlay-opacity":"","overlay-gradient":""},"tablet":{"background-color":"var(--ast-global-color-4)","background-image":"","background-repeat":"repeat","background-position":"center center","background-size":"auto","background-attachment":"scroll","background-type":"","background-media":"","overlay-type":"","overlay-color":"","overlay-opacity":"","overlay-gradient":""},"mobile":{"background-color":"var(--ast-global-color-4)","background-image":"","background-repeat":"repeat","background-position":"center center","background-size":"auto","background-attachment":"scroll","background-type":"","background-media":"","overlay-type":"","overlay-color":"","overlay-opacity":"","overlay-gradient":""}},"footnotes":""},"categories":[20,1],"tags":[],"class_list":["post-1264","post","type-post","status-publish","format-standard","has-post-thumbnail","hentry","category-international","category-football-latest-news"],"yoast_head":"<!-- This site is optimized with the Yoast SEO Premium plugin v26.6 (Yoast SEO v27.5) - https:\/\/yoast.com\/product\/yoast-seo-premium-wordpress\/ -->\n<title>Camavinga tells Endrick never to wear green in a revealed message - Bladna News<\/title>\n<meta name=\"robots\" content=\"index, follow, max-snippet:-1, max-image-preview:large, max-video-preview:-1\" \/>\n<link rel=\"canonical\" href=\"https:\/\/bladnanews.com\/fr\/camavinga-dit-a-endrick-de-ne-jamais-porter-de-vert-dans-un-message-revele\/\" \/>\n<meta property=\"og:locale\" content=\"fr_FR\" \/>\n<meta property=\"og:type\" content=\"article\" \/>\n<meta property=\"og:title\" content=\"Camavinga tells Endrick never to wear green in a revealed message\" \/>\n<meta property=\"og:description\" content=\"Eduardo Camavinga has openly advised Endrick, the Real Madrid loanee, that he should &#8220;never wear green,&#8221; a message that has [&hellip;]\" \/>\n<meta property=\"og:url\" content=\"https:\/\/bladnanews.com\/fr\/camavinga-dit-a-endrick-de-ne-jamais-porter-de-vert-dans-un-message-revele\/\" \/>\n<meta property=\"og:site_name\" content=\"Bladna News\" \/>\n<meta property=\"article:published_time\" content=\"2026-01-01T17:44:40+00:00\" \/>\n<meta property=\"og:image\" content=\"https:\/\/bladnanews.com\/wp-content\/uploads\/2026\/01\/BladnaNews-Camavinga-tells-Endrick-never-to-wear-green-in-a-revealed-message-2026-01-01T215049.801Z.jpg\" \/>\n\t<meta property=\"og:image:width\" content=\"1776\" \/>\n\t<meta property=\"og:image:height\" content=\"999\" \/>\n\t<meta property=\"og:image:type\" content=\"image\/jpeg\" \/>\n<meta name=\"author\" content=\"Bladna News Staff\" \/>\n<meta name=\"twitter:card\" content=\"summary_large_image\" \/>\n<meta name=\"twitter:label1\" content=\"\u00c9crit par\" \/>\n\t<meta name=\"twitter:data1\" content=\"Bladna News Staff\" \/>\n\t<meta name=\"twitter:label2\" content=\"Dur\u00e9e de lecture estim\u00e9e\" \/>\n\t<meta name=\"twitter:data2\" content=\"1 minute\" \/>\n<script type=\"application\/ld+json\" class=\"yoast-schema-graph\">{\"@context\":\"https:\\\/\\\/schema.org\",\"@graph\":[{\"@type\":\"Article\",\"@id\":\"https:\\\/\\\/bladnanews.com\\\/camavinga-tells-endrick-never-to-wear-green-in-a-revealed-message\\\/#article\",\"isPartOf\":{\"@id\":\"https:\\\/\\\/bladnanews.com\\\/camavinga-tells-endrick-never-to-wear-green-in-a-revealed-message\\\/\"},\"author\":{\"name\":\"Bladna News Staff\",\"@id\":\"https:\\\/\\\/mediumseagreen-eel-531711.hostingersite.com\\\/#\\\/schema\\\/person\\\/268e18a453ab080ebf76df6ef7845083\"},\"headline\":\"Camavinga tells Endrick never to wear green in a revealed message\",\"datePublished\":\"2026-01-01T17:44:40+00:00\",\"mainEntityOfPage\":{\"@id\":\"https:\\\/\\\/bladnanews.com\\\/camavinga-tells-endrick-never-to-wear-green-in-a-revealed-message\\\/\"},\"wordCount\":275,\"publisher\":{\"@id\":\"https:\\\/\\\/mediumseagreen-eel-531711.hostingersite.com\\\/#organization\"},\"image\":{\"@id\":\"https:\\\/\\\/bladnanews.com\\\/camavinga-tells-endrick-never-to-wear-green-in-a-revealed-message\\\/#primaryimage\"},\"thumbnailUrl\":\"https:\\\/\\\/bladnanews.com\\\/wp-content\\\/uploads\\\/2026\\\/01\\\/BladnaNews-Camavinga-tells-Endrick-never-to-wear-green-in-a-revealed-message-2026-01-01T215049.801Z.jpg\",\"articleSection\":[\"International\",\"Latest News\"],\"inLanguage\":\"fr-FR\",\"copyrightYear\":\"2026\",\"copyrightHolder\":{\"@id\":\"https:\\\/\\\/bladnanews.com\\\/fr\\\/#organization\"}},{\"@type\":\"WebPage\",\"@id\":\"https:\\\/\\\/bladnanews.com\\\/camavinga-tells-endrick-never-to-wear-green-in-a-revealed-message\\\/\",\"url\":\"https:\\\/\\\/bladnanews.com\\\/camavinga-tells-endrick-never-to-wear-green-in-a-revealed-message\\\/\",\"name\":\"Camavinga tells Endrick never to wear green in a revealed message - Bladna News\",\"isPartOf\":{\"@id\":\"https:\\\/\\\/mediumseagreen-eel-531711.hostingersite.com\\\/#website\"},\"primaryImageOfPage\":{\"@id\":\"https:\\\/\\\/bladnanews.com\\\/camavinga-tells-endrick-never-to-wear-green-in-a-revealed-message\\\/#primaryimage\"},\"image\":{\"@id\":\"https:\\\/\\\/bladnanews.com\\\/camavinga-tells-endrick-never-to-wear-green-in-a-revealed-message\\\/#primaryimage\"},\"thumbnailUrl\":\"https:\\\/\\\/bladnanews.com\\\/wp-content\\\/uploads\\\/2026\\\/01\\\/BladnaNews-Camavinga-tells-Endrick-never-to-wear-green-in-a-revealed-message-2026-01-01T215049.801Z.jpg\",\"datePublished\":\"2026-01-01T17:44:40+00:00\",\"breadcrumb\":{\"@id\":\"https:\\\/\\\/bladnanews.com\\\/camavinga-tells-endrick-never-to-wear-green-in-a-revealed-message\\\/#breadcrumb\"},\"inLanguage\":\"fr-FR\",\"potentialAction\":[{\"@type\":\"ReadAction\",\"target\":[\"https:\\\/\\\/bladnanews.com\\\/camavinga-tells-endrick-never-to-wear-green-in-a-revealed-message\\\/\"]}]},{\"@type\":\"ImageObject\",\"inLanguage\":\"fr-FR\",\"@id\":\"https:\\\/\\\/bladnanews.com\\\/camavinga-tells-endrick-never-to-wear-green-in-a-revealed-message\\\/#primaryimage\",\"url\":\"https:\\\/\\\/bladnanews.com\\\/wp-content\\\/uploads\\\/2026\\\/01\\\/BladnaNews-Camavinga-tells-Endrick-never-to-wear-green-in-a-revealed-message-2026-01-01T215049.801Z.jpg\",\"contentUrl\":\"https:\\\/\\\/bladnanews.com\\\/wp-content\\\/uploads\\\/2026\\\/01\\\/BladnaNews-Camavinga-tells-Endrick-never-to-wear-green-in-a-revealed-message-2026-01-01T215049.801Z.jpg\",\"width\":1600,\"height\":900},{\"@type\":\"BreadcrumbList\",\"@id\":\"https:\\\/\\\/bladnanews.com\\\/camavinga-tells-endrick-never-to-wear-green-in-a-revealed-message\\\/#breadcrumb\",\"itemListElement\":[{\"@type\":\"ListItem\",\"position\":1,\"name\":\"Home\",\"item\":\"https:\\\/\\\/bladnanews.com\\\/\"},{\"@type\":\"ListItem\",\"position\":2,\"name\":\"Camavinga tells Endrick never to wear green in a revealed message\"}]},{\"@type\":\"WebSite\",\"@id\":\"https:\\\/\\\/mediumseagreen-eel-531711.hostingersite.com\\\/#website\",\"url\":\"https:\\\/\\\/mediumseagreen-eel-531711.hostingersite.com\\\/\",\"name\":\"Bladna News - Morocco\",\"description\":\"Where Moroccan Football Meets the World\",\"publisher\":{\"@id\":\"https:\\\/\\\/mediumseagreen-eel-531711.hostingersite.com\\\/#organization\"},\"potentialAction\":[{\"@type\":\"SearchAction\",\"target\":{\"@type\":\"EntryPoint\",\"urlTemplate\":\"https:\\\/\\\/mediumseagreen-eel-531711.hostingersite.com\\\/?s={search_term_string}\"},\"query-input\":{\"@type\":\"PropertyValueSpecification\",\"valueRequired\":true,\"valueName\":\"search_term_string\"}}],\"inLanguage\":\"fr-FR\"},{\"@type\":\"Organization\",\"@id\":\"https:\\\/\\\/mediumseagreen-eel-531711.hostingersite.com\\\/#organization\",\"name\":\"Bladna News.com\",\"url\":\"https:\\\/\\\/mediumseagreen-eel-531711.hostingersite.com\\\/\",\"logo\":{\"@type\":\"ImageObject\",\"inLanguage\":\"fr-FR\",\"@id\":\"https:\\\/\\\/mediumseagreen-eel-531711.hostingersite.com\\\/#\\\/schema\\\/logo\\\/image\\\/\",\"url\":\"https:\\\/\\\/bladnanews.com\\\/wp-content\\\/uploads\\\/2025\\\/12\\\/logo-bladnanews-V2-web-black-red.png\",\"contentUrl\":\"https:\\\/\\\/bladnanews.com\\\/wp-content\\\/uploads\\\/2025\\\/12\\\/logo-bladnanews-V2-web-black-red.png\",\"width\":703,\"height\":287,\"caption\":\"Bladna News.com\"},\"image\":{\"@id\":\"https:\\\/\\\/mediumseagreen-eel-531711.hostingersite.com\\\/#\\\/schema\\\/logo\\\/image\\\/\"},\"email\":\"info@bladnanews.com\",\"legalName\":\"Bladna News\"},{\"@type\":\"Person\",\"@id\":\"https:\\\/\\\/mediumseagreen-eel-531711.hostingersite.com\\\/#\\\/schema\\\/person\\\/268e18a453ab080ebf76df6ef7845083\",\"name\":\"Bladna News Staff\",\"url\":\"https:\\\/\\\/bladnanews.com\\\/fr\\\/author\\\/bladna-news-staff\\\/\"}]}<\/script>\n<!-- \/ Yoast SEO Premium plugin. -->","yoast_head_json":{"title":"Camavinga dit \u00e0 Endrick de ne jamais porter de vert dans un message r\u00e9v\u00e9l\u00e9 - Bladna News","robots":{"index":"index","follow":"follow","max-snippet":"max-snippet:-1","max-image-preview":"max-image-preview:large","max-video-preview":"max-video-preview:-1"},"canonical":"https:\/\/bladnanews.com\/fr\/camavinga-dit-a-endrick-de-ne-jamais-porter-de-vert-dans-un-message-revele\/","og_locale":"fr_FR","og_type":"article","og_title":"Camavinga tells Endrick never to wear green in a revealed message","og_description":"Eduardo Camavinga has openly advised Endrick, the Real Madrid loanee, that he should &#8220;never wear green,&#8221; a message that has [&hellip;]","og_url":"https:\/\/bladnanews.com\/fr\/camavinga-dit-a-endrick-de-ne-jamais-porter-de-vert-dans-un-message-revele\/","og_site_name":"Bladna News","article_published_time":"2026-01-01T17:44:40+00:00","og_image":[{"width":1776,"height":999,"url":"https:\/\/bladnanews.com\/wp-content\/uploads\/2026\/01\/BladnaNews-Camavinga-tells-Endrick-never-to-wear-green-in-a-revealed-message-2026-01-01T215049.801Z.jpg","type":"image\/jpeg"}],"author":"Bladna News Staff","twitter_card":"summary_large_image","twitter_misc":{"\u00c9crit par":"Bladna News Staff","Dur\u00e9e de lecture estim\u00e9e":"1 minute"},"schema":{"@context":"https:\/\/schema.org","@graph":[{"@type":"Article","@id":"https:\/\/bladnanews.com\/camavinga-tells-endrick-never-to-wear-green-in-a-revealed-message\/#article","isPartOf":{"@id":"https:\/\/bladnanews.com\/camavinga-tells-endrick-never-to-wear-green-in-a-revealed-message\/"},"author":{"name":"Bladna News Staff","@id":"https:\/\/mediumseagreen-eel-531711.hostingersite.com\/#\/schema\/person\/268e18a453ab080ebf76df6ef7845083"},"headline":"Camavinga tells Endrick never to wear green in a revealed message","datePublished":"2026-01-01T17:44:40+00:00","mainEntityOfPage":{"@id":"https:\/\/bladnanews.com\/camavinga-tells-endrick-never-to-wear-green-in-a-revealed-message\/"},"wordCount":275,"publisher":{"@id":"https:\/\/mediumseagreen-eel-531711.hostingersite.com\/#organization"},"image":{"@id":"https:\/\/bladnanews.com\/camavinga-tells-endrick-never-to-wear-green-in-a-revealed-message\/#primaryimage"},"thumbnailUrl":"https:\/\/bladnanews.com\/wp-content\/uploads\/2026\/01\/BladnaNews-Camavinga-tells-Endrick-never-to-wear-green-in-a-revealed-message-2026-01-01T215049.801Z.jpg","articleSection":["International","Latest News"],"inLanguage":"fr-FR","copyrightYear":"2026","copyrightHolder":{"@id":"https:\/\/bladnanews.com\/fr\/#organization"}},{"@type":"WebPage","@id":"https:\/\/bladnanews.com\/camavinga-tells-endrick-never-to-wear-green-in-a-revealed-message\/","url":"https:\/\/bladnanews.com\/camavinga-tells-endrick-never-to-wear-green-in-a-revealed-message\/","name":"Camavinga dit \u00e0 Endrick de ne jamais porter de vert dans un message r\u00e9v\u00e9l\u00e9 - Bladna News","isPartOf":{"@id":"https:\/\/mediumseagreen-eel-531711.hostingersite.com\/#website"},"primaryImageOfPage":{"@id":"https:\/\/bladnanews.com\/camavinga-tells-endrick-never-to-wear-green-in-a-revealed-message\/#primaryimage"},"image":{"@id":"https:\/\/bladnanews.com\/camavinga-tells-endrick-never-to-wear-green-in-a-revealed-message\/#primaryimage"},"thumbnailUrl":"https:\/\/bladnanews.com\/wp-content\/uploads\/2026\/01\/BladnaNews-Camavinga-tells-Endrick-never-to-wear-green-in-a-revealed-message-2026-01-01T215049.801Z.jpg","datePublished":"2026-01-01T17:44:40+00:00","breadcrumb":{"@id":"https:\/\/bladnanews.com\/camavinga-tells-endrick-never-to-wear-green-in-a-revealed-message\/#breadcrumb"},"inLanguage":"fr-FR","potentialAction":[{"@type":"ReadAction","target":["https:\/\/bladnanews.com\/camavinga-tells-endrick-never-to-wear-green-in-a-revealed-message\/"]}]},{"@type":"ImageObject","inLanguage":"fr-FR","@id":"https:\/\/bladnanews.com\/camavinga-tells-endrick-never-to-wear-green-in-a-revealed-message\/#primaryimage","url":"https:\/\/bladnanews.com\/wp-content\/uploads\/2026\/01\/BladnaNews-Camavinga-tells-Endrick-never-to-wear-green-in-a-revealed-message-2026-01-01T215049.801Z.jpg","contentUrl":"https:\/\/bladnanews.com\/wp-content\/uploads\/2026\/01\/BladnaNews-Camavinga-tells-Endrick-never-to-wear-green-in-a-revealed-message-2026-01-01T215049.801Z.jpg","width":1600,"height":900},{"@type":"BreadcrumbList","@id":"https:\/\/bladnanews.com\/camavinga-tells-endrick-never-to-wear-green-in-a-revealed-message\/#breadcrumb","itemListElement":[{"@type":"ListItem","position":1,"name":"Home","item":"https:\/\/bladnanews.com\/"},{"@type":"ListItem","position":2,"name":"Camavinga tells Endrick never to wear green in a revealed message"}]},{"@type":"WebSite","@id":"https:\/\/mediumseagreen-eel-531711.hostingersite.com\/#website","url":"https:\/\/mediumseagreen-eel-531711.hostingersite.com\/","name":"Bladna News - Maroc","description":"Quand le football marocain rencontre le monde","publisher":{"@id":"https:\/\/mediumseagreen-eel-531711.hostingersite.com\/#organization"},"potentialAction":[{"@type":"SearchAction","target":{"@type":"EntryPoint","urlTemplate":"https:\/\/mediumseagreen-eel-531711.hostingersite.com\/?s={search_term_string}"},"query-input":{"@type":"PropertyValueSpecification","valueRequired":true,"valueName":"search_term_string"}}],"inLanguage":"fr-FR"},{"@type":"Organization","@id":"https:\/\/mediumseagreen-eel-531711.hostingersite.com\/#organization","name":"Bladna News.com","url":"https:\/\/mediumseagreen-eel-531711.hostingersite.com\/","logo":{"@type":"ImageObject","inLanguage":"fr-FR","@id":"https:\/\/mediumseagreen-eel-531711.hostingersite.com\/#\/schema\/logo\/image\/","url":"https:\/\/bladnanews.com\/wp-content\/uploads\/2025\/12\/logo-bladnanews-V2-web-black-red.png","contentUrl":"https:\/\/bladnanews.com\/wp-content\/uploads\/2025\/12\/logo-bladnanews-V2-web-black-red.png","width":703,"height":287,"caption":"Bladna News.com"},"image":{"@id":"https:\/\/mediumseagreen-eel-531711.hostingersite.com\/#\/schema\/logo\/image\/"},"email":"info@bladnanews.com","legalName":"Bladna News"},{"@type":"Person","@id":"https:\/\/mediumseagreen-eel-531711.hostingersite.com\/#\/schema\/person\/268e18a453ab080ebf76df6ef7845083","name":"\u00c9quipe r\u00e9dactionnelle de Bladna News","url":"https:\/\/bladnanews.com\/fr\/author\/bladna-news-staff\/"}]}},"_links":{"self":[{"href":"https:\/\/bladnanews.com\/fr\/wp-json\/wp\/v2\/posts\/1264","targetHints":{"allow":["GET"]}}],"collection":[{"href":"https:\/\/bladnanews.com\/fr\/wp-json\/wp\/v2\/posts"}],"about":[{"href":"https:\/\/bladnanews.com\/fr\/wp-json\/wp\/v2\/types\/post"}],"author":[{"embeddable":true,"href":"https:\/\/bladnanews.com\/fr\/wp-json\/wp\/v2\/users\/3"}],"replies":[{"embeddable":true,"href":"https:\/\/bladnanews.com\/fr\/wp-json\/wp\/v2\/comments?post=1264"}],"version-history":[{"count":0,"href":"https:\/\/bladnanews.com\/fr\/wp-json\/wp\/v2\/posts\/1264\/revisions"}],"wp:featuredmedia":[{"embeddable":true,"href":"https:\/\/bladnanews.com\/fr\/wp-json\/wp\/v2\/media\/1263"}],"wp:attachment":[{"href":"https:\/\/bladnanews.com\/fr\/wp-json\/wp\/v2\/media?parent=1264"}],"wp:term":[{"taxonomy":"category","embeddable":true,"href":"https:\/\/bladnanews.com\/fr\/wp-json\/wp\/v2\/categories?post=1264"},{"taxonomy":"post_tag","embeddable":true,"href":"https:\/\/bladnanews.com\/fr\/wp-json\/wp\/v2\/tags?post=1264"}],"curies":[{"name":"wp","href":"https:\/\/api.w.org\/{rel}","templated":true}]}}