{"id":1282,"date":"2026-01-01T18:55:42","date_gmt":"2026-01-01T18:55:42","guid":{"rendered":"https:\/\/bladnanews.com\/chelseas-manager-confirmed-for-man-city-match-amid-maresca-replacement-hunt\/"},"modified":"2026-01-01T18:55:42","modified_gmt":"2026-01-01T18:55:42","slug":"le-manager-de-chelsea-confirme-pour-le-match-contre-manchester-city-malgre-la-recherche-dun-remplacant-pour-maresca","status":"publish","type":"post","link":"https:\/\/bladnanews.com\/fr\/le-manager-de-chelsea-confirme-pour-le-match-contre-manchester-city-malgre-la-recherche-dun-remplacant-pour-maresca\/","title":{"rendered":"Le manager de Chelsea confirm\u00e9 pour le match contre Manchester City malgr\u00e9 la recherche d'un rempla\u00e7ant pour Maresca"},"content":{"rendered":"<p>Chelsea a confirm\u00e9 que Frank Lampard prendra la direction de l'\u00e9quipe pour leur prochaine rencontre de Premier League contre Manchester City, alors que le club poursuit sa recherche d'un rempla\u00e7ant permanent suite au d\u00e9part d'Enzo Maresca.<\/p>\n<p>Les Blues ont annonc\u00e9 cette d\u00e9cision avant le choc crucial pr\u00e9vu ce week-end. Lampard, qui a d\u00e9j\u00e0 entra\u00een\u00e9 Chelsea de 2019 \u00e0 2021, dirigera l'effectif \u00e0 titre int\u00e9rimaire pour le match contre les champions en titre.<\/p>\n<p>Cette \u00e9volution intervient dans un contexte de discussions en cours avec des candidats potentiels pour combler le poste d'entra\u00eeneur vacant apr\u00e8s le d\u00e9part de Maresca. Le club a clairement indiqu\u00e9 qu'il visait \u00e0 trouver une solution stable et \u00e0 long terme, mais qu'il \u00e9tait pr\u00eat \u00e0 s'appuyer sur l'exp\u00e9rience de Lampard dans l'intervalle.<\/p>\n<p>S'exprimant sur la question, un porte-parole de Chelsea a d\u00e9clar\u00e9 :, <em>\u201c Frank est tr\u00e8s respect\u00e9 au sein du club et parfaitement plac\u00e9 pour prendre en main l'\u00e9quipe durant cette transition. Nous restons d\u00e9termin\u00e9s \u00e0 identifier la personne la plus adapt\u00e9e \u00e0 notre avenir. \u201d<\/em><\/p>\n<p>La nomination de Lampard comme entra\u00eeneur int\u00e9rimaire pour cette rencontre assure une certaine continuit\u00e9 \u00e0 l'effectif, qui se pr\u00e9pare \u00e0 affronter une solide \u00e9quipe de Manchester City, actuellement en t\u00eate du classement de la Premier League. Ce match est crucial pour Chelsea, qui cherche \u00e0 remonter au classement et \u00e0 gagner en dynamique.<\/p>\n<p>Alors que la recherche d'un entra\u00eeneur permanent se poursuit, Chelsea s'appuiera sur la connaissance de l'effectif et de la culture du club par Lampard pour les guider \u00e0 travers les d\u00e9fis \u00e0 venir.<\/p>","protected":false},"excerpt":{"rendered":"<p>Chelsea have confirmed that Frank Lampard will take charge of the team for their upcoming Premier League fixture against Manchester [&hellip;]<\/p>\n","protected":false},"author":3,"featured_media":1281,"comment_status":"","ping_status":"open","sticky":false,"template":"","format":"standard","meta":{"googlesitekit_rrm_CAow_uzEDA:productID":"","site-sidebar-layout":"default","site-content-layout":"","ast-site-content-layout":"default","site-content-style":"default","site-sidebar-style":"default","ast-global-header-display":"","ast-banner-title-visibility":"","ast-main-header-display":"","ast-hfb-above-header-display":"","ast-hfb-below-header-display":"","ast-hfb-mobile-header-display":"","site-post-title":"","ast-breadcrumbs-content":"","ast-featured-img":"","footer-sml-layout":"","ast-disable-related-posts":"","theme-transparent-header-meta":"","adv-header-id-meta":"","stick-header-meta":"","header-above-stick-meta":"","header-main-stick-meta":"","header-below-stick-meta":"","astra-migrate-meta-layouts":"default","ast-page-background-enabled":"default","ast-page-background-meta":{"desktop":{"background-color":"var(--ast-global-color-5)","background-image":"","background-repeat":"repeat","background-position":"center center","background-size":"auto","background-attachment":"scroll","background-type":"","background-media":"","overlay-type":"","overlay-color":"","overlay-opacity":"","overlay-gradient":""},"tablet":{"background-color":"","background-image":"","background-repeat":"repeat","background-position":"center center","background-size":"auto","background-attachment":"scroll","background-type":"","background-media":"","overlay-type":"","overlay-color":"","overlay-opacity":"","overlay-gradient":""},"mobile":{"background-color":"","background-image":"","background-repeat":"repeat","background-position":"center center","background-size":"auto","background-attachment":"scroll","background-type":"","background-media":"","overlay-type":"","overlay-color":"","overlay-opacity":"","overlay-gradient":""}},"ast-content-background-meta":{"desktop":{"background-color":"var(--ast-global-color-4)","background-image":"","background-repeat":"repeat","background-position":"center center","background-size":"auto","background-attachment":"scroll","background-type":"","background-media":"","overlay-type":"","overlay-color":"","overlay-opacity":"","overlay-gradient":""},"tablet":{"background-color":"var(--ast-global-color-4)","background-image":"","background-repeat":"repeat","background-position":"center center","background-size":"auto","background-attachment":"scroll","background-type":"","background-media":"","overlay-type":"","overlay-color":"","overlay-opacity":"","overlay-gradient":""},"mobile":{"background-color":"var(--ast-global-color-4)","background-image":"","background-repeat":"repeat","background-position":"center center","background-size":"auto","background-attachment":"scroll","background-type":"","background-media":"","overlay-type":"","overlay-color":"","overlay-opacity":"","overlay-gradient":""}},"footnotes":""},"categories":[20,1],"tags":[],"class_list":["post-1282","post","type-post","status-publish","format-standard","has-post-thumbnail","hentry","category-international","category-football-latest-news"],"yoast_head":"<!-- This site is optimized with the Yoast SEO Premium plugin v26.6 (Yoast SEO v27.5) - https:\/\/yoast.com\/product\/yoast-seo-premium-wordpress\/ -->\n<title>Chelsea&#039;s manager confirmed for Man City match amid Maresca replacement hunt - Bladna News<\/title>\n<meta name=\"robots\" content=\"index, follow, max-snippet:-1, max-image-preview:large, max-video-preview:-1\" \/>\n<link rel=\"canonical\" href=\"https:\/\/bladnanews.com\/fr\/le-manager-de-chelsea-confirme-pour-le-match-contre-manchester-city-malgre-la-recherche-dun-remplacant-pour-maresca\/\" \/>\n<meta property=\"og:locale\" content=\"fr_FR\" \/>\n<meta property=\"og:type\" content=\"article\" \/>\n<meta property=\"og:title\" content=\"Chelsea&#039;s manager confirmed for Man City match amid Maresca replacement hunt\" \/>\n<meta property=\"og:description\" content=\"Chelsea have confirmed that Frank Lampard will take charge of the team for their upcoming Premier League fixture against Manchester [&hellip;]\" \/>\n<meta property=\"og:url\" content=\"https:\/\/bladnanews.com\/fr\/le-manager-de-chelsea-confirme-pour-le-match-contre-manchester-city-malgre-la-recherche-dun-remplacant-pour-maresca\/\" \/>\n<meta property=\"og:site_name\" content=\"Bladna News\" \/>\n<meta property=\"article:published_time\" content=\"2026-01-01T18:55:42+00:00\" \/>\n<meta property=\"og:image\" content=\"https:\/\/bladnanews.com\/wp-content\/uploads\/2026\/01\/BladnaNews-Chelseas-manager-confirmed-for-Man-City-match-amid-Maresca-replacement-hunt-2026-01-01T235043.960Z-scaled.jpg\" \/>\n\t<meta property=\"og:image:width\" content=\"2560\" \/>\n\t<meta property=\"og:image:height\" content=\"1440\" \/>\n\t<meta property=\"og:image:type\" content=\"image\/jpeg\" \/>\n<meta name=\"author\" content=\"Bladna News Staff\" \/>\n<meta name=\"twitter:card\" content=\"summary_large_image\" \/>\n<meta name=\"twitter:label1\" content=\"\u00c9crit par\" \/>\n\t<meta name=\"twitter:data1\" content=\"Bladna News Staff\" \/>\n\t<meta name=\"twitter:label2\" content=\"Dur\u00e9e de lecture estim\u00e9e\" \/>\n\t<meta name=\"twitter:data2\" content=\"1 minute\" \/>\n<script type=\"application\/ld+json\" class=\"yoast-schema-graph\">{\"@context\":\"https:\\\/\\\/schema.org\",\"@graph\":[{\"@type\":\"Article\",\"@id\":\"https:\\\/\\\/bladnanews.com\\\/chelseas-manager-confirmed-for-man-city-match-amid-maresca-replacement-hunt\\\/#article\",\"isPartOf\":{\"@id\":\"https:\\\/\\\/bladnanews.com\\\/chelseas-manager-confirmed-for-man-city-match-amid-maresca-replacement-hunt\\\/\"},\"author\":{\"name\":\"Bladna News Staff\",\"@id\":\"https:\\\/\\\/mediumseagreen-eel-531711.hostingersite.com\\\/#\\\/schema\\\/person\\\/268e18a453ab080ebf76df6ef7845083\"},\"headline\":\"Chelsea&#8217;s manager confirmed for Man City match amid Maresca replacement hunt\",\"datePublished\":\"2026-01-01T18:55:42+00:00\",\"mainEntityOfPage\":{\"@id\":\"https:\\\/\\\/bladnanews.com\\\/chelseas-manager-confirmed-for-man-city-match-amid-maresca-replacement-hunt\\\/\"},\"wordCount\":246,\"publisher\":{\"@id\":\"https:\\\/\\\/mediumseagreen-eel-531711.hostingersite.com\\\/#organization\"},\"image\":{\"@id\":\"https:\\\/\\\/bladnanews.com\\\/chelseas-manager-confirmed-for-man-city-match-amid-maresca-replacement-hunt\\\/#primaryimage\"},\"thumbnailUrl\":\"https:\\\/\\\/bladnanews.com\\\/wp-content\\\/uploads\\\/2026\\\/01\\\/BladnaNews-Chelseas-manager-confirmed-for-Man-City-match-amid-Maresca-replacement-hunt-2026-01-01T235043.960Z.jpg\",\"articleSection\":[\"International\",\"Latest News\"],\"inLanguage\":\"fr-FR\",\"copyrightYear\":\"2026\",\"copyrightHolder\":{\"@id\":\"https:\\\/\\\/bladnanews.com\\\/fr\\\/#organization\"}},{\"@type\":\"WebPage\",\"@id\":\"https:\\\/\\\/bladnanews.com\\\/chelseas-manager-confirmed-for-man-city-match-amid-maresca-replacement-hunt\\\/\",\"url\":\"https:\\\/\\\/bladnanews.com\\\/chelseas-manager-confirmed-for-man-city-match-amid-maresca-replacement-hunt\\\/\",\"name\":\"Chelsea's manager confirmed for Man City match amid Maresca replacement hunt - Bladna News\",\"isPartOf\":{\"@id\":\"https:\\\/\\\/mediumseagreen-eel-531711.hostingersite.com\\\/#website\"},\"primaryImageOfPage\":{\"@id\":\"https:\\\/\\\/bladnanews.com\\\/chelseas-manager-confirmed-for-man-city-match-amid-maresca-replacement-hunt\\\/#primaryimage\"},\"image\":{\"@id\":\"https:\\\/\\\/bladnanews.com\\\/chelseas-manager-confirmed-for-man-city-match-amid-maresca-replacement-hunt\\\/#primaryimage\"},\"thumbnailUrl\":\"https:\\\/\\\/bladnanews.com\\\/wp-content\\\/uploads\\\/2026\\\/01\\\/BladnaNews-Chelseas-manager-confirmed-for-Man-City-match-amid-Maresca-replacement-hunt-2026-01-01T235043.960Z.jpg\",\"datePublished\":\"2026-01-01T18:55:42+00:00\",\"breadcrumb\":{\"@id\":\"https:\\\/\\\/bladnanews.com\\\/chelseas-manager-confirmed-for-man-city-match-amid-maresca-replacement-hunt\\\/#breadcrumb\"},\"inLanguage\":\"fr-FR\",\"potentialAction\":[{\"@type\":\"ReadAction\",\"target\":[\"https:\\\/\\\/bladnanews.com\\\/chelseas-manager-confirmed-for-man-city-match-amid-maresca-replacement-hunt\\\/\"]}]},{\"@type\":\"ImageObject\",\"inLanguage\":\"fr-FR\",\"@id\":\"https:\\\/\\\/bladnanews.com\\\/chelseas-manager-confirmed-for-man-city-match-amid-maresca-replacement-hunt\\\/#primaryimage\",\"url\":\"https:\\\/\\\/bladnanews.com\\\/wp-content\\\/uploads\\\/2026\\\/01\\\/BladnaNews-Chelseas-manager-confirmed-for-Man-City-match-amid-Maresca-replacement-hunt-2026-01-01T235043.960Z.jpg\",\"contentUrl\":\"https:\\\/\\\/bladnanews.com\\\/wp-content\\\/uploads\\\/2026\\\/01\\\/BladnaNews-Chelseas-manager-confirmed-for-Man-City-match-amid-Maresca-replacement-hunt-2026-01-01T235043.960Z.jpg\",\"width\":2560,\"height\":1440},{\"@type\":\"BreadcrumbList\",\"@id\":\"https:\\\/\\\/bladnanews.com\\\/chelseas-manager-confirmed-for-man-city-match-amid-maresca-replacement-hunt\\\/#breadcrumb\",\"itemListElement\":[{\"@type\":\"ListItem\",\"position\":1,\"name\":\"Home\",\"item\":\"https:\\\/\\\/bladnanews.com\\\/\"},{\"@type\":\"ListItem\",\"position\":2,\"name\":\"Chelsea&#8217;s manager confirmed for Man City match amid Maresca replacement hunt\"}]},{\"@type\":\"WebSite\",\"@id\":\"https:\\\/\\\/mediumseagreen-eel-531711.hostingersite.com\\\/#website\",\"url\":\"https:\\\/\\\/mediumseagreen-eel-531711.hostingersite.com\\\/\",\"name\":\"Bladna News - Morocco\",\"description\":\"Where Moroccan Football Meets the World\",\"publisher\":{\"@id\":\"https:\\\/\\\/mediumseagreen-eel-531711.hostingersite.com\\\/#organization\"},\"potentialAction\":[{\"@type\":\"SearchAction\",\"target\":{\"@type\":\"EntryPoint\",\"urlTemplate\":\"https:\\\/\\\/mediumseagreen-eel-531711.hostingersite.com\\\/?s={search_term_string}\"},\"query-input\":{\"@type\":\"PropertyValueSpecification\",\"valueRequired\":true,\"valueName\":\"search_term_string\"}}],\"inLanguage\":\"fr-FR\"},{\"@type\":\"Organization\",\"@id\":\"https:\\\/\\\/mediumseagreen-eel-531711.hostingersite.com\\\/#organization\",\"name\":\"Bladna News.com\",\"url\":\"https:\\\/\\\/mediumseagreen-eel-531711.hostingersite.com\\\/\",\"logo\":{\"@type\":\"ImageObject\",\"inLanguage\":\"fr-FR\",\"@id\":\"https:\\\/\\\/mediumseagreen-eel-531711.hostingersite.com\\\/#\\\/schema\\\/logo\\\/image\\\/\",\"url\":\"https:\\\/\\\/bladnanews.com\\\/wp-content\\\/uploads\\\/2025\\\/12\\\/logo-bladnanews-V2-web-black-red.png\",\"contentUrl\":\"https:\\\/\\\/bladnanews.com\\\/wp-content\\\/uploads\\\/2025\\\/12\\\/logo-bladnanews-V2-web-black-red.png\",\"width\":703,\"height\":287,\"caption\":\"Bladna News.com\"},\"image\":{\"@id\":\"https:\\\/\\\/mediumseagreen-eel-531711.hostingersite.com\\\/#\\\/schema\\\/logo\\\/image\\\/\"},\"email\":\"info@bladnanews.com\",\"legalName\":\"Bladna News\"},{\"@type\":\"Person\",\"@id\":\"https:\\\/\\\/mediumseagreen-eel-531711.hostingersite.com\\\/#\\\/schema\\\/person\\\/268e18a453ab080ebf76df6ef7845083\",\"name\":\"Bladna News Staff\",\"url\":\"https:\\\/\\\/bladnanews.com\\\/fr\\\/author\\\/bladna-news-staff\\\/\"}]}<\/script>\n<!-- \/ Yoast SEO Premium plugin. -->","yoast_head_json":{"title":"Le manager de Chelsea confirm\u00e9 pour le match contre Manchester City malgr\u00e9 la recherche d'un rempla\u00e7ant pour Maresca - Bladna News","robots":{"index":"index","follow":"follow","max-snippet":"max-snippet:-1","max-image-preview":"max-image-preview:large","max-video-preview":"max-video-preview:-1"},"canonical":"https:\/\/bladnanews.com\/fr\/le-manager-de-chelsea-confirme-pour-le-match-contre-manchester-city-malgre-la-recherche-dun-remplacant-pour-maresca\/","og_locale":"fr_FR","og_type":"article","og_title":"Chelsea's manager confirmed for Man City match amid Maresca replacement hunt","og_description":"Chelsea have confirmed that Frank Lampard will take charge of the team for their upcoming Premier League fixture against Manchester [&hellip;]","og_url":"https:\/\/bladnanews.com\/fr\/le-manager-de-chelsea-confirme-pour-le-match-contre-manchester-city-malgre-la-recherche-dun-remplacant-pour-maresca\/","og_site_name":"Bladna News","article_published_time":"2026-01-01T18:55:42+00:00","og_image":[{"width":2560,"height":1440,"url":"https:\/\/bladnanews.com\/wp-content\/uploads\/2026\/01\/BladnaNews-Chelseas-manager-confirmed-for-Man-City-match-amid-Maresca-replacement-hunt-2026-01-01T235043.960Z-scaled.jpg","type":"image\/jpeg"}],"author":"Bladna News Staff","twitter_card":"summary_large_image","twitter_misc":{"\u00c9crit par":"Bladna News Staff","Dur\u00e9e de lecture estim\u00e9e":"1 minute"},"schema":{"@context":"https:\/\/schema.org","@graph":[{"@type":"Article","@id":"https:\/\/bladnanews.com\/chelseas-manager-confirmed-for-man-city-match-amid-maresca-replacement-hunt\/#article","isPartOf":{"@id":"https:\/\/bladnanews.com\/chelseas-manager-confirmed-for-man-city-match-amid-maresca-replacement-hunt\/"},"author":{"name":"Bladna News Staff","@id":"https:\/\/mediumseagreen-eel-531711.hostingersite.com\/#\/schema\/person\/268e18a453ab080ebf76df6ef7845083"},"headline":"Chelsea&#8217;s manager confirmed for Man City match amid Maresca replacement hunt","datePublished":"2026-01-01T18:55:42+00:00","mainEntityOfPage":{"@id":"https:\/\/bladnanews.com\/chelseas-manager-confirmed-for-man-city-match-amid-maresca-replacement-hunt\/"},"wordCount":246,"publisher":{"@id":"https:\/\/mediumseagreen-eel-531711.hostingersite.com\/#organization"},"image":{"@id":"https:\/\/bladnanews.com\/chelseas-manager-confirmed-for-man-city-match-amid-maresca-replacement-hunt\/#primaryimage"},"thumbnailUrl":"https:\/\/bladnanews.com\/wp-content\/uploads\/2026\/01\/BladnaNews-Chelseas-manager-confirmed-for-Man-City-match-amid-Maresca-replacement-hunt-2026-01-01T235043.960Z.jpg","articleSection":["International","Latest News"],"inLanguage":"fr-FR","copyrightYear":"2026","copyrightHolder":{"@id":"https:\/\/bladnanews.com\/fr\/#organization"}},{"@type":"WebPage","@id":"https:\/\/bladnanews.com\/chelseas-manager-confirmed-for-man-city-match-amid-maresca-replacement-hunt\/","url":"https:\/\/bladnanews.com\/chelseas-manager-confirmed-for-man-city-match-amid-maresca-replacement-hunt\/","name":"Le manager de Chelsea confirm\u00e9 pour le match contre Manchester City malgr\u00e9 la recherche d'un rempla\u00e7ant pour Maresca - Bladna News","isPartOf":{"@id":"https:\/\/mediumseagreen-eel-531711.hostingersite.com\/#website"},"primaryImageOfPage":{"@id":"https:\/\/bladnanews.com\/chelseas-manager-confirmed-for-man-city-match-amid-maresca-replacement-hunt\/#primaryimage"},"image":{"@id":"https:\/\/bladnanews.com\/chelseas-manager-confirmed-for-man-city-match-amid-maresca-replacement-hunt\/#primaryimage"},"thumbnailUrl":"https:\/\/bladnanews.com\/wp-content\/uploads\/2026\/01\/BladnaNews-Chelseas-manager-confirmed-for-Man-City-match-amid-Maresca-replacement-hunt-2026-01-01T235043.960Z.jpg","datePublished":"2026-01-01T18:55:42+00:00","breadcrumb":{"@id":"https:\/\/bladnanews.com\/chelseas-manager-confirmed-for-man-city-match-amid-maresca-replacement-hunt\/#breadcrumb"},"inLanguage":"fr-FR","potentialAction":[{"@type":"ReadAction","target":["https:\/\/bladnanews.com\/chelseas-manager-confirmed-for-man-city-match-amid-maresca-replacement-hunt\/"]}]},{"@type":"ImageObject","inLanguage":"fr-FR","@id":"https:\/\/bladnanews.com\/chelseas-manager-confirmed-for-man-city-match-amid-maresca-replacement-hunt\/#primaryimage","url":"https:\/\/bladnanews.com\/wp-content\/uploads\/2026\/01\/BladnaNews-Chelseas-manager-confirmed-for-Man-City-match-amid-Maresca-replacement-hunt-2026-01-01T235043.960Z.jpg","contentUrl":"https:\/\/bladnanews.com\/wp-content\/uploads\/2026\/01\/BladnaNews-Chelseas-manager-confirmed-for-Man-City-match-amid-Maresca-replacement-hunt-2026-01-01T235043.960Z.jpg","width":2560,"height":1440},{"@type":"BreadcrumbList","@id":"https:\/\/bladnanews.com\/chelseas-manager-confirmed-for-man-city-match-amid-maresca-replacement-hunt\/#breadcrumb","itemListElement":[{"@type":"ListItem","position":1,"name":"Home","item":"https:\/\/bladnanews.com\/"},{"@type":"ListItem","position":2,"name":"Chelsea&#8217;s manager confirmed for Man City match amid Maresca replacement hunt"}]},{"@type":"WebSite","@id":"https:\/\/mediumseagreen-eel-531711.hostingersite.com\/#website","url":"https:\/\/mediumseagreen-eel-531711.hostingersite.com\/","name":"Bladna News - Maroc","description":"Quand le football marocain rencontre le monde","publisher":{"@id":"https:\/\/mediumseagreen-eel-531711.hostingersite.com\/#organization"},"potentialAction":[{"@type":"SearchAction","target":{"@type":"EntryPoint","urlTemplate":"https:\/\/mediumseagreen-eel-531711.hostingersite.com\/?s={search_term_string}"},"query-input":{"@type":"PropertyValueSpecification","valueRequired":true,"valueName":"search_term_string"}}],"inLanguage":"fr-FR"},{"@type":"Organization","@id":"https:\/\/mediumseagreen-eel-531711.hostingersite.com\/#organization","name":"Bladna News.com","url":"https:\/\/mediumseagreen-eel-531711.hostingersite.com\/","logo":{"@type":"ImageObject","inLanguage":"fr-FR","@id":"https:\/\/mediumseagreen-eel-531711.hostingersite.com\/#\/schema\/logo\/image\/","url":"https:\/\/bladnanews.com\/wp-content\/uploads\/2025\/12\/logo-bladnanews-V2-web-black-red.png","contentUrl":"https:\/\/bladnanews.com\/wp-content\/uploads\/2025\/12\/logo-bladnanews-V2-web-black-red.png","width":703,"height":287,"caption":"Bladna News.com"},"image":{"@id":"https:\/\/mediumseagreen-eel-531711.hostingersite.com\/#\/schema\/logo\/image\/"},"email":"info@bladnanews.com","legalName":"Bladna News"},{"@type":"Person","@id":"https:\/\/mediumseagreen-eel-531711.hostingersite.com\/#\/schema\/person\/268e18a453ab080ebf76df6ef7845083","name":"\u00c9quipe r\u00e9dactionnelle de Bladna News","url":"https:\/\/bladnanews.com\/fr\/author\/bladna-news-staff\/"}]}},"_links":{"self":[{"href":"https:\/\/bladnanews.com\/fr\/wp-json\/wp\/v2\/posts\/1282","targetHints":{"allow":["GET"]}}],"collection":[{"href":"https:\/\/bladnanews.com\/fr\/wp-json\/wp\/v2\/posts"}],"about":[{"href":"https:\/\/bladnanews.com\/fr\/wp-json\/wp\/v2\/types\/post"}],"author":[{"embeddable":true,"href":"https:\/\/bladnanews.com\/fr\/wp-json\/wp\/v2\/users\/3"}],"replies":[{"embeddable":true,"href":"https:\/\/bladnanews.com\/fr\/wp-json\/wp\/v2\/comments?post=1282"}],"version-history":[{"count":0,"href":"https:\/\/bladnanews.com\/fr\/wp-json\/wp\/v2\/posts\/1282\/revisions"}],"wp:featuredmedia":[{"embeddable":true,"href":"https:\/\/bladnanews.com\/fr\/wp-json\/wp\/v2\/media\/1281"}],"wp:attachment":[{"href":"https:\/\/bladnanews.com\/fr\/wp-json\/wp\/v2\/media?parent=1282"}],"wp:term":[{"taxonomy":"category","embeddable":true,"href":"https:\/\/bladnanews.com\/fr\/wp-json\/wp\/v2\/categories?post=1282"},{"taxonomy":"post_tag","embeddable":true,"href":"https:\/\/bladnanews.com\/fr\/wp-json\/wp\/v2\/tags?post=1282"}],"curies":[{"name":"wp","href":"https:\/\/api.w.org\/{rel}","templated":true}]}}