{"id":1286,"date":"2026-01-01T20:16:29","date_gmt":"2026-01-01T20:16:29","guid":{"rendered":"https:\/\/bladnanews.com\/manchester-united-eye-crystal-palace-striker-jean-philippe-mateta\/"},"modified":"2026-01-01T20:16:29","modified_gmt":"2026-01-01T20:16:29","slug":"manchester-united-surveille-lattaquant-de-crystal-palace-jean-philippe-mateta","status":"publish","type":"post","link":"https:\/\/bladnanews.com\/fr\/manchester-united-surveille-lattaquant-de-crystal-palace-jean-philippe-mateta\/","title":{"rendered":"Manchester United s'int\u00e9resse \u00e0 l'attaquant de Crystal Palace Jean-Philippe Mateta"},"content":{"rendered":"<p>Selon des informations, Manchester United pr\u00e9parerait le transfert de l'attaquant de Crystal Palace, Jean-Philippe Mateta, dont l'avenir au club reste incertain.<\/p>\n<p>Mateta a vu son temps de jeu limit\u00e9 \u00e0 Selhurst Park cette saison, soulevant des questions sur son r\u00f4le \u00e0 long terme dans l'effectif de Patrick Vieira. \u00c0 l'approche du mercato hivernal, United pr\u00e9parerait une offre pour s'assurer les services de l'attaquant fran\u00e7ais.<\/p>\n<p>\u00c2g\u00e9 de 26 ans et arriv\u00e9 \u00e0 Crystal Palace depuis Mayence en 2022, le joueur a eu du mal \u00e0 s'imposer comme titulaire indiscutable depuis son arriv\u00e9e. Son manque de temps de jeu a conduit United \u00e0 suivre sa situation de pr\u00e8s, le consid\u00e9rant comme une option potentielle pour renforcer leur ligne offensive.<\/p>\n<p>Bien qu'aucune offre officielle n'ait \u00e9t\u00e9 annonc\u00e9e, des sources r\u00e9v\u00e8lent que des discussions sont en cours et que Manchester United surveille attentivement le statut de Mateta. Ce d\u00e9veloppement s'inscrit dans les efforts continus du club pour renforcer ses options en attaque lors d'une saison difficile.<\/p>\n<p>Crystal Palace, quant \u00e0 lui, n'a pas encore confirm\u00e9 sa position sur l'avenir de Mateta, adoptant une approche prudente tandis qu'il \u00e9value son effectif en cette p\u00e9riode de mercato.<\/p>\n<p>\u00c0 ce stade, la trajectoire de l'attaquant \u00e0 Palace semble de plus en plus incertaine, une situation dont United pourrait profiter pour le recruter afin d'am\u00e9liorer la profondeur offensive.<\/p>","protected":false},"excerpt":{"rendered":"<p>Manchester United are reportedly lining up a move for Crystal Palace striker Jean-Philippe Mateta as his future at the club [&hellip;]<\/p>\n","protected":false},"author":3,"featured_media":1285,"comment_status":"","ping_status":"open","sticky":false,"template":"","format":"standard","meta":{"googlesitekit_rrm_CAow_uzEDA:productID":"","site-sidebar-layout":"default","site-content-layout":"","ast-site-content-layout":"default","site-content-style":"default","site-sidebar-style":"default","ast-global-header-display":"","ast-banner-title-visibility":"","ast-main-header-display":"","ast-hfb-above-header-display":"","ast-hfb-below-header-display":"","ast-hfb-mobile-header-display":"","site-post-title":"","ast-breadcrumbs-content":"","ast-featured-img":"","footer-sml-layout":"","ast-disable-related-posts":"","theme-transparent-header-meta":"","adv-header-id-meta":"","stick-header-meta":"","header-above-stick-meta":"","header-main-stick-meta":"","header-below-stick-meta":"","astra-migrate-meta-layouts":"default","ast-page-background-enabled":"default","ast-page-background-meta":{"desktop":{"background-color":"var(--ast-global-color-5)","background-image":"","background-repeat":"repeat","background-position":"center center","background-size":"auto","background-attachment":"scroll","background-type":"","background-media":"","overlay-type":"","overlay-color":"","overlay-opacity":"","overlay-gradient":""},"tablet":{"background-color":"","background-image":"","background-repeat":"repeat","background-position":"center center","background-size":"auto","background-attachment":"scroll","background-type":"","background-media":"","overlay-type":"","overlay-color":"","overlay-opacity":"","overlay-gradient":""},"mobile":{"background-color":"","background-image":"","background-repeat":"repeat","background-position":"center center","background-size":"auto","background-attachment":"scroll","background-type":"","background-media":"","overlay-type":"","overlay-color":"","overlay-opacity":"","overlay-gradient":""}},"ast-content-background-meta":{"desktop":{"background-color":"var(--ast-global-color-4)","background-image":"","background-repeat":"repeat","background-position":"center center","background-size":"auto","background-attachment":"scroll","background-type":"","background-media":"","overlay-type":"","overlay-color":"","overlay-opacity":"","overlay-gradient":""},"tablet":{"background-color":"var(--ast-global-color-4)","background-image":"","background-repeat":"repeat","background-position":"center center","background-size":"auto","background-attachment":"scroll","background-type":"","background-media":"","overlay-type":"","overlay-color":"","overlay-opacity":"","overlay-gradient":""},"mobile":{"background-color":"var(--ast-global-color-4)","background-image":"","background-repeat":"repeat","background-position":"center center","background-size":"auto","background-attachment":"scroll","background-type":"","background-media":"","overlay-type":"","overlay-color":"","overlay-opacity":"","overlay-gradient":""}},"footnotes":""},"categories":[20,1],"tags":[],"class_list":["post-1286","post","type-post","status-publish","format-standard","has-post-thumbnail","hentry","category-international","category-football-latest-news"],"yoast_head":"<!-- This site is optimized with the Yoast SEO Premium plugin v26.6 (Yoast SEO v27.5) - https:\/\/yoast.com\/product\/yoast-seo-premium-wordpress\/ -->\n<title>Manchester United eye Crystal Palace striker Jean-Philippe Mateta - Bladna News<\/title>\n<meta name=\"robots\" content=\"index, follow, max-snippet:-1, max-image-preview:large, max-video-preview:-1\" \/>\n<link rel=\"canonical\" href=\"https:\/\/mediumseagreen-eel-531711.hostingersite.com\/manchester-united-eye-crystal-palace-striker-jean-philippe-mateta\/\" \/>\n<meta property=\"og:locale\" content=\"fr_FR\" \/>\n<meta property=\"og:type\" content=\"article\" \/>\n<meta property=\"og:title\" content=\"Manchester United eye Crystal Palace striker Jean-Philippe Mateta\" \/>\n<meta property=\"og:description\" content=\"Manchester United are reportedly lining up a move for Crystal Palace striker Jean-Philippe Mateta as his future at the club [&hellip;]\" \/>\n<meta property=\"og:url\" content=\"https:\/\/mediumseagreen-eel-531711.hostingersite.com\/manchester-united-eye-crystal-palace-striker-jean-philippe-mateta\/\" \/>\n<meta property=\"og:site_name\" content=\"Bladna News\" \/>\n<meta property=\"article:published_time\" content=\"2026-01-01T20:16:29+00:00\" \/>\n<meta property=\"og:image\" content=\"https:\/\/res.cloudinary.com\/dmbhzmkw6\/images\/v1767515071\/BladnaNews-Manchester-United-eye-Crystal-Palace-striker-Jean-Philippe-Mateta-2026-01-01T235107.029Z\/BladnaNews-Manchester-United-eye-Crystal-Palace-striker-Jean-Philippe-Mateta-2026-01-01T235107.029Z.jpg?_i=AA\" \/>\n\t<meta property=\"og:image:width\" content=\"2192\" \/>\n\t<meta property=\"og:image:height\" content=\"1233\" \/>\n\t<meta property=\"og:image:type\" content=\"image\/jpeg\" \/>\n<meta name=\"author\" content=\"Bladna News Staff\" \/>\n<meta name=\"twitter:card\" content=\"summary_large_image\" \/>\n<meta name=\"twitter:label1\" content=\"\u00c9crit par\" \/>\n\t<meta name=\"twitter:data1\" content=\"Bladna News Staff\" \/>\n\t<meta name=\"twitter:label2\" content=\"Dur\u00e9e de lecture estim\u00e9e\" \/>\n\t<meta name=\"twitter:data2\" content=\"1 minute\" \/>\n<script type=\"application\/ld+json\" class=\"yoast-schema-graph\">{\"@context\":\"https:\\\/\\\/schema.org\",\"@graph\":[{\"@type\":\"Article\",\"@id\":\"https:\\\/\\\/mediumseagreen-eel-531711.hostingersite.com\\\/manchester-united-eye-crystal-palace-striker-jean-philippe-mateta\\\/#article\",\"isPartOf\":{\"@id\":\"https:\\\/\\\/mediumseagreen-eel-531711.hostingersite.com\\\/manchester-united-eye-crystal-palace-striker-jean-philippe-mateta\\\/\"},\"author\":{\"name\":\"Bladna News Staff\",\"@id\":\"https:\\\/\\\/mediumseagreen-eel-531711.hostingersite.com\\\/#\\\/schema\\\/person\\\/268e18a453ab080ebf76df6ef7845083\"},\"headline\":\"Manchester United eye Crystal Palace striker Jean-Philippe Mateta\",\"datePublished\":\"2026-01-01T20:16:29+00:00\",\"mainEntityOfPage\":{\"@id\":\"https:\\\/\\\/mediumseagreen-eel-531711.hostingersite.com\\\/manchester-united-eye-crystal-palace-striker-jean-philippe-mateta\\\/\"},\"wordCount\":212,\"publisher\":{\"@id\":\"https:\\\/\\\/mediumseagreen-eel-531711.hostingersite.com\\\/#organization\"},\"image\":{\"@id\":\"https:\\\/\\\/mediumseagreen-eel-531711.hostingersite.com\\\/manchester-united-eye-crystal-palace-striker-jean-philippe-mateta\\\/#primaryimage\"},\"thumbnailUrl\":\"https:\\\/\\\/bladnanews.com\\\/wp-content\\\/uploads\\\/2026\\\/01\\\/BladnaNews-Manchester-United-eye-Crystal-Palace-striker-Jean-Philippe-Mateta-2026-01-01T235107.029Z.jpg\",\"articleSection\":[\"International\",\"Latest News\"],\"inLanguage\":\"fr-FR\",\"copyrightYear\":\"2026\",\"copyrightHolder\":{\"@id\":\"https:\\\/\\\/bladnanews.com\\\/fr\\\/#organization\"}},{\"@type\":\"WebPage\",\"@id\":\"https:\\\/\\\/mediumseagreen-eel-531711.hostingersite.com\\\/manchester-united-eye-crystal-palace-striker-jean-philippe-mateta\\\/\",\"url\":\"https:\\\/\\\/mediumseagreen-eel-531711.hostingersite.com\\\/manchester-united-eye-crystal-palace-striker-jean-philippe-mateta\\\/\",\"name\":\"Manchester United eye Crystal Palace striker Jean-Philippe Mateta - Bladna News\",\"isPartOf\":{\"@id\":\"https:\\\/\\\/mediumseagreen-eel-531711.hostingersite.com\\\/#website\"},\"primaryImageOfPage\":{\"@id\":\"https:\\\/\\\/mediumseagreen-eel-531711.hostingersite.com\\\/manchester-united-eye-crystal-palace-striker-jean-philippe-mateta\\\/#primaryimage\"},\"image\":{\"@id\":\"https:\\\/\\\/mediumseagreen-eel-531711.hostingersite.com\\\/manchester-united-eye-crystal-palace-striker-jean-philippe-mateta\\\/#primaryimage\"},\"thumbnailUrl\":\"https:\\\/\\\/bladnanews.com\\\/wp-content\\\/uploads\\\/2026\\\/01\\\/BladnaNews-Manchester-United-eye-Crystal-Palace-striker-Jean-Philippe-Mateta-2026-01-01T235107.029Z.jpg\",\"datePublished\":\"2026-01-01T20:16:29+00:00\",\"breadcrumb\":{\"@id\":\"https:\\\/\\\/mediumseagreen-eel-531711.hostingersite.com\\\/manchester-united-eye-crystal-palace-striker-jean-philippe-mateta\\\/#breadcrumb\"},\"inLanguage\":\"fr-FR\",\"potentialAction\":[{\"@type\":\"ReadAction\",\"target\":[\"https:\\\/\\\/mediumseagreen-eel-531711.hostingersite.com\\\/manchester-united-eye-crystal-palace-striker-jean-philippe-mateta\\\/\"]}]},{\"@type\":\"ImageObject\",\"inLanguage\":\"fr-FR\",\"@id\":\"https:\\\/\\\/mediumseagreen-eel-531711.hostingersite.com\\\/manchester-united-eye-crystal-palace-striker-jean-philippe-mateta\\\/#primaryimage\",\"url\":\"https:\\\/\\\/bladnanews.com\\\/wp-content\\\/uploads\\\/2026\\\/01\\\/BladnaNews-Manchester-United-eye-Crystal-Palace-striker-Jean-Philippe-Mateta-2026-01-01T235107.029Z.jpg\",\"contentUrl\":\"https:\\\/\\\/bladnanews.com\\\/wp-content\\\/uploads\\\/2026\\\/01\\\/BladnaNews-Manchester-United-eye-Crystal-Palace-striker-Jean-Philippe-Mateta-2026-01-01T235107.029Z.jpg\",\"width\":1600,\"height\":900},{\"@type\":\"BreadcrumbList\",\"@id\":\"https:\\\/\\\/mediumseagreen-eel-531711.hostingersite.com\\\/manchester-united-eye-crystal-palace-striker-jean-philippe-mateta\\\/#breadcrumb\",\"itemListElement\":[{\"@type\":\"ListItem\",\"position\":1,\"name\":\"Home\",\"item\":\"https:\\\/\\\/bladnanews.com\\\/\"},{\"@type\":\"ListItem\",\"position\":2,\"name\":\"Manchester United eye Crystal Palace striker Jean-Philippe Mateta\"}]},{\"@type\":\"WebSite\",\"@id\":\"https:\\\/\\\/mediumseagreen-eel-531711.hostingersite.com\\\/#website\",\"url\":\"https:\\\/\\\/mediumseagreen-eel-531711.hostingersite.com\\\/\",\"name\":\"Bladna News - Morocco\",\"description\":\"Where Moroccan Football Meets the World\",\"publisher\":{\"@id\":\"https:\\\/\\\/mediumseagreen-eel-531711.hostingersite.com\\\/#organization\"},\"potentialAction\":[{\"@type\":\"SearchAction\",\"target\":{\"@type\":\"EntryPoint\",\"urlTemplate\":\"https:\\\/\\\/mediumseagreen-eel-531711.hostingersite.com\\\/?s={search_term_string}\"},\"query-input\":{\"@type\":\"PropertyValueSpecification\",\"valueRequired\":true,\"valueName\":\"search_term_string\"}}],\"inLanguage\":\"fr-FR\"},{\"@type\":\"Organization\",\"@id\":\"https:\\\/\\\/mediumseagreen-eel-531711.hostingersite.com\\\/#organization\",\"name\":\"Bladna News.com\",\"url\":\"https:\\\/\\\/mediumseagreen-eel-531711.hostingersite.com\\\/\",\"logo\":{\"@type\":\"ImageObject\",\"inLanguage\":\"fr-FR\",\"@id\":\"https:\\\/\\\/mediumseagreen-eel-531711.hostingersite.com\\\/#\\\/schema\\\/logo\\\/image\\\/\",\"url\":\"https:\\\/\\\/bladnanews.com\\\/wp-content\\\/uploads\\\/2025\\\/12\\\/logo-bladnanews-V2-web-black-red.png\",\"contentUrl\":\"https:\\\/\\\/bladnanews.com\\\/wp-content\\\/uploads\\\/2025\\\/12\\\/logo-bladnanews-V2-web-black-red.png\",\"width\":703,\"height\":287,\"caption\":\"Bladna News.com\"},\"image\":{\"@id\":\"https:\\\/\\\/mediumseagreen-eel-531711.hostingersite.com\\\/#\\\/schema\\\/logo\\\/image\\\/\"},\"email\":\"info@bladnanews.com\",\"legalName\":\"Bladna News\"},{\"@type\":\"Person\",\"@id\":\"https:\\\/\\\/mediumseagreen-eel-531711.hostingersite.com\\\/#\\\/schema\\\/person\\\/268e18a453ab080ebf76df6ef7845083\",\"name\":\"Bladna News Staff\",\"url\":\"https:\\\/\\\/bladnanews.com\\\/fr\\\/author\\\/bladna-news-staff\\\/\"}]}<\/script>\n<!-- \/ Yoast SEO Premium plugin. -->","yoast_head_json":{"title":"Manchester United surveille l'attaquant de Crystal Palace Jean-Philippe Mateta - Bladna News","robots":{"index":"index","follow":"follow","max-snippet":"max-snippet:-1","max-image-preview":"max-image-preview:large","max-video-preview":"max-video-preview:-1"},"canonical":"https:\/\/mediumseagreen-eel-531711.hostingersite.com\/manchester-united-eye-crystal-palace-striker-jean-philippe-mateta\/","og_locale":"fr_FR","og_type":"article","og_title":"Manchester United eye Crystal Palace striker Jean-Philippe Mateta","og_description":"Manchester United are reportedly lining up a move for Crystal Palace striker Jean-Philippe Mateta as his future at the club [&hellip;]","og_url":"https:\/\/mediumseagreen-eel-531711.hostingersite.com\/manchester-united-eye-crystal-palace-striker-jean-philippe-mateta\/","og_site_name":"Bladna News","article_published_time":"2026-01-01T20:16:29+00:00","og_image":[{"width":2192,"height":1233,"url":"https:\/\/res.cloudinary.com\/dmbhzmkw6\/images\/v1767515071\/BladnaNews-Manchester-United-eye-Crystal-Palace-striker-Jean-Philippe-Mateta-2026-01-01T235107.029Z\/BladnaNews-Manchester-United-eye-Crystal-Palace-striker-Jean-Philippe-Mateta-2026-01-01T235107.029Z.jpg?_i=AA","type":"image\/jpeg"}],"author":"Bladna News Staff","twitter_card":"summary_large_image","twitter_misc":{"\u00c9crit par":"Bladna News Staff","Dur\u00e9e de lecture estim\u00e9e":"1 minute"},"schema":{"@context":"https:\/\/schema.org","@graph":[{"@type":"Article","@id":"https:\/\/mediumseagreen-eel-531711.hostingersite.com\/manchester-united-eye-crystal-palace-striker-jean-philippe-mateta\/#article","isPartOf":{"@id":"https:\/\/mediumseagreen-eel-531711.hostingersite.com\/manchester-united-eye-crystal-palace-striker-jean-philippe-mateta\/"},"author":{"name":"Bladna News Staff","@id":"https:\/\/mediumseagreen-eel-531711.hostingersite.com\/#\/schema\/person\/268e18a453ab080ebf76df6ef7845083"},"headline":"Manchester United eye Crystal Palace striker Jean-Philippe Mateta","datePublished":"2026-01-01T20:16:29+00:00","mainEntityOfPage":{"@id":"https:\/\/mediumseagreen-eel-531711.hostingersite.com\/manchester-united-eye-crystal-palace-striker-jean-philippe-mateta\/"},"wordCount":212,"publisher":{"@id":"https:\/\/mediumseagreen-eel-531711.hostingersite.com\/#organization"},"image":{"@id":"https:\/\/mediumseagreen-eel-531711.hostingersite.com\/manchester-united-eye-crystal-palace-striker-jean-philippe-mateta\/#primaryimage"},"thumbnailUrl":"https:\/\/bladnanews.com\/wp-content\/uploads\/2026\/01\/BladnaNews-Manchester-United-eye-Crystal-Palace-striker-Jean-Philippe-Mateta-2026-01-01T235107.029Z.jpg","articleSection":["International","Latest News"],"inLanguage":"fr-FR","copyrightYear":"2026","copyrightHolder":{"@id":"https:\/\/bladnanews.com\/fr\/#organization"}},{"@type":"WebPage","@id":"https:\/\/mediumseagreen-eel-531711.hostingersite.com\/manchester-united-eye-crystal-palace-striker-jean-philippe-mateta\/","url":"https:\/\/mediumseagreen-eel-531711.hostingersite.com\/manchester-united-eye-crystal-palace-striker-jean-philippe-mateta\/","name":"Manchester United surveille l'attaquant de Crystal Palace Jean-Philippe Mateta - Bladna News","isPartOf":{"@id":"https:\/\/mediumseagreen-eel-531711.hostingersite.com\/#website"},"primaryImageOfPage":{"@id":"https:\/\/mediumseagreen-eel-531711.hostingersite.com\/manchester-united-eye-crystal-palace-striker-jean-philippe-mateta\/#primaryimage"},"image":{"@id":"https:\/\/mediumseagreen-eel-531711.hostingersite.com\/manchester-united-eye-crystal-palace-striker-jean-philippe-mateta\/#primaryimage"},"thumbnailUrl":"https:\/\/bladnanews.com\/wp-content\/uploads\/2026\/01\/BladnaNews-Manchester-United-eye-Crystal-Palace-striker-Jean-Philippe-Mateta-2026-01-01T235107.029Z.jpg","datePublished":"2026-01-01T20:16:29+00:00","breadcrumb":{"@id":"https:\/\/mediumseagreen-eel-531711.hostingersite.com\/manchester-united-eye-crystal-palace-striker-jean-philippe-mateta\/#breadcrumb"},"inLanguage":"fr-FR","potentialAction":[{"@type":"ReadAction","target":["https:\/\/mediumseagreen-eel-531711.hostingersite.com\/manchester-united-eye-crystal-palace-striker-jean-philippe-mateta\/"]}]},{"@type":"ImageObject","inLanguage":"fr-FR","@id":"https:\/\/mediumseagreen-eel-531711.hostingersite.com\/manchester-united-eye-crystal-palace-striker-jean-philippe-mateta\/#primaryimage","url":"https:\/\/bladnanews.com\/wp-content\/uploads\/2026\/01\/BladnaNews-Manchester-United-eye-Crystal-Palace-striker-Jean-Philippe-Mateta-2026-01-01T235107.029Z.jpg","contentUrl":"https:\/\/bladnanews.com\/wp-content\/uploads\/2026\/01\/BladnaNews-Manchester-United-eye-Crystal-Palace-striker-Jean-Philippe-Mateta-2026-01-01T235107.029Z.jpg","width":1600,"height":900},{"@type":"BreadcrumbList","@id":"https:\/\/mediumseagreen-eel-531711.hostingersite.com\/manchester-united-eye-crystal-palace-striker-jean-philippe-mateta\/#breadcrumb","itemListElement":[{"@type":"ListItem","position":1,"name":"Home","item":"https:\/\/bladnanews.com\/"},{"@type":"ListItem","position":2,"name":"Manchester United eye Crystal Palace striker Jean-Philippe Mateta"}]},{"@type":"WebSite","@id":"https:\/\/mediumseagreen-eel-531711.hostingersite.com\/#website","url":"https:\/\/mediumseagreen-eel-531711.hostingersite.com\/","name":"Bladna News - Maroc","description":"Quand le football marocain rencontre le monde","publisher":{"@id":"https:\/\/mediumseagreen-eel-531711.hostingersite.com\/#organization"},"potentialAction":[{"@type":"SearchAction","target":{"@type":"EntryPoint","urlTemplate":"https:\/\/mediumseagreen-eel-531711.hostingersite.com\/?s={search_term_string}"},"query-input":{"@type":"PropertyValueSpecification","valueRequired":true,"valueName":"search_term_string"}}],"inLanguage":"fr-FR"},{"@type":"Organization","@id":"https:\/\/mediumseagreen-eel-531711.hostingersite.com\/#organization","name":"Bladna News.com","url":"https:\/\/mediumseagreen-eel-531711.hostingersite.com\/","logo":{"@type":"ImageObject","inLanguage":"fr-FR","@id":"https:\/\/mediumseagreen-eel-531711.hostingersite.com\/#\/schema\/logo\/image\/","url":"https:\/\/bladnanews.com\/wp-content\/uploads\/2025\/12\/logo-bladnanews-V2-web-black-red.png","contentUrl":"https:\/\/bladnanews.com\/wp-content\/uploads\/2025\/12\/logo-bladnanews-V2-web-black-red.png","width":703,"height":287,"caption":"Bladna News.com"},"image":{"@id":"https:\/\/mediumseagreen-eel-531711.hostingersite.com\/#\/schema\/logo\/image\/"},"email":"info@bladnanews.com","legalName":"Bladna News"},{"@type":"Person","@id":"https:\/\/mediumseagreen-eel-531711.hostingersite.com\/#\/schema\/person\/268e18a453ab080ebf76df6ef7845083","name":"\u00c9quipe r\u00e9dactionnelle de Bladna News","url":"https:\/\/bladnanews.com\/fr\/author\/bladna-news-staff\/"}]}},"_links":{"self":[{"href":"https:\/\/bladnanews.com\/fr\/wp-json\/wp\/v2\/posts\/1286","targetHints":{"allow":["GET"]}}],"collection":[{"href":"https:\/\/bladnanews.com\/fr\/wp-json\/wp\/v2\/posts"}],"about":[{"href":"https:\/\/bladnanews.com\/fr\/wp-json\/wp\/v2\/types\/post"}],"author":[{"embeddable":true,"href":"https:\/\/bladnanews.com\/fr\/wp-json\/wp\/v2\/users\/3"}],"replies":[{"embeddable":true,"href":"https:\/\/bladnanews.com\/fr\/wp-json\/wp\/v2\/comments?post=1286"}],"version-history":[{"count":0,"href":"https:\/\/bladnanews.com\/fr\/wp-json\/wp\/v2\/posts\/1286\/revisions"}],"wp:featuredmedia":[{"embeddable":true,"href":"https:\/\/bladnanews.com\/fr\/wp-json\/wp\/v2\/media\/1285"}],"wp:attachment":[{"href":"https:\/\/bladnanews.com\/fr\/wp-json\/wp\/v2\/media?parent=1286"}],"wp:term":[{"taxonomy":"category","embeddable":true,"href":"https:\/\/bladnanews.com\/fr\/wp-json\/wp\/v2\/categories?post=1286"},{"taxonomy":"post_tag","embeddable":true,"href":"https:\/\/bladnanews.com\/fr\/wp-json\/wp\/v2\/tags?post=1286"}],"curies":[{"name":"wp","href":"https:\/\/api.w.org\/{rel}","templated":true}]}}