{"id":1347,"date":"2026-01-02T10:00:00","date_gmt":"2026-01-02T10:00:00","guid":{"rendered":"https:\/\/bladnanews.com\/marocco-focuses-on-mission-not-celebration-at-africa-cup\/"},"modified":"2026-01-02T10:00:00","modified_gmt":"2026-01-02T10:00:00","slug":"le-maroc-se-concentre-sur-la-mission-et-non-sur-la-celebration-a-la-coupe-dafrique","status":"publish","type":"post","link":"https:\/\/bladnanews.com\/fr\/le-maroc-se-concentre-sur-la-mission-et-non-sur-la-celebration-a-la-coupe-dafrique\/","title":{"rendered":"Le Maroc se concentre sur sa mission, pas sur la c\u00e9l\u00e9bration, lors de la Coupe d'Afrique des nations"},"content":{"rendered":"<p>Le Maroc ne se rend pas \u00e0 la Coupe d'Afrique des Nations pour faire la f\u00eate. Le message du camp est clair : cette comp\u00e9tition est une mission.<\/p>\n<p>L'\u00e9quipe se rend \u00e0 la Coupe d'Afrique avec de grandes attentes, mais l'accent est mis sur le travail, non sur le battage m\u00e9diatique. Le Maroc veut faire preuve de discipline, d'unit\u00e9 et d'une forte mentalit\u00e9 du premier au dernier match.<\/p>\n<p>Au sein du groupe, il n'est pas question d'ambiance festive. Les joueurs et le staff visent une approche s\u00e9rieuse, chaque d\u00e9tail concernant l'entra\u00eenement, la r\u00e9cup\u00e9ration et la pr\u00e9paration des matchs \u00e9tant pris au s\u00e9rieux.<\/p>\n<p>L'ambition du Maroc est d'aller loin dans la comp\u00e9tition, mais ils savent que seules les performances sur le terrain compteront. Le plan est de rester calmes, de maintenir la concentration et d'avancer match apr\u00e8s match.<\/p>\n<p>C'est un signal clair avant la Coupe d'Afrique : le Maroc arrive avec un objectif et traite le tournoi comme un travail qui reste \u00e0 accomplir.<\/p>","protected":false},"excerpt":{"rendered":"<p>Morocco are not heading to the Africa Cup of Nations to celebrate. The message from the camp is clear: this [&hellip;]<\/p>\n","protected":false},"author":4,"featured_media":1346,"comment_status":"","ping_status":"open","sticky":false,"template":"","format":"standard","meta":{"googlesitekit_rrm_CAow_uzEDA:productID":"","site-sidebar-layout":"default","site-content-layout":"","ast-site-content-layout":"default","site-content-style":"default","site-sidebar-style":"default","ast-global-header-display":"","ast-banner-title-visibility":"","ast-main-header-display":"","ast-hfb-above-header-display":"","ast-hfb-below-header-display":"","ast-hfb-mobile-header-display":"","site-post-title":"","ast-breadcrumbs-content":"","ast-featured-img":"","footer-sml-layout":"","ast-disable-related-posts":"","theme-transparent-header-meta":"","adv-header-id-meta":"","stick-header-meta":"","header-above-stick-meta":"","header-main-stick-meta":"","header-below-stick-meta":"","astra-migrate-meta-layouts":"default","ast-page-background-enabled":"default","ast-page-background-meta":{"desktop":{"background-color":"var(--ast-global-color-5)","background-image":"","background-repeat":"repeat","background-position":"center center","background-size":"auto","background-attachment":"scroll","background-type":"","background-media":"","overlay-type":"","overlay-color":"","overlay-opacity":"","overlay-gradient":""},"tablet":{"background-color":"","background-image":"","background-repeat":"repeat","background-position":"center center","background-size":"auto","background-attachment":"scroll","background-type":"","background-media":"","overlay-type":"","overlay-color":"","overlay-opacity":"","overlay-gradient":""},"mobile":{"background-color":"","background-image":"","background-repeat":"repeat","background-position":"center center","background-size":"auto","background-attachment":"scroll","background-type":"","background-media":"","overlay-type":"","overlay-color":"","overlay-opacity":"","overlay-gradient":""}},"ast-content-background-meta":{"desktop":{"background-color":"var(--ast-global-color-4)","background-image":"","background-repeat":"repeat","background-position":"center center","background-size":"auto","background-attachment":"scroll","background-type":"","background-media":"","overlay-type":"","overlay-color":"","overlay-opacity":"","overlay-gradient":""},"tablet":{"background-color":"var(--ast-global-color-4)","background-image":"","background-repeat":"repeat","background-position":"center center","background-size":"auto","background-attachment":"scroll","background-type":"","background-media":"","overlay-type":"","overlay-color":"","overlay-opacity":"","overlay-gradient":""},"mobile":{"background-color":"var(--ast-global-color-4)","background-image":"","background-repeat":"repeat","background-position":"center center","background-size":"auto","background-attachment":"scroll","background-type":"","background-media":"","overlay-type":"","overlay-color":"","overlay-opacity":"","overlay-gradient":""}},"footnotes":""},"categories":[1,168],"tags":[],"class_list":["post-1347","post","type-post","status-publish","format-standard","has-post-thumbnail","hentry","category-football-latest-news","category-morocco-national-team"],"yoast_head":"<!-- This site is optimized with the Yoast SEO Premium plugin v26.6 (Yoast SEO v27.5) - https:\/\/yoast.com\/product\/yoast-seo-premium-wordpress\/ -->\n<title>Marocco focuses on mission, not celebration, at Africa Cup - Bladna News<\/title>\n<meta name=\"robots\" content=\"index, follow, max-snippet:-1, max-image-preview:large, max-video-preview:-1\" \/>\n<link rel=\"canonical\" href=\"https:\/\/bladnanews.com\/fr\/le-maroc-se-concentre-sur-la-mission-et-non-sur-la-celebration-a-la-coupe-dafrique\/\" \/>\n<meta property=\"og:locale\" content=\"fr_FR\" \/>\n<meta property=\"og:type\" content=\"article\" \/>\n<meta property=\"og:title\" content=\"Marocco focuses on mission, not celebration, at Africa Cup\" \/>\n<meta property=\"og:description\" content=\"Morocco are not heading to the Africa Cup of Nations to celebrate. The message from the camp is clear: this [&hellip;]\" \/>\n<meta property=\"og:url\" content=\"https:\/\/bladnanews.com\/fr\/le-maroc-se-concentre-sur-la-mission-et-non-sur-la-celebration-a-la-coupe-dafrique\/\" \/>\n<meta property=\"og:site_name\" content=\"Bladna News\" \/>\n<meta property=\"article:published_time\" content=\"2026-01-02T10:00:00+00:00\" \/>\n<meta property=\"og:image\" content=\"https:\/\/bladnanews.com\/wp-content\/uploads\/2026\/01\/marokko-afrika-cup-kwartfinale-2025.webp\" \/>\n\t<meta property=\"og:image:width\" content=\"1200\" \/>\n\t<meta property=\"og:image:height\" content=\"750\" \/>\n\t<meta property=\"og:image:type\" content=\"image\/webp\" \/>\n<meta name=\"author\" content=\"Bladna Sports Desk\" \/>\n<meta name=\"twitter:card\" content=\"summary_large_image\" \/>\n<meta name=\"twitter:label1\" content=\"\u00c9crit par\" \/>\n\t<meta name=\"twitter:data1\" content=\"Bladna Sports Desk\" \/>\n\t<meta name=\"twitter:label2\" content=\"Dur\u00e9e de lecture estim\u00e9e\" \/>\n\t<meta name=\"twitter:data2\" content=\"1 minute\" \/>\n<script type=\"application\/ld+json\" class=\"yoast-schema-graph\">{\"@context\":\"https:\\\/\\\/schema.org\",\"@graph\":[{\"@type\":\"Article\",\"@id\":\"https:\\\/\\\/bladnanews.com\\\/marocco-focuses-on-mission-not-celebration-at-africa-cup\\\/#article\",\"isPartOf\":{\"@id\":\"https:\\\/\\\/bladnanews.com\\\/marocco-focuses-on-mission-not-celebration-at-africa-cup\\\/\"},\"author\":{\"name\":\"Bladna Sports Desk\",\"@id\":\"https:\\\/\\\/mediumseagreen-eel-531711.hostingersite.com\\\/#\\\/schema\\\/person\\\/6712b38fabe810f7eb8d15ed30d90f1e\"},\"headline\":\"Marocco focuses on mission, not celebration, at Africa Cup\",\"datePublished\":\"2026-01-02T10:00:00+00:00\",\"mainEntityOfPage\":{\"@id\":\"https:\\\/\\\/bladnanews.com\\\/marocco-focuses-on-mission-not-celebration-at-africa-cup\\\/\"},\"wordCount\":167,\"publisher\":{\"@id\":\"https:\\\/\\\/mediumseagreen-eel-531711.hostingersite.com\\\/#organization\"},\"image\":{\"@id\":\"https:\\\/\\\/bladnanews.com\\\/marocco-focuses-on-mission-not-celebration-at-africa-cup\\\/#primaryimage\"},\"thumbnailUrl\":\"https:\\\/\\\/bladnanews.com\\\/wp-content\\\/uploads\\\/2026\\\/01\\\/marokko-afrika-cup-kwartfinale-2025.webp\",\"articleSection\":[\"Latest News\",\"Morocco National Team\"],\"inLanguage\":\"fr-FR\",\"copyrightYear\":\"2026\",\"copyrightHolder\":{\"@id\":\"https:\\\/\\\/bladnanews.com\\\/fr\\\/#organization\"}},{\"@type\":\"WebPage\",\"@id\":\"https:\\\/\\\/bladnanews.com\\\/marocco-focuses-on-mission-not-celebration-at-africa-cup\\\/\",\"url\":\"https:\\\/\\\/bladnanews.com\\\/marocco-focuses-on-mission-not-celebration-at-africa-cup\\\/\",\"name\":\"Marocco focuses on mission, not celebration, at Africa Cup - Bladna News\",\"isPartOf\":{\"@id\":\"https:\\\/\\\/mediumseagreen-eel-531711.hostingersite.com\\\/#website\"},\"primaryImageOfPage\":{\"@id\":\"https:\\\/\\\/bladnanews.com\\\/marocco-focuses-on-mission-not-celebration-at-africa-cup\\\/#primaryimage\"},\"image\":{\"@id\":\"https:\\\/\\\/bladnanews.com\\\/marocco-focuses-on-mission-not-celebration-at-africa-cup\\\/#primaryimage\"},\"thumbnailUrl\":\"https:\\\/\\\/bladnanews.com\\\/wp-content\\\/uploads\\\/2026\\\/01\\\/marokko-afrika-cup-kwartfinale-2025.webp\",\"datePublished\":\"2026-01-02T10:00:00+00:00\",\"breadcrumb\":{\"@id\":\"https:\\\/\\\/bladnanews.com\\\/marocco-focuses-on-mission-not-celebration-at-africa-cup\\\/#breadcrumb\"},\"inLanguage\":\"fr-FR\",\"potentialAction\":[{\"@type\":\"ReadAction\",\"target\":[\"https:\\\/\\\/bladnanews.com\\\/marocco-focuses-on-mission-not-celebration-at-africa-cup\\\/\"]}]},{\"@type\":\"ImageObject\",\"inLanguage\":\"fr-FR\",\"@id\":\"https:\\\/\\\/bladnanews.com\\\/marocco-focuses-on-mission-not-celebration-at-africa-cup\\\/#primaryimage\",\"url\":\"https:\\\/\\\/bladnanews.com\\\/wp-content\\\/uploads\\\/2026\\\/01\\\/marokko-afrika-cup-kwartfinale-2025.webp\",\"contentUrl\":\"https:\\\/\\\/bladnanews.com\\\/wp-content\\\/uploads\\\/2026\\\/01\\\/marokko-afrika-cup-kwartfinale-2025.webp\",\"width\":1200,\"height\":750,\"caption\":\"Moroccan player celebrating passionately in a vibrant red kit with green accents during the Africa Cup quarter-finals, 2025.\"},{\"@type\":\"BreadcrumbList\",\"@id\":\"https:\\\/\\\/bladnanews.com\\\/marocco-focuses-on-mission-not-celebration-at-africa-cup\\\/#breadcrumb\",\"itemListElement\":[{\"@type\":\"ListItem\",\"position\":1,\"name\":\"Home\",\"item\":\"https:\\\/\\\/bladnanews.com\\\/\"},{\"@type\":\"ListItem\",\"position\":2,\"name\":\"Marocco focuses on mission, not celebration, at Africa Cup\"}]},{\"@type\":\"WebSite\",\"@id\":\"https:\\\/\\\/mediumseagreen-eel-531711.hostingersite.com\\\/#website\",\"url\":\"https:\\\/\\\/mediumseagreen-eel-531711.hostingersite.com\\\/\",\"name\":\"Bladna News - Morocco\",\"description\":\"Where Moroccan Football Meets the World\",\"publisher\":{\"@id\":\"https:\\\/\\\/mediumseagreen-eel-531711.hostingersite.com\\\/#organization\"},\"potentialAction\":[{\"@type\":\"SearchAction\",\"target\":{\"@type\":\"EntryPoint\",\"urlTemplate\":\"https:\\\/\\\/mediumseagreen-eel-531711.hostingersite.com\\\/?s={search_term_string}\"},\"query-input\":{\"@type\":\"PropertyValueSpecification\",\"valueRequired\":true,\"valueName\":\"search_term_string\"}}],\"inLanguage\":\"fr-FR\"},{\"@type\":\"Organization\",\"@id\":\"https:\\\/\\\/mediumseagreen-eel-531711.hostingersite.com\\\/#organization\",\"name\":\"Bladna News.com\",\"url\":\"https:\\\/\\\/mediumseagreen-eel-531711.hostingersite.com\\\/\",\"logo\":{\"@type\":\"ImageObject\",\"inLanguage\":\"fr-FR\",\"@id\":\"https:\\\/\\\/mediumseagreen-eel-531711.hostingersite.com\\\/#\\\/schema\\\/logo\\\/image\\\/\",\"url\":\"https:\\\/\\\/bladnanews.com\\\/wp-content\\\/uploads\\\/2025\\\/12\\\/logo-bladnanews-V2-web-black-red.png\",\"contentUrl\":\"https:\\\/\\\/bladnanews.com\\\/wp-content\\\/uploads\\\/2025\\\/12\\\/logo-bladnanews-V2-web-black-red.png\",\"width\":703,\"height\":287,\"caption\":\"Bladna News.com\"},\"image\":{\"@id\":\"https:\\\/\\\/mediumseagreen-eel-531711.hostingersite.com\\\/#\\\/schema\\\/logo\\\/image\\\/\"},\"email\":\"info@bladnanews.com\",\"legalName\":\"Bladna News\"},{\"@type\":\"Person\",\"@id\":\"https:\\\/\\\/mediumseagreen-eel-531711.hostingersite.com\\\/#\\\/schema\\\/person\\\/6712b38fabe810f7eb8d15ed30d90f1e\",\"name\":\"Bladna Sports Desk\",\"url\":\"https:\\\/\\\/bladnanews.com\\\/fr\\\/author\\\/bladna-sports-desk\\\/\"}]}<\/script>\n<!-- \/ Yoast SEO Premium plugin. -->","yoast_head_json":{"title":"Le Maroc se concentre sur la mission, pas sur la c\u00e9l\u00e9bration, \u00e0 la Coupe d'Afrique - Bladna News","robots":{"index":"index","follow":"follow","max-snippet":"max-snippet:-1","max-image-preview":"max-image-preview:large","max-video-preview":"max-video-preview:-1"},"canonical":"https:\/\/bladnanews.com\/fr\/le-maroc-se-concentre-sur-la-mission-et-non-sur-la-celebration-a-la-coupe-dafrique\/","og_locale":"fr_FR","og_type":"article","og_title":"Marocco focuses on mission, not celebration, at Africa Cup","og_description":"Morocco are not heading to the Africa Cup of Nations to celebrate. The message from the camp is clear: this [&hellip;]","og_url":"https:\/\/bladnanews.com\/fr\/le-maroc-se-concentre-sur-la-mission-et-non-sur-la-celebration-a-la-coupe-dafrique\/","og_site_name":"Bladna News","article_published_time":"2026-01-02T10:00:00+00:00","og_image":[{"width":1200,"height":750,"url":"https:\/\/bladnanews.com\/wp-content\/uploads\/2026\/01\/marokko-afrika-cup-kwartfinale-2025.webp","type":"image\/webp"}],"author":"Bladna Sports Desk","twitter_card":"summary_large_image","twitter_misc":{"\u00c9crit par":"Bladna Sports Desk","Dur\u00e9e de lecture estim\u00e9e":"1 minute"},"schema":{"@context":"https:\/\/schema.org","@graph":[{"@type":"Article","@id":"https:\/\/bladnanews.com\/marocco-focuses-on-mission-not-celebration-at-africa-cup\/#article","isPartOf":{"@id":"https:\/\/bladnanews.com\/marocco-focuses-on-mission-not-celebration-at-africa-cup\/"},"author":{"name":"Bladna Sports Desk","@id":"https:\/\/mediumseagreen-eel-531711.hostingersite.com\/#\/schema\/person\/6712b38fabe810f7eb8d15ed30d90f1e"},"headline":"Marocco focuses on mission, not celebration, at Africa Cup","datePublished":"2026-01-02T10:00:00+00:00","mainEntityOfPage":{"@id":"https:\/\/bladnanews.com\/marocco-focuses-on-mission-not-celebration-at-africa-cup\/"},"wordCount":167,"publisher":{"@id":"https:\/\/mediumseagreen-eel-531711.hostingersite.com\/#organization"},"image":{"@id":"https:\/\/bladnanews.com\/marocco-focuses-on-mission-not-celebration-at-africa-cup\/#primaryimage"},"thumbnailUrl":"https:\/\/bladnanews.com\/wp-content\/uploads\/2026\/01\/marokko-afrika-cup-kwartfinale-2025.webp","articleSection":["Latest News","Morocco National Team"],"inLanguage":"fr-FR","copyrightYear":"2026","copyrightHolder":{"@id":"https:\/\/bladnanews.com\/fr\/#organization"}},{"@type":"WebPage","@id":"https:\/\/bladnanews.com\/marocco-focuses-on-mission-not-celebration-at-africa-cup\/","url":"https:\/\/bladnanews.com\/marocco-focuses-on-mission-not-celebration-at-africa-cup\/","name":"Le Maroc se concentre sur la mission, pas sur la c\u00e9l\u00e9bration, \u00e0 la Coupe d'Afrique - Bladna News","isPartOf":{"@id":"https:\/\/mediumseagreen-eel-531711.hostingersite.com\/#website"},"primaryImageOfPage":{"@id":"https:\/\/bladnanews.com\/marocco-focuses-on-mission-not-celebration-at-africa-cup\/#primaryimage"},"image":{"@id":"https:\/\/bladnanews.com\/marocco-focuses-on-mission-not-celebration-at-africa-cup\/#primaryimage"},"thumbnailUrl":"https:\/\/bladnanews.com\/wp-content\/uploads\/2026\/01\/marokko-afrika-cup-kwartfinale-2025.webp","datePublished":"2026-01-02T10:00:00+00:00","breadcrumb":{"@id":"https:\/\/bladnanews.com\/marocco-focuses-on-mission-not-celebration-at-africa-cup\/#breadcrumb"},"inLanguage":"fr-FR","potentialAction":[{"@type":"ReadAction","target":["https:\/\/bladnanews.com\/marocco-focuses-on-mission-not-celebration-at-africa-cup\/"]}]},{"@type":"ImageObject","inLanguage":"fr-FR","@id":"https:\/\/bladnanews.com\/marocco-focuses-on-mission-not-celebration-at-africa-cup\/#primaryimage","url":"https:\/\/bladnanews.com\/wp-content\/uploads\/2026\/01\/marokko-afrika-cup-kwartfinale-2025.webp","contentUrl":"https:\/\/bladnanews.com\/wp-content\/uploads\/2026\/01\/marokko-afrika-cup-kwartfinale-2025.webp","width":1200,"height":750,"caption":"Moroccan player celebrating passionately in a vibrant red kit with green accents during the Africa Cup quarter-finals, 2025."},{"@type":"BreadcrumbList","@id":"https:\/\/bladnanews.com\/marocco-focuses-on-mission-not-celebration-at-africa-cup\/#breadcrumb","itemListElement":[{"@type":"ListItem","position":1,"name":"Home","item":"https:\/\/bladnanews.com\/"},{"@type":"ListItem","position":2,"name":"Marocco focuses on mission, not celebration, at Africa Cup"}]},{"@type":"WebSite","@id":"https:\/\/mediumseagreen-eel-531711.hostingersite.com\/#website","url":"https:\/\/mediumseagreen-eel-531711.hostingersite.com\/","name":"Bladna News - Maroc","description":"Quand le football marocain rencontre le monde","publisher":{"@id":"https:\/\/mediumseagreen-eel-531711.hostingersite.com\/#organization"},"potentialAction":[{"@type":"SearchAction","target":{"@type":"EntryPoint","urlTemplate":"https:\/\/mediumseagreen-eel-531711.hostingersite.com\/?s={search_term_string}"},"query-input":{"@type":"PropertyValueSpecification","valueRequired":true,"valueName":"search_term_string"}}],"inLanguage":"fr-FR"},{"@type":"Organization","@id":"https:\/\/mediumseagreen-eel-531711.hostingersite.com\/#organization","name":"Bladna News.com","url":"https:\/\/mediumseagreen-eel-531711.hostingersite.com\/","logo":{"@type":"ImageObject","inLanguage":"fr-FR","@id":"https:\/\/mediumseagreen-eel-531711.hostingersite.com\/#\/schema\/logo\/image\/","url":"https:\/\/bladnanews.com\/wp-content\/uploads\/2025\/12\/logo-bladnanews-V2-web-black-red.png","contentUrl":"https:\/\/bladnanews.com\/wp-content\/uploads\/2025\/12\/logo-bladnanews-V2-web-black-red.png","width":703,"height":287,"caption":"Bladna News.com"},"image":{"@id":"https:\/\/mediumseagreen-eel-531711.hostingersite.com\/#\/schema\/logo\/image\/"},"email":"info@bladnanews.com","legalName":"Bladna News"},{"@type":"Person","@id":"https:\/\/mediumseagreen-eel-531711.hostingersite.com\/#\/schema\/person\/6712b38fabe810f7eb8d15ed30d90f1e","name":"Bladna Sports Desk","url":"https:\/\/bladnanews.com\/fr\/author\/bladna-sports-desk\/"}]}},"_links":{"self":[{"href":"https:\/\/bladnanews.com\/fr\/wp-json\/wp\/v2\/posts\/1347","targetHints":{"allow":["GET"]}}],"collection":[{"href":"https:\/\/bladnanews.com\/fr\/wp-json\/wp\/v2\/posts"}],"about":[{"href":"https:\/\/bladnanews.com\/fr\/wp-json\/wp\/v2\/types\/post"}],"author":[{"embeddable":true,"href":"https:\/\/bladnanews.com\/fr\/wp-json\/wp\/v2\/users\/4"}],"replies":[{"embeddable":true,"href":"https:\/\/bladnanews.com\/fr\/wp-json\/wp\/v2\/comments?post=1347"}],"version-history":[{"count":0,"href":"https:\/\/bladnanews.com\/fr\/wp-json\/wp\/v2\/posts\/1347\/revisions"}],"wp:featuredmedia":[{"embeddable":true,"href":"https:\/\/bladnanews.com\/fr\/wp-json\/wp\/v2\/media\/1346"}],"wp:attachment":[{"href":"https:\/\/bladnanews.com\/fr\/wp-json\/wp\/v2\/media?parent=1347"}],"wp:term":[{"taxonomy":"category","embeddable":true,"href":"https:\/\/bladnanews.com\/fr\/wp-json\/wp\/v2\/categories?post=1347"},{"taxonomy":"post_tag","embeddable":true,"href":"https:\/\/bladnanews.com\/fr\/wp-json\/wp\/v2\/tags?post=1347"}],"curies":[{"name":"wp","href":"https:\/\/api.w.org\/{rel}","templated":true}]}}