{"id":1353,"date":"2026-01-02T09:00:00","date_gmt":"2026-01-02T09:00:00","guid":{"rendered":"https:\/\/bladnanews.com\/manchester-united-real-madrid-and-barcelona-eye-hertha-berlins-teenage-talent\/"},"modified":"2026-01-02T09:00:00","modified_gmt":"2026-01-02T09:00:00","slug":"manchester-united-le-real-madrid-et-le-barcelone-surveillent-le-jeune-talent-du-hertha-berlin","status":"publish","type":"post","link":"https:\/\/bladnanews.com\/fr\/manchester-united-le-real-madrid-et-le-barcelone-surveillent-le-jeune-talent-du-hertha-berlin\/","title":{"rendered":"Manchester United, le Real Madrid et le Barcelone surveillent le jeune talent du Hertha Berlin."},"content":{"rendered":"<p>Manchester United, le Real Madrid et le Barcelone ont tous manifest\u00e9 leur int\u00e9r\u00eat pour s\u00e9curiser les services d\u2019un milieu de terrain de 16 ans tr\u00e8s bien not\u00e9 du Hertha Berlin, nomm\u00e9 Kennet Eichhorn. Ce jeune talent a attir\u00e9 l\u2019attention gr\u00e2ce \u00e0 ses performances impressionnantes au sein du centre de formation du club allemand.<\/p>\n<p>Eichhorn, consid\u00e9r\u00e9 comme un meneur de jeu prometteur \u00e0 vocation d\u00e9fensive, attire les recruteurs des plus grands clubs europ\u00e9ens durant son d\u00e9veloppement au Hertha. Sa capacit\u00e9 \u00e0 contr\u00f4ler le rythme du jeu et sa conscience tactique sont des facteurs cl\u00e9s expliquant l\u2019attention croissante port\u00e9e sur lui.<\/p>\n<p>Des clubs comme Manchester United souhaitent int\u00e9grer rapidement ce type d\u2019espoirs dans leur acad\u00e9mie, dans le but de les former progressivement pour l\u2019\u00e9quipe premi\u00e8re. Par ailleurs, les g\u00e9ants espagnols du Real Madrid et du Barcelone ont historiquement investi massivement pour s\u00e9curiser les jeunes joueurs prometteurs afin de maintenir leur avantage comp\u00e9titif.<\/p>\n<p>Le Hertha Berlin aurait pris conscience de l\u2019int\u00e9r\u00eat grandissant mais reste concentr\u00e9 sur le d\u00e9veloppement du joueur au sein de ses rangs. Eichhorn a sign\u00e9 son premier contrat jeune avec le club l\u2019ann\u00e9e derni\u00e8re, et le jeune milieu de terrain continue d\u2019impressionner \u00e0 tous les niveaux des \u00e9quipes de jeunes.<\/p>\n<p>Ce talent \u00e9mergent est per\u00e7u comme une future star potentielle, compte tenu du prestige des clubs qui suivent d\u00e9sormais sa progression. Les trois clubs devraient suivre de pr\u00e8s son \u00e9volution avant de prendre toute d\u00e9cision concernant d\u2019\u00e9ventuels transferts.<\/p>","protected":false},"excerpt":{"rendered":"<p>Manchester United, Real Madrid, and Barcelona have all shown interest in securing a highly-rated 16-year-old midfielder from Hertha Berlin, named [&hellip;]<\/p>\n","protected":false},"author":3,"featured_media":1352,"comment_status":"","ping_status":"open","sticky":false,"template":"","format":"standard","meta":{"googlesitekit_rrm_CAow_uzEDA:productID":"","site-sidebar-layout":"default","site-content-layout":"","ast-site-content-layout":"default","site-content-style":"default","site-sidebar-style":"default","ast-global-header-display":"","ast-banner-title-visibility":"","ast-main-header-display":"","ast-hfb-above-header-display":"","ast-hfb-below-header-display":"","ast-hfb-mobile-header-display":"","site-post-title":"","ast-breadcrumbs-content":"","ast-featured-img":"","footer-sml-layout":"","ast-disable-related-posts":"","theme-transparent-header-meta":"","adv-header-id-meta":"","stick-header-meta":"","header-above-stick-meta":"","header-main-stick-meta":"","header-below-stick-meta":"","astra-migrate-meta-layouts":"default","ast-page-background-enabled":"default","ast-page-background-meta":{"desktop":{"background-color":"var(--ast-global-color-5)","background-image":"","background-repeat":"repeat","background-position":"center center","background-size":"auto","background-attachment":"scroll","background-type":"","background-media":"","overlay-type":"","overlay-color":"","overlay-opacity":"","overlay-gradient":""},"tablet":{"background-color":"","background-image":"","background-repeat":"repeat","background-position":"center center","background-size":"auto","background-attachment":"scroll","background-type":"","background-media":"","overlay-type":"","overlay-color":"","overlay-opacity":"","overlay-gradient":""},"mobile":{"background-color":"","background-image":"","background-repeat":"repeat","background-position":"center center","background-size":"auto","background-attachment":"scroll","background-type":"","background-media":"","overlay-type":"","overlay-color":"","overlay-opacity":"","overlay-gradient":""}},"ast-content-background-meta":{"desktop":{"background-color":"var(--ast-global-color-4)","background-image":"","background-repeat":"repeat","background-position":"center center","background-size":"auto","background-attachment":"scroll","background-type":"","background-media":"","overlay-type":"","overlay-color":"","overlay-opacity":"","overlay-gradient":""},"tablet":{"background-color":"var(--ast-global-color-4)","background-image":"","background-repeat":"repeat","background-position":"center center","background-size":"auto","background-attachment":"scroll","background-type":"","background-media":"","overlay-type":"","overlay-color":"","overlay-opacity":"","overlay-gradient":""},"mobile":{"background-color":"var(--ast-global-color-4)","background-image":"","background-repeat":"repeat","background-position":"center center","background-size":"auto","background-attachment":"scroll","background-type":"","background-media":"","overlay-type":"","overlay-color":"","overlay-opacity":"","overlay-gradient":""}},"footnotes":""},"categories":[20,1],"tags":[],"class_list":["post-1353","post","type-post","status-publish","format-standard","has-post-thumbnail","hentry","category-international","category-football-latest-news"],"yoast_head":"<!-- This site is optimized with the Yoast SEO Premium plugin v26.6 (Yoast SEO v27.5) - https:\/\/yoast.com\/product\/yoast-seo-premium-wordpress\/ -->\n<title>Manchester United, Real Madrid, and Barcelona eye Hertha Berlin&#039;s teenage talent - Bladna News<\/title>\n<meta name=\"robots\" content=\"index, follow, max-snippet:-1, max-image-preview:large, max-video-preview:-1\" \/>\n<link rel=\"canonical\" href=\"https:\/\/bladnanews.com\/fr\/manchester-united-le-real-madrid-et-le-barcelone-surveillent-le-jeune-talent-du-hertha-berlin\/\" \/>\n<meta property=\"og:locale\" content=\"fr_FR\" \/>\n<meta property=\"og:type\" content=\"article\" \/>\n<meta property=\"og:title\" content=\"Manchester United, Real Madrid, and Barcelona eye Hertha Berlin&#039;s teenage talent\" \/>\n<meta property=\"og:description\" content=\"Manchester United, Real Madrid, and Barcelona have all shown interest in securing a highly-rated 16-year-old midfielder from Hertha Berlin, named [&hellip;]\" \/>\n<meta property=\"og:url\" content=\"https:\/\/bladnanews.com\/fr\/manchester-united-le-real-madrid-et-le-barcelone-surveillent-le-jeune-talent-du-hertha-berlin\/\" \/>\n<meta property=\"og:site_name\" content=\"Bladna News\" \/>\n<meta property=\"article:published_time\" content=\"2026-01-02T09:00:00+00:00\" \/>\n<meta property=\"og:image\" content=\"https:\/\/bladnanews.com\/wp-content\/uploads\/2026\/01\/BladnaNews-Manchester-United-Real-Madrid-and-Barcelona-eye-Hertha-Berlins-teenage-talent-2026-01-02T115030.426Z.jpg\" \/>\n\t<meta property=\"og:image:width\" content=\"1920\" \/>\n\t<meta property=\"og:image:height\" content=\"1080\" \/>\n\t<meta property=\"og:image:type\" content=\"image\/jpeg\" \/>\n<meta name=\"author\" content=\"Bladna News Staff\" \/>\n<meta name=\"twitter:card\" content=\"summary_large_image\" \/>\n<meta name=\"twitter:label1\" content=\"\u00c9crit par\" \/>\n\t<meta name=\"twitter:data1\" content=\"Bladna News Staff\" \/>\n\t<meta name=\"twitter:label2\" content=\"Dur\u00e9e de lecture estim\u00e9e\" \/>\n\t<meta name=\"twitter:data2\" content=\"1 minute\" \/>\n<script type=\"application\/ld+json\" class=\"yoast-schema-graph\">{\"@context\":\"https:\\\/\\\/schema.org\",\"@graph\":[{\"@type\":\"Article\",\"@id\":\"https:\\\/\\\/bladnanews.com\\\/manchester-united-real-madrid-and-barcelona-eye-hertha-berlins-teenage-talent\\\/#article\",\"isPartOf\":{\"@id\":\"https:\\\/\\\/bladnanews.com\\\/manchester-united-real-madrid-and-barcelona-eye-hertha-berlins-teenage-talent\\\/\"},\"author\":{\"name\":\"Bladna News Staff\",\"@id\":\"https:\\\/\\\/mediumseagreen-eel-531711.hostingersite.com\\\/#\\\/schema\\\/person\\\/268e18a453ab080ebf76df6ef7845083\"},\"headline\":\"Manchester United, Real Madrid, and Barcelona eye Hertha Berlin&#8217;s teenage talent\",\"datePublished\":\"2026-01-02T09:00:00+00:00\",\"mainEntityOfPage\":{\"@id\":\"https:\\\/\\\/bladnanews.com\\\/manchester-united-real-madrid-and-barcelona-eye-hertha-berlins-teenage-talent\\\/\"},\"wordCount\":221,\"publisher\":{\"@id\":\"https:\\\/\\\/mediumseagreen-eel-531711.hostingersite.com\\\/#organization\"},\"image\":{\"@id\":\"https:\\\/\\\/bladnanews.com\\\/manchester-united-real-madrid-and-barcelona-eye-hertha-berlins-teenage-talent\\\/#primaryimage\"},\"thumbnailUrl\":\"https:\\\/\\\/bladnanews.com\\\/wp-content\\\/uploads\\\/2026\\\/01\\\/BladnaNews-Manchester-United-Real-Madrid-and-Barcelona-eye-Hertha-Berlins-teenage-talent-2026-01-02T115030.426Z.jpg\",\"articleSection\":[\"International\",\"Latest News\"],\"inLanguage\":\"fr-FR\",\"copyrightYear\":\"2026\",\"copyrightHolder\":{\"@id\":\"https:\\\/\\\/bladnanews.com\\\/fr\\\/#organization\"}},{\"@type\":\"WebPage\",\"@id\":\"https:\\\/\\\/bladnanews.com\\\/manchester-united-real-madrid-and-barcelona-eye-hertha-berlins-teenage-talent\\\/\",\"url\":\"https:\\\/\\\/bladnanews.com\\\/manchester-united-real-madrid-and-barcelona-eye-hertha-berlins-teenage-talent\\\/\",\"name\":\"Manchester United, Real Madrid, and Barcelona eye Hertha Berlin's teenage talent - Bladna News\",\"isPartOf\":{\"@id\":\"https:\\\/\\\/mediumseagreen-eel-531711.hostingersite.com\\\/#website\"},\"primaryImageOfPage\":{\"@id\":\"https:\\\/\\\/bladnanews.com\\\/manchester-united-real-madrid-and-barcelona-eye-hertha-berlins-teenage-talent\\\/#primaryimage\"},\"image\":{\"@id\":\"https:\\\/\\\/bladnanews.com\\\/manchester-united-real-madrid-and-barcelona-eye-hertha-berlins-teenage-talent\\\/#primaryimage\"},\"thumbnailUrl\":\"https:\\\/\\\/bladnanews.com\\\/wp-content\\\/uploads\\\/2026\\\/01\\\/BladnaNews-Manchester-United-Real-Madrid-and-Barcelona-eye-Hertha-Berlins-teenage-talent-2026-01-02T115030.426Z.jpg\",\"datePublished\":\"2026-01-02T09:00:00+00:00\",\"breadcrumb\":{\"@id\":\"https:\\\/\\\/bladnanews.com\\\/manchester-united-real-madrid-and-barcelona-eye-hertha-berlins-teenage-talent\\\/#breadcrumb\"},\"inLanguage\":\"fr-FR\",\"potentialAction\":[{\"@type\":\"ReadAction\",\"target\":[\"https:\\\/\\\/bladnanews.com\\\/manchester-united-real-madrid-and-barcelona-eye-hertha-berlins-teenage-talent\\\/\"]}]},{\"@type\":\"ImageObject\",\"inLanguage\":\"fr-FR\",\"@id\":\"https:\\\/\\\/bladnanews.com\\\/manchester-united-real-madrid-and-barcelona-eye-hertha-berlins-teenage-talent\\\/#primaryimage\",\"url\":\"https:\\\/\\\/bladnanews.com\\\/wp-content\\\/uploads\\\/2026\\\/01\\\/BladnaNews-Manchester-United-Real-Madrid-and-Barcelona-eye-Hertha-Berlins-teenage-talent-2026-01-02T115030.426Z.jpg\",\"contentUrl\":\"https:\\\/\\\/bladnanews.com\\\/wp-content\\\/uploads\\\/2026\\\/01\\\/BladnaNews-Manchester-United-Real-Madrid-and-Barcelona-eye-Hertha-Berlins-teenage-talent-2026-01-02T115030.426Z.jpg\",\"width\":1600,\"height\":900,\"caption\":\"Hertha BSC's teenage talent celebrates in his club kit, alongside a German player in a national team jersey, with vibrant backgrounds highlighting their potential.\"},{\"@type\":\"BreadcrumbList\",\"@id\":\"https:\\\/\\\/bladnanews.com\\\/manchester-united-real-madrid-and-barcelona-eye-hertha-berlins-teenage-talent\\\/#breadcrumb\",\"itemListElement\":[{\"@type\":\"ListItem\",\"position\":1,\"name\":\"Home\",\"item\":\"https:\\\/\\\/bladnanews.com\\\/\"},{\"@type\":\"ListItem\",\"position\":2,\"name\":\"Manchester United, Real Madrid, and Barcelona eye Hertha Berlin&#8217;s teenage talent\"}]},{\"@type\":\"WebSite\",\"@id\":\"https:\\\/\\\/mediumseagreen-eel-531711.hostingersite.com\\\/#website\",\"url\":\"https:\\\/\\\/mediumseagreen-eel-531711.hostingersite.com\\\/\",\"name\":\"Bladna News - Morocco\",\"description\":\"Where Moroccan Football Meets the World\",\"publisher\":{\"@id\":\"https:\\\/\\\/mediumseagreen-eel-531711.hostingersite.com\\\/#organization\"},\"potentialAction\":[{\"@type\":\"SearchAction\",\"target\":{\"@type\":\"EntryPoint\",\"urlTemplate\":\"https:\\\/\\\/mediumseagreen-eel-531711.hostingersite.com\\\/?s={search_term_string}\"},\"query-input\":{\"@type\":\"PropertyValueSpecification\",\"valueRequired\":true,\"valueName\":\"search_term_string\"}}],\"inLanguage\":\"fr-FR\"},{\"@type\":\"Organization\",\"@id\":\"https:\\\/\\\/mediumseagreen-eel-531711.hostingersite.com\\\/#organization\",\"name\":\"Bladna News.com\",\"url\":\"https:\\\/\\\/mediumseagreen-eel-531711.hostingersite.com\\\/\",\"logo\":{\"@type\":\"ImageObject\",\"inLanguage\":\"fr-FR\",\"@id\":\"https:\\\/\\\/mediumseagreen-eel-531711.hostingersite.com\\\/#\\\/schema\\\/logo\\\/image\\\/\",\"url\":\"https:\\\/\\\/bladnanews.com\\\/wp-content\\\/uploads\\\/2025\\\/12\\\/logo-bladnanews-V2-web-black-red.png\",\"contentUrl\":\"https:\\\/\\\/bladnanews.com\\\/wp-content\\\/uploads\\\/2025\\\/12\\\/logo-bladnanews-V2-web-black-red.png\",\"width\":703,\"height\":287,\"caption\":\"Bladna News.com\"},\"image\":{\"@id\":\"https:\\\/\\\/mediumseagreen-eel-531711.hostingersite.com\\\/#\\\/schema\\\/logo\\\/image\\\/\"},\"email\":\"info@bladnanews.com\",\"legalName\":\"Bladna News\"},{\"@type\":\"Person\",\"@id\":\"https:\\\/\\\/mediumseagreen-eel-531711.hostingersite.com\\\/#\\\/schema\\\/person\\\/268e18a453ab080ebf76df6ef7845083\",\"name\":\"Bladna News Staff\",\"url\":\"https:\\\/\\\/bladnanews.com\\\/fr\\\/author\\\/bladna-news-staff\\\/\"}]}<\/script>\n<!-- \/ Yoast SEO Premium plugin. -->","yoast_head_json":{"title":"Manchester United, le Real Madrid et le Bar\u00e7a surveillent le jeune talent du Hertha Berlin - Bladna News","robots":{"index":"index","follow":"follow","max-snippet":"max-snippet:-1","max-image-preview":"max-image-preview:large","max-video-preview":"max-video-preview:-1"},"canonical":"https:\/\/bladnanews.com\/fr\/manchester-united-le-real-madrid-et-le-barcelone-surveillent-le-jeune-talent-du-hertha-berlin\/","og_locale":"fr_FR","og_type":"article","og_title":"Manchester United, Real Madrid, and Barcelona eye Hertha Berlin's teenage talent","og_description":"Manchester United, Real Madrid, and Barcelona have all shown interest in securing a highly-rated 16-year-old midfielder from Hertha Berlin, named [&hellip;]","og_url":"https:\/\/bladnanews.com\/fr\/manchester-united-le-real-madrid-et-le-barcelone-surveillent-le-jeune-talent-du-hertha-berlin\/","og_site_name":"Bladna News","article_published_time":"2026-01-02T09:00:00+00:00","og_image":[{"width":1920,"height":1080,"url":"https:\/\/bladnanews.com\/wp-content\/uploads\/2026\/01\/BladnaNews-Manchester-United-Real-Madrid-and-Barcelona-eye-Hertha-Berlins-teenage-talent-2026-01-02T115030.426Z.jpg","type":"image\/jpeg"}],"author":"Bladna News Staff","twitter_card":"summary_large_image","twitter_misc":{"\u00c9crit par":"Bladna News Staff","Dur\u00e9e de lecture estim\u00e9e":"1 minute"},"schema":{"@context":"https:\/\/schema.org","@graph":[{"@type":"Article","@id":"https:\/\/bladnanews.com\/manchester-united-real-madrid-and-barcelona-eye-hertha-berlins-teenage-talent\/#article","isPartOf":{"@id":"https:\/\/bladnanews.com\/manchester-united-real-madrid-and-barcelona-eye-hertha-berlins-teenage-talent\/"},"author":{"name":"Bladna News Staff","@id":"https:\/\/mediumseagreen-eel-531711.hostingersite.com\/#\/schema\/person\/268e18a453ab080ebf76df6ef7845083"},"headline":"Manchester United, Real Madrid, and Barcelona eye Hertha Berlin&#8217;s teenage talent","datePublished":"2026-01-02T09:00:00+00:00","mainEntityOfPage":{"@id":"https:\/\/bladnanews.com\/manchester-united-real-madrid-and-barcelona-eye-hertha-berlins-teenage-talent\/"},"wordCount":221,"publisher":{"@id":"https:\/\/mediumseagreen-eel-531711.hostingersite.com\/#organization"},"image":{"@id":"https:\/\/bladnanews.com\/manchester-united-real-madrid-and-barcelona-eye-hertha-berlins-teenage-talent\/#primaryimage"},"thumbnailUrl":"https:\/\/bladnanews.com\/wp-content\/uploads\/2026\/01\/BladnaNews-Manchester-United-Real-Madrid-and-Barcelona-eye-Hertha-Berlins-teenage-talent-2026-01-02T115030.426Z.jpg","articleSection":["International","Latest News"],"inLanguage":"fr-FR","copyrightYear":"2026","copyrightHolder":{"@id":"https:\/\/bladnanews.com\/fr\/#organization"}},{"@type":"WebPage","@id":"https:\/\/bladnanews.com\/manchester-united-real-madrid-and-barcelona-eye-hertha-berlins-teenage-talent\/","url":"https:\/\/bladnanews.com\/manchester-united-real-madrid-and-barcelona-eye-hertha-berlins-teenage-talent\/","name":"Manchester United, le Real Madrid et le Bar\u00e7a surveillent le jeune talent du Hertha Berlin - Bladna News","isPartOf":{"@id":"https:\/\/mediumseagreen-eel-531711.hostingersite.com\/#website"},"primaryImageOfPage":{"@id":"https:\/\/bladnanews.com\/manchester-united-real-madrid-and-barcelona-eye-hertha-berlins-teenage-talent\/#primaryimage"},"image":{"@id":"https:\/\/bladnanews.com\/manchester-united-real-madrid-and-barcelona-eye-hertha-berlins-teenage-talent\/#primaryimage"},"thumbnailUrl":"https:\/\/bladnanews.com\/wp-content\/uploads\/2026\/01\/BladnaNews-Manchester-United-Real-Madrid-and-Barcelona-eye-Hertha-Berlins-teenage-talent-2026-01-02T115030.426Z.jpg","datePublished":"2026-01-02T09:00:00+00:00","breadcrumb":{"@id":"https:\/\/bladnanews.com\/manchester-united-real-madrid-and-barcelona-eye-hertha-berlins-teenage-talent\/#breadcrumb"},"inLanguage":"fr-FR","potentialAction":[{"@type":"ReadAction","target":["https:\/\/bladnanews.com\/manchester-united-real-madrid-and-barcelona-eye-hertha-berlins-teenage-talent\/"]}]},{"@type":"ImageObject","inLanguage":"fr-FR","@id":"https:\/\/bladnanews.com\/manchester-united-real-madrid-and-barcelona-eye-hertha-berlins-teenage-talent\/#primaryimage","url":"https:\/\/bladnanews.com\/wp-content\/uploads\/2026\/01\/BladnaNews-Manchester-United-Real-Madrid-and-Barcelona-eye-Hertha-Berlins-teenage-talent-2026-01-02T115030.426Z.jpg","contentUrl":"https:\/\/bladnanews.com\/wp-content\/uploads\/2026\/01\/BladnaNews-Manchester-United-Real-Madrid-and-Barcelona-eye-Hertha-Berlins-teenage-talent-2026-01-02T115030.426Z.jpg","width":1600,"height":900,"caption":"Hertha BSC's teenage talent celebrates in his club kit, alongside a German player in a national team jersey, with vibrant backgrounds highlighting their potential."},{"@type":"BreadcrumbList","@id":"https:\/\/bladnanews.com\/manchester-united-real-madrid-and-barcelona-eye-hertha-berlins-teenage-talent\/#breadcrumb","itemListElement":[{"@type":"ListItem","position":1,"name":"Home","item":"https:\/\/bladnanews.com\/"},{"@type":"ListItem","position":2,"name":"Manchester United, Real Madrid, and Barcelona eye Hertha Berlin&#8217;s teenage talent"}]},{"@type":"WebSite","@id":"https:\/\/mediumseagreen-eel-531711.hostingersite.com\/#website","url":"https:\/\/mediumseagreen-eel-531711.hostingersite.com\/","name":"Bladna News - Maroc","description":"Quand le football marocain rencontre le monde","publisher":{"@id":"https:\/\/mediumseagreen-eel-531711.hostingersite.com\/#organization"},"potentialAction":[{"@type":"SearchAction","target":{"@type":"EntryPoint","urlTemplate":"https:\/\/mediumseagreen-eel-531711.hostingersite.com\/?s={search_term_string}"},"query-input":{"@type":"PropertyValueSpecification","valueRequired":true,"valueName":"search_term_string"}}],"inLanguage":"fr-FR"},{"@type":"Organization","@id":"https:\/\/mediumseagreen-eel-531711.hostingersite.com\/#organization","name":"Bladna News.com","url":"https:\/\/mediumseagreen-eel-531711.hostingersite.com\/","logo":{"@type":"ImageObject","inLanguage":"fr-FR","@id":"https:\/\/mediumseagreen-eel-531711.hostingersite.com\/#\/schema\/logo\/image\/","url":"https:\/\/bladnanews.com\/wp-content\/uploads\/2025\/12\/logo-bladnanews-V2-web-black-red.png","contentUrl":"https:\/\/bladnanews.com\/wp-content\/uploads\/2025\/12\/logo-bladnanews-V2-web-black-red.png","width":703,"height":287,"caption":"Bladna News.com"},"image":{"@id":"https:\/\/mediumseagreen-eel-531711.hostingersite.com\/#\/schema\/logo\/image\/"},"email":"info@bladnanews.com","legalName":"Bladna News"},{"@type":"Person","@id":"https:\/\/mediumseagreen-eel-531711.hostingersite.com\/#\/schema\/person\/268e18a453ab080ebf76df6ef7845083","name":"\u00c9quipe r\u00e9dactionnelle de Bladna News","url":"https:\/\/bladnanews.com\/fr\/author\/bladna-news-staff\/"}]}},"_links":{"self":[{"href":"https:\/\/bladnanews.com\/fr\/wp-json\/wp\/v2\/posts\/1353","targetHints":{"allow":["GET"]}}],"collection":[{"href":"https:\/\/bladnanews.com\/fr\/wp-json\/wp\/v2\/posts"}],"about":[{"href":"https:\/\/bladnanews.com\/fr\/wp-json\/wp\/v2\/types\/post"}],"author":[{"embeddable":true,"href":"https:\/\/bladnanews.com\/fr\/wp-json\/wp\/v2\/users\/3"}],"replies":[{"embeddable":true,"href":"https:\/\/bladnanews.com\/fr\/wp-json\/wp\/v2\/comments?post=1353"}],"version-history":[{"count":0,"href":"https:\/\/bladnanews.com\/fr\/wp-json\/wp\/v2\/posts\/1353\/revisions"}],"wp:featuredmedia":[{"embeddable":true,"href":"https:\/\/bladnanews.com\/fr\/wp-json\/wp\/v2\/media\/1352"}],"wp:attachment":[{"href":"https:\/\/bladnanews.com\/fr\/wp-json\/wp\/v2\/media?parent=1353"}],"wp:term":[{"taxonomy":"category","embeddable":true,"href":"https:\/\/bladnanews.com\/fr\/wp-json\/wp\/v2\/categories?post=1353"},{"taxonomy":"post_tag","embeddable":true,"href":"https:\/\/bladnanews.com\/fr\/wp-json\/wp\/v2\/tags?post=1353"}],"curies":[{"name":"wp","href":"https:\/\/api.w.org\/{rel}","templated":true}]}}