{"id":1377,"date":"2026-01-02T11:10:54","date_gmt":"2026-01-02T11:10:54","guid":{"rendered":"https:\/\/bladnanews.com\/man-city-near-65m-signing-of-antoine-semenyo-from-bournemouth\/"},"modified":"2026-01-02T11:10:54","modified_gmt":"2026-01-02T11:10:54","slug":"manchester-city-proche-de-finaliser-le-transfert-de-65-millions-dantoine-semenyo-de-bournemouth","status":"publish","type":"post","link":"https:\/\/bladnanews.com\/fr\/manchester-city-proche-de-finaliser-le-transfert-de-65-millions-dantoine-semenyo-de-bournemouth\/","title":{"rendered":"Manchester City proche de recruter Antoine Semenyo de Bournemouth pour 65 millions de livres."},"content":{"rendered":"<p>Manchester City est sur le point de finaliser un transfert de 65 millions de livres pour recruter Antoine Semenyo de Bournemouth, ce qui constitue un d\u00e9veloppement majeur dans leurs activit\u00e9s estivales de mercato. L'attaquant, qui s'est distingu\u00e9 en Championship, devrait bient\u00f4t rejoindre les champions de Premier League.<\/p>\n<p>City a fait de la consolidation de ses options offensives une priorit\u00e9 cet \u00e9t\u00e9, et l'acquisition de Semenyo s'inscrit dans leur objectif d'accro\u00eetre la profondeur de l'effectif avant leurs prochaines campagnes. Bournemouth, quant \u00e0 eux, se pr\u00e9parent au d\u00e9part de leur attaquant cl\u00e9 alors que le transfert approche de son aboutissement.<\/p>\n<p>L'ailier de 24 ans a impressionn\u00e9 par sa vitesse et ses qualit\u00e9s de buteur \u00e0 Bournemouth, attirant l'int\u00e9r\u00eat de plusieurs clubs de l'\u00e9lite. Ses performances la saison derni\u00e8re ont jou\u00e9 un r\u00f4le d\u00e9terminant dans la course \u00e0 la promotion de Bournemouth, faisant de lui une cible tr\u00e8s convoit\u00e9e sur le march\u00e9.<\/p>\n<p>Selon les d\u00e9tails r\u00e9v\u00e9l\u00e9s, les n\u00e9gociations ont bien progress\u00e9, les deux clubs \u00e9tant parvenus \u00e0 un accord sur l'\u00e9valuation et les modalit\u00e9s du transfert. Semenyo serait tr\u00e8s int\u00e9ress\u00e9 par ce mouvement, qui lui offre l'opportunit\u00e9 de concourir au plus haut niveau du football anglais.<\/p>\n<p>Le transfert imminent de Semenyo par City t\u00e9moigne de leur volont\u00e9 d'investir massivement pour maintenir leur domination en Premier League. L'accord devrait \u00eatre finalis\u00e9 dans les prochains jours, sous r\u00e9serve des visites m\u00e9dicales et des confirmations officielles.<\/p>","protected":false},"excerpt":{"rendered":"<p>Manchester City are closing in on a \u00a365 million deal to sign Antoine Semenyo from Bournemouth, marking a significant development [&hellip;]<\/p>\n","protected":false},"author":3,"featured_media":1376,"comment_status":"","ping_status":"open","sticky":false,"template":"","format":"standard","meta":{"googlesitekit_rrm_CAow_uzEDA:productID":"","site-sidebar-layout":"default","site-content-layout":"","ast-site-content-layout":"default","site-content-style":"default","site-sidebar-style":"default","ast-global-header-display":"","ast-banner-title-visibility":"","ast-main-header-display":"","ast-hfb-above-header-display":"","ast-hfb-below-header-display":"","ast-hfb-mobile-header-display":"","site-post-title":"","ast-breadcrumbs-content":"","ast-featured-img":"","footer-sml-layout":"","ast-disable-related-posts":"","theme-transparent-header-meta":"","adv-header-id-meta":"","stick-header-meta":"","header-above-stick-meta":"","header-main-stick-meta":"","header-below-stick-meta":"","astra-migrate-meta-layouts":"default","ast-page-background-enabled":"default","ast-page-background-meta":{"desktop":{"background-color":"var(--ast-global-color-5)","background-image":"","background-repeat":"repeat","background-position":"center center","background-size":"auto","background-attachment":"scroll","background-type":"","background-media":"","overlay-type":"","overlay-color":"","overlay-opacity":"","overlay-gradient":""},"tablet":{"background-color":"","background-image":"","background-repeat":"repeat","background-position":"center center","background-size":"auto","background-attachment":"scroll","background-type":"","background-media":"","overlay-type":"","overlay-color":"","overlay-opacity":"","overlay-gradient":""},"mobile":{"background-color":"","background-image":"","background-repeat":"repeat","background-position":"center center","background-size":"auto","background-attachment":"scroll","background-type":"","background-media":"","overlay-type":"","overlay-color":"","overlay-opacity":"","overlay-gradient":""}},"ast-content-background-meta":{"desktop":{"background-color":"var(--ast-global-color-4)","background-image":"","background-repeat":"repeat","background-position":"center center","background-size":"auto","background-attachment":"scroll","background-type":"","background-media":"","overlay-type":"","overlay-color":"","overlay-opacity":"","overlay-gradient":""},"tablet":{"background-color":"var(--ast-global-color-4)","background-image":"","background-repeat":"repeat","background-position":"center center","background-size":"auto","background-attachment":"scroll","background-type":"","background-media":"","overlay-type":"","overlay-color":"","overlay-opacity":"","overlay-gradient":""},"mobile":{"background-color":"var(--ast-global-color-4)","background-image":"","background-repeat":"repeat","background-position":"center center","background-size":"auto","background-attachment":"scroll","background-type":"","background-media":"","overlay-type":"","overlay-color":"","overlay-opacity":"","overlay-gradient":""}},"footnotes":""},"categories":[20,1],"tags":[],"class_list":["post-1377","post","type-post","status-publish","format-standard","has-post-thumbnail","hentry","category-international","category-football-latest-news"],"yoast_head":"<!-- This site is optimized with the Yoast SEO Premium plugin v26.6 (Yoast SEO v27.5) - https:\/\/yoast.com\/product\/yoast-seo-premium-wordpress\/ -->\n<title>Man City near \u00a365m signing of Antoine Semenyo from Bournemouth - Bladna News<\/title>\n<meta name=\"robots\" content=\"index, follow, max-snippet:-1, max-image-preview:large, max-video-preview:-1\" \/>\n<link rel=\"canonical\" href=\"https:\/\/bladnanews.com\/fr\/manchester-city-proche-de-finaliser-le-transfert-de-65-millions-dantoine-semenyo-de-bournemouth\/\" \/>\n<meta property=\"og:locale\" content=\"fr_FR\" \/>\n<meta property=\"og:type\" content=\"article\" \/>\n<meta property=\"og:title\" content=\"Man City near \u00a365m signing of Antoine Semenyo from Bournemouth\" \/>\n<meta property=\"og:description\" content=\"Manchester City are closing in on a \u00a365 million deal to sign Antoine Semenyo from Bournemouth, marking a significant development [&hellip;]\" \/>\n<meta property=\"og:url\" content=\"https:\/\/bladnanews.com\/fr\/manchester-city-proche-de-finaliser-le-transfert-de-65-millions-dantoine-semenyo-de-bournemouth\/\" \/>\n<meta property=\"og:site_name\" content=\"Bladna News\" \/>\n<meta property=\"article:published_time\" content=\"2026-01-02T11:10:54+00:00\" \/>\n<meta property=\"og:image\" content=\"https:\/\/bladnanews.com\/wp-content\/uploads\/2026\/01\/BladnaNews-Man-City-near-65m-signing-of-Antoine-Semenyo-from-Bournemouth-2026-01-02T135059.251Z.jpg\" \/>\n\t<meta property=\"og:image:width\" content=\"1920\" \/>\n\t<meta property=\"og:image:height\" content=\"1080\" \/>\n\t<meta property=\"og:image:type\" content=\"image\/jpeg\" \/>\n<meta name=\"author\" content=\"Bladna News Staff\" \/>\n<meta name=\"twitter:card\" content=\"summary_large_image\" \/>\n<meta name=\"twitter:label1\" content=\"\u00c9crit par\" \/>\n\t<meta name=\"twitter:data1\" content=\"Bladna News Staff\" \/>\n\t<meta name=\"twitter:label2\" content=\"Dur\u00e9e de lecture estim\u00e9e\" \/>\n\t<meta name=\"twitter:data2\" content=\"1 minute\" \/>\n<script type=\"application\/ld+json\" class=\"yoast-schema-graph\">{\"@context\":\"https:\\\/\\\/schema.org\",\"@graph\":[{\"@type\":\"Article\",\"@id\":\"https:\\\/\\\/bladnanews.com\\\/man-city-near-65m-signing-of-antoine-semenyo-from-bournemouth\\\/#article\",\"isPartOf\":{\"@id\":\"https:\\\/\\\/bladnanews.com\\\/man-city-near-65m-signing-of-antoine-semenyo-from-bournemouth\\\/\"},\"author\":{\"name\":\"Bladna News Staff\",\"@id\":\"https:\\\/\\\/mediumseagreen-eel-531711.hostingersite.com\\\/#\\\/schema\\\/person\\\/268e18a453ab080ebf76df6ef7845083\"},\"headline\":\"Man City near \u00a365m signing of Antoine Semenyo from Bournemouth\",\"datePublished\":\"2026-01-02T11:10:54+00:00\",\"mainEntityOfPage\":{\"@id\":\"https:\\\/\\\/bladnanews.com\\\/man-city-near-65m-signing-of-antoine-semenyo-from-bournemouth\\\/\"},\"wordCount\":226,\"publisher\":{\"@id\":\"https:\\\/\\\/mediumseagreen-eel-531711.hostingersite.com\\\/#organization\"},\"image\":{\"@id\":\"https:\\\/\\\/bladnanews.com\\\/man-city-near-65m-signing-of-antoine-semenyo-from-bournemouth\\\/#primaryimage\"},\"thumbnailUrl\":\"https:\\\/\\\/bladnanews.com\\\/wp-content\\\/uploads\\\/2026\\\/01\\\/BladnaNews-Man-City-near-65m-signing-of-Antoine-Semenyo-from-Bournemouth-2026-01-02T135059.251Z.jpg\",\"articleSection\":[\"International\",\"Latest News\"],\"inLanguage\":\"fr-FR\",\"copyrightYear\":\"2026\",\"copyrightHolder\":{\"@id\":\"https:\\\/\\\/bladnanews.com\\\/fr\\\/#organization\"}},{\"@type\":\"WebPage\",\"@id\":\"https:\\\/\\\/bladnanews.com\\\/man-city-near-65m-signing-of-antoine-semenyo-from-bournemouth\\\/\",\"url\":\"https:\\\/\\\/bladnanews.com\\\/man-city-near-65m-signing-of-antoine-semenyo-from-bournemouth\\\/\",\"name\":\"Man City near \u00a365m signing of Antoine Semenyo from Bournemouth - Bladna News\",\"isPartOf\":{\"@id\":\"https:\\\/\\\/mediumseagreen-eel-531711.hostingersite.com\\\/#website\"},\"primaryImageOfPage\":{\"@id\":\"https:\\\/\\\/bladnanews.com\\\/man-city-near-65m-signing-of-antoine-semenyo-from-bournemouth\\\/#primaryimage\"},\"image\":{\"@id\":\"https:\\\/\\\/bladnanews.com\\\/man-city-near-65m-signing-of-antoine-semenyo-from-bournemouth\\\/#primaryimage\"},\"thumbnailUrl\":\"https:\\\/\\\/bladnanews.com\\\/wp-content\\\/uploads\\\/2026\\\/01\\\/BladnaNews-Man-City-near-65m-signing-of-Antoine-Semenyo-from-Bournemouth-2026-01-02T135059.251Z.jpg\",\"datePublished\":\"2026-01-02T11:10:54+00:00\",\"breadcrumb\":{\"@id\":\"https:\\\/\\\/bladnanews.com\\\/man-city-near-65m-signing-of-antoine-semenyo-from-bournemouth\\\/#breadcrumb\"},\"inLanguage\":\"fr-FR\",\"potentialAction\":[{\"@type\":\"ReadAction\",\"target\":[\"https:\\\/\\\/bladnanews.com\\\/man-city-near-65m-signing-of-antoine-semenyo-from-bournemouth\\\/\"]}]},{\"@type\":\"ImageObject\",\"inLanguage\":\"fr-FR\",\"@id\":\"https:\\\/\\\/bladnanews.com\\\/man-city-near-65m-signing-of-antoine-semenyo-from-bournemouth\\\/#primaryimage\",\"url\":\"https:\\\/\\\/bladnanews.com\\\/wp-content\\\/uploads\\\/2026\\\/01\\\/BladnaNews-Man-City-near-65m-signing-of-Antoine-Semenyo-from-Bournemouth-2026-01-02T135059.251Z.jpg\",\"contentUrl\":\"https:\\\/\\\/bladnanews.com\\\/wp-content\\\/uploads\\\/2026\\\/01\\\/BladnaNews-Man-City-near-65m-signing-of-Antoine-Semenyo-from-Bournemouth-2026-01-02T135059.251Z.jpg\",\"width\":1600,\"height\":900,\"caption\":\"Antoine Semenyo in AFC Bournemouth kit, contemplating a transfer to Manchester City, logo prominently displayed in the background.\"},{\"@type\":\"BreadcrumbList\",\"@id\":\"https:\\\/\\\/bladnanews.com\\\/man-city-near-65m-signing-of-antoine-semenyo-from-bournemouth\\\/#breadcrumb\",\"itemListElement\":[{\"@type\":\"ListItem\",\"position\":1,\"name\":\"Home\",\"item\":\"https:\\\/\\\/bladnanews.com\\\/\"},{\"@type\":\"ListItem\",\"position\":2,\"name\":\"Man City near \u00a365m signing of Antoine Semenyo from Bournemouth\"}]},{\"@type\":\"WebSite\",\"@id\":\"https:\\\/\\\/mediumseagreen-eel-531711.hostingersite.com\\\/#website\",\"url\":\"https:\\\/\\\/mediumseagreen-eel-531711.hostingersite.com\\\/\",\"name\":\"Bladna News - Morocco\",\"description\":\"Where Moroccan Football Meets the World\",\"publisher\":{\"@id\":\"https:\\\/\\\/mediumseagreen-eel-531711.hostingersite.com\\\/#organization\"},\"potentialAction\":[{\"@type\":\"SearchAction\",\"target\":{\"@type\":\"EntryPoint\",\"urlTemplate\":\"https:\\\/\\\/mediumseagreen-eel-531711.hostingersite.com\\\/?s={search_term_string}\"},\"query-input\":{\"@type\":\"PropertyValueSpecification\",\"valueRequired\":true,\"valueName\":\"search_term_string\"}}],\"inLanguage\":\"fr-FR\"},{\"@type\":\"Organization\",\"@id\":\"https:\\\/\\\/mediumseagreen-eel-531711.hostingersite.com\\\/#organization\",\"name\":\"Bladna News.com\",\"url\":\"https:\\\/\\\/mediumseagreen-eel-531711.hostingersite.com\\\/\",\"logo\":{\"@type\":\"ImageObject\",\"inLanguage\":\"fr-FR\",\"@id\":\"https:\\\/\\\/mediumseagreen-eel-531711.hostingersite.com\\\/#\\\/schema\\\/logo\\\/image\\\/\",\"url\":\"https:\\\/\\\/bladnanews.com\\\/wp-content\\\/uploads\\\/2025\\\/12\\\/logo-bladnanews-V2-web-black-red.png\",\"contentUrl\":\"https:\\\/\\\/bladnanews.com\\\/wp-content\\\/uploads\\\/2025\\\/12\\\/logo-bladnanews-V2-web-black-red.png\",\"width\":703,\"height\":287,\"caption\":\"Bladna News.com\"},\"image\":{\"@id\":\"https:\\\/\\\/mediumseagreen-eel-531711.hostingersite.com\\\/#\\\/schema\\\/logo\\\/image\\\/\"},\"email\":\"info@bladnanews.com\",\"legalName\":\"Bladna News\"},{\"@type\":\"Person\",\"@id\":\"https:\\\/\\\/mediumseagreen-eel-531711.hostingersite.com\\\/#\\\/schema\\\/person\\\/268e18a453ab080ebf76df6ef7845083\",\"name\":\"Bladna News Staff\",\"url\":\"https:\\\/\\\/bladnanews.com\\\/fr\\\/author\\\/bladna-news-staff\\\/\"}]}<\/script>\n<!-- \/ Yoast SEO Premium plugin. -->","yoast_head_json":{"title":"Manchester City proche de recruter Antoine Semenyo pour 65 millions de livres \u00e0 Bournemouth - Bladna News","robots":{"index":"index","follow":"follow","max-snippet":"max-snippet:-1","max-image-preview":"max-image-preview:large","max-video-preview":"max-video-preview:-1"},"canonical":"https:\/\/bladnanews.com\/fr\/manchester-city-proche-de-finaliser-le-transfert-de-65-millions-dantoine-semenyo-de-bournemouth\/","og_locale":"fr_FR","og_type":"article","og_title":"Man City near \u00a365m signing of Antoine Semenyo from Bournemouth","og_description":"Manchester City are closing in on a \u00a365 million deal to sign Antoine Semenyo from Bournemouth, marking a significant development [&hellip;]","og_url":"https:\/\/bladnanews.com\/fr\/manchester-city-proche-de-finaliser-le-transfert-de-65-millions-dantoine-semenyo-de-bournemouth\/","og_site_name":"Bladna News","article_published_time":"2026-01-02T11:10:54+00:00","og_image":[{"width":1920,"height":1080,"url":"https:\/\/bladnanews.com\/wp-content\/uploads\/2026\/01\/BladnaNews-Man-City-near-65m-signing-of-Antoine-Semenyo-from-Bournemouth-2026-01-02T135059.251Z.jpg","type":"image\/jpeg"}],"author":"Bladna News Staff","twitter_card":"summary_large_image","twitter_misc":{"\u00c9crit par":"Bladna News Staff","Dur\u00e9e de lecture estim\u00e9e":"1 minute"},"schema":{"@context":"https:\/\/schema.org","@graph":[{"@type":"Article","@id":"https:\/\/bladnanews.com\/man-city-near-65m-signing-of-antoine-semenyo-from-bournemouth\/#article","isPartOf":{"@id":"https:\/\/bladnanews.com\/man-city-near-65m-signing-of-antoine-semenyo-from-bournemouth\/"},"author":{"name":"Bladna News Staff","@id":"https:\/\/mediumseagreen-eel-531711.hostingersite.com\/#\/schema\/person\/268e18a453ab080ebf76df6ef7845083"},"headline":"Man City near \u00a365m signing of Antoine Semenyo from Bournemouth","datePublished":"2026-01-02T11:10:54+00:00","mainEntityOfPage":{"@id":"https:\/\/bladnanews.com\/man-city-near-65m-signing-of-antoine-semenyo-from-bournemouth\/"},"wordCount":226,"publisher":{"@id":"https:\/\/mediumseagreen-eel-531711.hostingersite.com\/#organization"},"image":{"@id":"https:\/\/bladnanews.com\/man-city-near-65m-signing-of-antoine-semenyo-from-bournemouth\/#primaryimage"},"thumbnailUrl":"https:\/\/bladnanews.com\/wp-content\/uploads\/2026\/01\/BladnaNews-Man-City-near-65m-signing-of-Antoine-Semenyo-from-Bournemouth-2026-01-02T135059.251Z.jpg","articleSection":["International","Latest News"],"inLanguage":"fr-FR","copyrightYear":"2026","copyrightHolder":{"@id":"https:\/\/bladnanews.com\/fr\/#organization"}},{"@type":"WebPage","@id":"https:\/\/bladnanews.com\/man-city-near-65m-signing-of-antoine-semenyo-from-bournemouth\/","url":"https:\/\/bladnanews.com\/man-city-near-65m-signing-of-antoine-semenyo-from-bournemouth\/","name":"Manchester City proche de recruter Antoine Semenyo pour 65 millions de livres \u00e0 Bournemouth - Bladna News","isPartOf":{"@id":"https:\/\/mediumseagreen-eel-531711.hostingersite.com\/#website"},"primaryImageOfPage":{"@id":"https:\/\/bladnanews.com\/man-city-near-65m-signing-of-antoine-semenyo-from-bournemouth\/#primaryimage"},"image":{"@id":"https:\/\/bladnanews.com\/man-city-near-65m-signing-of-antoine-semenyo-from-bournemouth\/#primaryimage"},"thumbnailUrl":"https:\/\/bladnanews.com\/wp-content\/uploads\/2026\/01\/BladnaNews-Man-City-near-65m-signing-of-Antoine-Semenyo-from-Bournemouth-2026-01-02T135059.251Z.jpg","datePublished":"2026-01-02T11:10:54+00:00","breadcrumb":{"@id":"https:\/\/bladnanews.com\/man-city-near-65m-signing-of-antoine-semenyo-from-bournemouth\/#breadcrumb"},"inLanguage":"fr-FR","potentialAction":[{"@type":"ReadAction","target":["https:\/\/bladnanews.com\/man-city-near-65m-signing-of-antoine-semenyo-from-bournemouth\/"]}]},{"@type":"ImageObject","inLanguage":"fr-FR","@id":"https:\/\/bladnanews.com\/man-city-near-65m-signing-of-antoine-semenyo-from-bournemouth\/#primaryimage","url":"https:\/\/bladnanews.com\/wp-content\/uploads\/2026\/01\/BladnaNews-Man-City-near-65m-signing-of-Antoine-Semenyo-from-Bournemouth-2026-01-02T135059.251Z.jpg","contentUrl":"https:\/\/bladnanews.com\/wp-content\/uploads\/2026\/01\/BladnaNews-Man-City-near-65m-signing-of-Antoine-Semenyo-from-Bournemouth-2026-01-02T135059.251Z.jpg","width":1600,"height":900,"caption":"Antoine Semenyo in AFC Bournemouth kit, contemplating a transfer to Manchester City, logo prominently displayed in the background."},{"@type":"BreadcrumbList","@id":"https:\/\/bladnanews.com\/man-city-near-65m-signing-of-antoine-semenyo-from-bournemouth\/#breadcrumb","itemListElement":[{"@type":"ListItem","position":1,"name":"Home","item":"https:\/\/bladnanews.com\/"},{"@type":"ListItem","position":2,"name":"Man City near \u00a365m signing of Antoine Semenyo from Bournemouth"}]},{"@type":"WebSite","@id":"https:\/\/mediumseagreen-eel-531711.hostingersite.com\/#website","url":"https:\/\/mediumseagreen-eel-531711.hostingersite.com\/","name":"Bladna News - Maroc","description":"Quand le football marocain rencontre le monde","publisher":{"@id":"https:\/\/mediumseagreen-eel-531711.hostingersite.com\/#organization"},"potentialAction":[{"@type":"SearchAction","target":{"@type":"EntryPoint","urlTemplate":"https:\/\/mediumseagreen-eel-531711.hostingersite.com\/?s={search_term_string}"},"query-input":{"@type":"PropertyValueSpecification","valueRequired":true,"valueName":"search_term_string"}}],"inLanguage":"fr-FR"},{"@type":"Organization","@id":"https:\/\/mediumseagreen-eel-531711.hostingersite.com\/#organization","name":"Bladna News.com","url":"https:\/\/mediumseagreen-eel-531711.hostingersite.com\/","logo":{"@type":"ImageObject","inLanguage":"fr-FR","@id":"https:\/\/mediumseagreen-eel-531711.hostingersite.com\/#\/schema\/logo\/image\/","url":"https:\/\/bladnanews.com\/wp-content\/uploads\/2025\/12\/logo-bladnanews-V2-web-black-red.png","contentUrl":"https:\/\/bladnanews.com\/wp-content\/uploads\/2025\/12\/logo-bladnanews-V2-web-black-red.png","width":703,"height":287,"caption":"Bladna News.com"},"image":{"@id":"https:\/\/mediumseagreen-eel-531711.hostingersite.com\/#\/schema\/logo\/image\/"},"email":"info@bladnanews.com","legalName":"Bladna News"},{"@type":"Person","@id":"https:\/\/mediumseagreen-eel-531711.hostingersite.com\/#\/schema\/person\/268e18a453ab080ebf76df6ef7845083","name":"\u00c9quipe r\u00e9dactionnelle de Bladna News","url":"https:\/\/bladnanews.com\/fr\/author\/bladna-news-staff\/"}]}},"_links":{"self":[{"href":"https:\/\/bladnanews.com\/fr\/wp-json\/wp\/v2\/posts\/1377","targetHints":{"allow":["GET"]}}],"collection":[{"href":"https:\/\/bladnanews.com\/fr\/wp-json\/wp\/v2\/posts"}],"about":[{"href":"https:\/\/bladnanews.com\/fr\/wp-json\/wp\/v2\/types\/post"}],"author":[{"embeddable":true,"href":"https:\/\/bladnanews.com\/fr\/wp-json\/wp\/v2\/users\/3"}],"replies":[{"embeddable":true,"href":"https:\/\/bladnanews.com\/fr\/wp-json\/wp\/v2\/comments?post=1377"}],"version-history":[{"count":0,"href":"https:\/\/bladnanews.com\/fr\/wp-json\/wp\/v2\/posts\/1377\/revisions"}],"wp:featuredmedia":[{"embeddable":true,"href":"https:\/\/bladnanews.com\/fr\/wp-json\/wp\/v2\/media\/1376"}],"wp:attachment":[{"href":"https:\/\/bladnanews.com\/fr\/wp-json\/wp\/v2\/media?parent=1377"}],"wp:term":[{"taxonomy":"category","embeddable":true,"href":"https:\/\/bladnanews.com\/fr\/wp-json\/wp\/v2\/categories?post=1377"},{"taxonomy":"post_tag","embeddable":true,"href":"https:\/\/bladnanews.com\/fr\/wp-json\/wp\/v2\/tags?post=1377"}],"curies":[{"name":"wp","href":"https:\/\/api.w.org\/{rel}","templated":true}]}}