{"id":1379,"date":"2026-01-02T11:43:51","date_gmt":"2026-01-02T11:43:51","guid":{"rendered":"https:\/\/bladnanews.com\/sergio-ramos-eyes-takeover-of-la-liga-giants-as-free-agent\/"},"modified":"2026-01-02T11:43:51","modified_gmt":"2026-01-02T11:43:51","slug":"sergio-ramos-envisage-une-prise-de-controle-des-geants-de-la-liga-en-tant-quagent-libre","status":"publish","type":"post","link":"https:\/\/bladnanews.com\/fr\/sergio-ramos-envisage-une-prise-de-controle-des-geants-de-la-liga-en-tant-quagent-libre\/","title":{"rendered":"Sergio Ramos envisage une prise de contr\u00f4le des g\u00e9ants de la Liga en tant qu'agent libre."},"content":{"rendered":"<p>Selon des informations, Sergio Ramos \u00e9tudierait la possibilit\u00e9 de reprendre un grand club de Liga, tout en continuant de chercher une nouvelle \u00e9quipe \u00e0 int\u00e9grer en tant qu'agent libre. L'ancien d\u00e9fenseur du Real Madrid, qui a quitt\u00e9 le Paris Saint-Germain plus t\u00f4t cette ann\u00e9e, n'a pas encore annonc\u00e9 sa prochaine destination sportive, mais reste actif dans le monde du football en dehors des terrains.<\/p>\n<p>D'apr\u00e8s des rapports r\u00e9cents, Ramos aurait manifest\u00e9 son int\u00e9r\u00eat pour l'acquisition d'une participation majoritaire dans un club espagnol de premi\u00e8re division, une d\u00e9marche qui le verrait passer du statut de joueur \u00e0 celui d'actionnaire influent. Cette r\u00e9v\u00e9lation ajoute une nouvelle dimension \u00e0 ses projets de carri\u00e8re post-Real Madrid, refl\u00e9tant ses ambitions au-del\u00e0 de sa seule carri\u00e8re de joueur.<\/p>\n<p>La recherche d'un nouveau club par Ramos se poursuit parall\u00e8lement \u00e0 ces discussions de reprise. Depuis son d\u00e9part du PSG \u00e0 l'expiration de son contrat en juin 2023, plusieurs \u00e9quipes de Liga ont \u00e9t\u00e9 associ\u00e9es au d\u00e9fenseur exp\u00e9riment\u00e9, mais aucune annonce officielle n'a \u00e9t\u00e9 faite. Son d\u00e9sir de rester en Espagne demeure clair, et tout transfert potentiel viserait vraisemblablement \u00e0 maintenir sa pr\u00e9sence en Liga.<\/p>\n<p>Tout en \u00e9valuant les offres, Ramos n'a pas ferm\u00e9 la porte \u00e0 la possibilit\u00e9 de poursuivre sa carri\u00e8re de joueur. Son leadership et ses qualit\u00e9s d\u00e9fensives, \u00e9prouv\u00e9s au fil des ann\u00e9es tant en club qu'en \u00e9quipe nationale, en font un atout pr\u00e9cieux pour les \u00e9quipes souhaitant renforcer leur d\u00e9fense.<\/p>\n<p>L'examen d'une reprise souligne le r\u00f4le \u00e9volutif de Ramos dans le football et sugg\u00e8re qu'il se pr\u00e9pare \u00e0 un avenir \u00e0 long terme dans le sport, alliant son expertise sur le terrain \u00e0 ses ambitions commerciales en dehors. Reste \u00e0 voir si cette d\u00e9marche se concr\u00e9tisera parall\u00e8lement \u00e0 sa carri\u00e8re de joueur ou \u00e0 un stade ult\u00e9rieur.<\/p>\n<p>Pour l'instant, Sergio Ramos reste l'un des agents libres les plus en vue de Liga, \u00e9quilibrant de potentiels nouveaux contrats avec un int\u00e9r\u00eat strat\u00e9gique pour la propri\u00e9t\u00e9 d'un club.<\/p>","protected":false},"excerpt":{"rendered":"<p>Sergio Ramos is reportedly exploring the possibility of taking over a major La Liga club, while still searching for a [&hellip;]<\/p>\n","protected":false},"author":3,"featured_media":1378,"comment_status":"","ping_status":"open","sticky":false,"template":"","format":"standard","meta":{"googlesitekit_rrm_CAow_uzEDA:productID":"","site-sidebar-layout":"default","site-content-layout":"","ast-site-content-layout":"default","site-content-style":"default","site-sidebar-style":"default","ast-global-header-display":"","ast-banner-title-visibility":"","ast-main-header-display":"","ast-hfb-above-header-display":"","ast-hfb-below-header-display":"","ast-hfb-mobile-header-display":"","site-post-title":"","ast-breadcrumbs-content":"","ast-featured-img":"","footer-sml-layout":"","ast-disable-related-posts":"","theme-transparent-header-meta":"","adv-header-id-meta":"","stick-header-meta":"","header-above-stick-meta":"","header-main-stick-meta":"","header-below-stick-meta":"","astra-migrate-meta-layouts":"default","ast-page-background-enabled":"default","ast-page-background-meta":{"desktop":{"background-color":"var(--ast-global-color-5)","background-image":"","background-repeat":"repeat","background-position":"center center","background-size":"auto","background-attachment":"scroll","background-type":"","background-media":"","overlay-type":"","overlay-color":"","overlay-opacity":"","overlay-gradient":""},"tablet":{"background-color":"","background-image":"","background-repeat":"repeat","background-position":"center center","background-size":"auto","background-attachment":"scroll","background-type":"","background-media":"","overlay-type":"","overlay-color":"","overlay-opacity":"","overlay-gradient":""},"mobile":{"background-color":"","background-image":"","background-repeat":"repeat","background-position":"center center","background-size":"auto","background-attachment":"scroll","background-type":"","background-media":"","overlay-type":"","overlay-color":"","overlay-opacity":"","overlay-gradient":""}},"ast-content-background-meta":{"desktop":{"background-color":"var(--ast-global-color-4)","background-image":"","background-repeat":"repeat","background-position":"center center","background-size":"auto","background-attachment":"scroll","background-type":"","background-media":"","overlay-type":"","overlay-color":"","overlay-opacity":"","overlay-gradient":""},"tablet":{"background-color":"var(--ast-global-color-4)","background-image":"","background-repeat":"repeat","background-position":"center center","background-size":"auto","background-attachment":"scroll","background-type":"","background-media":"","overlay-type":"","overlay-color":"","overlay-opacity":"","overlay-gradient":""},"mobile":{"background-color":"var(--ast-global-color-4)","background-image":"","background-repeat":"repeat","background-position":"center center","background-size":"auto","background-attachment":"scroll","background-type":"","background-media":"","overlay-type":"","overlay-color":"","overlay-opacity":"","overlay-gradient":""}},"footnotes":""},"categories":[20,1],"tags":[],"class_list":["post-1379","post","type-post","status-publish","format-standard","has-post-thumbnail","hentry","category-international","category-football-latest-news"],"yoast_head":"<!-- This site is optimized with the Yoast SEO Premium plugin v26.6 (Yoast SEO v27.5) - https:\/\/yoast.com\/product\/yoast-seo-premium-wordpress\/ -->\n<title>Sergio Ramos eyes takeover of La Liga giants as free agent - Bladna News<\/title>\n<meta name=\"robots\" content=\"index, follow, max-snippet:-1, max-image-preview:large, max-video-preview:-1\" \/>\n<link rel=\"canonical\" href=\"https:\/\/bladnanews.com\/fr\/sergio-ramos-envisage-une-prise-de-controle-des-geants-de-la-liga-en-tant-quagent-libre\/\" \/>\n<meta property=\"og:locale\" content=\"fr_FR\" \/>\n<meta property=\"og:type\" content=\"article\" \/>\n<meta property=\"og:title\" content=\"Sergio Ramos eyes takeover of La Liga giants as free agent\" \/>\n<meta property=\"og:description\" content=\"Sergio Ramos is reportedly exploring the possibility of taking over a major La Liga club, while still searching for a [&hellip;]\" \/>\n<meta property=\"og:url\" content=\"https:\/\/bladnanews.com\/fr\/sergio-ramos-envisage-une-prise-de-controle-des-geants-de-la-liga-en-tant-quagent-libre\/\" \/>\n<meta property=\"og:site_name\" content=\"Bladna News\" \/>\n<meta property=\"article:published_time\" content=\"2026-01-02T11:43:51+00:00\" \/>\n<meta property=\"og:image\" content=\"https:\/\/bladnanews.com\/wp-content\/uploads\/2026\/01\/BladnaNews-Sergio-Ramos-eyes-takeover-of-La-Liga-giants-as-free-agent-2026-01-02T135111.326Z.jpg\" \/>\n\t<meta property=\"og:image:width\" content=\"1600\" \/>\n\t<meta property=\"og:image:height\" content=\"900\" \/>\n\t<meta property=\"og:image:type\" content=\"image\/jpeg\" \/>\n<meta name=\"author\" content=\"Bladna News Staff\" \/>\n<meta name=\"twitter:card\" content=\"summary_large_image\" \/>\n<meta name=\"twitter:label1\" content=\"\u00c9crit par\" \/>\n\t<meta name=\"twitter:data1\" content=\"Bladna News Staff\" \/>\n\t<meta name=\"twitter:label2\" content=\"Dur\u00e9e de lecture estim\u00e9e\" \/>\n\t<meta name=\"twitter:data2\" content=\"1 minute\" \/>\n<script type=\"application\/ld+json\" class=\"yoast-schema-graph\">{\"@context\":\"https:\\\/\\\/schema.org\",\"@graph\":[{\"@type\":\"Article\",\"@id\":\"https:\\\/\\\/bladnanews.com\\\/sergio-ramos-eyes-takeover-of-la-liga-giants-as-free-agent\\\/#article\",\"isPartOf\":{\"@id\":\"https:\\\/\\\/bladnanews.com\\\/sergio-ramos-eyes-takeover-of-la-liga-giants-as-free-agent\\\/\"},\"author\":{\"name\":\"Bladna News Staff\",\"@id\":\"https:\\\/\\\/mediumseagreen-eel-531711.hostingersite.com\\\/#\\\/schema\\\/person\\\/268e18a453ab080ebf76df6ef7845083\"},\"headline\":\"Sergio Ramos eyes takeover of La Liga giants as free agent\",\"datePublished\":\"2026-01-02T11:43:51+00:00\",\"mainEntityOfPage\":{\"@id\":\"https:\\\/\\\/bladnanews.com\\\/sergio-ramos-eyes-takeover-of-la-liga-giants-as-free-agent\\\/\"},\"wordCount\":298,\"publisher\":{\"@id\":\"https:\\\/\\\/mediumseagreen-eel-531711.hostingersite.com\\\/#organization\"},\"image\":{\"@id\":\"https:\\\/\\\/bladnanews.com\\\/sergio-ramos-eyes-takeover-of-la-liga-giants-as-free-agent\\\/#primaryimage\"},\"thumbnailUrl\":\"https:\\\/\\\/bladnanews.com\\\/wp-content\\\/uploads\\\/2026\\\/01\\\/BladnaNews-Sergio-Ramos-eyes-takeover-of-La-Liga-giants-as-free-agent-2026-01-02T135111.326Z.jpg\",\"articleSection\":[\"International\",\"Latest News\"],\"inLanguage\":\"fr-FR\",\"copyrightYear\":\"2026\",\"copyrightHolder\":{\"@id\":\"https:\\\/\\\/bladnanews.com\\\/fr\\\/#organization\"}},{\"@type\":\"WebPage\",\"@id\":\"https:\\\/\\\/bladnanews.com\\\/sergio-ramos-eyes-takeover-of-la-liga-giants-as-free-agent\\\/\",\"url\":\"https:\\\/\\\/bladnanews.com\\\/sergio-ramos-eyes-takeover-of-la-liga-giants-as-free-agent\\\/\",\"name\":\"Sergio Ramos eyes takeover of La Liga giants as free agent - Bladna News\",\"isPartOf\":{\"@id\":\"https:\\\/\\\/mediumseagreen-eel-531711.hostingersite.com\\\/#website\"},\"primaryImageOfPage\":{\"@id\":\"https:\\\/\\\/bladnanews.com\\\/sergio-ramos-eyes-takeover-of-la-liga-giants-as-free-agent\\\/#primaryimage\"},\"image\":{\"@id\":\"https:\\\/\\\/bladnanews.com\\\/sergio-ramos-eyes-takeover-of-la-liga-giants-as-free-agent\\\/#primaryimage\"},\"thumbnailUrl\":\"https:\\\/\\\/bladnanews.com\\\/wp-content\\\/uploads\\\/2026\\\/01\\\/BladnaNews-Sergio-Ramos-eyes-takeover-of-La-Liga-giants-as-free-agent-2026-01-02T135111.326Z.jpg\",\"datePublished\":\"2026-01-02T11:43:51+00:00\",\"breadcrumb\":{\"@id\":\"https:\\\/\\\/bladnanews.com\\\/sergio-ramos-eyes-takeover-of-la-liga-giants-as-free-agent\\\/#breadcrumb\"},\"inLanguage\":\"fr-FR\",\"potentialAction\":[{\"@type\":\"ReadAction\",\"target\":[\"https:\\\/\\\/bladnanews.com\\\/sergio-ramos-eyes-takeover-of-la-liga-giants-as-free-agent\\\/\"]}]},{\"@type\":\"ImageObject\",\"inLanguage\":\"fr-FR\",\"@id\":\"https:\\\/\\\/bladnanews.com\\\/sergio-ramos-eyes-takeover-of-la-liga-giants-as-free-agent\\\/#primaryimage\",\"url\":\"https:\\\/\\\/bladnanews.com\\\/wp-content\\\/uploads\\\/2026\\\/01\\\/BladnaNews-Sergio-Ramos-eyes-takeover-of-La-Liga-giants-as-free-agent-2026-01-02T135111.326Z.jpg\",\"contentUrl\":\"https:\\\/\\\/bladnanews.com\\\/wp-content\\\/uploads\\\/2026\\\/01\\\/BladnaNews-Sergio-Ramos-eyes-takeover-of-La-Liga-giants-as-free-agent-2026-01-02T135111.326Z.jpg\",\"width\":1600,\"height\":900,\"caption\":\"Sergio Ramos in a black and white football kit, with visible tattoos, focused expression, standing amid a blurred stadium backdrop.\"},{\"@type\":\"BreadcrumbList\",\"@id\":\"https:\\\/\\\/bladnanews.com\\\/sergio-ramos-eyes-takeover-of-la-liga-giants-as-free-agent\\\/#breadcrumb\",\"itemListElement\":[{\"@type\":\"ListItem\",\"position\":1,\"name\":\"Home\",\"item\":\"https:\\\/\\\/bladnanews.com\\\/\"},{\"@type\":\"ListItem\",\"position\":2,\"name\":\"Sergio Ramos eyes takeover of La Liga giants as free agent\"}]},{\"@type\":\"WebSite\",\"@id\":\"https:\\\/\\\/mediumseagreen-eel-531711.hostingersite.com\\\/#website\",\"url\":\"https:\\\/\\\/mediumseagreen-eel-531711.hostingersite.com\\\/\",\"name\":\"Bladna News - Morocco\",\"description\":\"Where Moroccan Football Meets the World\",\"publisher\":{\"@id\":\"https:\\\/\\\/mediumseagreen-eel-531711.hostingersite.com\\\/#organization\"},\"potentialAction\":[{\"@type\":\"SearchAction\",\"target\":{\"@type\":\"EntryPoint\",\"urlTemplate\":\"https:\\\/\\\/mediumseagreen-eel-531711.hostingersite.com\\\/?s={search_term_string}\"},\"query-input\":{\"@type\":\"PropertyValueSpecification\",\"valueRequired\":true,\"valueName\":\"search_term_string\"}}],\"inLanguage\":\"fr-FR\"},{\"@type\":\"Organization\",\"@id\":\"https:\\\/\\\/mediumseagreen-eel-531711.hostingersite.com\\\/#organization\",\"name\":\"Bladna News.com\",\"url\":\"https:\\\/\\\/mediumseagreen-eel-531711.hostingersite.com\\\/\",\"logo\":{\"@type\":\"ImageObject\",\"inLanguage\":\"fr-FR\",\"@id\":\"https:\\\/\\\/mediumseagreen-eel-531711.hostingersite.com\\\/#\\\/schema\\\/logo\\\/image\\\/\",\"url\":\"https:\\\/\\\/bladnanews.com\\\/wp-content\\\/uploads\\\/2025\\\/12\\\/logo-bladnanews-V2-web-black-red.png\",\"contentUrl\":\"https:\\\/\\\/bladnanews.com\\\/wp-content\\\/uploads\\\/2025\\\/12\\\/logo-bladnanews-V2-web-black-red.png\",\"width\":703,\"height\":287,\"caption\":\"Bladna News.com\"},\"image\":{\"@id\":\"https:\\\/\\\/mediumseagreen-eel-531711.hostingersite.com\\\/#\\\/schema\\\/logo\\\/image\\\/\"},\"email\":\"info@bladnanews.com\",\"legalName\":\"Bladna News\"},{\"@type\":\"Person\",\"@id\":\"https:\\\/\\\/mediumseagreen-eel-531711.hostingersite.com\\\/#\\\/schema\\\/person\\\/268e18a453ab080ebf76df6ef7845083\",\"name\":\"Bladna News Staff\",\"url\":\"https:\\\/\\\/bladnanews.com\\\/fr\\\/author\\\/bladna-news-staff\\\/\"}]}<\/script>\n<!-- \/ Yoast SEO Premium plugin. -->","yoast_head_json":{"title":"Sergio Ramos vise la reprise d'un g\u00e9ant de la Liga en tant qu'agent libre - Bladna News","robots":{"index":"index","follow":"follow","max-snippet":"max-snippet:-1","max-image-preview":"max-image-preview:large","max-video-preview":"max-video-preview:-1"},"canonical":"https:\/\/bladnanews.com\/fr\/sergio-ramos-envisage-une-prise-de-controle-des-geants-de-la-liga-en-tant-quagent-libre\/","og_locale":"fr_FR","og_type":"article","og_title":"Sergio Ramos eyes takeover of La Liga giants as free agent","og_description":"Sergio Ramos is reportedly exploring the possibility of taking over a major La Liga club, while still searching for a [&hellip;]","og_url":"https:\/\/bladnanews.com\/fr\/sergio-ramos-envisage-une-prise-de-controle-des-geants-de-la-liga-en-tant-quagent-libre\/","og_site_name":"Bladna News","article_published_time":"2026-01-02T11:43:51+00:00","og_image":[{"width":1600,"height":900,"url":"https:\/\/bladnanews.com\/wp-content\/uploads\/2026\/01\/BladnaNews-Sergio-Ramos-eyes-takeover-of-La-Liga-giants-as-free-agent-2026-01-02T135111.326Z.jpg","type":"image\/jpeg"}],"author":"Bladna News Staff","twitter_card":"summary_large_image","twitter_misc":{"\u00c9crit par":"Bladna News Staff","Dur\u00e9e de lecture estim\u00e9e":"1 minute"},"schema":{"@context":"https:\/\/schema.org","@graph":[{"@type":"Article","@id":"https:\/\/bladnanews.com\/sergio-ramos-eyes-takeover-of-la-liga-giants-as-free-agent\/#article","isPartOf":{"@id":"https:\/\/bladnanews.com\/sergio-ramos-eyes-takeover-of-la-liga-giants-as-free-agent\/"},"author":{"name":"Bladna News Staff","@id":"https:\/\/mediumseagreen-eel-531711.hostingersite.com\/#\/schema\/person\/268e18a453ab080ebf76df6ef7845083"},"headline":"Sergio Ramos eyes takeover of La Liga giants as free agent","datePublished":"2026-01-02T11:43:51+00:00","mainEntityOfPage":{"@id":"https:\/\/bladnanews.com\/sergio-ramos-eyes-takeover-of-la-liga-giants-as-free-agent\/"},"wordCount":298,"publisher":{"@id":"https:\/\/mediumseagreen-eel-531711.hostingersite.com\/#organization"},"image":{"@id":"https:\/\/bladnanews.com\/sergio-ramos-eyes-takeover-of-la-liga-giants-as-free-agent\/#primaryimage"},"thumbnailUrl":"https:\/\/bladnanews.com\/wp-content\/uploads\/2026\/01\/BladnaNews-Sergio-Ramos-eyes-takeover-of-La-Liga-giants-as-free-agent-2026-01-02T135111.326Z.jpg","articleSection":["International","Latest News"],"inLanguage":"fr-FR","copyrightYear":"2026","copyrightHolder":{"@id":"https:\/\/bladnanews.com\/fr\/#organization"}},{"@type":"WebPage","@id":"https:\/\/bladnanews.com\/sergio-ramos-eyes-takeover-of-la-liga-giants-as-free-agent\/","url":"https:\/\/bladnanews.com\/sergio-ramos-eyes-takeover-of-la-liga-giants-as-free-agent\/","name":"Sergio Ramos vise la reprise d'un g\u00e9ant de la Liga en tant qu'agent libre - Bladna News","isPartOf":{"@id":"https:\/\/mediumseagreen-eel-531711.hostingersite.com\/#website"},"primaryImageOfPage":{"@id":"https:\/\/bladnanews.com\/sergio-ramos-eyes-takeover-of-la-liga-giants-as-free-agent\/#primaryimage"},"image":{"@id":"https:\/\/bladnanews.com\/sergio-ramos-eyes-takeover-of-la-liga-giants-as-free-agent\/#primaryimage"},"thumbnailUrl":"https:\/\/bladnanews.com\/wp-content\/uploads\/2026\/01\/BladnaNews-Sergio-Ramos-eyes-takeover-of-La-Liga-giants-as-free-agent-2026-01-02T135111.326Z.jpg","datePublished":"2026-01-02T11:43:51+00:00","breadcrumb":{"@id":"https:\/\/bladnanews.com\/sergio-ramos-eyes-takeover-of-la-liga-giants-as-free-agent\/#breadcrumb"},"inLanguage":"fr-FR","potentialAction":[{"@type":"ReadAction","target":["https:\/\/bladnanews.com\/sergio-ramos-eyes-takeover-of-la-liga-giants-as-free-agent\/"]}]},{"@type":"ImageObject","inLanguage":"fr-FR","@id":"https:\/\/bladnanews.com\/sergio-ramos-eyes-takeover-of-la-liga-giants-as-free-agent\/#primaryimage","url":"https:\/\/bladnanews.com\/wp-content\/uploads\/2026\/01\/BladnaNews-Sergio-Ramos-eyes-takeover-of-La-Liga-giants-as-free-agent-2026-01-02T135111.326Z.jpg","contentUrl":"https:\/\/bladnanews.com\/wp-content\/uploads\/2026\/01\/BladnaNews-Sergio-Ramos-eyes-takeover-of-La-Liga-giants-as-free-agent-2026-01-02T135111.326Z.jpg","width":1600,"height":900,"caption":"Sergio Ramos in a black and white football kit, with visible tattoos, focused expression, standing amid a blurred stadium backdrop."},{"@type":"BreadcrumbList","@id":"https:\/\/bladnanews.com\/sergio-ramos-eyes-takeover-of-la-liga-giants-as-free-agent\/#breadcrumb","itemListElement":[{"@type":"ListItem","position":1,"name":"Home","item":"https:\/\/bladnanews.com\/"},{"@type":"ListItem","position":2,"name":"Sergio Ramos eyes takeover of La Liga giants as free agent"}]},{"@type":"WebSite","@id":"https:\/\/mediumseagreen-eel-531711.hostingersite.com\/#website","url":"https:\/\/mediumseagreen-eel-531711.hostingersite.com\/","name":"Bladna News - Maroc","description":"Quand le football marocain rencontre le monde","publisher":{"@id":"https:\/\/mediumseagreen-eel-531711.hostingersite.com\/#organization"},"potentialAction":[{"@type":"SearchAction","target":{"@type":"EntryPoint","urlTemplate":"https:\/\/mediumseagreen-eel-531711.hostingersite.com\/?s={search_term_string}"},"query-input":{"@type":"PropertyValueSpecification","valueRequired":true,"valueName":"search_term_string"}}],"inLanguage":"fr-FR"},{"@type":"Organization","@id":"https:\/\/mediumseagreen-eel-531711.hostingersite.com\/#organization","name":"Bladna News.com","url":"https:\/\/mediumseagreen-eel-531711.hostingersite.com\/","logo":{"@type":"ImageObject","inLanguage":"fr-FR","@id":"https:\/\/mediumseagreen-eel-531711.hostingersite.com\/#\/schema\/logo\/image\/","url":"https:\/\/bladnanews.com\/wp-content\/uploads\/2025\/12\/logo-bladnanews-V2-web-black-red.png","contentUrl":"https:\/\/bladnanews.com\/wp-content\/uploads\/2025\/12\/logo-bladnanews-V2-web-black-red.png","width":703,"height":287,"caption":"Bladna News.com"},"image":{"@id":"https:\/\/mediumseagreen-eel-531711.hostingersite.com\/#\/schema\/logo\/image\/"},"email":"info@bladnanews.com","legalName":"Bladna News"},{"@type":"Person","@id":"https:\/\/mediumseagreen-eel-531711.hostingersite.com\/#\/schema\/person\/268e18a453ab080ebf76df6ef7845083","name":"\u00c9quipe r\u00e9dactionnelle de Bladna News","url":"https:\/\/bladnanews.com\/fr\/author\/bladna-news-staff\/"}]}},"_links":{"self":[{"href":"https:\/\/bladnanews.com\/fr\/wp-json\/wp\/v2\/posts\/1379","targetHints":{"allow":["GET"]}}],"collection":[{"href":"https:\/\/bladnanews.com\/fr\/wp-json\/wp\/v2\/posts"}],"about":[{"href":"https:\/\/bladnanews.com\/fr\/wp-json\/wp\/v2\/types\/post"}],"author":[{"embeddable":true,"href":"https:\/\/bladnanews.com\/fr\/wp-json\/wp\/v2\/users\/3"}],"replies":[{"embeddable":true,"href":"https:\/\/bladnanews.com\/fr\/wp-json\/wp\/v2\/comments?post=1379"}],"version-history":[{"count":0,"href":"https:\/\/bladnanews.com\/fr\/wp-json\/wp\/v2\/posts\/1379\/revisions"}],"wp:featuredmedia":[{"embeddable":true,"href":"https:\/\/bladnanews.com\/fr\/wp-json\/wp\/v2\/media\/1378"}],"wp:attachment":[{"href":"https:\/\/bladnanews.com\/fr\/wp-json\/wp\/v2\/media?parent=1379"}],"wp:term":[{"taxonomy":"category","embeddable":true,"href":"https:\/\/bladnanews.com\/fr\/wp-json\/wp\/v2\/categories?post=1379"},{"taxonomy":"post_tag","embeddable":true,"href":"https:\/\/bladnanews.com\/fr\/wp-json\/wp\/v2\/tags?post=1379"}],"curies":[{"name":"wp","href":"https:\/\/api.w.org\/{rel}","templated":true}]}}