{"id":1389,"date":"2026-01-02T13:57:45","date_gmt":"2026-01-02T13:57:45","guid":{"rendered":"https:\/\/bladnanews.com\/masawis-tragic-accident-shocks-wydad-star-before-burkina-faso-match\/"},"modified":"2026-01-02T13:57:45","modified_gmt":"2026-01-02T13:57:45","slug":"le-tragique-accident-de-masawi-choque-la-star-du-wydad-avant-le-match-contre-le-burkina-faso","status":"publish","type":"post","link":"https:\/\/bladnanews.com\/fr\/le-tragique-accident-de-masawi-choque-la-star-du-wydad-avant-le-match-contre-le-burkina-faso\/","title":{"rendered":"Le tragique accident de M\u0101sawi choque la star du Wydad avant le match contre le Burkina Faso"},"content":{"rendered":"<p>Un tragique accident frappe l'international marocain <strong>Yahya Attiat-Allah<\/strong> quelques jours seulement avant que les Lions de l'Atlas ne fassent face <strong>2,5 millions de dollars<\/strong> et <strong>C\u00f4te d'Ivoire<\/strong> \u00e0 la prochaine fen\u00eatre internationale.<\/p>\n<p>Le <strong>Wydad Casablanca<\/strong> La star a r\u00e9v\u00e9l\u00e9 que sa m\u00e8re est d\u00e9c\u00e9d\u00e9e suite \u00e0 un accident de la route, une nouvelle qui a choqu\u00e9 l'entourage du joueur et la communaut\u00e9 footballistique marocaine.<\/p>\n<p>Attiat-Allah a partag\u00e9 cette d\u00e9chirante mise \u00e0 jour via son compte officiel sur les r\u00e9seaux sociaux, confirmant le d\u00e9c\u00e8s et recevant une vague de condol\u00e9ances de la part des supporters, co\u00e9quipiers et coll\u00e8gues professionnels.<\/p>\n<p>Ce triste d\u00e9veloppement survient \u00e0 un moment sensible, alors que le Maroc se pr\u00e9pare pour ses prochains tests contre le Burkina Faso et la C\u00f4te d'Ivoire, Attiat-Allah figurant r\u00e9guli\u00e8rement parmi les convocations de l'\u00e9quipe nationale.<\/p>\n<p>Les messages de soutien continuent d'affluer pour le lat\u00e9ral gauche, tandis que lui et sa famille font leur deuil.<\/p>","protected":false},"excerpt":{"rendered":"<p>A tragic accident has hit Morocco international Yahya Attiat-Allah just days before the Atlas Lions face Burkina Faso and C\u00f4te [&hellip;]<\/p>\n","protected":false},"author":4,"featured_media":1388,"comment_status":"","ping_status":"open","sticky":false,"template":"","format":"standard","meta":{"googlesitekit_rrm_CAow_uzEDA:productID":"","site-sidebar-layout":"default","site-content-layout":"","ast-site-content-layout":"default","site-content-style":"default","site-sidebar-style":"default","ast-global-header-display":"","ast-banner-title-visibility":"","ast-main-header-display":"","ast-hfb-above-header-display":"","ast-hfb-below-header-display":"","ast-hfb-mobile-header-display":"","site-post-title":"","ast-breadcrumbs-content":"","ast-featured-img":"","footer-sml-layout":"","ast-disable-related-posts":"","theme-transparent-header-meta":"","adv-header-id-meta":"","stick-header-meta":"","header-above-stick-meta":"","header-main-stick-meta":"","header-below-stick-meta":"","astra-migrate-meta-layouts":"default","ast-page-background-enabled":"default","ast-page-background-meta":{"desktop":{"background-color":"var(--ast-global-color-5)","background-image":"","background-repeat":"repeat","background-position":"center center","background-size":"auto","background-attachment":"scroll","background-type":"","background-media":"","overlay-type":"","overlay-color":"","overlay-opacity":"","overlay-gradient":""},"tablet":{"background-color":"","background-image":"","background-repeat":"repeat","background-position":"center center","background-size":"auto","background-attachment":"scroll","background-type":"","background-media":"","overlay-type":"","overlay-color":"","overlay-opacity":"","overlay-gradient":""},"mobile":{"background-color":"","background-image":"","background-repeat":"repeat","background-position":"center center","background-size":"auto","background-attachment":"scroll","background-type":"","background-media":"","overlay-type":"","overlay-color":"","overlay-opacity":"","overlay-gradient":""}},"ast-content-background-meta":{"desktop":{"background-color":"var(--ast-global-color-4)","background-image":"","background-repeat":"repeat","background-position":"center center","background-size":"auto","background-attachment":"scroll","background-type":"","background-media":"","overlay-type":"","overlay-color":"","overlay-opacity":"","overlay-gradient":""},"tablet":{"background-color":"var(--ast-global-color-4)","background-image":"","background-repeat":"repeat","background-position":"center center","background-size":"auto","background-attachment":"scroll","background-type":"","background-media":"","overlay-type":"","overlay-color":"","overlay-opacity":"","overlay-gradient":""},"mobile":{"background-color":"var(--ast-global-color-4)","background-image":"","background-repeat":"repeat","background-position":"center center","background-size":"auto","background-attachment":"scroll","background-type":"","background-media":"","overlay-type":"","overlay-color":"","overlay-opacity":"","overlay-gradient":""}},"footnotes":""},"categories":[1,168],"tags":[],"class_list":["post-1389","post","type-post","status-publish","format-standard","has-post-thumbnail","hentry","category-football-latest-news","category-morocco-national-team"],"yoast_head":"<!-- This site is optimized with the Yoast SEO Premium plugin v26.6 (Yoast SEO v27.5) - https:\/\/yoast.com\/product\/yoast-seo-premium-wordpress\/ -->\n<title>M\u0101sawi&#039;s tragic accident shocks Wydad star before Burkina Faso match - Bladna News<\/title>\n<meta name=\"robots\" content=\"index, follow, max-snippet:-1, max-image-preview:large, max-video-preview:-1\" \/>\n<link rel=\"canonical\" href=\"https:\/\/mediumseagreen-eel-531711.hostingersite.com\/masawis-tragic-accident-shocks-wydad-star-before-burkina-faso-match\/\" \/>\n<meta property=\"og:locale\" content=\"fr_FR\" \/>\n<meta property=\"og:type\" content=\"article\" \/>\n<meta property=\"og:title\" content=\"M\u0101sawi&#039;s tragic accident shocks Wydad star before Burkina Faso match\" \/>\n<meta property=\"og:description\" content=\"A tragic accident has hit Morocco international Yahya Attiat-Allah just days before the Atlas Lions face Burkina Faso and C\u00f4te [&hellip;]\" \/>\n<meta property=\"og:url\" content=\"https:\/\/mediumseagreen-eel-531711.hostingersite.com\/masawis-tragic-accident-shocks-wydad-star-before-burkina-faso-match\/\" \/>\n<meta property=\"og:site_name\" content=\"Bladna News\" \/>\n<meta property=\"article:published_time\" content=\"2026-01-02T13:57:45+00:00\" \/>\n<meta property=\"og:image\" content=\"https:\/\/res.cloudinary.com\/dmbhzmkw6\/images\/v1767514989\/Thembinkosi20Lorch20and20Aziz20Ki20Wydad20AC.jpg\/Thembinkosi20Lorch20and20Aziz20Ki20Wydad20AC.jpg.jpg?_i=AA\" \/>\n\t<meta property=\"og:image:width\" content=\"1920\" \/>\n\t<meta property=\"og:image:height\" content=\"1080\" \/>\n\t<meta property=\"og:image:type\" content=\"image\/jpeg\" \/>\n<meta name=\"author\" content=\"Bladna Sports Desk\" \/>\n<meta name=\"twitter:card\" content=\"summary_large_image\" \/>\n<meta name=\"twitter:label1\" content=\"\u00c9crit par\" \/>\n\t<meta name=\"twitter:data1\" content=\"Bladna Sports Desk\" \/>\n\t<meta name=\"twitter:label2\" content=\"Dur\u00e9e de lecture estim\u00e9e\" \/>\n\t<meta name=\"twitter:data2\" content=\"1 minute\" \/>\n<script type=\"application\/ld+json\" class=\"yoast-schema-graph\">{\"@context\":\"https:\\\/\\\/schema.org\",\"@graph\":[{\"@type\":\"Article\",\"@id\":\"https:\\\/\\\/mediumseagreen-eel-531711.hostingersite.com\\\/masawis-tragic-accident-shocks-wydad-star-before-burkina-faso-match\\\/#article\",\"isPartOf\":{\"@id\":\"https:\\\/\\\/mediumseagreen-eel-531711.hostingersite.com\\\/masawis-tragic-accident-shocks-wydad-star-before-burkina-faso-match\\\/\"},\"author\":{\"name\":\"Bladna Sports Desk\",\"@id\":\"https:\\\/\\\/mediumseagreen-eel-531711.hostingersite.com\\\/#\\\/schema\\\/person\\\/6712b38fabe810f7eb8d15ed30d90f1e\"},\"headline\":\"M\u0101sawi&#8217;s tragic accident shocks Wydad star before Burkina Faso match\",\"datePublished\":\"2026-01-02T13:57:45+00:00\",\"mainEntityOfPage\":{\"@id\":\"https:\\\/\\\/mediumseagreen-eel-531711.hostingersite.com\\\/masawis-tragic-accident-shocks-wydad-star-before-burkina-faso-match\\\/\"},\"wordCount\":147,\"publisher\":{\"@id\":\"https:\\\/\\\/mediumseagreen-eel-531711.hostingersite.com\\\/#organization\"},\"image\":{\"@id\":\"https:\\\/\\\/mediumseagreen-eel-531711.hostingersite.com\\\/masawis-tragic-accident-shocks-wydad-star-before-burkina-faso-match\\\/#primaryimage\"},\"thumbnailUrl\":\"https:\\\/\\\/bladnanews.com\\\/wp-content\\\/uploads\\\/2026\\\/01\\\/Thembinkosi20Lorch20and20Aziz20Ki20Wydad20AC.jpg.jpg\",\"articleSection\":[\"Latest News\",\"Morocco National Team\"],\"inLanguage\":\"fr-FR\",\"copyrightYear\":\"2026\",\"copyrightHolder\":{\"@id\":\"https:\\\/\\\/bladnanews.com\\\/fr\\\/#organization\"}},{\"@type\":\"WebPage\",\"@id\":\"https:\\\/\\\/mediumseagreen-eel-531711.hostingersite.com\\\/masawis-tragic-accident-shocks-wydad-star-before-burkina-faso-match\\\/\",\"url\":\"https:\\\/\\\/mediumseagreen-eel-531711.hostingersite.com\\\/masawis-tragic-accident-shocks-wydad-star-before-burkina-faso-match\\\/\",\"name\":\"M\u0101sawi's tragic accident shocks Wydad star before Burkina Faso match - Bladna News\",\"isPartOf\":{\"@id\":\"https:\\\/\\\/mediumseagreen-eel-531711.hostingersite.com\\\/#website\"},\"primaryImageOfPage\":{\"@id\":\"https:\\\/\\\/mediumseagreen-eel-531711.hostingersite.com\\\/masawis-tragic-accident-shocks-wydad-star-before-burkina-faso-match\\\/#primaryimage\"},\"image\":{\"@id\":\"https:\\\/\\\/mediumseagreen-eel-531711.hostingersite.com\\\/masawis-tragic-accident-shocks-wydad-star-before-burkina-faso-match\\\/#primaryimage\"},\"thumbnailUrl\":\"https:\\\/\\\/bladnanews.com\\\/wp-content\\\/uploads\\\/2026\\\/01\\\/Thembinkosi20Lorch20and20Aziz20Ki20Wydad20AC.jpg.jpg\",\"datePublished\":\"2026-01-02T13:57:45+00:00\",\"breadcrumb\":{\"@id\":\"https:\\\/\\\/mediumseagreen-eel-531711.hostingersite.com\\\/masawis-tragic-accident-shocks-wydad-star-before-burkina-faso-match\\\/#breadcrumb\"},\"inLanguage\":\"fr-FR\",\"potentialAction\":[{\"@type\":\"ReadAction\",\"target\":[\"https:\\\/\\\/mediumseagreen-eel-531711.hostingersite.com\\\/masawis-tragic-accident-shocks-wydad-star-before-burkina-faso-match\\\/\"]}]},{\"@type\":\"ImageObject\",\"inLanguage\":\"fr-FR\",\"@id\":\"https:\\\/\\\/mediumseagreen-eel-531711.hostingersite.com\\\/masawis-tragic-accident-shocks-wydad-star-before-burkina-faso-match\\\/#primaryimage\",\"url\":\"https:\\\/\\\/bladnanews.com\\\/wp-content\\\/uploads\\\/2026\\\/01\\\/Thembinkosi20Lorch20and20Aziz20Ki20Wydad20AC.jpg.jpg\",\"contentUrl\":\"https:\\\/\\\/bladnanews.com\\\/wp-content\\\/uploads\\\/2026\\\/01\\\/Thembinkosi20Lorch20and20Aziz20Ki20Wydad20AC.jpg.jpg\",\"width\":1600,\"height\":900,\"caption\":\"Thembinkosi Lorch and Aziz Ki celebrate in Wydad AC's vibrant red and black kit during a match, showcasing team spirit and determination.\"},{\"@type\":\"BreadcrumbList\",\"@id\":\"https:\\\/\\\/mediumseagreen-eel-531711.hostingersite.com\\\/masawis-tragic-accident-shocks-wydad-star-before-burkina-faso-match\\\/#breadcrumb\",\"itemListElement\":[{\"@type\":\"ListItem\",\"position\":1,\"name\":\"Home\",\"item\":\"https:\\\/\\\/bladnanews.com\\\/\"},{\"@type\":\"ListItem\",\"position\":2,\"name\":\"M\u0101sawi&#8217;s tragic accident shocks Wydad star before Burkina Faso match\"}]},{\"@type\":\"WebSite\",\"@id\":\"https:\\\/\\\/mediumseagreen-eel-531711.hostingersite.com\\\/#website\",\"url\":\"https:\\\/\\\/mediumseagreen-eel-531711.hostingersite.com\\\/\",\"name\":\"Bladna News - Morocco\",\"description\":\"Where Moroccan Football Meets the World\",\"publisher\":{\"@id\":\"https:\\\/\\\/mediumseagreen-eel-531711.hostingersite.com\\\/#organization\"},\"potentialAction\":[{\"@type\":\"SearchAction\",\"target\":{\"@type\":\"EntryPoint\",\"urlTemplate\":\"https:\\\/\\\/mediumseagreen-eel-531711.hostingersite.com\\\/?s={search_term_string}\"},\"query-input\":{\"@type\":\"PropertyValueSpecification\",\"valueRequired\":true,\"valueName\":\"search_term_string\"}}],\"inLanguage\":\"fr-FR\"},{\"@type\":\"Organization\",\"@id\":\"https:\\\/\\\/mediumseagreen-eel-531711.hostingersite.com\\\/#organization\",\"name\":\"Bladna News.com\",\"url\":\"https:\\\/\\\/mediumseagreen-eel-531711.hostingersite.com\\\/\",\"logo\":{\"@type\":\"ImageObject\",\"inLanguage\":\"fr-FR\",\"@id\":\"https:\\\/\\\/mediumseagreen-eel-531711.hostingersite.com\\\/#\\\/schema\\\/logo\\\/image\\\/\",\"url\":\"https:\\\/\\\/bladnanews.com\\\/wp-content\\\/uploads\\\/2025\\\/12\\\/logo-bladnanews-V2-web-black-red.png\",\"contentUrl\":\"https:\\\/\\\/bladnanews.com\\\/wp-content\\\/uploads\\\/2025\\\/12\\\/logo-bladnanews-V2-web-black-red.png\",\"width\":703,\"height\":287,\"caption\":\"Bladna News.com\"},\"image\":{\"@id\":\"https:\\\/\\\/mediumseagreen-eel-531711.hostingersite.com\\\/#\\\/schema\\\/logo\\\/image\\\/\"},\"email\":\"info@bladnanews.com\",\"legalName\":\"Bladna News\"},{\"@type\":\"Person\",\"@id\":\"https:\\\/\\\/mediumseagreen-eel-531711.hostingersite.com\\\/#\\\/schema\\\/person\\\/6712b38fabe810f7eb8d15ed30d90f1e\",\"name\":\"Bladna Sports Desk\",\"url\":\"https:\\\/\\\/bladnanews.com\\\/fr\\\/author\\\/bladna-sports-desk\\\/\"}]}<\/script>\n<!-- \/ Yoast SEO Premium plugin. -->","yoast_head_json":{"title":"L'accident tragique de M\u0101sawi choque la star du Wydad avant le match contre le Burkina Faso - Bladna News","robots":{"index":"index","follow":"follow","max-snippet":"max-snippet:-1","max-image-preview":"max-image-preview:large","max-video-preview":"max-video-preview:-1"},"canonical":"https:\/\/mediumseagreen-eel-531711.hostingersite.com\/masawis-tragic-accident-shocks-wydad-star-before-burkina-faso-match\/","og_locale":"fr_FR","og_type":"article","og_title":"M\u0101sawi's tragic accident shocks Wydad star before Burkina Faso match","og_description":"A tragic accident has hit Morocco international Yahya Attiat-Allah just days before the Atlas Lions face Burkina Faso and C\u00f4te [&hellip;]","og_url":"https:\/\/mediumseagreen-eel-531711.hostingersite.com\/masawis-tragic-accident-shocks-wydad-star-before-burkina-faso-match\/","og_site_name":"Bladna News","article_published_time":"2026-01-02T13:57:45+00:00","og_image":[{"width":1920,"height":1080,"url":"https:\/\/res.cloudinary.com\/dmbhzmkw6\/images\/v1767514989\/Thembinkosi20Lorch20and20Aziz20Ki20Wydad20AC.jpg\/Thembinkosi20Lorch20and20Aziz20Ki20Wydad20AC.jpg.jpg?_i=AA","type":"image\/jpeg"}],"author":"Bladna Sports Desk","twitter_card":"summary_large_image","twitter_misc":{"\u00c9crit par":"Bladna Sports Desk","Dur\u00e9e de lecture estim\u00e9e":"1 minute"},"schema":{"@context":"https:\/\/schema.org","@graph":[{"@type":"Article","@id":"https:\/\/mediumseagreen-eel-531711.hostingersite.com\/masawis-tragic-accident-shocks-wydad-star-before-burkina-faso-match\/#article","isPartOf":{"@id":"https:\/\/mediumseagreen-eel-531711.hostingersite.com\/masawis-tragic-accident-shocks-wydad-star-before-burkina-faso-match\/"},"author":{"name":"Bladna Sports Desk","@id":"https:\/\/mediumseagreen-eel-531711.hostingersite.com\/#\/schema\/person\/6712b38fabe810f7eb8d15ed30d90f1e"},"headline":"M\u0101sawi&#8217;s tragic accident shocks Wydad star before Burkina Faso match","datePublished":"2026-01-02T13:57:45+00:00","mainEntityOfPage":{"@id":"https:\/\/mediumseagreen-eel-531711.hostingersite.com\/masawis-tragic-accident-shocks-wydad-star-before-burkina-faso-match\/"},"wordCount":147,"publisher":{"@id":"https:\/\/mediumseagreen-eel-531711.hostingersite.com\/#organization"},"image":{"@id":"https:\/\/mediumseagreen-eel-531711.hostingersite.com\/masawis-tragic-accident-shocks-wydad-star-before-burkina-faso-match\/#primaryimage"},"thumbnailUrl":"https:\/\/bladnanews.com\/wp-content\/uploads\/2026\/01\/Thembinkosi20Lorch20and20Aziz20Ki20Wydad20AC.jpg.jpg","articleSection":["Latest News","Morocco National Team"],"inLanguage":"fr-FR","copyrightYear":"2026","copyrightHolder":{"@id":"https:\/\/bladnanews.com\/fr\/#organization"}},{"@type":"WebPage","@id":"https:\/\/mediumseagreen-eel-531711.hostingersite.com\/masawis-tragic-accident-shocks-wydad-star-before-burkina-faso-match\/","url":"https:\/\/mediumseagreen-eel-531711.hostingersite.com\/masawis-tragic-accident-shocks-wydad-star-before-burkina-faso-match\/","name":"L'accident tragique de M\u0101sawi choque la star du Wydad avant le match contre le Burkina Faso - Bladna News","isPartOf":{"@id":"https:\/\/mediumseagreen-eel-531711.hostingersite.com\/#website"},"primaryImageOfPage":{"@id":"https:\/\/mediumseagreen-eel-531711.hostingersite.com\/masawis-tragic-accident-shocks-wydad-star-before-burkina-faso-match\/#primaryimage"},"image":{"@id":"https:\/\/mediumseagreen-eel-531711.hostingersite.com\/masawis-tragic-accident-shocks-wydad-star-before-burkina-faso-match\/#primaryimage"},"thumbnailUrl":"https:\/\/bladnanews.com\/wp-content\/uploads\/2026\/01\/Thembinkosi20Lorch20and20Aziz20Ki20Wydad20AC.jpg.jpg","datePublished":"2026-01-02T13:57:45+00:00","breadcrumb":{"@id":"https:\/\/mediumseagreen-eel-531711.hostingersite.com\/masawis-tragic-accident-shocks-wydad-star-before-burkina-faso-match\/#breadcrumb"},"inLanguage":"fr-FR","potentialAction":[{"@type":"ReadAction","target":["https:\/\/mediumseagreen-eel-531711.hostingersite.com\/masawis-tragic-accident-shocks-wydad-star-before-burkina-faso-match\/"]}]},{"@type":"ImageObject","inLanguage":"fr-FR","@id":"https:\/\/mediumseagreen-eel-531711.hostingersite.com\/masawis-tragic-accident-shocks-wydad-star-before-burkina-faso-match\/#primaryimage","url":"https:\/\/bladnanews.com\/wp-content\/uploads\/2026\/01\/Thembinkosi20Lorch20and20Aziz20Ki20Wydad20AC.jpg.jpg","contentUrl":"https:\/\/bladnanews.com\/wp-content\/uploads\/2026\/01\/Thembinkosi20Lorch20and20Aziz20Ki20Wydad20AC.jpg.jpg","width":1600,"height":900,"caption":"Thembinkosi Lorch and Aziz Ki celebrate in Wydad AC's vibrant red and black kit during a match, showcasing team spirit and determination."},{"@type":"BreadcrumbList","@id":"https:\/\/mediumseagreen-eel-531711.hostingersite.com\/masawis-tragic-accident-shocks-wydad-star-before-burkina-faso-match\/#breadcrumb","itemListElement":[{"@type":"ListItem","position":1,"name":"Home","item":"https:\/\/bladnanews.com\/"},{"@type":"ListItem","position":2,"name":"M\u0101sawi&#8217;s tragic accident shocks Wydad star before Burkina Faso match"}]},{"@type":"WebSite","@id":"https:\/\/mediumseagreen-eel-531711.hostingersite.com\/#website","url":"https:\/\/mediumseagreen-eel-531711.hostingersite.com\/","name":"Bladna News - Maroc","description":"Quand le football marocain rencontre le monde","publisher":{"@id":"https:\/\/mediumseagreen-eel-531711.hostingersite.com\/#organization"},"potentialAction":[{"@type":"SearchAction","target":{"@type":"EntryPoint","urlTemplate":"https:\/\/mediumseagreen-eel-531711.hostingersite.com\/?s={search_term_string}"},"query-input":{"@type":"PropertyValueSpecification","valueRequired":true,"valueName":"search_term_string"}}],"inLanguage":"fr-FR"},{"@type":"Organization","@id":"https:\/\/mediumseagreen-eel-531711.hostingersite.com\/#organization","name":"Bladna News.com","url":"https:\/\/mediumseagreen-eel-531711.hostingersite.com\/","logo":{"@type":"ImageObject","inLanguage":"fr-FR","@id":"https:\/\/mediumseagreen-eel-531711.hostingersite.com\/#\/schema\/logo\/image\/","url":"https:\/\/bladnanews.com\/wp-content\/uploads\/2025\/12\/logo-bladnanews-V2-web-black-red.png","contentUrl":"https:\/\/bladnanews.com\/wp-content\/uploads\/2025\/12\/logo-bladnanews-V2-web-black-red.png","width":703,"height":287,"caption":"Bladna News.com"},"image":{"@id":"https:\/\/mediumseagreen-eel-531711.hostingersite.com\/#\/schema\/logo\/image\/"},"email":"info@bladnanews.com","legalName":"Bladna News"},{"@type":"Person","@id":"https:\/\/mediumseagreen-eel-531711.hostingersite.com\/#\/schema\/person\/6712b38fabe810f7eb8d15ed30d90f1e","name":"Bladna Sports Desk","url":"https:\/\/bladnanews.com\/fr\/author\/bladna-sports-desk\/"}]}},"_links":{"self":[{"href":"https:\/\/bladnanews.com\/fr\/wp-json\/wp\/v2\/posts\/1389","targetHints":{"allow":["GET"]}}],"collection":[{"href":"https:\/\/bladnanews.com\/fr\/wp-json\/wp\/v2\/posts"}],"about":[{"href":"https:\/\/bladnanews.com\/fr\/wp-json\/wp\/v2\/types\/post"}],"author":[{"embeddable":true,"href":"https:\/\/bladnanews.com\/fr\/wp-json\/wp\/v2\/users\/4"}],"replies":[{"embeddable":true,"href":"https:\/\/bladnanews.com\/fr\/wp-json\/wp\/v2\/comments?post=1389"}],"version-history":[{"count":0,"href":"https:\/\/bladnanews.com\/fr\/wp-json\/wp\/v2\/posts\/1389\/revisions"}],"wp:featuredmedia":[{"embeddable":true,"href":"https:\/\/bladnanews.com\/fr\/wp-json\/wp\/v2\/media\/1388"}],"wp:attachment":[{"href":"https:\/\/bladnanews.com\/fr\/wp-json\/wp\/v2\/media?parent=1389"}],"wp:term":[{"taxonomy":"category","embeddable":true,"href":"https:\/\/bladnanews.com\/fr\/wp-json\/wp\/v2\/categories?post=1389"},{"taxonomy":"post_tag","embeddable":true,"href":"https:\/\/bladnanews.com\/fr\/wp-json\/wp\/v2\/tags?post=1389"}],"curies":[{"name":"wp","href":"https:\/\/api.w.org\/{rel}","templated":true}]}}