{"id":1397,"date":"2026-01-02T11:52:41","date_gmt":"2026-01-02T11:52:41","guid":{"rendered":"https:\/\/bladnanews.com\/barcelona-uncertain-over-rashfords-future-amid-man-utd-concerns\/"},"modified":"2026-01-02T11:52:41","modified_gmt":"2026-01-02T11:52:41","slug":"barcelone-incertaine-quant-a-lavenir-de-rashford-face-aux-preoccupations-de-manchester-united","status":"publish","type":"post","link":"https:\/\/bladnanews.com\/fr\/barcelone-incertaine-quant-a-lavenir-de-rashford-face-aux-preoccupations-de-manchester-united\/","title":{"rendered":"Barcelone incertaine quant \u00e0 l'avenir de Rashford face aux pr\u00e9occupations de Manchester United"},"content":{"rendered":"<p>Barcelone demeure incertaine quant \u00e0 l'avenir de Marcus Rashford, actuellement pr\u00eat\u00e9 par Manchester United. Le club espagnol a indiqu\u00e9 que Rashford doit montrer des progr\u00e8s significatifs dans des domaines cl\u00e9s pour qu'une transfert permanent soit envisag\u00e9.<\/p>\n<p>Rashford, autrefois figure centrale \u00e0 Old Trafford, a eu des difficult\u00e9s \u00e0 s'assurer une place de titulaire dans l'effectif actuel de Manchester United, ce qui a conduit \u00e0 son pr\u00eat \u00e0 Barcelone. Malgr\u00e9 quelques \u00e9clairs de son talent, l'attaquant n'a pas encore pleinement convaincu la direction catalane de son ad\u00e9quation avec leurs projets \u00e0 long terme.<\/p>\n<p>Depuis son arriv\u00e9e \u00e0 Barcelone, Rashford a rencontr\u00e9 des d\u00e9fis pour s'adapter au syst\u00e8me et aux attentes de l'\u00e9quipe. Des sources au sein du club r\u00e9v\u00e8lent que, bien que son potentiel soit reconnu, Barcelone exige de Rashford qu'il am\u00e9liore sa r\u00e9gularit\u00e9 et son impact global sur le terrain avant d'envisager un transfert d\u00e9finitif.<\/p>\n<p>Manchester United a class\u00e9 Rashford comme un joueur marginalis\u00e9 sous le r\u00e9gime actuel, l'incitant soit \u00e0 retrouver son meilleur niveau, soit \u00e0 chercher des opportunit\u00e9s ailleurs. Son pr\u00eat \u00e0 Barcelone constitue une p\u00e9riode cruciale pour le joueur afin de prouver sa valeur.<\/p>\n<p>L'h\u00e9sitation de Barcelone refl\u00e8te une approche globalement prudente concernant les joueurs en pr\u00eat, en particulier ceux provenant de grands clubs de Premier League. Le staff technique du club continue de suivre de pr\u00e8s les performances de Rashford, en insistant sur l'am\u00e9lioration de sa prise de d\u00e9cision, de sa finition et de son influence g\u00e9n\u00e9rale pendant les matchs.<\/p>\n<p>Au fil de la saison, la capacit\u00e9 de Rashford \u00e0 r\u00e9pondre \u00e0 ces exigences jouera un r\u00f4le cl\u00e9 pour d\u00e9terminer si Barcelone poursuit un transfert permanent ou si le joueur retourne \u00e0 Manchester United, o\u00f9 il devra r\u00e9\u00e9valuer son r\u00f4le.<\/p>","protected":false},"excerpt":{"rendered":"<p>Barcelona remain uncertain about the future of Marcus Rashford, who is currently on loan from Manchester United. The Spanish club [&hellip;]<\/p>\n","protected":false},"author":3,"featured_media":1396,"comment_status":"","ping_status":"open","sticky":false,"template":"","format":"standard","meta":{"googlesitekit_rrm_CAow_uzEDA:productID":"","site-sidebar-layout":"default","site-content-layout":"","ast-site-content-layout":"default","site-content-style":"default","site-sidebar-style":"default","ast-global-header-display":"","ast-banner-title-visibility":"","ast-main-header-display":"","ast-hfb-above-header-display":"","ast-hfb-below-header-display":"","ast-hfb-mobile-header-display":"","site-post-title":"","ast-breadcrumbs-content":"","ast-featured-img":"","footer-sml-layout":"","ast-disable-related-posts":"","theme-transparent-header-meta":"","adv-header-id-meta":"","stick-header-meta":"","header-above-stick-meta":"","header-main-stick-meta":"","header-below-stick-meta":"","astra-migrate-meta-layouts":"default","ast-page-background-enabled":"default","ast-page-background-meta":{"desktop":{"background-color":"var(--ast-global-color-5)","background-image":"","background-repeat":"repeat","background-position":"center center","background-size":"auto","background-attachment":"scroll","background-type":"","background-media":"","overlay-type":"","overlay-color":"","overlay-opacity":"","overlay-gradient":""},"tablet":{"background-color":"","background-image":"","background-repeat":"repeat","background-position":"center center","background-size":"auto","background-attachment":"scroll","background-type":"","background-media":"","overlay-type":"","overlay-color":"","overlay-opacity":"","overlay-gradient":""},"mobile":{"background-color":"","background-image":"","background-repeat":"repeat","background-position":"center center","background-size":"auto","background-attachment":"scroll","background-type":"","background-media":"","overlay-type":"","overlay-color":"","overlay-opacity":"","overlay-gradient":""}},"ast-content-background-meta":{"desktop":{"background-color":"var(--ast-global-color-4)","background-image":"","background-repeat":"repeat","background-position":"center center","background-size":"auto","background-attachment":"scroll","background-type":"","background-media":"","overlay-type":"","overlay-color":"","overlay-opacity":"","overlay-gradient":""},"tablet":{"background-color":"var(--ast-global-color-4)","background-image":"","background-repeat":"repeat","background-position":"center center","background-size":"auto","background-attachment":"scroll","background-type":"","background-media":"","overlay-type":"","overlay-color":"","overlay-opacity":"","overlay-gradient":""},"mobile":{"background-color":"var(--ast-global-color-4)","background-image":"","background-repeat":"repeat","background-position":"center center","background-size":"auto","background-attachment":"scroll","background-type":"","background-media":"","overlay-type":"","overlay-color":"","overlay-opacity":"","overlay-gradient":""}},"footnotes":""},"categories":[20,1],"tags":[],"class_list":["post-1397","post","type-post","status-publish","format-standard","has-post-thumbnail","hentry","category-international","category-football-latest-news"],"yoast_head":"<!-- This site is optimized with the Yoast SEO Premium plugin v26.6 (Yoast SEO v27.5) - https:\/\/yoast.com\/product\/yoast-seo-premium-wordpress\/ -->\n<title>Barcelona uncertain over Rashford\u2019s future amid Man Utd concerns - Bladna News<\/title>\n<meta name=\"robots\" content=\"index, follow, max-snippet:-1, max-image-preview:large, max-video-preview:-1\" \/>\n<link rel=\"canonical\" href=\"https:\/\/bladnanews.com\/fr\/barcelone-incertaine-quant-a-lavenir-de-rashford-face-aux-preoccupations-de-manchester-united\/\" \/>\n<meta property=\"og:locale\" content=\"fr_FR\" \/>\n<meta property=\"og:type\" content=\"article\" \/>\n<meta property=\"og:title\" content=\"Barcelona uncertain over Rashford\u2019s future amid Man Utd concerns\" \/>\n<meta property=\"og:description\" content=\"Barcelona remain uncertain about the future of Marcus Rashford, who is currently on loan from Manchester United. The Spanish club [&hellip;]\" \/>\n<meta property=\"og:url\" content=\"https:\/\/bladnanews.com\/fr\/barcelone-incertaine-quant-a-lavenir-de-rashford-face-aux-preoccupations-de-manchester-united\/\" \/>\n<meta property=\"og:site_name\" content=\"Bladna News\" \/>\n<meta property=\"article:published_time\" content=\"2026-01-02T11:52:41+00:00\" \/>\n<meta property=\"og:image\" content=\"https:\/\/bladnanews.com\/wp-content\/uploads\/2026\/01\/BladnaNews-Barcelona-uncertain-over-Rashfords-future-amid-Man-Utd-concerns-2026-01-02T155032.335Z.jpg\" \/>\n\t<meta property=\"og:image:width\" content=\"1536\" \/>\n\t<meta property=\"og:image:height\" content=\"864\" \/>\n\t<meta property=\"og:image:type\" content=\"image\/jpeg\" \/>\n<meta name=\"author\" content=\"Bladna News Staff\" \/>\n<meta name=\"twitter:card\" content=\"summary_large_image\" \/>\n<meta name=\"twitter:label1\" content=\"\u00c9crit par\" \/>\n\t<meta name=\"twitter:data1\" content=\"Bladna News Staff\" \/>\n\t<meta name=\"twitter:label2\" content=\"Dur\u00e9e de lecture estim\u00e9e\" \/>\n\t<meta name=\"twitter:data2\" content=\"1 minute\" \/>\n<script type=\"application\/ld+json\" class=\"yoast-schema-graph\">{\"@context\":\"https:\\\/\\\/schema.org\",\"@graph\":[{\"@type\":\"Article\",\"@id\":\"https:\\\/\\\/bladnanews.com\\\/barcelona-uncertain-over-rashfords-future-amid-man-utd-concerns\\\/#article\",\"isPartOf\":{\"@id\":\"https:\\\/\\\/bladnanews.com\\\/barcelona-uncertain-over-rashfords-future-amid-man-utd-concerns\\\/\"},\"author\":{\"name\":\"Bladna News Staff\",\"@id\":\"https:\\\/\\\/mediumseagreen-eel-531711.hostingersite.com\\\/#\\\/schema\\\/person\\\/268e18a453ab080ebf76df6ef7845083\"},\"headline\":\"Barcelona uncertain over Rashford\u2019s future amid Man Utd concerns\",\"datePublished\":\"2026-01-02T11:52:41+00:00\",\"mainEntityOfPage\":{\"@id\":\"https:\\\/\\\/bladnanews.com\\\/barcelona-uncertain-over-rashfords-future-amid-man-utd-concerns\\\/\"},\"wordCount\":270,\"publisher\":{\"@id\":\"https:\\\/\\\/mediumseagreen-eel-531711.hostingersite.com\\\/#organization\"},\"image\":{\"@id\":\"https:\\\/\\\/bladnanews.com\\\/barcelona-uncertain-over-rashfords-future-amid-man-utd-concerns\\\/#primaryimage\"},\"thumbnailUrl\":\"https:\\\/\\\/bladnanews.com\\\/wp-content\\\/uploads\\\/2026\\\/01\\\/BladnaNews-Barcelona-uncertain-over-Rashfords-future-amid-Man-Utd-concerns-2026-01-02T155032.335Z.jpg\",\"articleSection\":[\"International\",\"Latest News\"],\"inLanguage\":\"fr-FR\",\"copyrightYear\":\"2026\",\"copyrightHolder\":{\"@id\":\"https:\\\/\\\/bladnanews.com\\\/fr\\\/#organization\"}},{\"@type\":\"WebPage\",\"@id\":\"https:\\\/\\\/bladnanews.com\\\/barcelona-uncertain-over-rashfords-future-amid-man-utd-concerns\\\/\",\"url\":\"https:\\\/\\\/bladnanews.com\\\/barcelona-uncertain-over-rashfords-future-amid-man-utd-concerns\\\/\",\"name\":\"Barcelona uncertain over Rashford\u2019s future amid Man Utd concerns - Bladna News\",\"isPartOf\":{\"@id\":\"https:\\\/\\\/mediumseagreen-eel-531711.hostingersite.com\\\/#website\"},\"primaryImageOfPage\":{\"@id\":\"https:\\\/\\\/bladnanews.com\\\/barcelona-uncertain-over-rashfords-future-amid-man-utd-concerns\\\/#primaryimage\"},\"image\":{\"@id\":\"https:\\\/\\\/bladnanews.com\\\/barcelona-uncertain-over-rashfords-future-amid-man-utd-concerns\\\/#primaryimage\"},\"thumbnailUrl\":\"https:\\\/\\\/bladnanews.com\\\/wp-content\\\/uploads\\\/2026\\\/01\\\/BladnaNews-Barcelona-uncertain-over-Rashfords-future-amid-Man-Utd-concerns-2026-01-02T155032.335Z.jpg\",\"datePublished\":\"2026-01-02T11:52:41+00:00\",\"breadcrumb\":{\"@id\":\"https:\\\/\\\/bladnanews.com\\\/barcelona-uncertain-over-rashfords-future-amid-man-utd-concerns\\\/#breadcrumb\"},\"inLanguage\":\"fr-FR\",\"potentialAction\":[{\"@type\":\"ReadAction\",\"target\":[\"https:\\\/\\\/bladnanews.com\\\/barcelona-uncertain-over-rashfords-future-amid-man-utd-concerns\\\/\"]}]},{\"@type\":\"ImageObject\",\"inLanguage\":\"fr-FR\",\"@id\":\"https:\\\/\\\/bladnanews.com\\\/barcelona-uncertain-over-rashfords-future-amid-man-utd-concerns\\\/#primaryimage\",\"url\":\"https:\\\/\\\/bladnanews.com\\\/wp-content\\\/uploads\\\/2026\\\/01\\\/BladnaNews-Barcelona-uncertain-over-Rashfords-future-amid-Man-Utd-concerns-2026-01-02T155032.335Z.jpg\",\"contentUrl\":\"https:\\\/\\\/bladnanews.com\\\/wp-content\\\/uploads\\\/2026\\\/01\\\/BladnaNews-Barcelona-uncertain-over-Rashfords-future-amid-Man-Utd-concerns-2026-01-02T155032.335Z.jpg\",\"width\":1536,\"height\":864,\"caption\":\"Marcus Rashford in a bright orange football kit, looking focused on the pitch during a match, with a blurred stadium background.\"},{\"@type\":\"BreadcrumbList\",\"@id\":\"https:\\\/\\\/bladnanews.com\\\/barcelona-uncertain-over-rashfords-future-amid-man-utd-concerns\\\/#breadcrumb\",\"itemListElement\":[{\"@type\":\"ListItem\",\"position\":1,\"name\":\"Home\",\"item\":\"https:\\\/\\\/bladnanews.com\\\/\"},{\"@type\":\"ListItem\",\"position\":2,\"name\":\"Barcelona uncertain over Rashford\u2019s future amid Man Utd concerns\"}]},{\"@type\":\"WebSite\",\"@id\":\"https:\\\/\\\/mediumseagreen-eel-531711.hostingersite.com\\\/#website\",\"url\":\"https:\\\/\\\/mediumseagreen-eel-531711.hostingersite.com\\\/\",\"name\":\"Bladna News - Morocco\",\"description\":\"Where Moroccan Football Meets the World\",\"publisher\":{\"@id\":\"https:\\\/\\\/mediumseagreen-eel-531711.hostingersite.com\\\/#organization\"},\"potentialAction\":[{\"@type\":\"SearchAction\",\"target\":{\"@type\":\"EntryPoint\",\"urlTemplate\":\"https:\\\/\\\/mediumseagreen-eel-531711.hostingersite.com\\\/?s={search_term_string}\"},\"query-input\":{\"@type\":\"PropertyValueSpecification\",\"valueRequired\":true,\"valueName\":\"search_term_string\"}}],\"inLanguage\":\"fr-FR\"},{\"@type\":\"Organization\",\"@id\":\"https:\\\/\\\/mediumseagreen-eel-531711.hostingersite.com\\\/#organization\",\"name\":\"Bladna News.com\",\"url\":\"https:\\\/\\\/mediumseagreen-eel-531711.hostingersite.com\\\/\",\"logo\":{\"@type\":\"ImageObject\",\"inLanguage\":\"fr-FR\",\"@id\":\"https:\\\/\\\/mediumseagreen-eel-531711.hostingersite.com\\\/#\\\/schema\\\/logo\\\/image\\\/\",\"url\":\"https:\\\/\\\/bladnanews.com\\\/wp-content\\\/uploads\\\/2025\\\/12\\\/logo-bladnanews-V2-web-black-red.png\",\"contentUrl\":\"https:\\\/\\\/bladnanews.com\\\/wp-content\\\/uploads\\\/2025\\\/12\\\/logo-bladnanews-V2-web-black-red.png\",\"width\":703,\"height\":287,\"caption\":\"Bladna News.com\"},\"image\":{\"@id\":\"https:\\\/\\\/mediumseagreen-eel-531711.hostingersite.com\\\/#\\\/schema\\\/logo\\\/image\\\/\"},\"email\":\"info@bladnanews.com\",\"legalName\":\"Bladna News\"},{\"@type\":\"Person\",\"@id\":\"https:\\\/\\\/mediumseagreen-eel-531711.hostingersite.com\\\/#\\\/schema\\\/person\\\/268e18a453ab080ebf76df6ef7845083\",\"name\":\"Bladna News Staff\",\"url\":\"https:\\\/\\\/bladnanews.com\\\/fr\\\/author\\\/bladna-news-staff\\\/\"}]}<\/script>\n<!-- \/ Yoast SEO Premium plugin. -->","yoast_head_json":{"title":"Barcelone incertaine quant \u00e0 l'avenir de Rashford face aux pr\u00e9occupations de Manchester United - Bladna News","robots":{"index":"index","follow":"follow","max-snippet":"max-snippet:-1","max-image-preview":"max-image-preview:large","max-video-preview":"max-video-preview:-1"},"canonical":"https:\/\/bladnanews.com\/fr\/barcelone-incertaine-quant-a-lavenir-de-rashford-face-aux-preoccupations-de-manchester-united\/","og_locale":"fr_FR","og_type":"article","og_title":"Barcelona uncertain over Rashford\u2019s future amid Man Utd concerns","og_description":"Barcelona remain uncertain about the future of Marcus Rashford, who is currently on loan from Manchester United. The Spanish club [&hellip;]","og_url":"https:\/\/bladnanews.com\/fr\/barcelone-incertaine-quant-a-lavenir-de-rashford-face-aux-preoccupations-de-manchester-united\/","og_site_name":"Bladna News","article_published_time":"2026-01-02T11:52:41+00:00","og_image":[{"width":1536,"height":864,"url":"https:\/\/bladnanews.com\/wp-content\/uploads\/2026\/01\/BladnaNews-Barcelona-uncertain-over-Rashfords-future-amid-Man-Utd-concerns-2026-01-02T155032.335Z.jpg","type":"image\/jpeg"}],"author":"Bladna News Staff","twitter_card":"summary_large_image","twitter_misc":{"\u00c9crit par":"Bladna News Staff","Dur\u00e9e de lecture estim\u00e9e":"1 minute"},"schema":{"@context":"https:\/\/schema.org","@graph":[{"@type":"Article","@id":"https:\/\/bladnanews.com\/barcelona-uncertain-over-rashfords-future-amid-man-utd-concerns\/#article","isPartOf":{"@id":"https:\/\/bladnanews.com\/barcelona-uncertain-over-rashfords-future-amid-man-utd-concerns\/"},"author":{"name":"Bladna News Staff","@id":"https:\/\/mediumseagreen-eel-531711.hostingersite.com\/#\/schema\/person\/268e18a453ab080ebf76df6ef7845083"},"headline":"Barcelona uncertain over Rashford\u2019s future amid Man Utd concerns","datePublished":"2026-01-02T11:52:41+00:00","mainEntityOfPage":{"@id":"https:\/\/bladnanews.com\/barcelona-uncertain-over-rashfords-future-amid-man-utd-concerns\/"},"wordCount":270,"publisher":{"@id":"https:\/\/mediumseagreen-eel-531711.hostingersite.com\/#organization"},"image":{"@id":"https:\/\/bladnanews.com\/barcelona-uncertain-over-rashfords-future-amid-man-utd-concerns\/#primaryimage"},"thumbnailUrl":"https:\/\/bladnanews.com\/wp-content\/uploads\/2026\/01\/BladnaNews-Barcelona-uncertain-over-Rashfords-future-amid-Man-Utd-concerns-2026-01-02T155032.335Z.jpg","articleSection":["International","Latest News"],"inLanguage":"fr-FR","copyrightYear":"2026","copyrightHolder":{"@id":"https:\/\/bladnanews.com\/fr\/#organization"}},{"@type":"WebPage","@id":"https:\/\/bladnanews.com\/barcelona-uncertain-over-rashfords-future-amid-man-utd-concerns\/","url":"https:\/\/bladnanews.com\/barcelona-uncertain-over-rashfords-future-amid-man-utd-concerns\/","name":"Barcelone incertaine quant \u00e0 l'avenir de Rashford face aux pr\u00e9occupations de Manchester United - Bladna News","isPartOf":{"@id":"https:\/\/mediumseagreen-eel-531711.hostingersite.com\/#website"},"primaryImageOfPage":{"@id":"https:\/\/bladnanews.com\/barcelona-uncertain-over-rashfords-future-amid-man-utd-concerns\/#primaryimage"},"image":{"@id":"https:\/\/bladnanews.com\/barcelona-uncertain-over-rashfords-future-amid-man-utd-concerns\/#primaryimage"},"thumbnailUrl":"https:\/\/bladnanews.com\/wp-content\/uploads\/2026\/01\/BladnaNews-Barcelona-uncertain-over-Rashfords-future-amid-Man-Utd-concerns-2026-01-02T155032.335Z.jpg","datePublished":"2026-01-02T11:52:41+00:00","breadcrumb":{"@id":"https:\/\/bladnanews.com\/barcelona-uncertain-over-rashfords-future-amid-man-utd-concerns\/#breadcrumb"},"inLanguage":"fr-FR","potentialAction":[{"@type":"ReadAction","target":["https:\/\/bladnanews.com\/barcelona-uncertain-over-rashfords-future-amid-man-utd-concerns\/"]}]},{"@type":"ImageObject","inLanguage":"fr-FR","@id":"https:\/\/bladnanews.com\/barcelona-uncertain-over-rashfords-future-amid-man-utd-concerns\/#primaryimage","url":"https:\/\/bladnanews.com\/wp-content\/uploads\/2026\/01\/BladnaNews-Barcelona-uncertain-over-Rashfords-future-amid-Man-Utd-concerns-2026-01-02T155032.335Z.jpg","contentUrl":"https:\/\/bladnanews.com\/wp-content\/uploads\/2026\/01\/BladnaNews-Barcelona-uncertain-over-Rashfords-future-amid-Man-Utd-concerns-2026-01-02T155032.335Z.jpg","width":1536,"height":864,"caption":"Marcus Rashford in a bright orange football kit, looking focused on the pitch during a match, with a blurred stadium background."},{"@type":"BreadcrumbList","@id":"https:\/\/bladnanews.com\/barcelona-uncertain-over-rashfords-future-amid-man-utd-concerns\/#breadcrumb","itemListElement":[{"@type":"ListItem","position":1,"name":"Home","item":"https:\/\/bladnanews.com\/"},{"@type":"ListItem","position":2,"name":"Barcelona uncertain over Rashford\u2019s future amid Man Utd concerns"}]},{"@type":"WebSite","@id":"https:\/\/mediumseagreen-eel-531711.hostingersite.com\/#website","url":"https:\/\/mediumseagreen-eel-531711.hostingersite.com\/","name":"Bladna News - Maroc","description":"Quand le football marocain rencontre le monde","publisher":{"@id":"https:\/\/mediumseagreen-eel-531711.hostingersite.com\/#organization"},"potentialAction":[{"@type":"SearchAction","target":{"@type":"EntryPoint","urlTemplate":"https:\/\/mediumseagreen-eel-531711.hostingersite.com\/?s={search_term_string}"},"query-input":{"@type":"PropertyValueSpecification","valueRequired":true,"valueName":"search_term_string"}}],"inLanguage":"fr-FR"},{"@type":"Organization","@id":"https:\/\/mediumseagreen-eel-531711.hostingersite.com\/#organization","name":"Bladna News.com","url":"https:\/\/mediumseagreen-eel-531711.hostingersite.com\/","logo":{"@type":"ImageObject","inLanguage":"fr-FR","@id":"https:\/\/mediumseagreen-eel-531711.hostingersite.com\/#\/schema\/logo\/image\/","url":"https:\/\/bladnanews.com\/wp-content\/uploads\/2025\/12\/logo-bladnanews-V2-web-black-red.png","contentUrl":"https:\/\/bladnanews.com\/wp-content\/uploads\/2025\/12\/logo-bladnanews-V2-web-black-red.png","width":703,"height":287,"caption":"Bladna News.com"},"image":{"@id":"https:\/\/mediumseagreen-eel-531711.hostingersite.com\/#\/schema\/logo\/image\/"},"email":"info@bladnanews.com","legalName":"Bladna News"},{"@type":"Person","@id":"https:\/\/mediumseagreen-eel-531711.hostingersite.com\/#\/schema\/person\/268e18a453ab080ebf76df6ef7845083","name":"\u00c9quipe r\u00e9dactionnelle de Bladna News","url":"https:\/\/bladnanews.com\/fr\/author\/bladna-news-staff\/"}]}},"_links":{"self":[{"href":"https:\/\/bladnanews.com\/fr\/wp-json\/wp\/v2\/posts\/1397","targetHints":{"allow":["GET"]}}],"collection":[{"href":"https:\/\/bladnanews.com\/fr\/wp-json\/wp\/v2\/posts"}],"about":[{"href":"https:\/\/bladnanews.com\/fr\/wp-json\/wp\/v2\/types\/post"}],"author":[{"embeddable":true,"href":"https:\/\/bladnanews.com\/fr\/wp-json\/wp\/v2\/users\/3"}],"replies":[{"embeddable":true,"href":"https:\/\/bladnanews.com\/fr\/wp-json\/wp\/v2\/comments?post=1397"}],"version-history":[{"count":0,"href":"https:\/\/bladnanews.com\/fr\/wp-json\/wp\/v2\/posts\/1397\/revisions"}],"wp:featuredmedia":[{"embeddable":true,"href":"https:\/\/bladnanews.com\/fr\/wp-json\/wp\/v2\/media\/1396"}],"wp:attachment":[{"href":"https:\/\/bladnanews.com\/fr\/wp-json\/wp\/v2\/media?parent=1397"}],"wp:term":[{"taxonomy":"category","embeddable":true,"href":"https:\/\/bladnanews.com\/fr\/wp-json\/wp\/v2\/categories?post=1397"},{"taxonomy":"post_tag","embeddable":true,"href":"https:\/\/bladnanews.com\/fr\/wp-json\/wp\/v2\/tags?post=1397"}],"curies":[{"name":"wp","href":"https:\/\/api.w.org\/{rel}","templated":true}]}}