{"id":1407,"date":"2026-01-02T15:17:00","date_gmt":"2026-01-02T15:17:00","guid":{"rendered":"https:\/\/bladnanews.com\/unexplained-absence-of-moroccan-football-history-from-africa-cup-of-nations-raises-questions\/"},"modified":"2026-01-02T15:17:00","modified_gmt":"2026-01-02T15:17:00","slug":"labsence-inexpliquee-de-lhistoire-du-football-marocain-de-la-coupe-dafrique-des-nations-souleve-des-questions","status":"publish","type":"post","link":"https:\/\/bladnanews.com\/fr\/labsence-inexpliquee-de-lhistoire-du-football-marocain-de-la-coupe-dafrique-des-nations-souleve-des-questions\/","title":{"rendered":"L'absence inexpliqu\u00e9e de l'histoire du football marocain de la Coupe d'Afrique des Nations soul\u00e8ve des questions"},"content":{"rendered":"<p>La Conf\u00e9d\u00e9ration Africaine de Football (CAF) a suscit\u00e9 un large d\u00e9bat apr\u00e8s ce que beaucoup ont d\u00e9crit comme un oubli inexpliqu\u00e9 dans sa pr\u00e9sentation de la meilleure \u00e9dition de l'histoire de la Coupe d'Afrique des Nations.<\/p>\n<p>Des questions ont \u00e9t\u00e9 soulev\u00e9es lorsque l'histoire du football marocain semble avoir \u00e9t\u00e9 absente de la s\u00e9lection de la CAF, malgr\u00e9 la pr\u00e9sence de longue date du Maroc dans la comp\u00e9tition et ses moments marquants sur la sc\u00e8ne continentale.<\/p>\n<p>Cette absence, jug\u00e9e par les observateurs difficile \u00e0 comprendre, a rapidement attir\u00e9 l'attention sur les r\u00e9seaux sociaux, les supporters s'interrogeant sur la fa\u00e7on dont un bilan des meilleures \u00e9ditions du tournoi pouvait ignorer l'empreinte historique du Maroc dans la Coupe d'Afrique des Nations.<\/p>\n<p>Aucune clarification officielle n'a encore \u00e9t\u00e9 fournie, laissant la situation ouverte \u00e0 de nouvelles interrogations quant \u00e0 savoir si cette omission \u00e9tait accidentelle ou une d\u00e9cision prise sans justification claire.<\/p>","protected":false},"excerpt":{"rendered":"<p>The Confederation of African Football (CAF) has sparked wide debate after what many described as an unexplained oversight in its [&hellip;]<\/p>\n","protected":false},"author":4,"featured_media":1406,"comment_status":"","ping_status":"open","sticky":false,"template":"","format":"standard","meta":{"googlesitekit_rrm_CAow_uzEDA:productID":"","site-sidebar-layout":"default","site-content-layout":"","ast-site-content-layout":"default","site-content-style":"default","site-sidebar-style":"default","ast-global-header-display":"","ast-banner-title-visibility":"","ast-main-header-display":"","ast-hfb-above-header-display":"","ast-hfb-below-header-display":"","ast-hfb-mobile-header-display":"","site-post-title":"","ast-breadcrumbs-content":"","ast-featured-img":"","footer-sml-layout":"","ast-disable-related-posts":"","theme-transparent-header-meta":"","adv-header-id-meta":"","stick-header-meta":"","header-above-stick-meta":"","header-main-stick-meta":"","header-below-stick-meta":"","astra-migrate-meta-layouts":"default","ast-page-background-enabled":"default","ast-page-background-meta":{"desktop":{"background-color":"var(--ast-global-color-5)","background-image":"","background-repeat":"repeat","background-position":"center center","background-size":"auto","background-attachment":"scroll","background-type":"","background-media":"","overlay-type":"","overlay-color":"","overlay-opacity":"","overlay-gradient":""},"tablet":{"background-color":"","background-image":"","background-repeat":"repeat","background-position":"center center","background-size":"auto","background-attachment":"scroll","background-type":"","background-media":"","overlay-type":"","overlay-color":"","overlay-opacity":"","overlay-gradient":""},"mobile":{"background-color":"","background-image":"","background-repeat":"repeat","background-position":"center center","background-size":"auto","background-attachment":"scroll","background-type":"","background-media":"","overlay-type":"","overlay-color":"","overlay-opacity":"","overlay-gradient":""}},"ast-content-background-meta":{"desktop":{"background-color":"var(--ast-global-color-4)","background-image":"","background-repeat":"repeat","background-position":"center center","background-size":"auto","background-attachment":"scroll","background-type":"","background-media":"","overlay-type":"","overlay-color":"","overlay-opacity":"","overlay-gradient":""},"tablet":{"background-color":"var(--ast-global-color-4)","background-image":"","background-repeat":"repeat","background-position":"center center","background-size":"auto","background-attachment":"scroll","background-type":"","background-media":"","overlay-type":"","overlay-color":"","overlay-opacity":"","overlay-gradient":""},"mobile":{"background-color":"var(--ast-global-color-4)","background-image":"","background-repeat":"repeat","background-position":"center center","background-size":"auto","background-attachment":"scroll","background-type":"","background-media":"","overlay-type":"","overlay-color":"","overlay-opacity":"","overlay-gradient":""}},"footnotes":""},"categories":[1,168],"tags":[],"class_list":["post-1407","post","type-post","status-publish","format-standard","has-post-thumbnail","hentry","category-football-latest-news","category-morocco-national-team"],"yoast_head":"<!-- This site is optimized with the Yoast SEO Premium plugin v26.6 (Yoast SEO v27.5) - https:\/\/yoast.com\/product\/yoast-seo-premium-wordpress\/ -->\n<title>Unexplained absence of Moroccan football history from Africa Cup of Nations raises questions - Bladna News<\/title>\n<meta name=\"robots\" content=\"index, follow, max-snippet:-1, max-image-preview:large, max-video-preview:-1\" \/>\n<link rel=\"canonical\" href=\"https:\/\/mediumseagreen-eel-531711.hostingersite.com\/unexplained-absence-of-moroccan-football-history-from-africa-cup-of-nations-raises-questions\/\" \/>\n<meta property=\"og:locale\" content=\"fr_FR\" \/>\n<meta property=\"og:type\" content=\"article\" \/>\n<meta property=\"og:title\" content=\"Unexplained absence of Moroccan football history from Africa Cup of Nations raises questions\" \/>\n<meta property=\"og:description\" content=\"The Confederation of African Football (CAF) has sparked wide debate after what many described as an unexplained oversight in its [&hellip;]\" \/>\n<meta property=\"og:url\" content=\"https:\/\/mediumseagreen-eel-531711.hostingersite.com\/unexplained-absence-of-moroccan-football-history-from-africa-cup-of-nations-raises-questions\/\" \/>\n<meta property=\"og:site_name\" content=\"Bladna News\" \/>\n<meta property=\"article:published_time\" content=\"2026-01-02T15:17:00+00:00\" \/>\n<meta property=\"og:image\" content=\"https:\/\/mediumseagreen-eel-531711.hostingersite.com\/wp-content\/uploads\/2026\/01\/5ec1142e-9593-4738-b774-3e496dc1d867_1767367086.webp\" \/>\n\t<meta property=\"og:image:width\" content=\"860\" \/>\n\t<meta property=\"og:image:height\" content=\"474\" \/>\n\t<meta property=\"og:image:type\" content=\"image\/webp\" \/>\n<meta name=\"author\" content=\"Bladna Sports Desk\" \/>\n<meta name=\"twitter:card\" content=\"summary_large_image\" \/>\n<meta name=\"twitter:label1\" content=\"\u00c9crit par\" \/>\n\t<meta name=\"twitter:data1\" content=\"Bladna Sports Desk\" \/>\n\t<meta name=\"twitter:label2\" content=\"Dur\u00e9e de lecture estim\u00e9e\" \/>\n\t<meta name=\"twitter:data2\" content=\"1 minute\" \/>\n<script type=\"application\/ld+json\" class=\"yoast-schema-graph\">{\"@context\":\"https:\\\/\\\/schema.org\",\"@graph\":[{\"@type\":\"Article\",\"@id\":\"https:\\\/\\\/mediumseagreen-eel-531711.hostingersite.com\\\/unexplained-absence-of-moroccan-football-history-from-africa-cup-of-nations-raises-questions\\\/#article\",\"isPartOf\":{\"@id\":\"https:\\\/\\\/mediumseagreen-eel-531711.hostingersite.com\\\/unexplained-absence-of-moroccan-football-history-from-africa-cup-of-nations-raises-questions\\\/\"},\"author\":{\"name\":\"Bladna Sports Desk\",\"@id\":\"https:\\\/\\\/mediumseagreen-eel-531711.hostingersite.com\\\/#\\\/schema\\\/person\\\/6712b38fabe810f7eb8d15ed30d90f1e\"},\"headline\":\"Unexplained absence of Moroccan football history from Africa Cup of Nations raises questions\",\"datePublished\":\"2026-01-02T15:17:00+00:00\",\"mainEntityOfPage\":{\"@id\":\"https:\\\/\\\/mediumseagreen-eel-531711.hostingersite.com\\\/unexplained-absence-of-moroccan-football-history-from-africa-cup-of-nations-raises-questions\\\/\"},\"wordCount\":141,\"publisher\":{\"@id\":\"https:\\\/\\\/mediumseagreen-eel-531711.hostingersite.com\\\/#organization\"},\"image\":{\"@id\":\"https:\\\/\\\/mediumseagreen-eel-531711.hostingersite.com\\\/unexplained-absence-of-moroccan-football-history-from-africa-cup-of-nations-raises-questions\\\/#primaryimage\"},\"thumbnailUrl\":\"https:\\\/\\\/bladnanews.com\\\/wp-content\\\/uploads\\\/2026\\\/01\\\/5ec1142e-9593-4738-b774-3e496dc1d867_1767367086.webp\",\"articleSection\":[\"Latest News\",\"Morocco National Team\"],\"inLanguage\":\"fr-FR\",\"copyrightYear\":\"2026\",\"copyrightHolder\":{\"@id\":\"https:\\\/\\\/bladnanews.com\\\/fr\\\/#organization\"}},{\"@type\":\"WebPage\",\"@id\":\"https:\\\/\\\/mediumseagreen-eel-531711.hostingersite.com\\\/unexplained-absence-of-moroccan-football-history-from-africa-cup-of-nations-raises-questions\\\/\",\"url\":\"https:\\\/\\\/mediumseagreen-eel-531711.hostingersite.com\\\/unexplained-absence-of-moroccan-football-history-from-africa-cup-of-nations-raises-questions\\\/\",\"name\":\"Unexplained absence of Moroccan football history from Africa Cup of Nations raises questions - Bladna News\",\"isPartOf\":{\"@id\":\"https:\\\/\\\/mediumseagreen-eel-531711.hostingersite.com\\\/#website\"},\"primaryImageOfPage\":{\"@id\":\"https:\\\/\\\/mediumseagreen-eel-531711.hostingersite.com\\\/unexplained-absence-of-moroccan-football-history-from-africa-cup-of-nations-raises-questions\\\/#primaryimage\"},\"image\":{\"@id\":\"https:\\\/\\\/mediumseagreen-eel-531711.hostingersite.com\\\/unexplained-absence-of-moroccan-football-history-from-africa-cup-of-nations-raises-questions\\\/#primaryimage\"},\"thumbnailUrl\":\"https:\\\/\\\/bladnanews.com\\\/wp-content\\\/uploads\\\/2026\\\/01\\\/5ec1142e-9593-4738-b774-3e496dc1d867_1767367086.webp\",\"datePublished\":\"2026-01-02T15:17:00+00:00\",\"breadcrumb\":{\"@id\":\"https:\\\/\\\/mediumseagreen-eel-531711.hostingersite.com\\\/unexplained-absence-of-moroccan-football-history-from-africa-cup-of-nations-raises-questions\\\/#breadcrumb\"},\"inLanguage\":\"fr-FR\",\"potentialAction\":[{\"@type\":\"ReadAction\",\"target\":[\"https:\\\/\\\/mediumseagreen-eel-531711.hostingersite.com\\\/unexplained-absence-of-moroccan-football-history-from-africa-cup-of-nations-raises-questions\\\/\"]}]},{\"@type\":\"ImageObject\",\"inLanguage\":\"fr-FR\",\"@id\":\"https:\\\/\\\/mediumseagreen-eel-531711.hostingersite.com\\\/unexplained-absence-of-moroccan-football-history-from-africa-cup-of-nations-raises-questions\\\/#primaryimage\",\"url\":\"https:\\\/\\\/bladnanews.com\\\/wp-content\\\/uploads\\\/2026\\\/01\\\/5ec1142e-9593-4738-b774-3e496dc1d867_1767367086.webp\",\"contentUrl\":\"https:\\\/\\\/bladnanews.com\\\/wp-content\\\/uploads\\\/2026\\\/01\\\/5ec1142e-9593-4738-b774-3e496dc1d867_1767367086.webp\",\"width\":860,\"height\":474,\"caption\":\"Moroccan football fans celebrate passionately in vibrant red and green attire, cheering energetically with scarves at a stadium.\"},{\"@type\":\"BreadcrumbList\",\"@id\":\"https:\\\/\\\/mediumseagreen-eel-531711.hostingersite.com\\\/unexplained-absence-of-moroccan-football-history-from-africa-cup-of-nations-raises-questions\\\/#breadcrumb\",\"itemListElement\":[{\"@type\":\"ListItem\",\"position\":1,\"name\":\"Home\",\"item\":\"https:\\\/\\\/bladnanews.com\\\/\"},{\"@type\":\"ListItem\",\"position\":2,\"name\":\"Unexplained absence of Moroccan football history from Africa Cup of Nations raises questions\"}]},{\"@type\":\"WebSite\",\"@id\":\"https:\\\/\\\/mediumseagreen-eel-531711.hostingersite.com\\\/#website\",\"url\":\"https:\\\/\\\/mediumseagreen-eel-531711.hostingersite.com\\\/\",\"name\":\"Bladna News - Morocco\",\"description\":\"Where Moroccan Football Meets the World\",\"publisher\":{\"@id\":\"https:\\\/\\\/mediumseagreen-eel-531711.hostingersite.com\\\/#organization\"},\"potentialAction\":[{\"@type\":\"SearchAction\",\"target\":{\"@type\":\"EntryPoint\",\"urlTemplate\":\"https:\\\/\\\/mediumseagreen-eel-531711.hostingersite.com\\\/?s={search_term_string}\"},\"query-input\":{\"@type\":\"PropertyValueSpecification\",\"valueRequired\":true,\"valueName\":\"search_term_string\"}}],\"inLanguage\":\"fr-FR\"},{\"@type\":\"Organization\",\"@id\":\"https:\\\/\\\/mediumseagreen-eel-531711.hostingersite.com\\\/#organization\",\"name\":\"Bladna News.com\",\"url\":\"https:\\\/\\\/mediumseagreen-eel-531711.hostingersite.com\\\/\",\"logo\":{\"@type\":\"ImageObject\",\"inLanguage\":\"fr-FR\",\"@id\":\"https:\\\/\\\/mediumseagreen-eel-531711.hostingersite.com\\\/#\\\/schema\\\/logo\\\/image\\\/\",\"url\":\"https:\\\/\\\/bladnanews.com\\\/wp-content\\\/uploads\\\/2025\\\/12\\\/logo-bladnanews-V2-web-black-red.png\",\"contentUrl\":\"https:\\\/\\\/bladnanews.com\\\/wp-content\\\/uploads\\\/2025\\\/12\\\/logo-bladnanews-V2-web-black-red.png\",\"width\":703,\"height\":287,\"caption\":\"Bladna News.com\"},\"image\":{\"@id\":\"https:\\\/\\\/mediumseagreen-eel-531711.hostingersite.com\\\/#\\\/schema\\\/logo\\\/image\\\/\"},\"email\":\"info@bladnanews.com\",\"legalName\":\"Bladna News\"},{\"@type\":\"Person\",\"@id\":\"https:\\\/\\\/mediumseagreen-eel-531711.hostingersite.com\\\/#\\\/schema\\\/person\\\/6712b38fabe810f7eb8d15ed30d90f1e\",\"name\":\"Bladna Sports Desk\",\"url\":\"https:\\\/\\\/bladnanews.com\\\/fr\\\/author\\\/bladna-sports-desk\\\/\"}]}<\/script>\n<!-- \/ Yoast SEO Premium plugin. -->","yoast_head_json":{"title":"L'absence inexpliqu\u00e9e de l'histoire du football marocain de la Coupe d'Afrique des Nations soul\u00e8ve des questions - Bladna News","robots":{"index":"index","follow":"follow","max-snippet":"max-snippet:-1","max-image-preview":"max-image-preview:large","max-video-preview":"max-video-preview:-1"},"canonical":"https:\/\/mediumseagreen-eel-531711.hostingersite.com\/unexplained-absence-of-moroccan-football-history-from-africa-cup-of-nations-raises-questions\/","og_locale":"fr_FR","og_type":"article","og_title":"Unexplained absence of Moroccan football history from Africa Cup of Nations raises questions","og_description":"The Confederation of African Football (CAF) has sparked wide debate after what many described as an unexplained oversight in its [&hellip;]","og_url":"https:\/\/mediumseagreen-eel-531711.hostingersite.com\/unexplained-absence-of-moroccan-football-history-from-africa-cup-of-nations-raises-questions\/","og_site_name":"Bladna News","article_published_time":"2026-01-02T15:17:00+00:00","og_image":[{"width":860,"height":474,"url":"https:\/\/mediumseagreen-eel-531711.hostingersite.com\/wp-content\/uploads\/2026\/01\/5ec1142e-9593-4738-b774-3e496dc1d867_1767367086.webp","type":"image\/webp"}],"author":"Bladna Sports Desk","twitter_card":"summary_large_image","twitter_misc":{"\u00c9crit par":"Bladna Sports Desk","Dur\u00e9e de lecture estim\u00e9e":"1 minute"},"schema":{"@context":"https:\/\/schema.org","@graph":[{"@type":"Article","@id":"https:\/\/mediumseagreen-eel-531711.hostingersite.com\/unexplained-absence-of-moroccan-football-history-from-africa-cup-of-nations-raises-questions\/#article","isPartOf":{"@id":"https:\/\/mediumseagreen-eel-531711.hostingersite.com\/unexplained-absence-of-moroccan-football-history-from-africa-cup-of-nations-raises-questions\/"},"author":{"name":"Bladna Sports Desk","@id":"https:\/\/mediumseagreen-eel-531711.hostingersite.com\/#\/schema\/person\/6712b38fabe810f7eb8d15ed30d90f1e"},"headline":"Unexplained absence of Moroccan football history from Africa Cup of Nations raises questions","datePublished":"2026-01-02T15:17:00+00:00","mainEntityOfPage":{"@id":"https:\/\/mediumseagreen-eel-531711.hostingersite.com\/unexplained-absence-of-moroccan-football-history-from-africa-cup-of-nations-raises-questions\/"},"wordCount":141,"publisher":{"@id":"https:\/\/mediumseagreen-eel-531711.hostingersite.com\/#organization"},"image":{"@id":"https:\/\/mediumseagreen-eel-531711.hostingersite.com\/unexplained-absence-of-moroccan-football-history-from-africa-cup-of-nations-raises-questions\/#primaryimage"},"thumbnailUrl":"https:\/\/bladnanews.com\/wp-content\/uploads\/2026\/01\/5ec1142e-9593-4738-b774-3e496dc1d867_1767367086.webp","articleSection":["Latest News","Morocco National Team"],"inLanguage":"fr-FR","copyrightYear":"2026","copyrightHolder":{"@id":"https:\/\/bladnanews.com\/fr\/#organization"}},{"@type":"WebPage","@id":"https:\/\/mediumseagreen-eel-531711.hostingersite.com\/unexplained-absence-of-moroccan-football-history-from-africa-cup-of-nations-raises-questions\/","url":"https:\/\/mediumseagreen-eel-531711.hostingersite.com\/unexplained-absence-of-moroccan-football-history-from-africa-cup-of-nations-raises-questions\/","name":"L'absence inexpliqu\u00e9e de l'histoire du football marocain de la Coupe d'Afrique des Nations soul\u00e8ve des questions - Bladna News","isPartOf":{"@id":"https:\/\/mediumseagreen-eel-531711.hostingersite.com\/#website"},"primaryImageOfPage":{"@id":"https:\/\/mediumseagreen-eel-531711.hostingersite.com\/unexplained-absence-of-moroccan-football-history-from-africa-cup-of-nations-raises-questions\/#primaryimage"},"image":{"@id":"https:\/\/mediumseagreen-eel-531711.hostingersite.com\/unexplained-absence-of-moroccan-football-history-from-africa-cup-of-nations-raises-questions\/#primaryimage"},"thumbnailUrl":"https:\/\/bladnanews.com\/wp-content\/uploads\/2026\/01\/5ec1142e-9593-4738-b774-3e496dc1d867_1767367086.webp","datePublished":"2026-01-02T15:17:00+00:00","breadcrumb":{"@id":"https:\/\/mediumseagreen-eel-531711.hostingersite.com\/unexplained-absence-of-moroccan-football-history-from-africa-cup-of-nations-raises-questions\/#breadcrumb"},"inLanguage":"fr-FR","potentialAction":[{"@type":"ReadAction","target":["https:\/\/mediumseagreen-eel-531711.hostingersite.com\/unexplained-absence-of-moroccan-football-history-from-africa-cup-of-nations-raises-questions\/"]}]},{"@type":"ImageObject","inLanguage":"fr-FR","@id":"https:\/\/mediumseagreen-eel-531711.hostingersite.com\/unexplained-absence-of-moroccan-football-history-from-africa-cup-of-nations-raises-questions\/#primaryimage","url":"https:\/\/bladnanews.com\/wp-content\/uploads\/2026\/01\/5ec1142e-9593-4738-b774-3e496dc1d867_1767367086.webp","contentUrl":"https:\/\/bladnanews.com\/wp-content\/uploads\/2026\/01\/5ec1142e-9593-4738-b774-3e496dc1d867_1767367086.webp","width":860,"height":474,"caption":"Moroccan football fans celebrate passionately in vibrant red and green attire, cheering energetically with scarves at a stadium."},{"@type":"BreadcrumbList","@id":"https:\/\/mediumseagreen-eel-531711.hostingersite.com\/unexplained-absence-of-moroccan-football-history-from-africa-cup-of-nations-raises-questions\/#breadcrumb","itemListElement":[{"@type":"ListItem","position":1,"name":"Home","item":"https:\/\/bladnanews.com\/"},{"@type":"ListItem","position":2,"name":"Unexplained absence of Moroccan football history from Africa Cup of Nations raises questions"}]},{"@type":"WebSite","@id":"https:\/\/mediumseagreen-eel-531711.hostingersite.com\/#website","url":"https:\/\/mediumseagreen-eel-531711.hostingersite.com\/","name":"Bladna News - Maroc","description":"Quand le football marocain rencontre le monde","publisher":{"@id":"https:\/\/mediumseagreen-eel-531711.hostingersite.com\/#organization"},"potentialAction":[{"@type":"SearchAction","target":{"@type":"EntryPoint","urlTemplate":"https:\/\/mediumseagreen-eel-531711.hostingersite.com\/?s={search_term_string}"},"query-input":{"@type":"PropertyValueSpecification","valueRequired":true,"valueName":"search_term_string"}}],"inLanguage":"fr-FR"},{"@type":"Organization","@id":"https:\/\/mediumseagreen-eel-531711.hostingersite.com\/#organization","name":"Bladna News.com","url":"https:\/\/mediumseagreen-eel-531711.hostingersite.com\/","logo":{"@type":"ImageObject","inLanguage":"fr-FR","@id":"https:\/\/mediumseagreen-eel-531711.hostingersite.com\/#\/schema\/logo\/image\/","url":"https:\/\/bladnanews.com\/wp-content\/uploads\/2025\/12\/logo-bladnanews-V2-web-black-red.png","contentUrl":"https:\/\/bladnanews.com\/wp-content\/uploads\/2025\/12\/logo-bladnanews-V2-web-black-red.png","width":703,"height":287,"caption":"Bladna News.com"},"image":{"@id":"https:\/\/mediumseagreen-eel-531711.hostingersite.com\/#\/schema\/logo\/image\/"},"email":"info@bladnanews.com","legalName":"Bladna News"},{"@type":"Person","@id":"https:\/\/mediumseagreen-eel-531711.hostingersite.com\/#\/schema\/person\/6712b38fabe810f7eb8d15ed30d90f1e","name":"Bladna Sports Desk","url":"https:\/\/bladnanews.com\/fr\/author\/bladna-sports-desk\/"}]}},"_links":{"self":[{"href":"https:\/\/bladnanews.com\/fr\/wp-json\/wp\/v2\/posts\/1407","targetHints":{"allow":["GET"]}}],"collection":[{"href":"https:\/\/bladnanews.com\/fr\/wp-json\/wp\/v2\/posts"}],"about":[{"href":"https:\/\/bladnanews.com\/fr\/wp-json\/wp\/v2\/types\/post"}],"author":[{"embeddable":true,"href":"https:\/\/bladnanews.com\/fr\/wp-json\/wp\/v2\/users\/4"}],"replies":[{"embeddable":true,"href":"https:\/\/bladnanews.com\/fr\/wp-json\/wp\/v2\/comments?post=1407"}],"version-history":[{"count":0,"href":"https:\/\/bladnanews.com\/fr\/wp-json\/wp\/v2\/posts\/1407\/revisions"}],"wp:featuredmedia":[{"embeddable":true,"href":"https:\/\/bladnanews.com\/fr\/wp-json\/wp\/v2\/media\/1406"}],"wp:attachment":[{"href":"https:\/\/bladnanews.com\/fr\/wp-json\/wp\/v2\/media?parent=1407"}],"wp:term":[{"taxonomy":"category","embeddable":true,"href":"https:\/\/bladnanews.com\/fr\/wp-json\/wp\/v2\/categories?post=1407"},{"taxonomy":"post_tag","embeddable":true,"href":"https:\/\/bladnanews.com\/fr\/wp-json\/wp\/v2\/tags?post=1407"}],"curies":[{"name":"wp","href":"https:\/\/api.w.org\/{rel}","templated":true}]}}