{"id":1422,"date":"2026-01-02T13:54:46","date_gmt":"2026-01-02T13:54:46","guid":{"rendered":"https:\/\/bladnanews.com\/mikel-arteta-confirms-concern-over-declan-rices-knee-injury-at-arsenal\/"},"modified":"2026-01-02T13:54:46","modified_gmt":"2026-01-02T13:54:46","slug":"mikel-arteta-confirme-son-inquietude-concernant-la-blessure-au-genou-de-declan-rice-a-arsenal","status":"publish","type":"post","link":"https:\/\/bladnanews.com\/fr\/mikel-arteta-confirme-son-inquietude-concernant-la-blessure-au-genou-de-declan-rice-a-arsenal\/","title":{"rendered":"Mikel Arteta confirme son inqui\u00e9tude concernant la blessure au genou de Declan Rice \u00e0 Arsenal."},"content":{"rendered":"<p>Le manager d'Arsenal, Mikel Arteta, a confirm\u00e9 l'inqui\u00e9tude du club concernant la blessure au genou de Declan Rice avant leurs prochaines rencontres. Le milieu de terrain a r\u00e9cemment \u00e9t\u00e9 film\u00e9 exprimant sa frustration, d\u00e9clarant que son genou \u00e9tait \u201c niqu\u00e9 \u201d, ce qui soul\u00e8ve des questions sur son \u00e9tat de forme.<\/p>\n<p>Rice, une figure cl\u00e9 du milieu de terrain d'Arsenal, a subi cette blessure lors d'un r\u00e9cent match, et son \u00e9tat est depuis \u00e9troitement surveill\u00e9 par le staff m\u00e9dical du club. Arteta a reconnu la situation et admis que l'\u00e9quipe attendait avec anxi\u00e9t\u00e9 des nouvelles concernant la capacit\u00e9 de Rice \u00e0 retrouver sa pleine forme.<\/p>\n<p>\u201c Nous sommes d\u00e9finitivement en sueur pour Declan. C'est un moment important pour lui et pour l'\u00e9quipe, a d\u00e9clar\u00e9 Arteta. Nous voulons lui donner la meilleure chance possible d'\u00eatre pr\u00eat, mais en m\u00eame temps, il est crucial de ne pas prendre de risques inutiles dans sa r\u00e9cup\u00e9ration. \u201d<\/p>\n<p>L'international anglais de 25 ans a \u00e9t\u00e9 un pivot dans l'organisation du milieu de terrain d'Arsenal, contribuant \u00e0 la fois d\u00e9fensivement et offensivement. Cette saison, Rice a \u00e9t\u00e9 tr\u00e8s pr\u00e9sent en Premier League et en Ligue Europa de l'UEFA, faisant de sa condition physique une priorit\u00e9 pour le club.<\/p>\n<p>Les rapports m\u00e9dicaux ont r\u00e9v\u00e9l\u00e9 que la blessure concerne son genou, mais ils se sont abstenus de donner un calendrier pr\u00e9cis pour son retour. Arsenal adopterait une approche prudente, se concentrant sur la gestion de l'\u00e9tat du joueur pour \u00e9viter tout revers \u00e0 long terme.<\/p>\n<p>Avec d'importantes rencontres \u00e0 venir, notamment en Premier League et en comp\u00e9titions europ\u00e9ennes, le staff technique d'Arsenal garde l'espoir que Rice r\u00e9cup\u00e9rera \u00e0 temps pour avoir un impact. Cependant, comme l'a not\u00e9 Arteta, la patience est essentielle dans la gestion de son retour.<\/p>\n<p>\u201c Declan travaille dur et s'engage pleinement \u00e0 revenir, a ajout\u00e9 le manager. Maintenant, nous devons simplement attendre et voir comment son genou r\u00e9agit au traitement et \u00e0 l'entra\u00eenement avant de prendre toute d\u00e9cision concernant sa disponibilit\u00e9. \u201d<\/p>\n<p>Ce d\u00e9veloppement intervient alors qu'Arsenal cherche \u00e0 maintenir sa bonne s\u00e9rie dans toutes les comp\u00e9titions, comptant sur un effectif pleinement en forme pour viser des troph\u00e9es cette saison.<\/p>","protected":false},"excerpt":{"rendered":"<p>Arsenal manager Mikel Arteta has confirmed the club&#8217;s concern over Declan Rice\u2019s knee injury ahead of their upcoming fixtures. The [&hellip;]<\/p>\n","protected":false},"author":3,"featured_media":1421,"comment_status":"","ping_status":"open","sticky":false,"template":"","format":"standard","meta":{"googlesitekit_rrm_CAow_uzEDA:productID":"","site-sidebar-layout":"default","site-content-layout":"","ast-site-content-layout":"default","site-content-style":"default","site-sidebar-style":"default","ast-global-header-display":"","ast-banner-title-visibility":"","ast-main-header-display":"","ast-hfb-above-header-display":"","ast-hfb-below-header-display":"","ast-hfb-mobile-header-display":"","site-post-title":"","ast-breadcrumbs-content":"","ast-featured-img":"","footer-sml-layout":"","ast-disable-related-posts":"","theme-transparent-header-meta":"","adv-header-id-meta":"","stick-header-meta":"","header-above-stick-meta":"","header-main-stick-meta":"","header-below-stick-meta":"","astra-migrate-meta-layouts":"default","ast-page-background-enabled":"default","ast-page-background-meta":{"desktop":{"background-color":"var(--ast-global-color-5)","background-image":"","background-repeat":"repeat","background-position":"center center","background-size":"auto","background-attachment":"scroll","background-type":"","background-media":"","overlay-type":"","overlay-color":"","overlay-opacity":"","overlay-gradient":""},"tablet":{"background-color":"","background-image":"","background-repeat":"repeat","background-position":"center center","background-size":"auto","background-attachment":"scroll","background-type":"","background-media":"","overlay-type":"","overlay-color":"","overlay-opacity":"","overlay-gradient":""},"mobile":{"background-color":"","background-image":"","background-repeat":"repeat","background-position":"center center","background-size":"auto","background-attachment":"scroll","background-type":"","background-media":"","overlay-type":"","overlay-color":"","overlay-opacity":"","overlay-gradient":""}},"ast-content-background-meta":{"desktop":{"background-color":"var(--ast-global-color-4)","background-image":"","background-repeat":"repeat","background-position":"center center","background-size":"auto","background-attachment":"scroll","background-type":"","background-media":"","overlay-type":"","overlay-color":"","overlay-opacity":"","overlay-gradient":""},"tablet":{"background-color":"var(--ast-global-color-4)","background-image":"","background-repeat":"repeat","background-position":"center center","background-size":"auto","background-attachment":"scroll","background-type":"","background-media":"","overlay-type":"","overlay-color":"","overlay-opacity":"","overlay-gradient":""},"mobile":{"background-color":"var(--ast-global-color-4)","background-image":"","background-repeat":"repeat","background-position":"center center","background-size":"auto","background-attachment":"scroll","background-type":"","background-media":"","overlay-type":"","overlay-color":"","overlay-opacity":"","overlay-gradient":""}},"footnotes":""},"categories":[20,1],"tags":[],"class_list":["post-1422","post","type-post","status-publish","format-standard","has-post-thumbnail","hentry","category-international","category-football-latest-news"],"yoast_head":"<!-- This site is optimized with the Yoast SEO Premium plugin v26.6 (Yoast SEO v27.5) - https:\/\/yoast.com\/product\/yoast-seo-premium-wordpress\/ -->\n<title>Mikel Arteta confirms concern over Declan Rice\u2019s knee injury at Arsenal - Bladna News<\/title>\n<meta name=\"robots\" content=\"index, follow, max-snippet:-1, max-image-preview:large, max-video-preview:-1\" \/>\n<link rel=\"canonical\" href=\"https:\/\/mediumseagreen-eel-531711.hostingersite.com\/mikel-arteta-confirms-concern-over-declan-rices-knee-injury-at-arsenal\/\" \/>\n<meta property=\"og:locale\" content=\"fr_FR\" \/>\n<meta property=\"og:type\" content=\"article\" \/>\n<meta property=\"og:title\" content=\"Mikel Arteta confirms concern over Declan Rice\u2019s knee injury at Arsenal\" \/>\n<meta property=\"og:description\" content=\"Arsenal manager Mikel Arteta has confirmed the club&#8217;s concern over Declan Rice\u2019s knee injury ahead of their upcoming fixtures. The [&hellip;]\" \/>\n<meta property=\"og:url\" content=\"https:\/\/mediumseagreen-eel-531711.hostingersite.com\/mikel-arteta-confirms-concern-over-declan-rices-knee-injury-at-arsenal\/\" \/>\n<meta property=\"og:site_name\" content=\"Bladna News\" \/>\n<meta property=\"article:published_time\" content=\"2026-01-02T13:54:46+00:00\" \/>\n<meta property=\"og:image\" content=\"https:\/\/res.cloudinary.com\/dmbhzmkw6\/images\/v1767514654\/BladnaNews-Mikel-Arteta-confirms-concern-over-Declan-Rices-knee-injury-at-Arsenal-2026-01-02T175048.039Z\/BladnaNews-Mikel-Arteta-confirms-concern-over-Declan-Rices-knee-injury-at-Arsenal-2026-01-02T175048.039Z.jpg?_i=AA\" \/>\n\t<meta property=\"og:image:width\" content=\"1920\" \/>\n\t<meta property=\"og:image:height\" content=\"1080\" \/>\n\t<meta property=\"og:image:type\" content=\"image\/jpeg\" \/>\n<meta name=\"author\" content=\"Bladna News Staff\" \/>\n<meta name=\"twitter:card\" content=\"summary_large_image\" \/>\n<meta name=\"twitter:label1\" content=\"\u00c9crit par\" \/>\n\t<meta name=\"twitter:data1\" content=\"Bladna News Staff\" \/>\n\t<meta name=\"twitter:label2\" content=\"Dur\u00e9e de lecture estim\u00e9e\" \/>\n\t<meta name=\"twitter:data2\" content=\"2 minutes\" \/>\n<script type=\"application\/ld+json\" class=\"yoast-schema-graph\">{\"@context\":\"https:\\\/\\\/schema.org\",\"@graph\":[{\"@type\":\"Article\",\"@id\":\"https:\\\/\\\/mediumseagreen-eel-531711.hostingersite.com\\\/mikel-arteta-confirms-concern-over-declan-rices-knee-injury-at-arsenal\\\/#article\",\"isPartOf\":{\"@id\":\"https:\\\/\\\/mediumseagreen-eel-531711.hostingersite.com\\\/mikel-arteta-confirms-concern-over-declan-rices-knee-injury-at-arsenal\\\/\"},\"author\":{\"name\":\"Bladna News Staff\",\"@id\":\"https:\\\/\\\/mediumseagreen-eel-531711.hostingersite.com\\\/#\\\/schema\\\/person\\\/268e18a453ab080ebf76df6ef7845083\"},\"headline\":\"Mikel Arteta confirms concern over Declan Rice\u2019s knee injury at Arsenal\",\"datePublished\":\"2026-01-02T13:54:46+00:00\",\"mainEntityOfPage\":{\"@id\":\"https:\\\/\\\/mediumseagreen-eel-531711.hostingersite.com\\\/mikel-arteta-confirms-concern-over-declan-rices-knee-injury-at-arsenal\\\/\"},\"wordCount\":335,\"publisher\":{\"@id\":\"https:\\\/\\\/mediumseagreen-eel-531711.hostingersite.com\\\/#organization\"},\"image\":{\"@id\":\"https:\\\/\\\/mediumseagreen-eel-531711.hostingersite.com\\\/mikel-arteta-confirms-concern-over-declan-rices-knee-injury-at-arsenal\\\/#primaryimage\"},\"thumbnailUrl\":\"https:\\\/\\\/bladnanews.com\\\/wp-content\\\/uploads\\\/2026\\\/01\\\/BladnaNews-Mikel-Arteta-confirms-concern-over-Declan-Rices-knee-injury-at-Arsenal-2026-01-02T175048.039Z.jpg\",\"articleSection\":[\"International\",\"Latest News\"],\"inLanguage\":\"fr-FR\",\"copyrightYear\":\"2026\",\"copyrightHolder\":{\"@id\":\"https:\\\/\\\/bladnanews.com\\\/fr\\\/#organization\"}},{\"@type\":\"WebPage\",\"@id\":\"https:\\\/\\\/mediumseagreen-eel-531711.hostingersite.com\\\/mikel-arteta-confirms-concern-over-declan-rices-knee-injury-at-arsenal\\\/\",\"url\":\"https:\\\/\\\/mediumseagreen-eel-531711.hostingersite.com\\\/mikel-arteta-confirms-concern-over-declan-rices-knee-injury-at-arsenal\\\/\",\"name\":\"Mikel Arteta confirms concern over Declan Rice\u2019s knee injury at Arsenal - Bladna News\",\"isPartOf\":{\"@id\":\"https:\\\/\\\/mediumseagreen-eel-531711.hostingersite.com\\\/#website\"},\"primaryImageOfPage\":{\"@id\":\"https:\\\/\\\/mediumseagreen-eel-531711.hostingersite.com\\\/mikel-arteta-confirms-concern-over-declan-rices-knee-injury-at-arsenal\\\/#primaryimage\"},\"image\":{\"@id\":\"https:\\\/\\\/mediumseagreen-eel-531711.hostingersite.com\\\/mikel-arteta-confirms-concern-over-declan-rices-knee-injury-at-arsenal\\\/#primaryimage\"},\"thumbnailUrl\":\"https:\\\/\\\/bladnanews.com\\\/wp-content\\\/uploads\\\/2026\\\/01\\\/BladnaNews-Mikel-Arteta-confirms-concern-over-Declan-Rices-knee-injury-at-Arsenal-2026-01-02T175048.039Z.jpg\",\"datePublished\":\"2026-01-02T13:54:46+00:00\",\"breadcrumb\":{\"@id\":\"https:\\\/\\\/mediumseagreen-eel-531711.hostingersite.com\\\/mikel-arteta-confirms-concern-over-declan-rices-knee-injury-at-arsenal\\\/#breadcrumb\"},\"inLanguage\":\"fr-FR\",\"potentialAction\":[{\"@type\":\"ReadAction\",\"target\":[\"https:\\\/\\\/mediumseagreen-eel-531711.hostingersite.com\\\/mikel-arteta-confirms-concern-over-declan-rices-knee-injury-at-arsenal\\\/\"]}]},{\"@type\":\"ImageObject\",\"inLanguage\":\"fr-FR\",\"@id\":\"https:\\\/\\\/mediumseagreen-eel-531711.hostingersite.com\\\/mikel-arteta-confirms-concern-over-declan-rices-knee-injury-at-arsenal\\\/#primaryimage\",\"url\":\"https:\\\/\\\/bladnanews.com\\\/wp-content\\\/uploads\\\/2026\\\/01\\\/BladnaNews-Mikel-Arteta-confirms-concern-over-Declan-Rices-knee-injury-at-Arsenal-2026-01-02T175048.039Z.jpg\",\"contentUrl\":\"https:\\\/\\\/bladnanews.com\\\/wp-content\\\/uploads\\\/2026\\\/01\\\/BladnaNews-Mikel-Arteta-confirms-concern-over-Declan-Rices-knee-injury-at-Arsenal-2026-01-02T175048.039Z.jpg\",\"width\":1600,\"height\":900,\"caption\":\"Declan Rice in Arsenal's red and white kit, displaying concern during a match, with focused expression on his face.\"},{\"@type\":\"BreadcrumbList\",\"@id\":\"https:\\\/\\\/mediumseagreen-eel-531711.hostingersite.com\\\/mikel-arteta-confirms-concern-over-declan-rices-knee-injury-at-arsenal\\\/#breadcrumb\",\"itemListElement\":[{\"@type\":\"ListItem\",\"position\":1,\"name\":\"Home\",\"item\":\"https:\\\/\\\/bladnanews.com\\\/\"},{\"@type\":\"ListItem\",\"position\":2,\"name\":\"Mikel Arteta confirms concern over Declan Rice\u2019s knee injury at Arsenal\"}]},{\"@type\":\"WebSite\",\"@id\":\"https:\\\/\\\/mediumseagreen-eel-531711.hostingersite.com\\\/#website\",\"url\":\"https:\\\/\\\/mediumseagreen-eel-531711.hostingersite.com\\\/\",\"name\":\"Bladna News - Morocco\",\"description\":\"Where Moroccan Football Meets the World\",\"publisher\":{\"@id\":\"https:\\\/\\\/mediumseagreen-eel-531711.hostingersite.com\\\/#organization\"},\"potentialAction\":[{\"@type\":\"SearchAction\",\"target\":{\"@type\":\"EntryPoint\",\"urlTemplate\":\"https:\\\/\\\/mediumseagreen-eel-531711.hostingersite.com\\\/?s={search_term_string}\"},\"query-input\":{\"@type\":\"PropertyValueSpecification\",\"valueRequired\":true,\"valueName\":\"search_term_string\"}}],\"inLanguage\":\"fr-FR\"},{\"@type\":\"Organization\",\"@id\":\"https:\\\/\\\/mediumseagreen-eel-531711.hostingersite.com\\\/#organization\",\"name\":\"Bladna News.com\",\"url\":\"https:\\\/\\\/mediumseagreen-eel-531711.hostingersite.com\\\/\",\"logo\":{\"@type\":\"ImageObject\",\"inLanguage\":\"fr-FR\",\"@id\":\"https:\\\/\\\/mediumseagreen-eel-531711.hostingersite.com\\\/#\\\/schema\\\/logo\\\/image\\\/\",\"url\":\"https:\\\/\\\/bladnanews.com\\\/wp-content\\\/uploads\\\/2025\\\/12\\\/logo-bladnanews-V2-web-black-red.png\",\"contentUrl\":\"https:\\\/\\\/bladnanews.com\\\/wp-content\\\/uploads\\\/2025\\\/12\\\/logo-bladnanews-V2-web-black-red.png\",\"width\":703,\"height\":287,\"caption\":\"Bladna News.com\"},\"image\":{\"@id\":\"https:\\\/\\\/mediumseagreen-eel-531711.hostingersite.com\\\/#\\\/schema\\\/logo\\\/image\\\/\"},\"email\":\"info@bladnanews.com\",\"legalName\":\"Bladna News\"},{\"@type\":\"Person\",\"@id\":\"https:\\\/\\\/mediumseagreen-eel-531711.hostingersite.com\\\/#\\\/schema\\\/person\\\/268e18a453ab080ebf76df6ef7845083\",\"name\":\"Bladna News Staff\",\"url\":\"https:\\\/\\\/bladnanews.com\\\/fr\\\/author\\\/bladna-news-staff\\\/\"}]}<\/script>\n<!-- \/ Yoast SEO Premium plugin. -->","yoast_head_json":{"title":"Mikel Arteta confirme son inqui\u00e9tude concernant la blessure au genou de Declan Rice \u00e0 Arsenal - Bladna News","robots":{"index":"index","follow":"follow","max-snippet":"max-snippet:-1","max-image-preview":"max-image-preview:large","max-video-preview":"max-video-preview:-1"},"canonical":"https:\/\/mediumseagreen-eel-531711.hostingersite.com\/mikel-arteta-confirms-concern-over-declan-rices-knee-injury-at-arsenal\/","og_locale":"fr_FR","og_type":"article","og_title":"Mikel Arteta confirms concern over Declan Rice\u2019s knee injury at Arsenal","og_description":"Arsenal manager Mikel Arteta has confirmed the club&#8217;s concern over Declan Rice\u2019s knee injury ahead of their upcoming fixtures. The [&hellip;]","og_url":"https:\/\/mediumseagreen-eel-531711.hostingersite.com\/mikel-arteta-confirms-concern-over-declan-rices-knee-injury-at-arsenal\/","og_site_name":"Bladna News","article_published_time":"2026-01-02T13:54:46+00:00","og_image":[{"width":1920,"height":1080,"url":"https:\/\/res.cloudinary.com\/dmbhzmkw6\/images\/v1767514654\/BladnaNews-Mikel-Arteta-confirms-concern-over-Declan-Rices-knee-injury-at-Arsenal-2026-01-02T175048.039Z\/BladnaNews-Mikel-Arteta-confirms-concern-over-Declan-Rices-knee-injury-at-Arsenal-2026-01-02T175048.039Z.jpg?_i=AA","type":"image\/jpeg"}],"author":"Bladna News Staff","twitter_card":"summary_large_image","twitter_misc":{"\u00c9crit par":"Bladna News Staff","Dur\u00e9e de lecture estim\u00e9e":"2 minutes"},"schema":{"@context":"https:\/\/schema.org","@graph":[{"@type":"Article","@id":"https:\/\/mediumseagreen-eel-531711.hostingersite.com\/mikel-arteta-confirms-concern-over-declan-rices-knee-injury-at-arsenal\/#article","isPartOf":{"@id":"https:\/\/mediumseagreen-eel-531711.hostingersite.com\/mikel-arteta-confirms-concern-over-declan-rices-knee-injury-at-arsenal\/"},"author":{"name":"Bladna News Staff","@id":"https:\/\/mediumseagreen-eel-531711.hostingersite.com\/#\/schema\/person\/268e18a453ab080ebf76df6ef7845083"},"headline":"Mikel Arteta confirms concern over Declan Rice\u2019s knee injury at Arsenal","datePublished":"2026-01-02T13:54:46+00:00","mainEntityOfPage":{"@id":"https:\/\/mediumseagreen-eel-531711.hostingersite.com\/mikel-arteta-confirms-concern-over-declan-rices-knee-injury-at-arsenal\/"},"wordCount":335,"publisher":{"@id":"https:\/\/mediumseagreen-eel-531711.hostingersite.com\/#organization"},"image":{"@id":"https:\/\/mediumseagreen-eel-531711.hostingersite.com\/mikel-arteta-confirms-concern-over-declan-rices-knee-injury-at-arsenal\/#primaryimage"},"thumbnailUrl":"https:\/\/bladnanews.com\/wp-content\/uploads\/2026\/01\/BladnaNews-Mikel-Arteta-confirms-concern-over-Declan-Rices-knee-injury-at-Arsenal-2026-01-02T175048.039Z.jpg","articleSection":["International","Latest News"],"inLanguage":"fr-FR","copyrightYear":"2026","copyrightHolder":{"@id":"https:\/\/bladnanews.com\/fr\/#organization"}},{"@type":"WebPage","@id":"https:\/\/mediumseagreen-eel-531711.hostingersite.com\/mikel-arteta-confirms-concern-over-declan-rices-knee-injury-at-arsenal\/","url":"https:\/\/mediumseagreen-eel-531711.hostingersite.com\/mikel-arteta-confirms-concern-over-declan-rices-knee-injury-at-arsenal\/","name":"Mikel Arteta confirme son inqui\u00e9tude concernant la blessure au genou de Declan Rice \u00e0 Arsenal - Bladna News","isPartOf":{"@id":"https:\/\/mediumseagreen-eel-531711.hostingersite.com\/#website"},"primaryImageOfPage":{"@id":"https:\/\/mediumseagreen-eel-531711.hostingersite.com\/mikel-arteta-confirms-concern-over-declan-rices-knee-injury-at-arsenal\/#primaryimage"},"image":{"@id":"https:\/\/mediumseagreen-eel-531711.hostingersite.com\/mikel-arteta-confirms-concern-over-declan-rices-knee-injury-at-arsenal\/#primaryimage"},"thumbnailUrl":"https:\/\/bladnanews.com\/wp-content\/uploads\/2026\/01\/BladnaNews-Mikel-Arteta-confirms-concern-over-Declan-Rices-knee-injury-at-Arsenal-2026-01-02T175048.039Z.jpg","datePublished":"2026-01-02T13:54:46+00:00","breadcrumb":{"@id":"https:\/\/mediumseagreen-eel-531711.hostingersite.com\/mikel-arteta-confirms-concern-over-declan-rices-knee-injury-at-arsenal\/#breadcrumb"},"inLanguage":"fr-FR","potentialAction":[{"@type":"ReadAction","target":["https:\/\/mediumseagreen-eel-531711.hostingersite.com\/mikel-arteta-confirms-concern-over-declan-rices-knee-injury-at-arsenal\/"]}]},{"@type":"ImageObject","inLanguage":"fr-FR","@id":"https:\/\/mediumseagreen-eel-531711.hostingersite.com\/mikel-arteta-confirms-concern-over-declan-rices-knee-injury-at-arsenal\/#primaryimage","url":"https:\/\/bladnanews.com\/wp-content\/uploads\/2026\/01\/BladnaNews-Mikel-Arteta-confirms-concern-over-Declan-Rices-knee-injury-at-Arsenal-2026-01-02T175048.039Z.jpg","contentUrl":"https:\/\/bladnanews.com\/wp-content\/uploads\/2026\/01\/BladnaNews-Mikel-Arteta-confirms-concern-over-Declan-Rices-knee-injury-at-Arsenal-2026-01-02T175048.039Z.jpg","width":1600,"height":900,"caption":"Declan Rice in Arsenal's red and white kit, displaying concern during a match, with focused expression on his face."},{"@type":"BreadcrumbList","@id":"https:\/\/mediumseagreen-eel-531711.hostingersite.com\/mikel-arteta-confirms-concern-over-declan-rices-knee-injury-at-arsenal\/#breadcrumb","itemListElement":[{"@type":"ListItem","position":1,"name":"Home","item":"https:\/\/bladnanews.com\/"},{"@type":"ListItem","position":2,"name":"Mikel Arteta confirms concern over Declan Rice\u2019s knee injury at Arsenal"}]},{"@type":"WebSite","@id":"https:\/\/mediumseagreen-eel-531711.hostingersite.com\/#website","url":"https:\/\/mediumseagreen-eel-531711.hostingersite.com\/","name":"Bladna News - Maroc","description":"Quand le football marocain rencontre le monde","publisher":{"@id":"https:\/\/mediumseagreen-eel-531711.hostingersite.com\/#organization"},"potentialAction":[{"@type":"SearchAction","target":{"@type":"EntryPoint","urlTemplate":"https:\/\/mediumseagreen-eel-531711.hostingersite.com\/?s={search_term_string}"},"query-input":{"@type":"PropertyValueSpecification","valueRequired":true,"valueName":"search_term_string"}}],"inLanguage":"fr-FR"},{"@type":"Organization","@id":"https:\/\/mediumseagreen-eel-531711.hostingersite.com\/#organization","name":"Bladna News.com","url":"https:\/\/mediumseagreen-eel-531711.hostingersite.com\/","logo":{"@type":"ImageObject","inLanguage":"fr-FR","@id":"https:\/\/mediumseagreen-eel-531711.hostingersite.com\/#\/schema\/logo\/image\/","url":"https:\/\/bladnanews.com\/wp-content\/uploads\/2025\/12\/logo-bladnanews-V2-web-black-red.png","contentUrl":"https:\/\/bladnanews.com\/wp-content\/uploads\/2025\/12\/logo-bladnanews-V2-web-black-red.png","width":703,"height":287,"caption":"Bladna News.com"},"image":{"@id":"https:\/\/mediumseagreen-eel-531711.hostingersite.com\/#\/schema\/logo\/image\/"},"email":"info@bladnanews.com","legalName":"Bladna News"},{"@type":"Person","@id":"https:\/\/mediumseagreen-eel-531711.hostingersite.com\/#\/schema\/person\/268e18a453ab080ebf76df6ef7845083","name":"\u00c9quipe r\u00e9dactionnelle de Bladna News","url":"https:\/\/bladnanews.com\/fr\/author\/bladna-news-staff\/"}]}},"_links":{"self":[{"href":"https:\/\/bladnanews.com\/fr\/wp-json\/wp\/v2\/posts\/1422","targetHints":{"allow":["GET"]}}],"collection":[{"href":"https:\/\/bladnanews.com\/fr\/wp-json\/wp\/v2\/posts"}],"about":[{"href":"https:\/\/bladnanews.com\/fr\/wp-json\/wp\/v2\/types\/post"}],"author":[{"embeddable":true,"href":"https:\/\/bladnanews.com\/fr\/wp-json\/wp\/v2\/users\/3"}],"replies":[{"embeddable":true,"href":"https:\/\/bladnanews.com\/fr\/wp-json\/wp\/v2\/comments?post=1422"}],"version-history":[{"count":0,"href":"https:\/\/bladnanews.com\/fr\/wp-json\/wp\/v2\/posts\/1422\/revisions"}],"wp:featuredmedia":[{"embeddable":true,"href":"https:\/\/bladnanews.com\/fr\/wp-json\/wp\/v2\/media\/1421"}],"wp:attachment":[{"href":"https:\/\/bladnanews.com\/fr\/wp-json\/wp\/v2\/media?parent=1422"}],"wp:term":[{"taxonomy":"category","embeddable":true,"href":"https:\/\/bladnanews.com\/fr\/wp-json\/wp\/v2\/categories?post=1422"},{"taxonomy":"post_tag","embeddable":true,"href":"https:\/\/bladnanews.com\/fr\/wp-json\/wp\/v2\/tags?post=1422"}],"curies":[{"name":"wp","href":"https:\/\/api.w.org\/{rel}","templated":true}]}}