{"id":1424,"date":"2026-01-02T14:20:56","date_gmt":"2026-01-02T14:20:56","guid":{"rendered":"https:\/\/bladnanews.com\/ruben-amorim-rules-out-man-utd-january-exits-for-mainoo-and-zirkzee\/"},"modified":"2026-01-02T14:20:56","modified_gmt":"2026-01-02T14:20:56","slug":"ruben-amorim-exclut-les-departs-de-manchester-united-en-janvier-pour-mainoo-et-zirkzee","status":"publish","type":"post","link":"https:\/\/bladnanews.com\/fr\/ruben-amorim-exclut-les-departs-de-manchester-united-en-janvier-pour-mainoo-et-zirkzee\/","title":{"rendered":"Ruben Amorim exclut les d\u00e9parts de Mainoo et Zirkzee de Manchester United en janvier"},"content":{"rendered":"<p>L'entra\u00eeneur du Sporting CP, Ruben Amorim, a confirm\u00e9 que ni Kobbie Mainoo ni Joshua Zirkzee ne quitteront le club durant le mercato de janvier, \u00e9cartant ainsi tout transfert potentiel vers Manchester United. S'exprimant avant les prochaines rencontres du Sporting, Amorim a soulign\u00e9 que les deux joueurs sont des \u00e9l\u00e9ments cl\u00e9s de son effectif et qu'ils resteront au sein de l'\u00e9quipe pour le reste de la saison.<\/p>\n<p>Mainoo, \u00e2g\u00e9 de 17 ans et ayant attir\u00e9 l'int\u00e9r\u00eat de plusieurs clubs de Premier League, dont Manchester United, avait r\u00e9cemment \u00e9t\u00e9 \u00e9voqu\u00e9 pour un retour en Angleterre. Parall\u00e8lement, Zirkzee, pr\u00eat\u00e9 au Sporting par le Bayern Munich, avait \u00e9galement fait l'objet de rumeurs de transfert, des rapports l'ayant li\u00e9 \u00e0 un retour d\u00e9finitif en Angleterre. Cependant, Amorim a balay\u00e9 ces rumeurs et confirm\u00e9 le statut des deux joueurs au sein du club lisbo\u00e8te.<\/p>\n<p>\u201c Kobbie et Joshua sont des joueurs importants pour nous actuellement \u201d, a d\u00e9clar\u00e9 Amorim. \u201c Nous n'avons aucun projet de les laisser partir en janvier. Notre priorit\u00e9 est de construire une \u00e9quipe solide, et conserver ces jeunes talents fait partie de cette strat\u00e9gie. \u201d<\/p>\n<p>La d\u00e9cision du Sporting de conserver Mainoo et Zirkzee intervient alors que le club de Primeira Liga cherche \u00e0 maintenir son dynamisme en championnat et en coupes d'Europe. Les deux joueurs ont tenu des r\u00f4les notables cette saison, Zirkzee contribuant par des buts et Mainoo impressionnant dans le jeu au milieu de terrain.<\/p>\n<p>Malgr\u00e9 l'int\u00e9r\u00eat persistant de Manchester United, la position claire d'Amorim met un terme aux rumeurs de transfert \u00e9voquant des d\u00e9parts en janvier. Ce dernier d\u00e9veloppement garantit que les jeunes talents du club resteront au c\u0153ur du projet du Sporting pour le reste de la campagne.<\/p>","protected":false},"excerpt":{"rendered":"<p>Sporting CP head coach Ruben Amorim has confirmed that neither Kobbie Mainoo nor Joshua Zirkzee will leave the club during [&hellip;]<\/p>\n","protected":false},"author":3,"featured_media":1423,"comment_status":"","ping_status":"open","sticky":false,"template":"","format":"standard","meta":{"googlesitekit_rrm_CAow_uzEDA:productID":"","site-sidebar-layout":"default","site-content-layout":"","ast-site-content-layout":"default","site-content-style":"default","site-sidebar-style":"default","ast-global-header-display":"","ast-banner-title-visibility":"","ast-main-header-display":"","ast-hfb-above-header-display":"","ast-hfb-below-header-display":"","ast-hfb-mobile-header-display":"","site-post-title":"","ast-breadcrumbs-content":"","ast-featured-img":"","footer-sml-layout":"","ast-disable-related-posts":"","theme-transparent-header-meta":"","adv-header-id-meta":"","stick-header-meta":"","header-above-stick-meta":"","header-main-stick-meta":"","header-below-stick-meta":"","astra-migrate-meta-layouts":"default","ast-page-background-enabled":"default","ast-page-background-meta":{"desktop":{"background-color":"var(--ast-global-color-5)","background-image":"","background-repeat":"repeat","background-position":"center center","background-size":"auto","background-attachment":"scroll","background-type":"","background-media":"","overlay-type":"","overlay-color":"","overlay-opacity":"","overlay-gradient":""},"tablet":{"background-color":"","background-image":"","background-repeat":"repeat","background-position":"center center","background-size":"auto","background-attachment":"scroll","background-type":"","background-media":"","overlay-type":"","overlay-color":"","overlay-opacity":"","overlay-gradient":""},"mobile":{"background-color":"","background-image":"","background-repeat":"repeat","background-position":"center center","background-size":"auto","background-attachment":"scroll","background-type":"","background-media":"","overlay-type":"","overlay-color":"","overlay-opacity":"","overlay-gradient":""}},"ast-content-background-meta":{"desktop":{"background-color":"var(--ast-global-color-4)","background-image":"","background-repeat":"repeat","background-position":"center center","background-size":"auto","background-attachment":"scroll","background-type":"","background-media":"","overlay-type":"","overlay-color":"","overlay-opacity":"","overlay-gradient":""},"tablet":{"background-color":"var(--ast-global-color-4)","background-image":"","background-repeat":"repeat","background-position":"center center","background-size":"auto","background-attachment":"scroll","background-type":"","background-media":"","overlay-type":"","overlay-color":"","overlay-opacity":"","overlay-gradient":""},"mobile":{"background-color":"var(--ast-global-color-4)","background-image":"","background-repeat":"repeat","background-position":"center center","background-size":"auto","background-attachment":"scroll","background-type":"","background-media":"","overlay-type":"","overlay-color":"","overlay-opacity":"","overlay-gradient":""}},"footnotes":""},"categories":[20,1],"tags":[],"class_list":["post-1424","post","type-post","status-publish","format-standard","has-post-thumbnail","hentry","category-international","category-football-latest-news"],"yoast_head":"<!-- This site is optimized with the Yoast SEO Premium plugin v26.6 (Yoast SEO v27.5) - https:\/\/yoast.com\/product\/yoast-seo-premium-wordpress\/ -->\n<title>Ruben Amorim rules out Man Utd January exits for Mainoo and Zirkzee - Bladna News<\/title>\n<meta name=\"robots\" content=\"index, follow, max-snippet:-1, max-image-preview:large, max-video-preview:-1\" \/>\n<link rel=\"canonical\" href=\"https:\/\/mediumseagreen-eel-531711.hostingersite.com\/ruben-amorim-rules-out-man-utd-january-exits-for-mainoo-and-zirkzee\/\" \/>\n<meta property=\"og:locale\" content=\"fr_FR\" \/>\n<meta property=\"og:type\" content=\"article\" \/>\n<meta property=\"og:title\" content=\"Ruben Amorim rules out Man Utd January exits for Mainoo and Zirkzee\" \/>\n<meta property=\"og:description\" content=\"Sporting CP head coach Ruben Amorim has confirmed that neither Kobbie Mainoo nor Joshua Zirkzee will leave the club during [&hellip;]\" \/>\n<meta property=\"og:url\" content=\"https:\/\/mediumseagreen-eel-531711.hostingersite.com\/ruben-amorim-rules-out-man-utd-january-exits-for-mainoo-and-zirkzee\/\" \/>\n<meta property=\"og:site_name\" content=\"Bladna News\" \/>\n<meta property=\"article:published_time\" content=\"2026-01-02T14:20:56+00:00\" \/>\n<meta property=\"og:image\" content=\"https:\/\/res.cloudinary.com\/dmbhzmkw6\/images\/v1767514652\/BladnaNews-Ruben-Amorim-rules-out-Man-Utd-January-exits-for-Mainoo-and-Zirkzee-2026-01-02T175103.067Z\/BladnaNews-Ruben-Amorim-rules-out-Man-Utd-January-exits-for-Mainoo-and-Zirkzee-2026-01-02T175103.067Z.jpg?_i=AA\" \/>\n\t<meta property=\"og:image:width\" content=\"1920\" \/>\n\t<meta property=\"og:image:height\" content=\"1080\" \/>\n\t<meta property=\"og:image:type\" content=\"image\/jpeg\" \/>\n<meta name=\"author\" content=\"Bladna News Staff\" \/>\n<meta name=\"twitter:card\" content=\"summary_large_image\" \/>\n<meta name=\"twitter:label1\" content=\"\u00c9crit par\" \/>\n\t<meta name=\"twitter:data1\" content=\"Bladna News Staff\" \/>\n\t<meta name=\"twitter:label2\" content=\"Dur\u00e9e de lecture estim\u00e9e\" \/>\n\t<meta name=\"twitter:data2\" content=\"1 minute\" \/>\n<script type=\"application\/ld+json\" class=\"yoast-schema-graph\">{\"@context\":\"https:\\\/\\\/schema.org\",\"@graph\":[{\"@type\":\"Article\",\"@id\":\"https:\\\/\\\/mediumseagreen-eel-531711.hostingersite.com\\\/ruben-amorim-rules-out-man-utd-january-exits-for-mainoo-and-zirkzee\\\/#article\",\"isPartOf\":{\"@id\":\"https:\\\/\\\/mediumseagreen-eel-531711.hostingersite.com\\\/ruben-amorim-rules-out-man-utd-january-exits-for-mainoo-and-zirkzee\\\/\"},\"author\":{\"name\":\"Bladna News Staff\",\"@id\":\"https:\\\/\\\/mediumseagreen-eel-531711.hostingersite.com\\\/#\\\/schema\\\/person\\\/268e18a453ab080ebf76df6ef7845083\"},\"headline\":\"Ruben Amorim rules out Man Utd January exits for Mainoo and Zirkzee\",\"datePublished\":\"2026-01-02T14:20:56+00:00\",\"mainEntityOfPage\":{\"@id\":\"https:\\\/\\\/mediumseagreen-eel-531711.hostingersite.com\\\/ruben-amorim-rules-out-man-utd-january-exits-for-mainoo-and-zirkzee\\\/\"},\"wordCount\":272,\"publisher\":{\"@id\":\"https:\\\/\\\/mediumseagreen-eel-531711.hostingersite.com\\\/#organization\"},\"image\":{\"@id\":\"https:\\\/\\\/mediumseagreen-eel-531711.hostingersite.com\\\/ruben-amorim-rules-out-man-utd-january-exits-for-mainoo-and-zirkzee\\\/#primaryimage\"},\"thumbnailUrl\":\"https:\\\/\\\/bladnanews.com\\\/wp-content\\\/uploads\\\/2026\\\/01\\\/BladnaNews-Ruben-Amorim-rules-out-Man-Utd-January-exits-for-Mainoo-and-Zirkzee-2026-01-02T175103.067Z.jpg\",\"articleSection\":[\"International\",\"Latest News\"],\"inLanguage\":\"fr-FR\",\"copyrightYear\":\"2026\",\"copyrightHolder\":{\"@id\":\"https:\\\/\\\/bladnanews.com\\\/fr\\\/#organization\"}},{\"@type\":\"WebPage\",\"@id\":\"https:\\\/\\\/mediumseagreen-eel-531711.hostingersite.com\\\/ruben-amorim-rules-out-man-utd-january-exits-for-mainoo-and-zirkzee\\\/\",\"url\":\"https:\\\/\\\/mediumseagreen-eel-531711.hostingersite.com\\\/ruben-amorim-rules-out-man-utd-january-exits-for-mainoo-and-zirkzee\\\/\",\"name\":\"Ruben Amorim rules out Man Utd January exits for Mainoo and Zirkzee - Bladna News\",\"isPartOf\":{\"@id\":\"https:\\\/\\\/mediumseagreen-eel-531711.hostingersite.com\\\/#website\"},\"primaryImageOfPage\":{\"@id\":\"https:\\\/\\\/mediumseagreen-eel-531711.hostingersite.com\\\/ruben-amorim-rules-out-man-utd-january-exits-for-mainoo-and-zirkzee\\\/#primaryimage\"},\"image\":{\"@id\":\"https:\\\/\\\/mediumseagreen-eel-531711.hostingersite.com\\\/ruben-amorim-rules-out-man-utd-january-exits-for-mainoo-and-zirkzee\\\/#primaryimage\"},\"thumbnailUrl\":\"https:\\\/\\\/bladnanews.com\\\/wp-content\\\/uploads\\\/2026\\\/01\\\/BladnaNews-Ruben-Amorim-rules-out-Man-Utd-January-exits-for-Mainoo-and-Zirkzee-2026-01-02T175103.067Z.jpg\",\"datePublished\":\"2026-01-02T14:20:56+00:00\",\"breadcrumb\":{\"@id\":\"https:\\\/\\\/mediumseagreen-eel-531711.hostingersite.com\\\/ruben-amorim-rules-out-man-utd-january-exits-for-mainoo-and-zirkzee\\\/#breadcrumb\"},\"inLanguage\":\"fr-FR\",\"potentialAction\":[{\"@type\":\"ReadAction\",\"target\":[\"https:\\\/\\\/mediumseagreen-eel-531711.hostingersite.com\\\/ruben-amorim-rules-out-man-utd-january-exits-for-mainoo-and-zirkzee\\\/\"]}]},{\"@type\":\"ImageObject\",\"inLanguage\":\"fr-FR\",\"@id\":\"https:\\\/\\\/mediumseagreen-eel-531711.hostingersite.com\\\/ruben-amorim-rules-out-man-utd-january-exits-for-mainoo-and-zirkzee\\\/#primaryimage\",\"url\":\"https:\\\/\\\/bladnanews.com\\\/wp-content\\\/uploads\\\/2026\\\/01\\\/BladnaNews-Ruben-Amorim-rules-out-Man-Utd-January-exits-for-Mainoo-and-Zirkzee-2026-01-02T175103.067Z.jpg\",\"contentUrl\":\"https:\\\/\\\/bladnanews.com\\\/wp-content\\\/uploads\\\/2026\\\/01\\\/BladnaNews-Ruben-Amorim-rules-out-Man-Utd-January-exits-for-Mainoo-and-Zirkzee-2026-01-02T175103.067Z.jpg\",\"width\":1600,\"height\":900,\"caption\":\"Ruben Amorim in Manchester United jacket, flanked by Mainoo and Zirkzee in club jerseys, discussing January transfer updates.\"},{\"@type\":\"BreadcrumbList\",\"@id\":\"https:\\\/\\\/mediumseagreen-eel-531711.hostingersite.com\\\/ruben-amorim-rules-out-man-utd-january-exits-for-mainoo-and-zirkzee\\\/#breadcrumb\",\"itemListElement\":[{\"@type\":\"ListItem\",\"position\":1,\"name\":\"Home\",\"item\":\"https:\\\/\\\/bladnanews.com\\\/\"},{\"@type\":\"ListItem\",\"position\":2,\"name\":\"Ruben Amorim rules out Man Utd January exits for Mainoo and Zirkzee\"}]},{\"@type\":\"WebSite\",\"@id\":\"https:\\\/\\\/mediumseagreen-eel-531711.hostingersite.com\\\/#website\",\"url\":\"https:\\\/\\\/mediumseagreen-eel-531711.hostingersite.com\\\/\",\"name\":\"Bladna News - Morocco\",\"description\":\"Where Moroccan Football Meets the World\",\"publisher\":{\"@id\":\"https:\\\/\\\/mediumseagreen-eel-531711.hostingersite.com\\\/#organization\"},\"potentialAction\":[{\"@type\":\"SearchAction\",\"target\":{\"@type\":\"EntryPoint\",\"urlTemplate\":\"https:\\\/\\\/mediumseagreen-eel-531711.hostingersite.com\\\/?s={search_term_string}\"},\"query-input\":{\"@type\":\"PropertyValueSpecification\",\"valueRequired\":true,\"valueName\":\"search_term_string\"}}],\"inLanguage\":\"fr-FR\"},{\"@type\":\"Organization\",\"@id\":\"https:\\\/\\\/mediumseagreen-eel-531711.hostingersite.com\\\/#organization\",\"name\":\"Bladna News.com\",\"url\":\"https:\\\/\\\/mediumseagreen-eel-531711.hostingersite.com\\\/\",\"logo\":{\"@type\":\"ImageObject\",\"inLanguage\":\"fr-FR\",\"@id\":\"https:\\\/\\\/mediumseagreen-eel-531711.hostingersite.com\\\/#\\\/schema\\\/logo\\\/image\\\/\",\"url\":\"https:\\\/\\\/bladnanews.com\\\/wp-content\\\/uploads\\\/2025\\\/12\\\/logo-bladnanews-V2-web-black-red.png\",\"contentUrl\":\"https:\\\/\\\/bladnanews.com\\\/wp-content\\\/uploads\\\/2025\\\/12\\\/logo-bladnanews-V2-web-black-red.png\",\"width\":703,\"height\":287,\"caption\":\"Bladna News.com\"},\"image\":{\"@id\":\"https:\\\/\\\/mediumseagreen-eel-531711.hostingersite.com\\\/#\\\/schema\\\/logo\\\/image\\\/\"},\"email\":\"info@bladnanews.com\",\"legalName\":\"Bladna News\"},{\"@type\":\"Person\",\"@id\":\"https:\\\/\\\/mediumseagreen-eel-531711.hostingersite.com\\\/#\\\/schema\\\/person\\\/268e18a453ab080ebf76df6ef7845083\",\"name\":\"Bladna News Staff\",\"url\":\"https:\\\/\\\/bladnanews.com\\\/fr\\\/author\\\/bladna-news-staff\\\/\"}]}<\/script>\n<!-- \/ Yoast SEO Premium plugin. -->","yoast_head_json":{"title":"Ruben Amorim exclut les d\u00e9parts de Mainoo et Zirkzee de Manchester United en janvier - Bladna News","robots":{"index":"index","follow":"follow","max-snippet":"max-snippet:-1","max-image-preview":"max-image-preview:large","max-video-preview":"max-video-preview:-1"},"canonical":"https:\/\/mediumseagreen-eel-531711.hostingersite.com\/ruben-amorim-rules-out-man-utd-january-exits-for-mainoo-and-zirkzee\/","og_locale":"fr_FR","og_type":"article","og_title":"Ruben Amorim rules out Man Utd January exits for Mainoo and Zirkzee","og_description":"Sporting CP head coach Ruben Amorim has confirmed that neither Kobbie Mainoo nor Joshua Zirkzee will leave the club during [&hellip;]","og_url":"https:\/\/mediumseagreen-eel-531711.hostingersite.com\/ruben-amorim-rules-out-man-utd-january-exits-for-mainoo-and-zirkzee\/","og_site_name":"Bladna News","article_published_time":"2026-01-02T14:20:56+00:00","og_image":[{"width":1920,"height":1080,"url":"https:\/\/res.cloudinary.com\/dmbhzmkw6\/images\/v1767514652\/BladnaNews-Ruben-Amorim-rules-out-Man-Utd-January-exits-for-Mainoo-and-Zirkzee-2026-01-02T175103.067Z\/BladnaNews-Ruben-Amorim-rules-out-Man-Utd-January-exits-for-Mainoo-and-Zirkzee-2026-01-02T175103.067Z.jpg?_i=AA","type":"image\/jpeg"}],"author":"Bladna News Staff","twitter_card":"summary_large_image","twitter_misc":{"\u00c9crit par":"Bladna News Staff","Dur\u00e9e de lecture estim\u00e9e":"1 minute"},"schema":{"@context":"https:\/\/schema.org","@graph":[{"@type":"Article","@id":"https:\/\/mediumseagreen-eel-531711.hostingersite.com\/ruben-amorim-rules-out-man-utd-january-exits-for-mainoo-and-zirkzee\/#article","isPartOf":{"@id":"https:\/\/mediumseagreen-eel-531711.hostingersite.com\/ruben-amorim-rules-out-man-utd-january-exits-for-mainoo-and-zirkzee\/"},"author":{"name":"Bladna News Staff","@id":"https:\/\/mediumseagreen-eel-531711.hostingersite.com\/#\/schema\/person\/268e18a453ab080ebf76df6ef7845083"},"headline":"Ruben Amorim rules out Man Utd January exits for Mainoo and Zirkzee","datePublished":"2026-01-02T14:20:56+00:00","mainEntityOfPage":{"@id":"https:\/\/mediumseagreen-eel-531711.hostingersite.com\/ruben-amorim-rules-out-man-utd-january-exits-for-mainoo-and-zirkzee\/"},"wordCount":272,"publisher":{"@id":"https:\/\/mediumseagreen-eel-531711.hostingersite.com\/#organization"},"image":{"@id":"https:\/\/mediumseagreen-eel-531711.hostingersite.com\/ruben-amorim-rules-out-man-utd-january-exits-for-mainoo-and-zirkzee\/#primaryimage"},"thumbnailUrl":"https:\/\/bladnanews.com\/wp-content\/uploads\/2026\/01\/BladnaNews-Ruben-Amorim-rules-out-Man-Utd-January-exits-for-Mainoo-and-Zirkzee-2026-01-02T175103.067Z.jpg","articleSection":["International","Latest News"],"inLanguage":"fr-FR","copyrightYear":"2026","copyrightHolder":{"@id":"https:\/\/bladnanews.com\/fr\/#organization"}},{"@type":"WebPage","@id":"https:\/\/mediumseagreen-eel-531711.hostingersite.com\/ruben-amorim-rules-out-man-utd-january-exits-for-mainoo-and-zirkzee\/","url":"https:\/\/mediumseagreen-eel-531711.hostingersite.com\/ruben-amorim-rules-out-man-utd-january-exits-for-mainoo-and-zirkzee\/","name":"Ruben Amorim exclut les d\u00e9parts de Mainoo et Zirkzee de Manchester United en janvier - Bladna News","isPartOf":{"@id":"https:\/\/mediumseagreen-eel-531711.hostingersite.com\/#website"},"primaryImageOfPage":{"@id":"https:\/\/mediumseagreen-eel-531711.hostingersite.com\/ruben-amorim-rules-out-man-utd-january-exits-for-mainoo-and-zirkzee\/#primaryimage"},"image":{"@id":"https:\/\/mediumseagreen-eel-531711.hostingersite.com\/ruben-amorim-rules-out-man-utd-january-exits-for-mainoo-and-zirkzee\/#primaryimage"},"thumbnailUrl":"https:\/\/bladnanews.com\/wp-content\/uploads\/2026\/01\/BladnaNews-Ruben-Amorim-rules-out-Man-Utd-January-exits-for-Mainoo-and-Zirkzee-2026-01-02T175103.067Z.jpg","datePublished":"2026-01-02T14:20:56+00:00","breadcrumb":{"@id":"https:\/\/mediumseagreen-eel-531711.hostingersite.com\/ruben-amorim-rules-out-man-utd-january-exits-for-mainoo-and-zirkzee\/#breadcrumb"},"inLanguage":"fr-FR","potentialAction":[{"@type":"ReadAction","target":["https:\/\/mediumseagreen-eel-531711.hostingersite.com\/ruben-amorim-rules-out-man-utd-january-exits-for-mainoo-and-zirkzee\/"]}]},{"@type":"ImageObject","inLanguage":"fr-FR","@id":"https:\/\/mediumseagreen-eel-531711.hostingersite.com\/ruben-amorim-rules-out-man-utd-january-exits-for-mainoo-and-zirkzee\/#primaryimage","url":"https:\/\/bladnanews.com\/wp-content\/uploads\/2026\/01\/BladnaNews-Ruben-Amorim-rules-out-Man-Utd-January-exits-for-Mainoo-and-Zirkzee-2026-01-02T175103.067Z.jpg","contentUrl":"https:\/\/bladnanews.com\/wp-content\/uploads\/2026\/01\/BladnaNews-Ruben-Amorim-rules-out-Man-Utd-January-exits-for-Mainoo-and-Zirkzee-2026-01-02T175103.067Z.jpg","width":1600,"height":900,"caption":"Ruben Amorim in Manchester United jacket, flanked by Mainoo and Zirkzee in club jerseys, discussing January transfer updates."},{"@type":"BreadcrumbList","@id":"https:\/\/mediumseagreen-eel-531711.hostingersite.com\/ruben-amorim-rules-out-man-utd-january-exits-for-mainoo-and-zirkzee\/#breadcrumb","itemListElement":[{"@type":"ListItem","position":1,"name":"Home","item":"https:\/\/bladnanews.com\/"},{"@type":"ListItem","position":2,"name":"Ruben Amorim rules out Man Utd January exits for Mainoo and Zirkzee"}]},{"@type":"WebSite","@id":"https:\/\/mediumseagreen-eel-531711.hostingersite.com\/#website","url":"https:\/\/mediumseagreen-eel-531711.hostingersite.com\/","name":"Bladna News - Maroc","description":"Quand le football marocain rencontre le monde","publisher":{"@id":"https:\/\/mediumseagreen-eel-531711.hostingersite.com\/#organization"},"potentialAction":[{"@type":"SearchAction","target":{"@type":"EntryPoint","urlTemplate":"https:\/\/mediumseagreen-eel-531711.hostingersite.com\/?s={search_term_string}"},"query-input":{"@type":"PropertyValueSpecification","valueRequired":true,"valueName":"search_term_string"}}],"inLanguage":"fr-FR"},{"@type":"Organization","@id":"https:\/\/mediumseagreen-eel-531711.hostingersite.com\/#organization","name":"Bladna News.com","url":"https:\/\/mediumseagreen-eel-531711.hostingersite.com\/","logo":{"@type":"ImageObject","inLanguage":"fr-FR","@id":"https:\/\/mediumseagreen-eel-531711.hostingersite.com\/#\/schema\/logo\/image\/","url":"https:\/\/bladnanews.com\/wp-content\/uploads\/2025\/12\/logo-bladnanews-V2-web-black-red.png","contentUrl":"https:\/\/bladnanews.com\/wp-content\/uploads\/2025\/12\/logo-bladnanews-V2-web-black-red.png","width":703,"height":287,"caption":"Bladna News.com"},"image":{"@id":"https:\/\/mediumseagreen-eel-531711.hostingersite.com\/#\/schema\/logo\/image\/"},"email":"info@bladnanews.com","legalName":"Bladna News"},{"@type":"Person","@id":"https:\/\/mediumseagreen-eel-531711.hostingersite.com\/#\/schema\/person\/268e18a453ab080ebf76df6ef7845083","name":"\u00c9quipe r\u00e9dactionnelle de Bladna News","url":"https:\/\/bladnanews.com\/fr\/author\/bladna-news-staff\/"}]}},"_links":{"self":[{"href":"https:\/\/bladnanews.com\/fr\/wp-json\/wp\/v2\/posts\/1424","targetHints":{"allow":["GET"]}}],"collection":[{"href":"https:\/\/bladnanews.com\/fr\/wp-json\/wp\/v2\/posts"}],"about":[{"href":"https:\/\/bladnanews.com\/fr\/wp-json\/wp\/v2\/types\/post"}],"author":[{"embeddable":true,"href":"https:\/\/bladnanews.com\/fr\/wp-json\/wp\/v2\/users\/3"}],"replies":[{"embeddable":true,"href":"https:\/\/bladnanews.com\/fr\/wp-json\/wp\/v2\/comments?post=1424"}],"version-history":[{"count":0,"href":"https:\/\/bladnanews.com\/fr\/wp-json\/wp\/v2\/posts\/1424\/revisions"}],"wp:featuredmedia":[{"embeddable":true,"href":"https:\/\/bladnanews.com\/fr\/wp-json\/wp\/v2\/media\/1423"}],"wp:attachment":[{"href":"https:\/\/bladnanews.com\/fr\/wp-json\/wp\/v2\/media?parent=1424"}],"wp:term":[{"taxonomy":"category","embeddable":true,"href":"https:\/\/bladnanews.com\/fr\/wp-json\/wp\/v2\/categories?post=1424"},{"taxonomy":"post_tag","embeddable":true,"href":"https:\/\/bladnanews.com\/fr\/wp-json\/wp\/v2\/tags?post=1424"}],"curies":[{"name":"wp","href":"https:\/\/api.w.org\/{rel}","templated":true}]}}