{"id":1426,"date":"2026-01-02T14:31:28","date_gmt":"2026-01-02T14:31:28","guid":{"rendered":"https:\/\/bladnanews.com\/mohamed-salah-eyed-for-roma-return-amid-rivalry-and-saudi-transfer-links\/"},"modified":"2026-01-02T14:31:28","modified_gmt":"2026-01-02T14:31:28","slug":"mohamed-salah-vise-pour-un-retour-a-la-roma-au-milieu-de-la-rivalite-et-des-liens-de-transfert-saoudiens","status":"publish","type":"post","link":"https:\/\/bladnanews.com\/fr\/mohamed-salah-vise-pour-un-retour-a-la-roma-au-milieu-de-la-rivalite-et-des-liens-de-transfert-saoudiens\/","title":{"rendered":"Mohamed Salah vis\u00e9 pour un retour \u00e0 la Roma au milieu de la rivalit\u00e9 et des liens de transfert saoudiens"},"content":{"rendered":"<p>Mohamed Salah est cibl\u00e9 pour un retour sensationnel \u00e0 Rome, le club de Serie A \u00e9tant en concurrence avec d'autres grandes \u00e9quipes, y compris certaines de la Saudi Pro League, dans la course pour obtenir la signature de l'attaquant de Liverpool. L'international \u00e9gyptien serait apparemment mal \u00e0 l'aise \u00e0 Anfield, suscitant l'int\u00e9r\u00eat de plusieurs parties.<\/p>\n<p>Rome, un club o\u00f9 Salah a connu un succ\u00e8s significatif entre 2016 et 2017, est apparu comme un fort concurrent pour ramener le joueur de 31 ans en Italie. Le club croit que son retour renforcerait leurs options offensives pour la prochaine saison de Serie A.<\/p>\n<p>Lors de son premier passage \u00e0 Rome, Salah a impressionn\u00e9 avec 34 buts en deux saisons, ce qui lui a valu un transfert \u00e0 Liverpool en 2017. Maintenant, au milieu de frustrations croissantes et de questions sur son avenir \u00e0 Liverpool, son ancien club, Rome, est d\u00e9sireux de raviver leur partenariat.<\/p>\n<p>Pendant ce temps, des clubs saoudiens ont \u00e9galement rejoint la m\u00eal\u00e9e, offrant des contrats lucratifs dans le but d'attirer Salah loin de l'Europe. Cela a ajout\u00e9 une nouvelle couche de concurrence pour les services de l'international \u00e9gyptien, alors que ces clubs cherchent \u00e0 renforcer leurs effectifs avec des noms de haut profil.<\/p>\n<p>Des rapports r\u00e9v\u00e8lent qu'un Salah \u201cfrustr\u00e9\u201d a soigneusement pes\u00e9 ses options. Au cours des derni\u00e8res semaines, ceux qui sont proches du joueur ont reconnu son d\u00e9sir d'un nouveau d\u00e9fi, bien qu'aucune d\u00e9cision officielle n'ait \u00e9t\u00e9 prise.<\/p>\n<p>Le directeur sportif de Rome serait en discussions avec Liverpool concernant un transfert potentiel, signalant l'intention s\u00e9rieuse du club de Serie A de capturer la signature de Salah. Les n\u00e9gociations interviennent dans le cadre des propres plans de Liverpool pour remodeler leur effectif, rendant une vente possible.<\/p>\n<p>Si un accord se concr\u00e9tise, le retour de Salah \u00e0 Rome marquerait un retour au pays de haut profil et aurait un impact significatif sur la dynamique de la Serie A cette saison. Que l'attaquant \u00e9gyptien opte pour un environnement familier \u00e0 Rome ou prenne un nouveau chemin vers l'Arabie Saoudite reste \u00e0 voir alors que le march\u00e9 des transferts continue de se d\u00e9rouler.<\/p>","protected":false},"excerpt":{"rendered":"<p>Mohamed Salah is being targeted for a sensational return to Roma, with the Serie A club competing against other top [&hellip;]<\/p>\n","protected":false},"author":3,"featured_media":1425,"comment_status":"","ping_status":"open","sticky":false,"template":"","format":"standard","meta":{"googlesitekit_rrm_CAow_uzEDA:productID":"","site-sidebar-layout":"default","site-content-layout":"","ast-site-content-layout":"default","site-content-style":"default","site-sidebar-style":"default","ast-global-header-display":"","ast-banner-title-visibility":"","ast-main-header-display":"","ast-hfb-above-header-display":"","ast-hfb-below-header-display":"","ast-hfb-mobile-header-display":"","site-post-title":"","ast-breadcrumbs-content":"","ast-featured-img":"","footer-sml-layout":"","ast-disable-related-posts":"","theme-transparent-header-meta":"","adv-header-id-meta":"","stick-header-meta":"","header-above-stick-meta":"","header-main-stick-meta":"","header-below-stick-meta":"","astra-migrate-meta-layouts":"default","ast-page-background-enabled":"default","ast-page-background-meta":{"desktop":{"background-color":"var(--ast-global-color-5)","background-image":"","background-repeat":"repeat","background-position":"center center","background-size":"auto","background-attachment":"scroll","background-type":"","background-media":"","overlay-type":"","overlay-color":"","overlay-opacity":"","overlay-gradient":""},"tablet":{"background-color":"","background-image":"","background-repeat":"repeat","background-position":"center center","background-size":"auto","background-attachment":"scroll","background-type":"","background-media":"","overlay-type":"","overlay-color":"","overlay-opacity":"","overlay-gradient":""},"mobile":{"background-color":"","background-image":"","background-repeat":"repeat","background-position":"center center","background-size":"auto","background-attachment":"scroll","background-type":"","background-media":"","overlay-type":"","overlay-color":"","overlay-opacity":"","overlay-gradient":""}},"ast-content-background-meta":{"desktop":{"background-color":"var(--ast-global-color-4)","background-image":"","background-repeat":"repeat","background-position":"center center","background-size":"auto","background-attachment":"scroll","background-type":"","background-media":"","overlay-type":"","overlay-color":"","overlay-opacity":"","overlay-gradient":""},"tablet":{"background-color":"var(--ast-global-color-4)","background-image":"","background-repeat":"repeat","background-position":"center center","background-size":"auto","background-attachment":"scroll","background-type":"","background-media":"","overlay-type":"","overlay-color":"","overlay-opacity":"","overlay-gradient":""},"mobile":{"background-color":"var(--ast-global-color-4)","background-image":"","background-repeat":"repeat","background-position":"center center","background-size":"auto","background-attachment":"scroll","background-type":"","background-media":"","overlay-type":"","overlay-color":"","overlay-opacity":"","overlay-gradient":""}},"footnotes":""},"categories":[20,1],"tags":[],"class_list":["post-1426","post","type-post","status-publish","format-standard","has-post-thumbnail","hentry","category-international","category-football-latest-news"],"yoast_head":"<!-- This site is optimized with the Yoast SEO Premium plugin v26.6 (Yoast SEO v27.5) - https:\/\/yoast.com\/product\/yoast-seo-premium-wordpress\/ -->\n<title>Mohamed Salah eyed for Roma return amid rivalry and Saudi transfer links - Bladna News<\/title>\n<meta name=\"robots\" content=\"index, follow, max-snippet:-1, max-image-preview:large, max-video-preview:-1\" \/>\n<link rel=\"canonical\" href=\"https:\/\/mediumseagreen-eel-531711.hostingersite.com\/mohamed-salah-eyed-for-roma-return-amid-rivalry-and-saudi-transfer-links\/\" \/>\n<meta property=\"og:locale\" content=\"fr_FR\" \/>\n<meta property=\"og:type\" content=\"article\" \/>\n<meta property=\"og:title\" content=\"Mohamed Salah eyed for Roma return amid rivalry and Saudi transfer links\" \/>\n<meta property=\"og:description\" content=\"Mohamed Salah is being targeted for a sensational return to Roma, with the Serie A club competing against other top [&hellip;]\" \/>\n<meta property=\"og:url\" content=\"https:\/\/mediumseagreen-eel-531711.hostingersite.com\/mohamed-salah-eyed-for-roma-return-amid-rivalry-and-saudi-transfer-links\/\" \/>\n<meta property=\"og:site_name\" content=\"Bladna News\" \/>\n<meta property=\"article:published_time\" content=\"2026-01-02T14:31:28+00:00\" \/>\n<meta property=\"og:image\" content=\"https:\/\/res.cloudinary.com\/dmbhzmkw6\/images\/v1767514650\/BladnaNews-Mohamed-Salah-eyed-for-Roma-return-amid-rivalry-and-Saudi-transfer-links-2026-01-02T175116.795Z\/BladnaNews-Mohamed-Salah-eyed-for-Roma-return-amid-rivalry-and-Saudi-transfer-links-2026-01-02T175116.795Z.jpg?_i=AA\" \/>\n\t<meta property=\"og:image:width\" content=\"1920\" \/>\n\t<meta property=\"og:image:height\" content=\"1080\" \/>\n\t<meta property=\"og:image:type\" content=\"image\/jpeg\" \/>\n<meta name=\"author\" content=\"Bladna News Staff\" \/>\n<meta name=\"twitter:card\" content=\"summary_large_image\" \/>\n<meta name=\"twitter:label1\" content=\"\u00c9crit par\" \/>\n\t<meta name=\"twitter:data1\" content=\"Bladna News Staff\" \/>\n\t<meta name=\"twitter:label2\" content=\"Dur\u00e9e de lecture estim\u00e9e\" \/>\n\t<meta name=\"twitter:data2\" content=\"2 minutes\" \/>\n<script type=\"application\/ld+json\" class=\"yoast-schema-graph\">{\"@context\":\"https:\\\/\\\/schema.org\",\"@graph\":[{\"@type\":\"Article\",\"@id\":\"https:\\\/\\\/mediumseagreen-eel-531711.hostingersite.com\\\/mohamed-salah-eyed-for-roma-return-amid-rivalry-and-saudi-transfer-links\\\/#article\",\"isPartOf\":{\"@id\":\"https:\\\/\\\/mediumseagreen-eel-531711.hostingersite.com\\\/mohamed-salah-eyed-for-roma-return-amid-rivalry-and-saudi-transfer-links\\\/\"},\"author\":{\"name\":\"Bladna News Staff\",\"@id\":\"https:\\\/\\\/mediumseagreen-eel-531711.hostingersite.com\\\/#\\\/schema\\\/person\\\/268e18a453ab080ebf76df6ef7845083\"},\"headline\":\"Mohamed Salah eyed for Roma return amid rivalry and Saudi transfer links\",\"datePublished\":\"2026-01-02T14:31:28+00:00\",\"mainEntityOfPage\":{\"@id\":\"https:\\\/\\\/mediumseagreen-eel-531711.hostingersite.com\\\/mohamed-salah-eyed-for-roma-return-amid-rivalry-and-saudi-transfer-links\\\/\"},\"wordCount\":319,\"publisher\":{\"@id\":\"https:\\\/\\\/mediumseagreen-eel-531711.hostingersite.com\\\/#organization\"},\"image\":{\"@id\":\"https:\\\/\\\/mediumseagreen-eel-531711.hostingersite.com\\\/mohamed-salah-eyed-for-roma-return-amid-rivalry-and-saudi-transfer-links\\\/#primaryimage\"},\"thumbnailUrl\":\"https:\\\/\\\/bladnanews.com\\\/wp-content\\\/uploads\\\/2026\\\/01\\\/BladnaNews-Mohamed-Salah-eyed-for-Roma-return-amid-rivalry-and-Saudi-transfer-links-2026-01-02T175116.795Z.jpg\",\"articleSection\":[\"International\",\"Latest News\"],\"inLanguage\":\"fr-FR\",\"copyrightYear\":\"2026\",\"copyrightHolder\":{\"@id\":\"https:\\\/\\\/bladnanews.com\\\/fr\\\/#organization\"}},{\"@type\":\"WebPage\",\"@id\":\"https:\\\/\\\/mediumseagreen-eel-531711.hostingersite.com\\\/mohamed-salah-eyed-for-roma-return-amid-rivalry-and-saudi-transfer-links\\\/\",\"url\":\"https:\\\/\\\/mediumseagreen-eel-531711.hostingersite.com\\\/mohamed-salah-eyed-for-roma-return-amid-rivalry-and-saudi-transfer-links\\\/\",\"name\":\"Mohamed Salah eyed for Roma return amid rivalry and Saudi transfer links - Bladna News\",\"isPartOf\":{\"@id\":\"https:\\\/\\\/mediumseagreen-eel-531711.hostingersite.com\\\/#website\"},\"primaryImageOfPage\":{\"@id\":\"https:\\\/\\\/mediumseagreen-eel-531711.hostingersite.com\\\/mohamed-salah-eyed-for-roma-return-amid-rivalry-and-saudi-transfer-links\\\/#primaryimage\"},\"image\":{\"@id\":\"https:\\\/\\\/mediumseagreen-eel-531711.hostingersite.com\\\/mohamed-salah-eyed-for-roma-return-amid-rivalry-and-saudi-transfer-links\\\/#primaryimage\"},\"thumbnailUrl\":\"https:\\\/\\\/bladnanews.com\\\/wp-content\\\/uploads\\\/2026\\\/01\\\/BladnaNews-Mohamed-Salah-eyed-for-Roma-return-amid-rivalry-and-Saudi-transfer-links-2026-01-02T175116.795Z.jpg\",\"datePublished\":\"2026-01-02T14:31:28+00:00\",\"breadcrumb\":{\"@id\":\"https:\\\/\\\/mediumseagreen-eel-531711.hostingersite.com\\\/mohamed-salah-eyed-for-roma-return-amid-rivalry-and-saudi-transfer-links\\\/#breadcrumb\"},\"inLanguage\":\"fr-FR\",\"potentialAction\":[{\"@type\":\"ReadAction\",\"target\":[\"https:\\\/\\\/mediumseagreen-eel-531711.hostingersite.com\\\/mohamed-salah-eyed-for-roma-return-amid-rivalry-and-saudi-transfer-links\\\/\"]}]},{\"@type\":\"ImageObject\",\"inLanguage\":\"fr-FR\",\"@id\":\"https:\\\/\\\/mediumseagreen-eel-531711.hostingersite.com\\\/mohamed-salah-eyed-for-roma-return-amid-rivalry-and-saudi-transfer-links\\\/#primaryimage\",\"url\":\"https:\\\/\\\/bladnanews.com\\\/wp-content\\\/uploads\\\/2026\\\/01\\\/BladnaNews-Mohamed-Salah-eyed-for-Roma-return-amid-rivalry-and-Saudi-transfer-links-2026-01-02T175116.795Z.jpg\",\"contentUrl\":\"https:\\\/\\\/bladnanews.com\\\/wp-content\\\/uploads\\\/2026\\\/01\\\/BladnaNews-Mohamed-Salah-eyed-for-Roma-return-amid-rivalry-and-Saudi-transfer-links-2026-01-02T175116.795Z.jpg\",\"width\":1600,\"height\":900,\"caption\":\"Mohamed Salah, wearing a red Liverpool shirt, claps with a focused expression, showing passion and dedication amid match atmosphere.\"},{\"@type\":\"BreadcrumbList\",\"@id\":\"https:\\\/\\\/mediumseagreen-eel-531711.hostingersite.com\\\/mohamed-salah-eyed-for-roma-return-amid-rivalry-and-saudi-transfer-links\\\/#breadcrumb\",\"itemListElement\":[{\"@type\":\"ListItem\",\"position\":1,\"name\":\"Home\",\"item\":\"https:\\\/\\\/bladnanews.com\\\/\"},{\"@type\":\"ListItem\",\"position\":2,\"name\":\"Mohamed Salah eyed for Roma return amid rivalry and Saudi transfer links\"}]},{\"@type\":\"WebSite\",\"@id\":\"https:\\\/\\\/mediumseagreen-eel-531711.hostingersite.com\\\/#website\",\"url\":\"https:\\\/\\\/mediumseagreen-eel-531711.hostingersite.com\\\/\",\"name\":\"Bladna News - Morocco\",\"description\":\"Where Moroccan Football Meets the World\",\"publisher\":{\"@id\":\"https:\\\/\\\/mediumseagreen-eel-531711.hostingersite.com\\\/#organization\"},\"potentialAction\":[{\"@type\":\"SearchAction\",\"target\":{\"@type\":\"EntryPoint\",\"urlTemplate\":\"https:\\\/\\\/mediumseagreen-eel-531711.hostingersite.com\\\/?s={search_term_string}\"},\"query-input\":{\"@type\":\"PropertyValueSpecification\",\"valueRequired\":true,\"valueName\":\"search_term_string\"}}],\"inLanguage\":\"fr-FR\"},{\"@type\":\"Organization\",\"@id\":\"https:\\\/\\\/mediumseagreen-eel-531711.hostingersite.com\\\/#organization\",\"name\":\"Bladna News.com\",\"url\":\"https:\\\/\\\/mediumseagreen-eel-531711.hostingersite.com\\\/\",\"logo\":{\"@type\":\"ImageObject\",\"inLanguage\":\"fr-FR\",\"@id\":\"https:\\\/\\\/mediumseagreen-eel-531711.hostingersite.com\\\/#\\\/schema\\\/logo\\\/image\\\/\",\"url\":\"https:\\\/\\\/bladnanews.com\\\/wp-content\\\/uploads\\\/2025\\\/12\\\/logo-bladnanews-V2-web-black-red.png\",\"contentUrl\":\"https:\\\/\\\/bladnanews.com\\\/wp-content\\\/uploads\\\/2025\\\/12\\\/logo-bladnanews-V2-web-black-red.png\",\"width\":703,\"height\":287,\"caption\":\"Bladna News.com\"},\"image\":{\"@id\":\"https:\\\/\\\/mediumseagreen-eel-531711.hostingersite.com\\\/#\\\/schema\\\/logo\\\/image\\\/\"},\"email\":\"info@bladnanews.com\",\"legalName\":\"Bladna News\"},{\"@type\":\"Person\",\"@id\":\"https:\\\/\\\/mediumseagreen-eel-531711.hostingersite.com\\\/#\\\/schema\\\/person\\\/268e18a453ab080ebf76df6ef7845083\",\"name\":\"Bladna News Staff\",\"url\":\"https:\\\/\\\/bladnanews.com\\\/fr\\\/author\\\/bladna-news-staff\\\/\"}]}<\/script>\n<!-- \/ Yoast SEO Premium plugin. -->","yoast_head_json":{"title":"Mohamed Salah vis\u00e9 pour un retour \u00e0 Rome au milieu de la rivalit\u00e9 et des liens de transfert saoudiens - Bladna News","robots":{"index":"index","follow":"follow","max-snippet":"max-snippet:-1","max-image-preview":"max-image-preview:large","max-video-preview":"max-video-preview:-1"},"canonical":"https:\/\/mediumseagreen-eel-531711.hostingersite.com\/mohamed-salah-eyed-for-roma-return-amid-rivalry-and-saudi-transfer-links\/","og_locale":"fr_FR","og_type":"article","og_title":"Mohamed Salah eyed for Roma return amid rivalry and Saudi transfer links","og_description":"Mohamed Salah is being targeted for a sensational return to Roma, with the Serie A club competing against other top [&hellip;]","og_url":"https:\/\/mediumseagreen-eel-531711.hostingersite.com\/mohamed-salah-eyed-for-roma-return-amid-rivalry-and-saudi-transfer-links\/","og_site_name":"Bladna News","article_published_time":"2026-01-02T14:31:28+00:00","og_image":[{"width":1920,"height":1080,"url":"https:\/\/res.cloudinary.com\/dmbhzmkw6\/images\/v1767514650\/BladnaNews-Mohamed-Salah-eyed-for-Roma-return-amid-rivalry-and-Saudi-transfer-links-2026-01-02T175116.795Z\/BladnaNews-Mohamed-Salah-eyed-for-Roma-return-amid-rivalry-and-Saudi-transfer-links-2026-01-02T175116.795Z.jpg?_i=AA","type":"image\/jpeg"}],"author":"Bladna News Staff","twitter_card":"summary_large_image","twitter_misc":{"\u00c9crit par":"Bladna News Staff","Dur\u00e9e de lecture estim\u00e9e":"2 minutes"},"schema":{"@context":"https:\/\/schema.org","@graph":[{"@type":"Article","@id":"https:\/\/mediumseagreen-eel-531711.hostingersite.com\/mohamed-salah-eyed-for-roma-return-amid-rivalry-and-saudi-transfer-links\/#article","isPartOf":{"@id":"https:\/\/mediumseagreen-eel-531711.hostingersite.com\/mohamed-salah-eyed-for-roma-return-amid-rivalry-and-saudi-transfer-links\/"},"author":{"name":"Bladna News Staff","@id":"https:\/\/mediumseagreen-eel-531711.hostingersite.com\/#\/schema\/person\/268e18a453ab080ebf76df6ef7845083"},"headline":"Mohamed Salah eyed for Roma return amid rivalry and Saudi transfer links","datePublished":"2026-01-02T14:31:28+00:00","mainEntityOfPage":{"@id":"https:\/\/mediumseagreen-eel-531711.hostingersite.com\/mohamed-salah-eyed-for-roma-return-amid-rivalry-and-saudi-transfer-links\/"},"wordCount":319,"publisher":{"@id":"https:\/\/mediumseagreen-eel-531711.hostingersite.com\/#organization"},"image":{"@id":"https:\/\/mediumseagreen-eel-531711.hostingersite.com\/mohamed-salah-eyed-for-roma-return-amid-rivalry-and-saudi-transfer-links\/#primaryimage"},"thumbnailUrl":"https:\/\/bladnanews.com\/wp-content\/uploads\/2026\/01\/BladnaNews-Mohamed-Salah-eyed-for-Roma-return-amid-rivalry-and-Saudi-transfer-links-2026-01-02T175116.795Z.jpg","articleSection":["International","Latest News"],"inLanguage":"fr-FR","copyrightYear":"2026","copyrightHolder":{"@id":"https:\/\/bladnanews.com\/fr\/#organization"}},{"@type":"WebPage","@id":"https:\/\/mediumseagreen-eel-531711.hostingersite.com\/mohamed-salah-eyed-for-roma-return-amid-rivalry-and-saudi-transfer-links\/","url":"https:\/\/mediumseagreen-eel-531711.hostingersite.com\/mohamed-salah-eyed-for-roma-return-amid-rivalry-and-saudi-transfer-links\/","name":"Mohamed Salah vis\u00e9 pour un retour \u00e0 Rome au milieu de la rivalit\u00e9 et des liens de transfert saoudiens - Bladna News","isPartOf":{"@id":"https:\/\/mediumseagreen-eel-531711.hostingersite.com\/#website"},"primaryImageOfPage":{"@id":"https:\/\/mediumseagreen-eel-531711.hostingersite.com\/mohamed-salah-eyed-for-roma-return-amid-rivalry-and-saudi-transfer-links\/#primaryimage"},"image":{"@id":"https:\/\/mediumseagreen-eel-531711.hostingersite.com\/mohamed-salah-eyed-for-roma-return-amid-rivalry-and-saudi-transfer-links\/#primaryimage"},"thumbnailUrl":"https:\/\/bladnanews.com\/wp-content\/uploads\/2026\/01\/BladnaNews-Mohamed-Salah-eyed-for-Roma-return-amid-rivalry-and-Saudi-transfer-links-2026-01-02T175116.795Z.jpg","datePublished":"2026-01-02T14:31:28+00:00","breadcrumb":{"@id":"https:\/\/mediumseagreen-eel-531711.hostingersite.com\/mohamed-salah-eyed-for-roma-return-amid-rivalry-and-saudi-transfer-links\/#breadcrumb"},"inLanguage":"fr-FR","potentialAction":[{"@type":"ReadAction","target":["https:\/\/mediumseagreen-eel-531711.hostingersite.com\/mohamed-salah-eyed-for-roma-return-amid-rivalry-and-saudi-transfer-links\/"]}]},{"@type":"ImageObject","inLanguage":"fr-FR","@id":"https:\/\/mediumseagreen-eel-531711.hostingersite.com\/mohamed-salah-eyed-for-roma-return-amid-rivalry-and-saudi-transfer-links\/#primaryimage","url":"https:\/\/bladnanews.com\/wp-content\/uploads\/2026\/01\/BladnaNews-Mohamed-Salah-eyed-for-Roma-return-amid-rivalry-and-Saudi-transfer-links-2026-01-02T175116.795Z.jpg","contentUrl":"https:\/\/bladnanews.com\/wp-content\/uploads\/2026\/01\/BladnaNews-Mohamed-Salah-eyed-for-Roma-return-amid-rivalry-and-Saudi-transfer-links-2026-01-02T175116.795Z.jpg","width":1600,"height":900,"caption":"Mohamed Salah, wearing a red Liverpool shirt, claps with a focused expression, showing passion and dedication amid match atmosphere."},{"@type":"BreadcrumbList","@id":"https:\/\/mediumseagreen-eel-531711.hostingersite.com\/mohamed-salah-eyed-for-roma-return-amid-rivalry-and-saudi-transfer-links\/#breadcrumb","itemListElement":[{"@type":"ListItem","position":1,"name":"Home","item":"https:\/\/bladnanews.com\/"},{"@type":"ListItem","position":2,"name":"Mohamed Salah eyed for Roma return amid rivalry and Saudi transfer links"}]},{"@type":"WebSite","@id":"https:\/\/mediumseagreen-eel-531711.hostingersite.com\/#website","url":"https:\/\/mediumseagreen-eel-531711.hostingersite.com\/","name":"Bladna News - Maroc","description":"Quand le football marocain rencontre le monde","publisher":{"@id":"https:\/\/mediumseagreen-eel-531711.hostingersite.com\/#organization"},"potentialAction":[{"@type":"SearchAction","target":{"@type":"EntryPoint","urlTemplate":"https:\/\/mediumseagreen-eel-531711.hostingersite.com\/?s={search_term_string}"},"query-input":{"@type":"PropertyValueSpecification","valueRequired":true,"valueName":"search_term_string"}}],"inLanguage":"fr-FR"},{"@type":"Organization","@id":"https:\/\/mediumseagreen-eel-531711.hostingersite.com\/#organization","name":"Bladna News.com","url":"https:\/\/mediumseagreen-eel-531711.hostingersite.com\/","logo":{"@type":"ImageObject","inLanguage":"fr-FR","@id":"https:\/\/mediumseagreen-eel-531711.hostingersite.com\/#\/schema\/logo\/image\/","url":"https:\/\/bladnanews.com\/wp-content\/uploads\/2025\/12\/logo-bladnanews-V2-web-black-red.png","contentUrl":"https:\/\/bladnanews.com\/wp-content\/uploads\/2025\/12\/logo-bladnanews-V2-web-black-red.png","width":703,"height":287,"caption":"Bladna News.com"},"image":{"@id":"https:\/\/mediumseagreen-eel-531711.hostingersite.com\/#\/schema\/logo\/image\/"},"email":"info@bladnanews.com","legalName":"Bladna News"},{"@type":"Person","@id":"https:\/\/mediumseagreen-eel-531711.hostingersite.com\/#\/schema\/person\/268e18a453ab080ebf76df6ef7845083","name":"\u00c9quipe r\u00e9dactionnelle de Bladna News","url":"https:\/\/bladnanews.com\/fr\/author\/bladna-news-staff\/"}]}},"_links":{"self":[{"href":"https:\/\/bladnanews.com\/fr\/wp-json\/wp\/v2\/posts\/1426","targetHints":{"allow":["GET"]}}],"collection":[{"href":"https:\/\/bladnanews.com\/fr\/wp-json\/wp\/v2\/posts"}],"about":[{"href":"https:\/\/bladnanews.com\/fr\/wp-json\/wp\/v2\/types\/post"}],"author":[{"embeddable":true,"href":"https:\/\/bladnanews.com\/fr\/wp-json\/wp\/v2\/users\/3"}],"replies":[{"embeddable":true,"href":"https:\/\/bladnanews.com\/fr\/wp-json\/wp\/v2\/comments?post=1426"}],"version-history":[{"count":0,"href":"https:\/\/bladnanews.com\/fr\/wp-json\/wp\/v2\/posts\/1426\/revisions"}],"wp:featuredmedia":[{"embeddable":true,"href":"https:\/\/bladnanews.com\/fr\/wp-json\/wp\/v2\/media\/1425"}],"wp:attachment":[{"href":"https:\/\/bladnanews.com\/fr\/wp-json\/wp\/v2\/media?parent=1426"}],"wp:term":[{"taxonomy":"category","embeddable":true,"href":"https:\/\/bladnanews.com\/fr\/wp-json\/wp\/v2\/categories?post=1426"},{"taxonomy":"post_tag","embeddable":true,"href":"https:\/\/bladnanews.com\/fr\/wp-json\/wp\/v2\/tags?post=1426"}],"curies":[{"name":"wp","href":"https:\/\/api.w.org\/{rel}","templated":true}]}}