{"id":1438,"date":"2026-01-02T18:31:00","date_gmt":"2026-01-02T18:31:00","guid":{"rendered":"https:\/\/bladnanews.com\/gulf-efforts-pave-way-for-morocco-and-algeria-to-join-gulf-cup\/"},"modified":"2026-01-02T18:31:00","modified_gmt":"2026-01-02T18:31:00","slug":"les-efforts-du-golfe-ouvrent-la-voie-a-la-participation-du-maroc-et-de-lalgerie-a-la-coupe-du-golfe","status":"publish","type":"post","link":"https:\/\/bladnanews.com\/fr\/les-efforts-du-golfe-ouvrent-la-voie-a-la-participation-du-maroc-et-de-lalgerie-a-la-coupe-du-golfe\/","title":{"rendered":"Les efforts du Golfe ouvrent la voie \u00e0 la participation du Maroc et de l'Alg\u00e9rie \u00e0 la Coupe du Golfe"},"content":{"rendered":"<p><strong>Les efforts du Golfe ouvrent la voie \u00e0 la participation du Maroc et de l'Alg\u00e9rie \u00e0 la Coupe du Golfe<\/strong><\/p>\n<p>Les responsables du football du Golfe s'emploient \u00e0 ouvrir la porte au Maroc et \u00e0 l'Alg\u00e9rie pour participer \u00e0 la Coupe du Golfe, une \u00e9tape qui pourrait int\u00e9grer deux des principales \u00e9quipes nationales africaines \u00e0 ce tournoi r\u00e9gional de longue date.<\/p>\n<p>Les discussions de ces derniers jours ont port\u00e9 sur les aspects pratiques et organisationnels de l'invitation, notamment le format de la comp\u00e9tition et la mani\u00e8re dont la participation d'\u00e9quipes non-golfiennes serait g\u00e9r\u00e9e dans le cadre du r\u00e8glement de la Coupe du Golfe.<\/p>\n<p>La nouveaut\u00e9 est que ces efforts ne sont plus seulement une id\u00e9e en l'air, mais une d\u00e9marche coordonn\u00e9e au sein des milieux footballistiques du Golfe, visant \u00e0 ouvrir la voie \u00e0 la pr\u00e9sence du Maroc et de l'Alg\u00e9rie dans les prochaines \u00e9ditions.<\/p>\n<p>La question a \u00e9t\u00e9 soulev\u00e9e dans le but de rehausser le profil du tournoi et d'accro\u00eetre son niveau comp\u00e9titif, le Maroc et l'Alg\u00e9rie \u00e9tant per\u00e7us comme des atouts majeurs sur le terrain et un argument de poids en dehors.<\/p>\n<p>Aucune d\u00e9cision finale officielle n'a encore \u00e9t\u00e9 annonc\u00e9e, mais les contacts sont consid\u00e9r\u00e9s comme en bonne voie, les organisateurs du Golfe travaillant sur le cadre qui permettrait la participation du Maroc et de l'Alg\u00e9rie.<\/p>\n<p>Si cette initiative aboutit, elle marquerait un tournant important dans l'histoire r\u00e9cente de la Coupe du Golfe, \u00e9largissant la port\u00e9e de la comp\u00e9tition tout en pr\u00e9servant son identit\u00e9 centrale de tournoi organis\u00e9 et accueilli par les nations du Golfe.<\/p>","protected":false},"excerpt":{"rendered":"<p>Gulf efforts pave way for Morocco and Algeria to join Gulf Cup Gulf football officials are moving to open the [&hellip;]<\/p>\n","protected":false},"author":4,"featured_media":1437,"comment_status":"","ping_status":"open","sticky":false,"template":"","format":"standard","meta":{"googlesitekit_rrm_CAow_uzEDA:productID":"","site-sidebar-layout":"default","site-content-layout":"","ast-site-content-layout":"default","site-content-style":"default","site-sidebar-style":"default","ast-global-header-display":"","ast-banner-title-visibility":"","ast-main-header-display":"","ast-hfb-above-header-display":"","ast-hfb-below-header-display":"","ast-hfb-mobile-header-display":"","site-post-title":"","ast-breadcrumbs-content":"","ast-featured-img":"","footer-sml-layout":"","ast-disable-related-posts":"","theme-transparent-header-meta":"","adv-header-id-meta":"","stick-header-meta":"","header-above-stick-meta":"","header-main-stick-meta":"","header-below-stick-meta":"","astra-migrate-meta-layouts":"default","ast-page-background-enabled":"default","ast-page-background-meta":{"desktop":{"background-color":"var(--ast-global-color-5)","background-image":"","background-repeat":"repeat","background-position":"center center","background-size":"auto","background-attachment":"scroll","background-type":"","background-media":"","overlay-type":"","overlay-color":"","overlay-opacity":"","overlay-gradient":""},"tablet":{"background-color":"","background-image":"","background-repeat":"repeat","background-position":"center center","background-size":"auto","background-attachment":"scroll","background-type":"","background-media":"","overlay-type":"","overlay-color":"","overlay-opacity":"","overlay-gradient":""},"mobile":{"background-color":"","background-image":"","background-repeat":"repeat","background-position":"center center","background-size":"auto","background-attachment":"scroll","background-type":"","background-media":"","overlay-type":"","overlay-color":"","overlay-opacity":"","overlay-gradient":""}},"ast-content-background-meta":{"desktop":{"background-color":"var(--ast-global-color-4)","background-image":"","background-repeat":"repeat","background-position":"center center","background-size":"auto","background-attachment":"scroll","background-type":"","background-media":"","overlay-type":"","overlay-color":"","overlay-opacity":"","overlay-gradient":""},"tablet":{"background-color":"var(--ast-global-color-4)","background-image":"","background-repeat":"repeat","background-position":"center center","background-size":"auto","background-attachment":"scroll","background-type":"","background-media":"","overlay-type":"","overlay-color":"","overlay-opacity":"","overlay-gradient":""},"mobile":{"background-color":"var(--ast-global-color-4)","background-image":"","background-repeat":"repeat","background-position":"center center","background-size":"auto","background-attachment":"scroll","background-type":"","background-media":"","overlay-type":"","overlay-color":"","overlay-opacity":"","overlay-gradient":""}},"footnotes":""},"categories":[1,168],"tags":[],"class_list":["post-1438","post","type-post","status-publish","format-standard","has-post-thumbnail","hentry","category-football-latest-news","category-morocco-national-team"],"yoast_head":"<!-- This site is optimized with the Yoast SEO Premium plugin v26.6 (Yoast SEO v27.5) - https:\/\/yoast.com\/product\/yoast-seo-premium-wordpress\/ -->\n<title>Gulf efforts pave way for Morocco and Algeria to join Gulf Cup - Bladna News<\/title>\n<meta name=\"robots\" content=\"index, follow, max-snippet:-1, max-image-preview:large, max-video-preview:-1\" \/>\n<link rel=\"canonical\" href=\"https:\/\/bladnanews.com\/fr\/ary\/\u062c\u0647\u0648\u062f-\u0627\u0644\u062e\u0644\u064a\u062c-\u062a\u0645\u0647\u062f-\u0627\u0644\u0637\u0631\u064a\u0642-\u0644\u0644\u0645\u063a\u0631\u0628-\u0648\u0627\u0644\u062c\u0632\u0627\/\" \/>\n<meta property=\"og:locale\" content=\"fr_FR\" \/>\n<meta property=\"og:type\" content=\"article\" \/>\n<meta property=\"og:title\" content=\"Gulf efforts pave way for Morocco and Algeria to join Gulf Cup\" \/>\n<meta property=\"og:description\" content=\"Gulf efforts pave way for Morocco and Algeria to join Gulf Cup Gulf football officials are moving to open the [&hellip;]\" \/>\n<meta property=\"og:url\" content=\"https:\/\/bladnanews.com\/fr\/ary\/\u062c\u0647\u0648\u062f-\u0627\u0644\u062e\u0644\u064a\u062c-\u062a\u0645\u0647\u062f-\u0627\u0644\u0637\u0631\u064a\u0642-\u0644\u0644\u0645\u063a\u0631\u0628-\u0648\u0627\u0644\u062c\u0632\u0627\/\" \/>\n<meta property=\"og:site_name\" content=\"Bladna News\" \/>\n<meta property=\"article:published_time\" content=\"2026-01-02T18:31:00+00:00\" \/>\n<meta property=\"og:image\" content=\"https:\/\/bladnanews.com\/wp-content\/uploads\/2026\/01\/large_1767378737.webp\" \/>\n\t<meta property=\"og:image:width\" content=\"860\" \/>\n\t<meta property=\"og:image:height\" content=\"562\" \/>\n\t<meta property=\"og:image:type\" content=\"image\/webp\" \/>\n<meta name=\"author\" content=\"Bladna Sports Desk\" \/>\n<meta name=\"twitter:card\" content=\"summary_large_image\" \/>\n<meta name=\"twitter:label1\" content=\"\u00c9crit par\" \/>\n\t<meta name=\"twitter:data1\" content=\"Bladna Sports Desk\" \/>\n\t<meta name=\"twitter:label2\" content=\"Dur\u00e9e de lecture estim\u00e9e\" \/>\n\t<meta name=\"twitter:data2\" content=\"1 minute\" \/>\n<script type=\"application\/ld+json\" class=\"yoast-schema-graph\">{\"@context\":\"https:\\\/\\\/schema.org\",\"@graph\":[{\"@type\":\"Article\",\"@id\":\"https:\\\/\\\/bladnanews.com\\\/ary\\\/%d8%ac%d9%87%d9%88%d8%af-%d8%a7%d9%84%d8%ae%d9%84%d9%8a%d8%ac-%d8%aa%d9%85%d9%87%d8%af-%d8%a7%d9%84%d8%b7%d8%b1%d9%8a%d9%82-%d9%84%d9%84%d9%85%d8%ba%d8%b1%d8%a8-%d9%88%d8%a7%d9%84%d8%ac%d8%b2%d8%a7\\\/#article\",\"isPartOf\":{\"@id\":\"https:\\\/\\\/bladnanews.com\\\/ary\\\/%d8%ac%d9%87%d9%88%d8%af-%d8%a7%d9%84%d8%ae%d9%84%d9%8a%d8%ac-%d8%aa%d9%85%d9%87%d8%af-%d8%a7%d9%84%d8%b7%d8%b1%d9%8a%d9%82-%d9%84%d9%84%d9%85%d8%ba%d8%b1%d8%a8-%d9%88%d8%a7%d9%84%d8%ac%d8%b2%d8%a7\\\/\"},\"author\":{\"name\":\"Bladna Sports Desk\",\"@id\":\"https:\\\/\\\/mediumseagreen-eel-531711.hostingersite.com\\\/#\\\/schema\\\/person\\\/6712b38fabe810f7eb8d15ed30d90f1e\"},\"headline\":\"Gulf efforts pave way for Morocco and Algeria to join Gulf Cup\",\"datePublished\":\"2026-01-02T18:31:00+00:00\",\"mainEntityOfPage\":{\"@id\":\"https:\\\/\\\/bladnanews.com\\\/ary\\\/%d8%ac%d9%87%d9%88%d8%af-%d8%a7%d9%84%d8%ae%d9%84%d9%8a%d8%ac-%d8%aa%d9%85%d9%87%d8%af-%d8%a7%d9%84%d8%b7%d8%b1%d9%8a%d9%82-%d9%84%d9%84%d9%85%d8%ba%d8%b1%d8%a8-%d9%88%d8%a7%d9%84%d8%ac%d8%b2%d8%a7\\\/\"},\"wordCount\":244,\"publisher\":{\"@id\":\"https:\\\/\\\/mediumseagreen-eel-531711.hostingersite.com\\\/#organization\"},\"image\":{\"@id\":\"https:\\\/\\\/bladnanews.com\\\/ary\\\/%d8%ac%d9%87%d9%88%d8%af-%d8%a7%d9%84%d8%ae%d9%84%d9%8a%d8%ac-%d8%aa%d9%85%d9%87%d8%af-%d8%a7%d9%84%d8%b7%d8%b1%d9%8a%d9%82-%d9%84%d9%84%d9%85%d8%ba%d8%b1%d8%a8-%d9%88%d8%a7%d9%84%d8%ac%d8%b2%d8%a7\\\/#primaryimage\"},\"thumbnailUrl\":\"https:\\\/\\\/bladnanews.com\\\/wp-content\\\/uploads\\\/2026\\\/01\\\/large_1767378737.webp\",\"articleSection\":[\"Latest News\",\"Morocco National Team\"],\"inLanguage\":\"fr-FR\",\"copyrightYear\":\"2026\",\"copyrightHolder\":{\"@id\":\"https:\\\/\\\/bladnanews.com\\\/fr\\\/#organization\"}},{\"@type\":\"WebPage\",\"@id\":\"https:\\\/\\\/bladnanews.com\\\/ary\\\/%d8%ac%d9%87%d9%88%d8%af-%d8%a7%d9%84%d8%ae%d9%84%d9%8a%d8%ac-%d8%aa%d9%85%d9%87%d8%af-%d8%a7%d9%84%d8%b7%d8%b1%d9%8a%d9%82-%d9%84%d9%84%d9%85%d8%ba%d8%b1%d8%a8-%d9%88%d8%a7%d9%84%d8%ac%d8%b2%d8%a7\\\/\",\"url\":\"https:\\\/\\\/bladnanews.com\\\/ary\\\/%d8%ac%d9%87%d9%88%d8%af-%d8%a7%d9%84%d8%ae%d9%84%d9%8a%d8%ac-%d8%aa%d9%85%d9%87%d8%af-%d8%a7%d9%84%d8%b7%d8%b1%d9%8a%d9%82-%d9%84%d9%84%d9%85%d8%ba%d8%b1%d8%a8-%d9%88%d8%a7%d9%84%d8%ac%d8%b2%d8%a7\\\/\",\"name\":\"Gulf efforts pave way for Morocco and Algeria to join Gulf Cup - Bladna News\",\"isPartOf\":{\"@id\":\"https:\\\/\\\/mediumseagreen-eel-531711.hostingersite.com\\\/#website\"},\"primaryImageOfPage\":{\"@id\":\"https:\\\/\\\/bladnanews.com\\\/ary\\\/%d8%ac%d9%87%d9%88%d8%af-%d8%a7%d9%84%d8%ae%d9%84%d9%8a%d8%ac-%d8%aa%d9%85%d9%87%d8%af-%d8%a7%d9%84%d8%b7%d8%b1%d9%8a%d9%82-%d9%84%d9%84%d9%85%d8%ba%d8%b1%d8%a8-%d9%88%d8%a7%d9%84%d8%ac%d8%b2%d8%a7\\\/#primaryimage\"},\"image\":{\"@id\":\"https:\\\/\\\/bladnanews.com\\\/ary\\\/%d8%ac%d9%87%d9%88%d8%af-%d8%a7%d9%84%d8%ae%d9%84%d9%8a%d8%ac-%d8%aa%d9%85%d9%87%d8%af-%d8%a7%d9%84%d8%b7%d8%b1%d9%8a%d9%82-%d9%84%d9%84%d9%85%d8%ba%d8%b1%d8%a8-%d9%88%d8%a7%d9%84%d8%ac%d8%b2%d8%a7\\\/#primaryimage\"},\"thumbnailUrl\":\"https:\\\/\\\/bladnanews.com\\\/wp-content\\\/uploads\\\/2026\\\/01\\\/large_1767378737.webp\",\"datePublished\":\"2026-01-02T18:31:00+00:00\",\"breadcrumb\":{\"@id\":\"https:\\\/\\\/bladnanews.com\\\/ary\\\/%d8%ac%d9%87%d9%88%d8%af-%d8%a7%d9%84%d8%ae%d9%84%d9%8a%d8%ac-%d8%aa%d9%85%d9%87%d8%af-%d8%a7%d9%84%d8%b7%d8%b1%d9%8a%d9%82-%d9%84%d9%84%d9%85%d8%ba%d8%b1%d8%a8-%d9%88%d8%a7%d9%84%d8%ac%d8%b2%d8%a7\\\/#breadcrumb\"},\"inLanguage\":\"fr-FR\",\"potentialAction\":[{\"@type\":\"ReadAction\",\"target\":[\"https:\\\/\\\/bladnanews.com\\\/ary\\\/%d8%ac%d9%87%d9%88%d8%af-%d8%a7%d9%84%d8%ae%d9%84%d9%8a%d8%ac-%d8%aa%d9%85%d9%87%d8%af-%d8%a7%d9%84%d8%b7%d8%b1%d9%8a%d9%82-%d9%84%d9%84%d9%85%d8%ba%d8%b1%d8%a8-%d9%88%d8%a7%d9%84%d8%ac%d8%b2%d8%a7\\\/\"]}]},{\"@type\":\"ImageObject\",\"inLanguage\":\"fr-FR\",\"@id\":\"https:\\\/\\\/bladnanews.com\\\/ary\\\/%d8%ac%d9%87%d9%88%d8%af-%d8%a7%d9%84%d8%ae%d9%84%d9%8a%d8%ac-%d8%aa%d9%85%d9%87%d8%af-%d8%a7%d9%84%d8%b7%d8%b1%d9%8a%d9%82-%d9%84%d9%84%d9%85%d8%ba%d8%b1%d8%a8-%d9%88%d8%a7%d9%84%d8%ac%d8%b2%d8%a7\\\/#primaryimage\",\"url\":\"https:\\\/\\\/bladnanews.com\\\/wp-content\\\/uploads\\\/2026\\\/01\\\/large_1767378737.webp\",\"contentUrl\":\"https:\\\/\\\/bladnanews.com\\\/wp-content\\\/uploads\\\/2026\\\/01\\\/large_1767378737.webp\",\"width\":860,\"height\":562,\"caption\":\"Silver trophy for the Gulf Cup alongside a multicoloured football and a map of the Gulf region, featuring Arabic and English text.\"},{\"@type\":\"BreadcrumbList\",\"@id\":\"https:\\\/\\\/bladnanews.com\\\/ary\\\/%d8%ac%d9%87%d9%88%d8%af-%d8%a7%d9%84%d8%ae%d9%84%d9%8a%d8%ac-%d8%aa%d9%85%d9%87%d8%af-%d8%a7%d9%84%d8%b7%d8%b1%d9%8a%d9%82-%d9%84%d9%84%d9%85%d8%ba%d8%b1%d8%a8-%d9%88%d8%a7%d9%84%d8%ac%d8%b2%d8%a7\\\/#breadcrumb\",\"itemListElement\":[{\"@type\":\"ListItem\",\"position\":1,\"name\":\"Home\",\"item\":\"https:\\\/\\\/bladnanews.com\\\/\"},{\"@type\":\"ListItem\",\"position\":2,\"name\":\"Gulf efforts pave way for Morocco and Algeria to join Gulf Cup\"}]},{\"@type\":\"WebSite\",\"@id\":\"https:\\\/\\\/mediumseagreen-eel-531711.hostingersite.com\\\/#website\",\"url\":\"https:\\\/\\\/mediumseagreen-eel-531711.hostingersite.com\\\/\",\"name\":\"Bladna News - Morocco\",\"description\":\"Where Moroccan Football Meets the World\",\"publisher\":{\"@id\":\"https:\\\/\\\/mediumseagreen-eel-531711.hostingersite.com\\\/#organization\"},\"potentialAction\":[{\"@type\":\"SearchAction\",\"target\":{\"@type\":\"EntryPoint\",\"urlTemplate\":\"https:\\\/\\\/mediumseagreen-eel-531711.hostingersite.com\\\/?s={search_term_string}\"},\"query-input\":{\"@type\":\"PropertyValueSpecification\",\"valueRequired\":true,\"valueName\":\"search_term_string\"}}],\"inLanguage\":\"fr-FR\"},{\"@type\":\"Organization\",\"@id\":\"https:\\\/\\\/mediumseagreen-eel-531711.hostingersite.com\\\/#organization\",\"name\":\"Bladna News.com\",\"url\":\"https:\\\/\\\/mediumseagreen-eel-531711.hostingersite.com\\\/\",\"logo\":{\"@type\":\"ImageObject\",\"inLanguage\":\"fr-FR\",\"@id\":\"https:\\\/\\\/mediumseagreen-eel-531711.hostingersite.com\\\/#\\\/schema\\\/logo\\\/image\\\/\",\"url\":\"https:\\\/\\\/bladnanews.com\\\/wp-content\\\/uploads\\\/2025\\\/12\\\/logo-bladnanews-V2-web-black-red.png\",\"contentUrl\":\"https:\\\/\\\/bladnanews.com\\\/wp-content\\\/uploads\\\/2025\\\/12\\\/logo-bladnanews-V2-web-black-red.png\",\"width\":703,\"height\":287,\"caption\":\"Bladna News.com\"},\"image\":{\"@id\":\"https:\\\/\\\/mediumseagreen-eel-531711.hostingersite.com\\\/#\\\/schema\\\/logo\\\/image\\\/\"},\"email\":\"info@bladnanews.com\",\"legalName\":\"Bladna News\"},{\"@type\":\"Person\",\"@id\":\"https:\\\/\\\/mediumseagreen-eel-531711.hostingersite.com\\\/#\\\/schema\\\/person\\\/6712b38fabe810f7eb8d15ed30d90f1e\",\"name\":\"Bladna Sports Desk\",\"url\":\"https:\\\/\\\/bladnanews.com\\\/fr\\\/author\\\/bladna-sports-desk\\\/\"}]}<\/script>\n<!-- \/ Yoast SEO Premium plugin. -->","yoast_head_json":{"title":"Les efforts du Golfe ouvrent la voie \u00e0 l'adh\u00e9sion du Maroc et de l'Alg\u00e9rie \u00e0 la Coupe du Golfe - Bladna News","robots":{"index":"index","follow":"follow","max-snippet":"max-snippet:-1","max-image-preview":"max-image-preview:large","max-video-preview":"max-video-preview:-1"},"canonical":"https:\/\/bladnanews.com\/fr\/ary\/\u062c\u0647\u0648\u062f-\u0627\u0644\u062e\u0644\u064a\u062c-\u062a\u0645\u0647\u062f-\u0627\u0644\u0637\u0631\u064a\u0642-\u0644\u0644\u0645\u063a\u0631\u0628-\u0648\u0627\u0644\u062c\u0632\u0627\/","og_locale":"fr_FR","og_type":"article","og_title":"Gulf efforts pave way for Morocco and Algeria to join Gulf Cup","og_description":"Gulf efforts pave way for Morocco and Algeria to join Gulf Cup Gulf football officials are moving to open the [&hellip;]","og_url":"https:\/\/bladnanews.com\/fr\/ary\/\u062c\u0647\u0648\u062f-\u0627\u0644\u062e\u0644\u064a\u062c-\u062a\u0645\u0647\u062f-\u0627\u0644\u0637\u0631\u064a\u0642-\u0644\u0644\u0645\u063a\u0631\u0628-\u0648\u0627\u0644\u062c\u0632\u0627\/","og_site_name":"Bladna News","article_published_time":"2026-01-02T18:31:00+00:00","og_image":[{"width":860,"height":562,"url":"https:\/\/bladnanews.com\/wp-content\/uploads\/2026\/01\/large_1767378737.webp","type":"image\/webp"}],"author":"Bladna Sports Desk","twitter_card":"summary_large_image","twitter_misc":{"\u00c9crit par":"Bladna Sports Desk","Dur\u00e9e de lecture estim\u00e9e":"1 minute"},"schema":{"@context":"https:\/\/schema.org","@graph":[{"@type":"Article","@id":"https:\/\/bladnanews.com\/ary\/%d8%ac%d9%87%d9%88%d8%af-%d8%a7%d9%84%d8%ae%d9%84%d9%8a%d8%ac-%d8%aa%d9%85%d9%87%d8%af-%d8%a7%d9%84%d8%b7%d8%b1%d9%8a%d9%82-%d9%84%d9%84%d9%85%d8%ba%d8%b1%d8%a8-%d9%88%d8%a7%d9%84%d8%ac%d8%b2%d8%a7\/#article","isPartOf":{"@id":"https:\/\/bladnanews.com\/ary\/%d8%ac%d9%87%d9%88%d8%af-%d8%a7%d9%84%d8%ae%d9%84%d9%8a%d8%ac-%d8%aa%d9%85%d9%87%d8%af-%d8%a7%d9%84%d8%b7%d8%b1%d9%8a%d9%82-%d9%84%d9%84%d9%85%d8%ba%d8%b1%d8%a8-%d9%88%d8%a7%d9%84%d8%ac%d8%b2%d8%a7\/"},"author":{"name":"Bladna Sports Desk","@id":"https:\/\/mediumseagreen-eel-531711.hostingersite.com\/#\/schema\/person\/6712b38fabe810f7eb8d15ed30d90f1e"},"headline":"Gulf efforts pave way for Morocco and Algeria to join Gulf Cup","datePublished":"2026-01-02T18:31:00+00:00","mainEntityOfPage":{"@id":"https:\/\/bladnanews.com\/ary\/%d8%ac%d9%87%d9%88%d8%af-%d8%a7%d9%84%d8%ae%d9%84%d9%8a%d8%ac-%d8%aa%d9%85%d9%87%d8%af-%d8%a7%d9%84%d8%b7%d8%b1%d9%8a%d9%82-%d9%84%d9%84%d9%85%d8%ba%d8%b1%d8%a8-%d9%88%d8%a7%d9%84%d8%ac%d8%b2%d8%a7\/"},"wordCount":244,"publisher":{"@id":"https:\/\/mediumseagreen-eel-531711.hostingersite.com\/#organization"},"image":{"@id":"https:\/\/bladnanews.com\/ary\/%d8%ac%d9%87%d9%88%d8%af-%d8%a7%d9%84%d8%ae%d9%84%d9%8a%d8%ac-%d8%aa%d9%85%d9%87%d8%af-%d8%a7%d9%84%d8%b7%d8%b1%d9%8a%d9%82-%d9%84%d9%84%d9%85%d8%ba%d8%b1%d8%a8-%d9%88%d8%a7%d9%84%d8%ac%d8%b2%d8%a7\/#primaryimage"},"thumbnailUrl":"https:\/\/bladnanews.com\/wp-content\/uploads\/2026\/01\/large_1767378737.webp","articleSection":["Latest News","Morocco National Team"],"inLanguage":"fr-FR","copyrightYear":"2026","copyrightHolder":{"@id":"https:\/\/bladnanews.com\/fr\/#organization"}},{"@type":"WebPage","@id":"https:\/\/bladnanews.com\/ary\/%d8%ac%d9%87%d9%88%d8%af-%d8%a7%d9%84%d8%ae%d9%84%d9%8a%d8%ac-%d8%aa%d9%85%d9%87%d8%af-%d8%a7%d9%84%d8%b7%d8%b1%d9%8a%d9%82-%d9%84%d9%84%d9%85%d8%ba%d8%b1%d8%a8-%d9%88%d8%a7%d9%84%d8%ac%d8%b2%d8%a7\/","url":"https:\/\/bladnanews.com\/ary\/%d8%ac%d9%87%d9%88%d8%af-%d8%a7%d9%84%d8%ae%d9%84%d9%8a%d8%ac-%d8%aa%d9%85%d9%87%d8%af-%d8%a7%d9%84%d8%b7%d8%b1%d9%8a%d9%82-%d9%84%d9%84%d9%85%d8%ba%d8%b1%d8%a8-%d9%88%d8%a7%d9%84%d8%ac%d8%b2%d8%a7\/","name":"Les efforts du Golfe ouvrent la voie \u00e0 l'adh\u00e9sion du Maroc et de l'Alg\u00e9rie \u00e0 la Coupe du Golfe - Bladna News","isPartOf":{"@id":"https:\/\/mediumseagreen-eel-531711.hostingersite.com\/#website"},"primaryImageOfPage":{"@id":"https:\/\/bladnanews.com\/ary\/%d8%ac%d9%87%d9%88%d8%af-%d8%a7%d9%84%d8%ae%d9%84%d9%8a%d8%ac-%d8%aa%d9%85%d9%87%d8%af-%d8%a7%d9%84%d8%b7%d8%b1%d9%8a%d9%82-%d9%84%d9%84%d9%85%d8%ba%d8%b1%d8%a8-%d9%88%d8%a7%d9%84%d8%ac%d8%b2%d8%a7\/#primaryimage"},"image":{"@id":"https:\/\/bladnanews.com\/ary\/%d8%ac%d9%87%d9%88%d8%af-%d8%a7%d9%84%d8%ae%d9%84%d9%8a%d8%ac-%d8%aa%d9%85%d9%87%d8%af-%d8%a7%d9%84%d8%b7%d8%b1%d9%8a%d9%82-%d9%84%d9%84%d9%85%d8%ba%d8%b1%d8%a8-%d9%88%d8%a7%d9%84%d8%ac%d8%b2%d8%a7\/#primaryimage"},"thumbnailUrl":"https:\/\/bladnanews.com\/wp-content\/uploads\/2026\/01\/large_1767378737.webp","datePublished":"2026-01-02T18:31:00+00:00","breadcrumb":{"@id":"https:\/\/bladnanews.com\/ary\/%d8%ac%d9%87%d9%88%d8%af-%d8%a7%d9%84%d8%ae%d9%84%d9%8a%d8%ac-%d8%aa%d9%85%d9%87%d8%af-%d8%a7%d9%84%d8%b7%d8%b1%d9%8a%d9%82-%d9%84%d9%84%d9%85%d8%ba%d8%b1%d8%a8-%d9%88%d8%a7%d9%84%d8%ac%d8%b2%d8%a7\/#breadcrumb"},"inLanguage":"fr-FR","potentialAction":[{"@type":"ReadAction","target":["https:\/\/bladnanews.com\/ary\/%d8%ac%d9%87%d9%88%d8%af-%d8%a7%d9%84%d8%ae%d9%84%d9%8a%d8%ac-%d8%aa%d9%85%d9%87%d8%af-%d8%a7%d9%84%d8%b7%d8%b1%d9%8a%d9%82-%d9%84%d9%84%d9%85%d8%ba%d8%b1%d8%a8-%d9%88%d8%a7%d9%84%d8%ac%d8%b2%d8%a7\/"]}]},{"@type":"ImageObject","inLanguage":"fr-FR","@id":"https:\/\/bladnanews.com\/ary\/%d8%ac%d9%87%d9%88%d8%af-%d8%a7%d9%84%d8%ae%d9%84%d9%8a%d8%ac-%d8%aa%d9%85%d9%87%d8%af-%d8%a7%d9%84%d8%b7%d8%b1%d9%8a%d9%82-%d9%84%d9%84%d9%85%d8%ba%d8%b1%d8%a8-%d9%88%d8%a7%d9%84%d8%ac%d8%b2%d8%a7\/#primaryimage","url":"https:\/\/bladnanews.com\/wp-content\/uploads\/2026\/01\/large_1767378737.webp","contentUrl":"https:\/\/bladnanews.com\/wp-content\/uploads\/2026\/01\/large_1767378737.webp","width":860,"height":562,"caption":"Silver trophy for the Gulf Cup alongside a multicoloured football and a map of the Gulf region, featuring Arabic and English text."},{"@type":"BreadcrumbList","@id":"https:\/\/bladnanews.com\/ary\/%d8%ac%d9%87%d9%88%d8%af-%d8%a7%d9%84%d8%ae%d9%84%d9%8a%d8%ac-%d8%aa%d9%85%d9%87%d8%af-%d8%a7%d9%84%d8%b7%d8%b1%d9%8a%d9%82-%d9%84%d9%84%d9%85%d8%ba%d8%b1%d8%a8-%d9%88%d8%a7%d9%84%d8%ac%d8%b2%d8%a7\/#breadcrumb","itemListElement":[{"@type":"ListItem","position":1,"name":"Home","item":"https:\/\/bladnanews.com\/"},{"@type":"ListItem","position":2,"name":"Gulf efforts pave way for Morocco and Algeria to join Gulf Cup"}]},{"@type":"WebSite","@id":"https:\/\/mediumseagreen-eel-531711.hostingersite.com\/#website","url":"https:\/\/mediumseagreen-eel-531711.hostingersite.com\/","name":"Bladna News - Maroc","description":"Quand le football marocain rencontre le monde","publisher":{"@id":"https:\/\/mediumseagreen-eel-531711.hostingersite.com\/#organization"},"potentialAction":[{"@type":"SearchAction","target":{"@type":"EntryPoint","urlTemplate":"https:\/\/mediumseagreen-eel-531711.hostingersite.com\/?s={search_term_string}"},"query-input":{"@type":"PropertyValueSpecification","valueRequired":true,"valueName":"search_term_string"}}],"inLanguage":"fr-FR"},{"@type":"Organization","@id":"https:\/\/mediumseagreen-eel-531711.hostingersite.com\/#organization","name":"Bladna News.com","url":"https:\/\/mediumseagreen-eel-531711.hostingersite.com\/","logo":{"@type":"ImageObject","inLanguage":"fr-FR","@id":"https:\/\/mediumseagreen-eel-531711.hostingersite.com\/#\/schema\/logo\/image\/","url":"https:\/\/bladnanews.com\/wp-content\/uploads\/2025\/12\/logo-bladnanews-V2-web-black-red.png","contentUrl":"https:\/\/bladnanews.com\/wp-content\/uploads\/2025\/12\/logo-bladnanews-V2-web-black-red.png","width":703,"height":287,"caption":"Bladna News.com"},"image":{"@id":"https:\/\/mediumseagreen-eel-531711.hostingersite.com\/#\/schema\/logo\/image\/"},"email":"info@bladnanews.com","legalName":"Bladna News"},{"@type":"Person","@id":"https:\/\/mediumseagreen-eel-531711.hostingersite.com\/#\/schema\/person\/6712b38fabe810f7eb8d15ed30d90f1e","name":"Bladna Sports Desk","url":"https:\/\/bladnanews.com\/fr\/author\/bladna-sports-desk\/"}]}},"_links":{"self":[{"href":"https:\/\/bladnanews.com\/fr\/wp-json\/wp\/v2\/posts\/1438","targetHints":{"allow":["GET"]}}],"collection":[{"href":"https:\/\/bladnanews.com\/fr\/wp-json\/wp\/v2\/posts"}],"about":[{"href":"https:\/\/bladnanews.com\/fr\/wp-json\/wp\/v2\/types\/post"}],"author":[{"embeddable":true,"href":"https:\/\/bladnanews.com\/fr\/wp-json\/wp\/v2\/users\/4"}],"replies":[{"embeddable":true,"href":"https:\/\/bladnanews.com\/fr\/wp-json\/wp\/v2\/comments?post=1438"}],"version-history":[{"count":0,"href":"https:\/\/bladnanews.com\/fr\/wp-json\/wp\/v2\/posts\/1438\/revisions"}],"wp:featuredmedia":[{"embeddable":true,"href":"https:\/\/bladnanews.com\/fr\/wp-json\/wp\/v2\/media\/1437"}],"wp:attachment":[{"href":"https:\/\/bladnanews.com\/fr\/wp-json\/wp\/v2\/media?parent=1438"}],"wp:term":[{"taxonomy":"category","embeddable":true,"href":"https:\/\/bladnanews.com\/fr\/wp-json\/wp\/v2\/categories?post=1438"},{"taxonomy":"post_tag","embeddable":true,"href":"https:\/\/bladnanews.com\/fr\/wp-json\/wp\/v2\/tags?post=1438"}],"curies":[{"name":"wp","href":"https:\/\/api.w.org\/{rel}","templated":true}]}}