{"id":1440,"date":"2026-01-02T18:41:22","date_gmt":"2026-01-02T18:41:22","guid":{"rendered":"https:\/\/bladnanews.com\/%d8%a7%d9%84%d8%ac%d8%a7%d8%a8%d9%88%d9%86%d9%8a-%d8%a7%d9%84%d9%85%d8%ac%d8%a8%d8%b1%d9%8a-%d9%8a%d8%aa%d9%85%d9%86%d9%89-%d8%b9%d8%af%d9%85-%d8%a7%d8%ad%d8%aa%d8%b3%d8%a7%d8%a8-%d8%a7%d9%84%d8%ad\/"},"modified":"2026-01-02T18:41:22","modified_gmt":"2026-01-02T18:41:22","slug":"le-gabonais-obligatoire-espere-ne-pas-compter-sur-le-h","status":"publish","type":"post","link":"https:\/\/bladnanews.com\/fr\/le-gabonais-obligatoire-espere-ne-pas-compter-sur-le-h\/","title":{"rendered":"Le Gabonais Mbengue esp\u00e8re que l'arbitre ne comptera pas le but de Mali \u00e0 la 85e minute."},"content":{"rendered":"<p>L'international gabonais Ali Mjabri a parl\u00e9 des d\u00e9tails fins qui pourraient d\u00e9cider de l'affrontement \u00e0 venir contre le Mali, soulignant que son \u00e9quipe doit rester pleinement concentr\u00e9e jusqu'au coup de sifflet final.<\/p>\n<p>Mjabri a d\u00e9clar\u00e9 qu'il esp\u00e8re que l'arbitre \u201cne siffle pas \u00e0 la 85e minute\u201d, une remarque visant \u00e0 maintenir une concentration \u00e9lev\u00e9e dans les derni\u00e8res \u00e9tapes et \u00e0 \u00e9viter les situations tardives qui peuvent changer un match.<\/p>\n<p>S'exprimant avant le face-\u00e0-face avec le Mali, le milieu de terrain gabonais a soulign\u00e9 que de petits moments font souvent la diff\u00e9rence \u00e0 ce niveau, surtout dans des matchs serr\u00e9s o\u00f9 une d\u00e9cision ou une erreur peut faire basculer le r\u00e9sultat.<\/p>\n<p>Il a \u00e9galement soulign\u00e9 la n\u00e9cessit\u00e9 de discipline et de calme, expliquant que les joueurs doivent bien g\u00e9rer le match, d\u00e9fendre en unit\u00e9 et saisir leurs chances lorsqu'elles se pr\u00e9sentent.<\/p>\n<p>Mjabri a ajout\u00e9 que le groupe est conscient du d\u00e9fi pos\u00e9 par le Mali, le d\u00e9crivant comme un adversaire fort, et a insist\u00e9 sur le fait que l'approche de l'\u00e9quipe doit \u00eatre s\u00e9rieuse du premier au dernier minute.<\/p>\n<p>L'international gabonais a conclu en r\u00e9p\u00e9tant que la cl\u00e9 est de ne pas se d\u00e9connecter tardivement, car les derni\u00e8res minutes peuvent apporter des rebondissements que personne n'attend.<\/p>","protected":false},"excerpt":{"rendered":"<p>Gab\u00f3n international Ali Mjabri spoke about the fine details that could decide the upcoming clash against Mali, stressing that his [&hellip;]<\/p>\n","protected":false},"author":4,"featured_media":1439,"comment_status":"","ping_status":"open","sticky":false,"template":"","format":"standard","meta":{"googlesitekit_rrm_CAow_uzEDA:productID":"","site-sidebar-layout":"default","site-content-layout":"","ast-site-content-layout":"default","site-content-style":"default","site-sidebar-style":"default","ast-global-header-display":"","ast-banner-title-visibility":"","ast-main-header-display":"","ast-hfb-above-header-display":"","ast-hfb-below-header-display":"","ast-hfb-mobile-header-display":"","site-post-title":"","ast-breadcrumbs-content":"","ast-featured-img":"","footer-sml-layout":"","ast-disable-related-posts":"","theme-transparent-header-meta":"","adv-header-id-meta":"","stick-header-meta":"","header-above-stick-meta":"","header-main-stick-meta":"","header-below-stick-meta":"","astra-migrate-meta-layouts":"default","ast-page-background-enabled":"default","ast-page-background-meta":{"desktop":{"background-color":"var(--ast-global-color-5)","background-image":"","background-repeat":"repeat","background-position":"center center","background-size":"auto","background-attachment":"scroll","background-type":"","background-media":"","overlay-type":"","overlay-color":"","overlay-opacity":"","overlay-gradient":""},"tablet":{"background-color":"","background-image":"","background-repeat":"repeat","background-position":"center center","background-size":"auto","background-attachment":"scroll","background-type":"","background-media":"","overlay-type":"","overlay-color":"","overlay-opacity":"","overlay-gradient":""},"mobile":{"background-color":"","background-image":"","background-repeat":"repeat","background-position":"center center","background-size":"auto","background-attachment":"scroll","background-type":"","background-media":"","overlay-type":"","overlay-color":"","overlay-opacity":"","overlay-gradient":""}},"ast-content-background-meta":{"desktop":{"background-color":"var(--ast-global-color-4)","background-image":"","background-repeat":"repeat","background-position":"center center","background-size":"auto","background-attachment":"scroll","background-type":"","background-media":"","overlay-type":"","overlay-color":"","overlay-opacity":"","overlay-gradient":""},"tablet":{"background-color":"var(--ast-global-color-4)","background-image":"","background-repeat":"repeat","background-position":"center center","background-size":"auto","background-attachment":"scroll","background-type":"","background-media":"","overlay-type":"","overlay-color":"","overlay-opacity":"","overlay-gradient":""},"mobile":{"background-color":"var(--ast-global-color-4)","background-image":"","background-repeat":"repeat","background-position":"center center","background-size":"auto","background-attachment":"scroll","background-type":"","background-media":"","overlay-type":"","overlay-color":"","overlay-opacity":"","overlay-gradient":""}},"footnotes":""},"categories":[1,168],"tags":[],"class_list":["post-1440","post","type-post","status-publish","format-standard","has-post-thumbnail","hentry","category-football-latest-news","category-morocco-national-team"],"yoast_head":"<!-- This site is optimized with the Yoast SEO Premium plugin v26.6 (Yoast SEO v27.5) - https:\/\/yoast.com\/product\/yoast-seo-premium-wordpress\/ -->\n<title>\u0627\u0644\u062c\u0627\u0628\u0648\u0646\u064a \u0627\u0644\u0645\u062c\u0628\u0631\u064a \u064a\u062a\u0645\u0646\u0649 \u0639\u062f\u0645 \u0627\u062d\u062a\u0633\u0627\u0628 \u0627\u0644\u062d\u0643\u0645 \u0647\u062f\u0641 \u0645\u0627\u0644\u064a \u0641\u064a \u0627\u0644\u062f\u0642\u064a\u0642\u0629 85 - Bladna News<\/title>\n<meta name=\"robots\" content=\"index, follow, max-snippet:-1, max-image-preview:large, max-video-preview:-1\" \/>\n<link rel=\"canonical\" href=\"https:\/\/bladnanews.com\/fr\/le-gabonais-obligatoire-espere-ne-pas-compter-sur-le-h\/\" \/>\n<meta property=\"og:locale\" content=\"fr_FR\" \/>\n<meta property=\"og:type\" content=\"article\" \/>\n<meta property=\"og:title\" content=\"\u0627\u0644\u062c\u0627\u0628\u0648\u0646\u064a \u0627\u0644\u0645\u062c\u0628\u0631\u064a \u064a\u062a\u0645\u0646\u0649 \u0639\u062f\u0645 \u0627\u062d\u062a\u0633\u0627\u0628 \u0627\u0644\u062d\u0643\u0645 \u0647\u062f\u0641 \u0645\u0627\u0644\u064a \u0641\u064a \u0627\u0644\u062f\u0642\u064a\u0642\u0629 85\" \/>\n<meta property=\"og:description\" content=\"Gab\u00f3n international Ali Mjabri spoke about the fine details that could decide the upcoming clash against Mali, stressing that his [&hellip;]\" \/>\n<meta property=\"og:url\" content=\"https:\/\/bladnanews.com\/fr\/le-gabonais-obligatoire-espere-ne-pas-compter-sur-le-h\/\" \/>\n<meta property=\"og:site_name\" content=\"Bladna News\" \/>\n<meta property=\"article:published_time\" content=\"2026-01-02T18:41:22+00:00\" \/>\n<meta property=\"og:image\" content=\"https:\/\/bladnanews.com\/wp-content\/uploads\/2026\/01\/GettyImages-2252944967.jpg-scaled.jpg\" \/>\n\t<meta property=\"og:image:width\" content=\"2560\" \/>\n\t<meta property=\"og:image:height\" content=\"1440\" \/>\n\t<meta property=\"og:image:type\" content=\"image\/jpeg\" \/>\n<meta name=\"author\" content=\"Bladna Sports Desk\" \/>\n<meta name=\"twitter:card\" content=\"summary_large_image\" \/>\n<meta name=\"twitter:label1\" content=\"\u00c9crit par\" \/>\n\t<meta name=\"twitter:data1\" content=\"Bladna Sports Desk\" \/>\n\t<meta name=\"twitter:label2\" content=\"Dur\u00e9e de lecture estim\u00e9e\" \/>\n\t<meta name=\"twitter:data2\" content=\"1 minute\" \/>\n<script type=\"application\/ld+json\" class=\"yoast-schema-graph\">{\"@context\":\"https:\\\/\\\/schema.org\",\"@graph\":[{\"@type\":\"Article\",\"@id\":\"https:\\\/\\\/bladnanews.com\\\/%d8%a7%d9%84%d8%ac%d8%a7%d8%a8%d9%88%d9%86%d9%8a-%d8%a7%d9%84%d9%85%d8%ac%d8%a8%d8%b1%d9%8a-%d9%8a%d8%aa%d9%85%d9%86%d9%89-%d8%b9%d8%af%d9%85-%d8%a7%d8%ad%d8%aa%d8%b3%d8%a7%d8%a8-%d8%a7%d9%84%d8%ad\\\/#article\",\"isPartOf\":{\"@id\":\"https:\\\/\\\/bladnanews.com\\\/%d8%a7%d9%84%d8%ac%d8%a7%d8%a8%d9%88%d9%86%d9%8a-%d8%a7%d9%84%d9%85%d8%ac%d8%a8%d8%b1%d9%8a-%d9%8a%d8%aa%d9%85%d9%86%d9%89-%d8%b9%d8%af%d9%85-%d8%a7%d8%ad%d8%aa%d8%b3%d8%a7%d8%a8-%d8%a7%d9%84%d8%ad\\\/\"},\"author\":{\"name\":\"Bladna Sports Desk\",\"@id\":\"https:\\\/\\\/mediumseagreen-eel-531711.hostingersite.com\\\/#\\\/schema\\\/person\\\/6712b38fabe810f7eb8d15ed30d90f1e\"},\"headline\":\"\u0627\u0644\u062c\u0627\u0628\u0648\u0646\u064a \u0627\u0644\u0645\u062c\u0628\u0631\u064a \u064a\u062a\u0645\u0646\u0649 \u0639\u062f\u0645 \u0627\u062d\u062a\u0633\u0627\u0628 \u0627\u0644\u062d\u0643\u0645 \u0647\u062f\u0641 \u0645\u0627\u0644\u064a \u0641\u064a \u0627\u0644\u062f\u0642\u064a\u0642\u0629 85\",\"datePublished\":\"2026-01-02T18:41:22+00:00\",\"mainEntityOfPage\":{\"@id\":\"https:\\\/\\\/bladnanews.com\\\/%d8%a7%d9%84%d8%ac%d8%a7%d8%a8%d9%88%d9%86%d9%8a-%d8%a7%d9%84%d9%85%d8%ac%d8%a8%d8%b1%d9%8a-%d9%8a%d8%aa%d9%85%d9%86%d9%89-%d8%b9%d8%af%d9%85-%d8%a7%d8%ad%d8%aa%d8%b3%d8%a7%d8%a8-%d8%a7%d9%84%d8%ad\\\/\"},\"wordCount\":194,\"publisher\":{\"@id\":\"https:\\\/\\\/mediumseagreen-eel-531711.hostingersite.com\\\/#organization\"},\"image\":{\"@id\":\"https:\\\/\\\/bladnanews.com\\\/%d8%a7%d9%84%d8%ac%d8%a7%d8%a8%d9%88%d9%86%d9%8a-%d8%a7%d9%84%d9%85%d8%ac%d8%a8%d8%b1%d9%8a-%d9%8a%d8%aa%d9%85%d9%86%d9%89-%d8%b9%d8%af%d9%85-%d8%a7%d8%ad%d8%aa%d8%b3%d8%a7%d8%a8-%d8%a7%d9%84%d8%ad\\\/#primaryimage\"},\"thumbnailUrl\":\"https:\\\/\\\/bladnanews.com\\\/wp-content\\\/uploads\\\/2026\\\/01\\\/GettyImages-2252944967.jpg.jpg\",\"articleSection\":[\"Latest News\",\"Morocco National Team\"],\"inLanguage\":\"fr-FR\",\"copyrightYear\":\"2026\",\"copyrightHolder\":{\"@id\":\"https:\\\/\\\/bladnanews.com\\\/fr\\\/#organization\"}},{\"@type\":\"WebPage\",\"@id\":\"https:\\\/\\\/bladnanews.com\\\/%d8%a7%d9%84%d8%ac%d8%a7%d8%a8%d9%88%d9%86%d9%8a-%d8%a7%d9%84%d9%85%d8%ac%d8%a8%d8%b1%d9%8a-%d9%8a%d8%aa%d9%85%d9%86%d9%89-%d8%b9%d8%af%d9%85-%d8%a7%d8%ad%d8%aa%d8%b3%d8%a7%d8%a8-%d8%a7%d9%84%d8%ad\\\/\",\"url\":\"https:\\\/\\\/bladnanews.com\\\/%d8%a7%d9%84%d8%ac%d8%a7%d8%a8%d9%88%d9%86%d9%8a-%d8%a7%d9%84%d9%85%d8%ac%d8%a8%d8%b1%d9%8a-%d9%8a%d8%aa%d9%85%d9%86%d9%89-%d8%b9%d8%af%d9%85-%d8%a7%d8%ad%d8%aa%d8%b3%d8%a7%d8%a8-%d8%a7%d9%84%d8%ad\\\/\",\"name\":\"\u0627\u0644\u062c\u0627\u0628\u0648\u0646\u064a \u0627\u0644\u0645\u062c\u0628\u0631\u064a \u064a\u062a\u0645\u0646\u0649 \u0639\u062f\u0645 \u0627\u062d\u062a\u0633\u0627\u0628 \u0627\u0644\u062d\u0643\u0645 \u0647\u062f\u0641 \u0645\u0627\u0644\u064a \u0641\u064a \u0627\u0644\u062f\u0642\u064a\u0642\u0629 85 - Bladna News\",\"isPartOf\":{\"@id\":\"https:\\\/\\\/mediumseagreen-eel-531711.hostingersite.com\\\/#website\"},\"primaryImageOfPage\":{\"@id\":\"https:\\\/\\\/bladnanews.com\\\/%d8%a7%d9%84%d8%ac%d8%a7%d8%a8%d9%88%d9%86%d9%8a-%d8%a7%d9%84%d9%85%d8%ac%d8%a8%d8%b1%d9%8a-%d9%8a%d8%aa%d9%85%d9%86%d9%89-%d8%b9%d8%af%d9%85-%d8%a7%d8%ad%d8%aa%d8%b3%d8%a7%d8%a8-%d8%a7%d9%84%d8%ad\\\/#primaryimage\"},\"image\":{\"@id\":\"https:\\\/\\\/bladnanews.com\\\/%d8%a7%d9%84%d8%ac%d8%a7%d8%a8%d9%88%d9%86%d9%8a-%d8%a7%d9%84%d9%85%d8%ac%d8%a8%d8%b1%d9%8a-%d9%8a%d8%aa%d9%85%d9%86%d9%89-%d8%b9%d8%af%d9%85-%d8%a7%d8%ad%d8%aa%d8%b3%d8%a7%d8%a8-%d8%a7%d9%84%d8%ad\\\/#primaryimage\"},\"thumbnailUrl\":\"https:\\\/\\\/bladnanews.com\\\/wp-content\\\/uploads\\\/2026\\\/01\\\/GettyImages-2252944967.jpg.jpg\",\"datePublished\":\"2026-01-02T18:41:22+00:00\",\"breadcrumb\":{\"@id\":\"https:\\\/\\\/bladnanews.com\\\/%d8%a7%d9%84%d8%ac%d8%a7%d8%a8%d9%88%d9%86%d9%8a-%d8%a7%d9%84%d9%85%d8%ac%d8%a8%d8%b1%d9%8a-%d9%8a%d8%aa%d9%85%d9%86%d9%89-%d8%b9%d8%af%d9%85-%d8%a7%d8%ad%d8%aa%d8%b3%d8%a7%d8%a8-%d8%a7%d9%84%d8%ad\\\/#breadcrumb\"},\"inLanguage\":\"fr-FR\",\"potentialAction\":[{\"@type\":\"ReadAction\",\"target\":[\"https:\\\/\\\/bladnanews.com\\\/%d8%a7%d9%84%d8%ac%d8%a7%d8%a8%d9%88%d9%86%d9%8a-%d8%a7%d9%84%d9%85%d8%ac%d8%a8%d8%b1%d9%8a-%d9%8a%d8%aa%d9%85%d9%86%d9%89-%d8%b9%d8%af%d9%85-%d8%a7%d8%ad%d8%aa%d8%b3%d8%a7%d8%a8-%d8%a7%d9%84%d8%ad\\\/\"]}]},{\"@type\":\"ImageObject\",\"inLanguage\":\"fr-FR\",\"@id\":\"https:\\\/\\\/bladnanews.com\\\/%d8%a7%d9%84%d8%ac%d8%a7%d8%a8%d9%88%d9%86%d9%8a-%d8%a7%d9%84%d9%85%d8%ac%d8%a8%d8%b1%d9%8a-%d9%8a%d8%aa%d9%85%d9%86%d9%89-%d8%b9%d8%af%d9%85-%d8%a7%d8%ad%d8%aa%d8%b3%d8%a7%d8%a8-%d8%a7%d9%84%d8%ad\\\/#primaryimage\",\"url\":\"https:\\\/\\\/bladnanews.com\\\/wp-content\\\/uploads\\\/2026\\\/01\\\/GettyImages-2252944967.jpg.jpg\",\"contentUrl\":\"https:\\\/\\\/bladnanews.com\\\/wp-content\\\/uploads\\\/2026\\\/01\\\/GettyImages-2252944967.jpg.jpg\",\"width\":2560,\"height\":1440,\"caption\":\"Tunisia's number 10 player, in a white kit with red accents, chases the ball during a match against Nigeria, wearing a determined expression.\"},{\"@type\":\"BreadcrumbList\",\"@id\":\"https:\\\/\\\/bladnanews.com\\\/%d8%a7%d9%84%d8%ac%d8%a7%d8%a8%d9%88%d9%86%d9%8a-%d8%a7%d9%84%d9%85%d8%ac%d8%a8%d8%b1%d9%8a-%d9%8a%d8%aa%d9%85%d9%86%d9%89-%d8%b9%d8%af%d9%85-%d8%a7%d8%ad%d8%aa%d8%b3%d8%a7%d8%a8-%d8%a7%d9%84%d8%ad\\\/#breadcrumb\",\"itemListElement\":[{\"@type\":\"ListItem\",\"position\":1,\"name\":\"Home\",\"item\":\"https:\\\/\\\/bladnanews.com\\\/\"},{\"@type\":\"ListItem\",\"position\":2,\"name\":\"\u0627\u0644\u062c\u0627\u0628\u0648\u0646\u064a \u0627\u0644\u0645\u062c\u0628\u0631\u064a \u064a\u062a\u0645\u0646\u0649 \u0639\u062f\u0645 \u0627\u062d\u062a\u0633\u0627\u0628 \u0627\u0644\u062d\u0643\u0645 \u0647\u062f\u0641 \u0645\u0627\u0644\u064a \u0641\u064a \u0627\u0644\u062f\u0642\u064a\u0642\u0629 85\"}]},{\"@type\":\"WebSite\",\"@id\":\"https:\\\/\\\/mediumseagreen-eel-531711.hostingersite.com\\\/#website\",\"url\":\"https:\\\/\\\/mediumseagreen-eel-531711.hostingersite.com\\\/\",\"name\":\"Bladna News - Morocco\",\"description\":\"Where Moroccan Football Meets the World\",\"publisher\":{\"@id\":\"https:\\\/\\\/mediumseagreen-eel-531711.hostingersite.com\\\/#organization\"},\"potentialAction\":[{\"@type\":\"SearchAction\",\"target\":{\"@type\":\"EntryPoint\",\"urlTemplate\":\"https:\\\/\\\/mediumseagreen-eel-531711.hostingersite.com\\\/?s={search_term_string}\"},\"query-input\":{\"@type\":\"PropertyValueSpecification\",\"valueRequired\":true,\"valueName\":\"search_term_string\"}}],\"inLanguage\":\"fr-FR\"},{\"@type\":\"Organization\",\"@id\":\"https:\\\/\\\/mediumseagreen-eel-531711.hostingersite.com\\\/#organization\",\"name\":\"Bladna News.com\",\"url\":\"https:\\\/\\\/mediumseagreen-eel-531711.hostingersite.com\\\/\",\"logo\":{\"@type\":\"ImageObject\",\"inLanguage\":\"fr-FR\",\"@id\":\"https:\\\/\\\/mediumseagreen-eel-531711.hostingersite.com\\\/#\\\/schema\\\/logo\\\/image\\\/\",\"url\":\"https:\\\/\\\/bladnanews.com\\\/wp-content\\\/uploads\\\/2025\\\/12\\\/logo-bladnanews-V2-web-black-red.png\",\"contentUrl\":\"https:\\\/\\\/bladnanews.com\\\/wp-content\\\/uploads\\\/2025\\\/12\\\/logo-bladnanews-V2-web-black-red.png\",\"width\":703,\"height\":287,\"caption\":\"Bladna News.com\"},\"image\":{\"@id\":\"https:\\\/\\\/mediumseagreen-eel-531711.hostingersite.com\\\/#\\\/schema\\\/logo\\\/image\\\/\"},\"email\":\"info@bladnanews.com\",\"legalName\":\"Bladna News\"},{\"@type\":\"Person\",\"@id\":\"https:\\\/\\\/mediumseagreen-eel-531711.hostingersite.com\\\/#\\\/schema\\\/person\\\/6712b38fabe810f7eb8d15ed30d90f1e\",\"name\":\"Bladna Sports Desk\",\"url\":\"https:\\\/\\\/bladnanews.com\\\/fr\\\/author\\\/bladna-sports-desk\\\/\"}]}<\/script>\n<!-- \/ Yoast SEO Premium plugin. -->","yoast_head_json":{"title":"Le Gabonais Mbengue esp\u00e8re que l'arbitre ne comptera pas le but de Mali \u00e0 la 85e minute - Bladna News","robots":{"index":"index","follow":"follow","max-snippet":"max-snippet:-1","max-image-preview":"max-image-preview:large","max-video-preview":"max-video-preview:-1"},"canonical":"https:\/\/bladnanews.com\/fr\/le-gabonais-obligatoire-espere-ne-pas-compter-sur-le-h\/","og_locale":"fr_FR","og_type":"article","og_title":"\u0627\u0644\u062c\u0627\u0628\u0648\u0646\u064a \u0627\u0644\u0645\u062c\u0628\u0631\u064a \u064a\u062a\u0645\u0646\u0649 \u0639\u062f\u0645 \u0627\u062d\u062a\u0633\u0627\u0628 \u0627\u0644\u062d\u0643\u0645 \u0647\u062f\u0641 \u0645\u0627\u0644\u064a \u0641\u064a \u0627\u0644\u062f\u0642\u064a\u0642\u0629 85","og_description":"Gab\u00f3n international Ali Mjabri spoke about the fine details that could decide the upcoming clash against Mali, stressing that his [&hellip;]","og_url":"https:\/\/bladnanews.com\/fr\/le-gabonais-obligatoire-espere-ne-pas-compter-sur-le-h\/","og_site_name":"Bladna News","article_published_time":"2026-01-02T18:41:22+00:00","og_image":[{"width":2560,"height":1440,"url":"https:\/\/bladnanews.com\/wp-content\/uploads\/2026\/01\/GettyImages-2252944967.jpg-scaled.jpg","type":"image\/jpeg"}],"author":"Bladna Sports Desk","twitter_card":"summary_large_image","twitter_misc":{"\u00c9crit par":"Bladna Sports Desk","Dur\u00e9e de lecture estim\u00e9e":"1 minute"},"schema":{"@context":"https:\/\/schema.org","@graph":[{"@type":"Article","@id":"https:\/\/bladnanews.com\/%d8%a7%d9%84%d8%ac%d8%a7%d8%a8%d9%88%d9%86%d9%8a-%d8%a7%d9%84%d9%85%d8%ac%d8%a8%d8%b1%d9%8a-%d9%8a%d8%aa%d9%85%d9%86%d9%89-%d8%b9%d8%af%d9%85-%d8%a7%d8%ad%d8%aa%d8%b3%d8%a7%d8%a8-%d8%a7%d9%84%d8%ad\/#article","isPartOf":{"@id":"https:\/\/bladnanews.com\/%d8%a7%d9%84%d8%ac%d8%a7%d8%a8%d9%88%d9%86%d9%8a-%d8%a7%d9%84%d9%85%d8%ac%d8%a8%d8%b1%d9%8a-%d9%8a%d8%aa%d9%85%d9%86%d9%89-%d8%b9%d8%af%d9%85-%d8%a7%d8%ad%d8%aa%d8%b3%d8%a7%d8%a8-%d8%a7%d9%84%d8%ad\/"},"author":{"name":"Bladna Sports Desk","@id":"https:\/\/mediumseagreen-eel-531711.hostingersite.com\/#\/schema\/person\/6712b38fabe810f7eb8d15ed30d90f1e"},"headline":"\u0627\u0644\u062c\u0627\u0628\u0648\u0646\u064a \u0627\u0644\u0645\u062c\u0628\u0631\u064a \u064a\u062a\u0645\u0646\u0649 \u0639\u062f\u0645 \u0627\u062d\u062a\u0633\u0627\u0628 \u0627\u0644\u062d\u0643\u0645 \u0647\u062f\u0641 \u0645\u0627\u0644\u064a \u0641\u064a \u0627\u0644\u062f\u0642\u064a\u0642\u0629 85","datePublished":"2026-01-02T18:41:22+00:00","mainEntityOfPage":{"@id":"https:\/\/bladnanews.com\/%d8%a7%d9%84%d8%ac%d8%a7%d8%a8%d9%88%d9%86%d9%8a-%d8%a7%d9%84%d9%85%d8%ac%d8%a8%d8%b1%d9%8a-%d9%8a%d8%aa%d9%85%d9%86%d9%89-%d8%b9%d8%af%d9%85-%d8%a7%d8%ad%d8%aa%d8%b3%d8%a7%d8%a8-%d8%a7%d9%84%d8%ad\/"},"wordCount":194,"publisher":{"@id":"https:\/\/mediumseagreen-eel-531711.hostingersite.com\/#organization"},"image":{"@id":"https:\/\/bladnanews.com\/%d8%a7%d9%84%d8%ac%d8%a7%d8%a8%d9%88%d9%86%d9%8a-%d8%a7%d9%84%d9%85%d8%ac%d8%a8%d8%b1%d9%8a-%d9%8a%d8%aa%d9%85%d9%86%d9%89-%d8%b9%d8%af%d9%85-%d8%a7%d8%ad%d8%aa%d8%b3%d8%a7%d8%a8-%d8%a7%d9%84%d8%ad\/#primaryimage"},"thumbnailUrl":"https:\/\/bladnanews.com\/wp-content\/uploads\/2026\/01\/GettyImages-2252944967.jpg.jpg","articleSection":["Latest News","Morocco National Team"],"inLanguage":"fr-FR","copyrightYear":"2026","copyrightHolder":{"@id":"https:\/\/bladnanews.com\/fr\/#organization"}},{"@type":"WebPage","@id":"https:\/\/bladnanews.com\/%d8%a7%d9%84%d8%ac%d8%a7%d8%a8%d9%88%d9%86%d9%8a-%d8%a7%d9%84%d9%85%d8%ac%d8%a8%d8%b1%d9%8a-%d9%8a%d8%aa%d9%85%d9%86%d9%89-%d8%b9%d8%af%d9%85-%d8%a7%d8%ad%d8%aa%d8%b3%d8%a7%d8%a8-%d8%a7%d9%84%d8%ad\/","url":"https:\/\/bladnanews.com\/%d8%a7%d9%84%d8%ac%d8%a7%d8%a8%d9%88%d9%86%d9%8a-%d8%a7%d9%84%d9%85%d8%ac%d8%a8%d8%b1%d9%8a-%d9%8a%d8%aa%d9%85%d9%86%d9%89-%d8%b9%d8%af%d9%85-%d8%a7%d8%ad%d8%aa%d8%b3%d8%a7%d8%a8-%d8%a7%d9%84%d8%ad\/","name":"Le Gabonais Mbengue esp\u00e8re que l'arbitre ne comptera pas le but de Mali \u00e0 la 85e minute - Bladna News","isPartOf":{"@id":"https:\/\/mediumseagreen-eel-531711.hostingersite.com\/#website"},"primaryImageOfPage":{"@id":"https:\/\/bladnanews.com\/%d8%a7%d9%84%d8%ac%d8%a7%d8%a8%d9%88%d9%86%d9%8a-%d8%a7%d9%84%d9%85%d8%ac%d8%a8%d8%b1%d9%8a-%d9%8a%d8%aa%d9%85%d9%86%d9%89-%d8%b9%d8%af%d9%85-%d8%a7%d8%ad%d8%aa%d8%b3%d8%a7%d8%a8-%d8%a7%d9%84%d8%ad\/#primaryimage"},"image":{"@id":"https:\/\/bladnanews.com\/%d8%a7%d9%84%d8%ac%d8%a7%d8%a8%d9%88%d9%86%d9%8a-%d8%a7%d9%84%d9%85%d8%ac%d8%a8%d8%b1%d9%8a-%d9%8a%d8%aa%d9%85%d9%86%d9%89-%d8%b9%d8%af%d9%85-%d8%a7%d8%ad%d8%aa%d8%b3%d8%a7%d8%a8-%d8%a7%d9%84%d8%ad\/#primaryimage"},"thumbnailUrl":"https:\/\/bladnanews.com\/wp-content\/uploads\/2026\/01\/GettyImages-2252944967.jpg.jpg","datePublished":"2026-01-02T18:41:22+00:00","breadcrumb":{"@id":"https:\/\/bladnanews.com\/%d8%a7%d9%84%d8%ac%d8%a7%d8%a8%d9%88%d9%86%d9%8a-%d8%a7%d9%84%d9%85%d8%ac%d8%a8%d8%b1%d9%8a-%d9%8a%d8%aa%d9%85%d9%86%d9%89-%d8%b9%d8%af%d9%85-%d8%a7%d8%ad%d8%aa%d8%b3%d8%a7%d8%a8-%d8%a7%d9%84%d8%ad\/#breadcrumb"},"inLanguage":"fr-FR","potentialAction":[{"@type":"ReadAction","target":["https:\/\/bladnanews.com\/%d8%a7%d9%84%d8%ac%d8%a7%d8%a8%d9%88%d9%86%d9%8a-%d8%a7%d9%84%d9%85%d8%ac%d8%a8%d8%b1%d9%8a-%d9%8a%d8%aa%d9%85%d9%86%d9%89-%d8%b9%d8%af%d9%85-%d8%a7%d8%ad%d8%aa%d8%b3%d8%a7%d8%a8-%d8%a7%d9%84%d8%ad\/"]}]},{"@type":"ImageObject","inLanguage":"fr-FR","@id":"https:\/\/bladnanews.com\/%d8%a7%d9%84%d8%ac%d8%a7%d8%a8%d9%88%d9%86%d9%8a-%d8%a7%d9%84%d9%85%d8%ac%d8%a8%d8%b1%d9%8a-%d9%8a%d8%aa%d9%85%d9%86%d9%89-%d8%b9%d8%af%d9%85-%d8%a7%d8%ad%d8%aa%d8%b3%d8%a7%d8%a8-%d8%a7%d9%84%d8%ad\/#primaryimage","url":"https:\/\/bladnanews.com\/wp-content\/uploads\/2026\/01\/GettyImages-2252944967.jpg.jpg","contentUrl":"https:\/\/bladnanews.com\/wp-content\/uploads\/2026\/01\/GettyImages-2252944967.jpg.jpg","width":2560,"height":1440,"caption":"Tunisia's number 10 player, in a white kit with red accents, chases the ball during a match against Nigeria, wearing a determined expression."},{"@type":"BreadcrumbList","@id":"https:\/\/bladnanews.com\/%d8%a7%d9%84%d8%ac%d8%a7%d8%a8%d9%88%d9%86%d9%8a-%d8%a7%d9%84%d9%85%d8%ac%d8%a8%d8%b1%d9%8a-%d9%8a%d8%aa%d9%85%d9%86%d9%89-%d8%b9%d8%af%d9%85-%d8%a7%d8%ad%d8%aa%d8%b3%d8%a7%d8%a8-%d8%a7%d9%84%d8%ad\/#breadcrumb","itemListElement":[{"@type":"ListItem","position":1,"name":"Home","item":"https:\/\/bladnanews.com\/"},{"@type":"ListItem","position":2,"name":"\u0627\u0644\u062c\u0627\u0628\u0648\u0646\u064a \u0627\u0644\u0645\u062c\u0628\u0631\u064a \u064a\u062a\u0645\u0646\u0649 \u0639\u062f\u0645 \u0627\u062d\u062a\u0633\u0627\u0628 \u0627\u0644\u062d\u0643\u0645 \u0647\u062f\u0641 \u0645\u0627\u0644\u064a \u0641\u064a \u0627\u0644\u062f\u0642\u064a\u0642\u0629 85"}]},{"@type":"WebSite","@id":"https:\/\/mediumseagreen-eel-531711.hostingersite.com\/#website","url":"https:\/\/mediumseagreen-eel-531711.hostingersite.com\/","name":"Bladna News - Maroc","description":"Quand le football marocain rencontre le monde","publisher":{"@id":"https:\/\/mediumseagreen-eel-531711.hostingersite.com\/#organization"},"potentialAction":[{"@type":"SearchAction","target":{"@type":"EntryPoint","urlTemplate":"https:\/\/mediumseagreen-eel-531711.hostingersite.com\/?s={search_term_string}"},"query-input":{"@type":"PropertyValueSpecification","valueRequired":true,"valueName":"search_term_string"}}],"inLanguage":"fr-FR"},{"@type":"Organization","@id":"https:\/\/mediumseagreen-eel-531711.hostingersite.com\/#organization","name":"Bladna News.com","url":"https:\/\/mediumseagreen-eel-531711.hostingersite.com\/","logo":{"@type":"ImageObject","inLanguage":"fr-FR","@id":"https:\/\/mediumseagreen-eel-531711.hostingersite.com\/#\/schema\/logo\/image\/","url":"https:\/\/bladnanews.com\/wp-content\/uploads\/2025\/12\/logo-bladnanews-V2-web-black-red.png","contentUrl":"https:\/\/bladnanews.com\/wp-content\/uploads\/2025\/12\/logo-bladnanews-V2-web-black-red.png","width":703,"height":287,"caption":"Bladna News.com"},"image":{"@id":"https:\/\/mediumseagreen-eel-531711.hostingersite.com\/#\/schema\/logo\/image\/"},"email":"info@bladnanews.com","legalName":"Bladna News"},{"@type":"Person","@id":"https:\/\/mediumseagreen-eel-531711.hostingersite.com\/#\/schema\/person\/6712b38fabe810f7eb8d15ed30d90f1e","name":"Bladna Sports Desk","url":"https:\/\/bladnanews.com\/fr\/author\/bladna-sports-desk\/"}]}},"_links":{"self":[{"href":"https:\/\/bladnanews.com\/fr\/wp-json\/wp\/v2\/posts\/1440","targetHints":{"allow":["GET"]}}],"collection":[{"href":"https:\/\/bladnanews.com\/fr\/wp-json\/wp\/v2\/posts"}],"about":[{"href":"https:\/\/bladnanews.com\/fr\/wp-json\/wp\/v2\/types\/post"}],"author":[{"embeddable":true,"href":"https:\/\/bladnanews.com\/fr\/wp-json\/wp\/v2\/users\/4"}],"replies":[{"embeddable":true,"href":"https:\/\/bladnanews.com\/fr\/wp-json\/wp\/v2\/comments?post=1440"}],"version-history":[{"count":0,"href":"https:\/\/bladnanews.com\/fr\/wp-json\/wp\/v2\/posts\/1440\/revisions"}],"wp:featuredmedia":[{"embeddable":true,"href":"https:\/\/bladnanews.com\/fr\/wp-json\/wp\/v2\/media\/1439"}],"wp:attachment":[{"href":"https:\/\/bladnanews.com\/fr\/wp-json\/wp\/v2\/media?parent=1440"}],"wp:term":[{"taxonomy":"category","embeddable":true,"href":"https:\/\/bladnanews.com\/fr\/wp-json\/wp\/v2\/categories?post=1440"},{"taxonomy":"post_tag","embeddable":true,"href":"https:\/\/bladnanews.com\/fr\/wp-json\/wp\/v2\/tags?post=1440"}],"curies":[{"name":"wp","href":"https:\/\/api.w.org\/{rel}","templated":true}]}}