{"id":1454,"date":"2026-01-02T15:18:20","date_gmt":"2026-01-02T15:18:20","guid":{"rendered":"https:\/\/bladnanews.com\/portuguese-star-expresses-love-for-kaizer-chiefs-amid-transfer-interest\/"},"modified":"2026-01-02T15:18:20","modified_gmt":"2026-01-02T15:18:20","slug":"la-star-portugaise-exprime-son-amour-pour-les-kaizer-chiefs-au-milieu-des-interets-de-transfert","status":"publish","type":"post","link":"https:\/\/bladnanews.com\/fr\/la-star-portugaise-exprime-son-amour-pour-les-kaizer-chiefs-au-milieu-des-interets-de-transfert\/","title":{"rendered":"La star portugaise exprime son amour pour Kaizer Chiefs malgr\u00e9 l'int\u00e9r\u00eat pour un transfert"},"content":{"rendered":"<p>Le joueur portugais de premi\u00e8re division Rui Pedro a ouvertement exprim\u00e9 son admiration pour les Kaizer Chiefs, indiquant son ouverture \u00e0 un transfert vers la Premier League sud-africaine d\u00e8s la r\u00e9ouverture du mercato.<\/p>\n<p>Lors d'une interview r\u00e9cente, Rui Pedro a clairement indiqu\u00e9 qu'un transfert \u00e9tait imminent, laissant la porte ouverte aux clubs de la PSL int\u00e9ress\u00e9s par ses services. \u201c J'adore les Kaizer Chiefs ! \u201d a-t-il d\u00e9clar\u00e9, soulignant ainsi son opinion positive sur ce g\u00e9ant sud-africain. Ses propos ont suscit\u00e9 l'enthousiasme des supporters des Chiefs et des \u00e9quipes de la PSL, impatients de voir si ce buteur exp\u00e9riment\u00e9 pourra rejoindre leurs rangs.<\/p>\n<p>Rui Pedro, actuellement actif dans la Primeira Liga portugaise, est reconnu pour sa finition pr\u00e9cise et sa polyvalence en attaque. Son ouverture \u00e0 un transfert vers l'Afrique du Sud repr\u00e9sente une \u00e9tape notable, alors que les clubs de la PSL cherchent \u00e0 renforcer leurs effectifs avec des talents internationaux de qualit\u00e9.<\/p>\n<p>Bien que le calendrier exact et la destination finale ne soient pas encore d\u00e9voil\u00e9s, les remarques du joueur confirment que des discussions sont en cours et qu'un transfert est probable d\u00e8s l'ouverture du mercato. Son approche constitue une invitation claire aux \u00e9quipes de la PSL \u00e0 s'engager dans les n\u00e9gociations.<\/p>\n<p>Alors que la Premier League sud-africaine se pr\u00e9pare pour la saison \u00e0 venir, des recrutements potentiels comme celui de Rui Pedro pourraient avoir un impact significatif sur le paysage comp\u00e9titif. Les supporters et les analystes suivront de pr\u00e8s les d\u00e9veloppements de cette affaire en cours.<\/p>","protected":false},"excerpt":{"rendered":"<p>Portuguese top-flight player Rui Pedro has openly expressed his admiration for Kaizer Chiefs, signaling his openness to a move to [&hellip;]<\/p>\n","protected":false},"author":3,"featured_media":1453,"comment_status":"","ping_status":"open","sticky":false,"template":"","format":"standard","meta":{"googlesitekit_rrm_CAow_uzEDA:productID":"","site-sidebar-layout":"default","site-content-layout":"","ast-site-content-layout":"default","site-content-style":"default","site-sidebar-style":"default","ast-global-header-display":"","ast-banner-title-visibility":"","ast-main-header-display":"","ast-hfb-above-header-display":"","ast-hfb-below-header-display":"","ast-hfb-mobile-header-display":"","site-post-title":"","ast-breadcrumbs-content":"","ast-featured-img":"","footer-sml-layout":"","ast-disable-related-posts":"","theme-transparent-header-meta":"","adv-header-id-meta":"","stick-header-meta":"","header-above-stick-meta":"","header-main-stick-meta":"","header-below-stick-meta":"","astra-migrate-meta-layouts":"default","ast-page-background-enabled":"default","ast-page-background-meta":{"desktop":{"background-color":"var(--ast-global-color-5)","background-image":"","background-repeat":"repeat","background-position":"center center","background-size":"auto","background-attachment":"scroll","background-type":"","background-media":"","overlay-type":"","overlay-color":"","overlay-opacity":"","overlay-gradient":""},"tablet":{"background-color":"","background-image":"","background-repeat":"repeat","background-position":"center center","background-size":"auto","background-attachment":"scroll","background-type":"","background-media":"","overlay-type":"","overlay-color":"","overlay-opacity":"","overlay-gradient":""},"mobile":{"background-color":"","background-image":"","background-repeat":"repeat","background-position":"center center","background-size":"auto","background-attachment":"scroll","background-type":"","background-media":"","overlay-type":"","overlay-color":"","overlay-opacity":"","overlay-gradient":""}},"ast-content-background-meta":{"desktop":{"background-color":"var(--ast-global-color-4)","background-image":"","background-repeat":"repeat","background-position":"center center","background-size":"auto","background-attachment":"scroll","background-type":"","background-media":"","overlay-type":"","overlay-color":"","overlay-opacity":"","overlay-gradient":""},"tablet":{"background-color":"var(--ast-global-color-4)","background-image":"","background-repeat":"repeat","background-position":"center center","background-size":"auto","background-attachment":"scroll","background-type":"","background-media":"","overlay-type":"","overlay-color":"","overlay-opacity":"","overlay-gradient":""},"mobile":{"background-color":"var(--ast-global-color-4)","background-image":"","background-repeat":"repeat","background-position":"center center","background-size":"auto","background-attachment":"scroll","background-type":"","background-media":"","overlay-type":"","overlay-color":"","overlay-opacity":"","overlay-gradient":""}},"footnotes":""},"categories":[20,1],"tags":[],"class_list":["post-1454","post","type-post","status-publish","format-standard","has-post-thumbnail","hentry","category-international","category-football-latest-news"],"yoast_head":"<!-- This site is optimized with the Yoast SEO Premium plugin v26.6 (Yoast SEO v27.5) - https:\/\/yoast.com\/product\/yoast-seo-premium-wordpress\/ -->\n<title>Portuguese star expresses love for Kaizer Chiefs amid transfer interest - Bladna News<\/title>\n<meta name=\"robots\" content=\"index, follow, max-snippet:-1, max-image-preview:large, max-video-preview:-1\" \/>\n<link rel=\"canonical\" href=\"https:\/\/mediumseagreen-eel-531711.hostingersite.com\/portuguese-star-expresses-love-for-kaizer-chiefs-amid-transfer-interest\/\" \/>\n<meta property=\"og:locale\" content=\"fr_FR\" \/>\n<meta property=\"og:type\" content=\"article\" \/>\n<meta property=\"og:title\" content=\"Portuguese star expresses love for Kaizer Chiefs amid transfer interest\" \/>\n<meta property=\"og:description\" content=\"Portuguese top-flight player Rui Pedro has openly expressed his admiration for Kaizer Chiefs, signaling his openness to a move to [&hellip;]\" \/>\n<meta property=\"og:url\" content=\"https:\/\/mediumseagreen-eel-531711.hostingersite.com\/portuguese-star-expresses-love-for-kaizer-chiefs-amid-transfer-interest\/\" \/>\n<meta property=\"og:site_name\" content=\"Bladna News\" \/>\n<meta property=\"article:published_time\" content=\"2026-01-02T15:18:20+00:00\" \/>\n<meta property=\"og:image\" content=\"https:\/\/mediumseagreen-eel-531711.hostingersite.com\/wp-content\/uploads\/2026\/01\/BladnaNews-Portuguese-star-expresses-love-for-Kaizer-Chiefs-amid-transfer-interest-2026-01-02T195046.341Z-scaled.jpg\" \/>\n\t<meta property=\"og:image:width\" content=\"2560\" \/>\n\t<meta property=\"og:image:height\" content=\"1440\" \/>\n\t<meta property=\"og:image:type\" content=\"image\/jpeg\" \/>\n<meta name=\"author\" content=\"Bladna News Staff\" \/>\n<meta name=\"twitter:card\" content=\"summary_large_image\" \/>\n<meta name=\"twitter:label1\" content=\"\u00c9crit par\" \/>\n\t<meta name=\"twitter:data1\" content=\"Bladna News Staff\" \/>\n\t<meta name=\"twitter:label2\" content=\"Dur\u00e9e de lecture estim\u00e9e\" \/>\n\t<meta name=\"twitter:data2\" content=\"1 minute\" \/>\n<script type=\"application\/ld+json\" class=\"yoast-schema-graph\">{\"@context\":\"https:\\\/\\\/schema.org\",\"@graph\":[{\"@type\":\"Article\",\"@id\":\"https:\\\/\\\/mediumseagreen-eel-531711.hostingersite.com\\\/portuguese-star-expresses-love-for-kaizer-chiefs-amid-transfer-interest\\\/#article\",\"isPartOf\":{\"@id\":\"https:\\\/\\\/mediumseagreen-eel-531711.hostingersite.com\\\/portuguese-star-expresses-love-for-kaizer-chiefs-amid-transfer-interest\\\/\"},\"author\":{\"name\":\"Bladna News Staff\",\"@id\":\"https:\\\/\\\/mediumseagreen-eel-531711.hostingersite.com\\\/#\\\/schema\\\/person\\\/268e18a453ab080ebf76df6ef7845083\"},\"headline\":\"Portuguese star expresses love for Kaizer Chiefs amid transfer interest\",\"datePublished\":\"2026-01-02T15:18:20+00:00\",\"mainEntityOfPage\":{\"@id\":\"https:\\\/\\\/mediumseagreen-eel-531711.hostingersite.com\\\/portuguese-star-expresses-love-for-kaizer-chiefs-amid-transfer-interest\\\/\"},\"wordCount\":228,\"publisher\":{\"@id\":\"https:\\\/\\\/mediumseagreen-eel-531711.hostingersite.com\\\/#organization\"},\"image\":{\"@id\":\"https:\\\/\\\/mediumseagreen-eel-531711.hostingersite.com\\\/portuguese-star-expresses-love-for-kaizer-chiefs-amid-transfer-interest\\\/#primaryimage\"},\"thumbnailUrl\":\"https:\\\/\\\/bladnanews.com\\\/wp-content\\\/uploads\\\/2026\\\/01\\\/BladnaNews-Portuguese-star-expresses-love-for-Kaizer-Chiefs-amid-transfer-interest-2026-01-02T195046.341Z.jpg\",\"articleSection\":[\"International\",\"Latest News\"],\"inLanguage\":\"fr-FR\",\"copyrightYear\":\"2026\",\"copyrightHolder\":{\"@id\":\"https:\\\/\\\/bladnanews.com\\\/fr\\\/#organization\"}},{\"@type\":\"WebPage\",\"@id\":\"https:\\\/\\\/mediumseagreen-eel-531711.hostingersite.com\\\/portuguese-star-expresses-love-for-kaizer-chiefs-amid-transfer-interest\\\/\",\"url\":\"https:\\\/\\\/mediumseagreen-eel-531711.hostingersite.com\\\/portuguese-star-expresses-love-for-kaizer-chiefs-amid-transfer-interest\\\/\",\"name\":\"Portuguese star expresses love for Kaizer Chiefs amid transfer interest - Bladna News\",\"isPartOf\":{\"@id\":\"https:\\\/\\\/mediumseagreen-eel-531711.hostingersite.com\\\/#website\"},\"primaryImageOfPage\":{\"@id\":\"https:\\\/\\\/mediumseagreen-eel-531711.hostingersite.com\\\/portuguese-star-expresses-love-for-kaizer-chiefs-amid-transfer-interest\\\/#primaryimage\"},\"image\":{\"@id\":\"https:\\\/\\\/mediumseagreen-eel-531711.hostingersite.com\\\/portuguese-star-expresses-love-for-kaizer-chiefs-amid-transfer-interest\\\/#primaryimage\"},\"thumbnailUrl\":\"https:\\\/\\\/bladnanews.com\\\/wp-content\\\/uploads\\\/2026\\\/01\\\/BladnaNews-Portuguese-star-expresses-love-for-Kaizer-Chiefs-amid-transfer-interest-2026-01-02T195046.341Z.jpg\",\"datePublished\":\"2026-01-02T15:18:20+00:00\",\"breadcrumb\":{\"@id\":\"https:\\\/\\\/mediumseagreen-eel-531711.hostingersite.com\\\/portuguese-star-expresses-love-for-kaizer-chiefs-amid-transfer-interest\\\/#breadcrumb\"},\"inLanguage\":\"fr-FR\",\"potentialAction\":[{\"@type\":\"ReadAction\",\"target\":[\"https:\\\/\\\/mediumseagreen-eel-531711.hostingersite.com\\\/portuguese-star-expresses-love-for-kaizer-chiefs-amid-transfer-interest\\\/\"]}]},{\"@type\":\"ImageObject\",\"inLanguage\":\"fr-FR\",\"@id\":\"https:\\\/\\\/mediumseagreen-eel-531711.hostingersite.com\\\/portuguese-star-expresses-love-for-kaizer-chiefs-amid-transfer-interest\\\/#primaryimage\",\"url\":\"https:\\\/\\\/bladnanews.com\\\/wp-content\\\/uploads\\\/2026\\\/01\\\/BladnaNews-Portuguese-star-expresses-love-for-Kaizer-Chiefs-amid-transfer-interest-2026-01-02T195046.341Z.jpg\",\"contentUrl\":\"https:\\\/\\\/bladnanews.com\\\/wp-content\\\/uploads\\\/2026\\\/01\\\/BladnaNews-Portuguese-star-expresses-love-for-Kaizer-Chiefs-amid-transfer-interest-2026-01-02T195046.341Z.jpg\",\"width\":2560,\"height\":1440,\"caption\":\"South African players celebrating a goal, wearing green jerseys with yellow accents, in an enthusiastic winner's moment during a match.\"},{\"@type\":\"BreadcrumbList\",\"@id\":\"https:\\\/\\\/mediumseagreen-eel-531711.hostingersite.com\\\/portuguese-star-expresses-love-for-kaizer-chiefs-amid-transfer-interest\\\/#breadcrumb\",\"itemListElement\":[{\"@type\":\"ListItem\",\"position\":1,\"name\":\"Home\",\"item\":\"https:\\\/\\\/bladnanews.com\\\/\"},{\"@type\":\"ListItem\",\"position\":2,\"name\":\"Portuguese star expresses love for Kaizer Chiefs amid transfer interest\"}]},{\"@type\":\"WebSite\",\"@id\":\"https:\\\/\\\/mediumseagreen-eel-531711.hostingersite.com\\\/#website\",\"url\":\"https:\\\/\\\/mediumseagreen-eel-531711.hostingersite.com\\\/\",\"name\":\"Bladna News - Morocco\",\"description\":\"Where Moroccan Football Meets the World\",\"publisher\":{\"@id\":\"https:\\\/\\\/mediumseagreen-eel-531711.hostingersite.com\\\/#organization\"},\"potentialAction\":[{\"@type\":\"SearchAction\",\"target\":{\"@type\":\"EntryPoint\",\"urlTemplate\":\"https:\\\/\\\/mediumseagreen-eel-531711.hostingersite.com\\\/?s={search_term_string}\"},\"query-input\":{\"@type\":\"PropertyValueSpecification\",\"valueRequired\":true,\"valueName\":\"search_term_string\"}}],\"inLanguage\":\"fr-FR\"},{\"@type\":\"Organization\",\"@id\":\"https:\\\/\\\/mediumseagreen-eel-531711.hostingersite.com\\\/#organization\",\"name\":\"Bladna News.com\",\"url\":\"https:\\\/\\\/mediumseagreen-eel-531711.hostingersite.com\\\/\",\"logo\":{\"@type\":\"ImageObject\",\"inLanguage\":\"fr-FR\",\"@id\":\"https:\\\/\\\/mediumseagreen-eel-531711.hostingersite.com\\\/#\\\/schema\\\/logo\\\/image\\\/\",\"url\":\"https:\\\/\\\/bladnanews.com\\\/wp-content\\\/uploads\\\/2025\\\/12\\\/logo-bladnanews-V2-web-black-red.png\",\"contentUrl\":\"https:\\\/\\\/bladnanews.com\\\/wp-content\\\/uploads\\\/2025\\\/12\\\/logo-bladnanews-V2-web-black-red.png\",\"width\":703,\"height\":287,\"caption\":\"Bladna News.com\"},\"image\":{\"@id\":\"https:\\\/\\\/mediumseagreen-eel-531711.hostingersite.com\\\/#\\\/schema\\\/logo\\\/image\\\/\"},\"email\":\"info@bladnanews.com\",\"legalName\":\"Bladna News\"},{\"@type\":\"Person\",\"@id\":\"https:\\\/\\\/mediumseagreen-eel-531711.hostingersite.com\\\/#\\\/schema\\\/person\\\/268e18a453ab080ebf76df6ef7845083\",\"name\":\"Bladna News Staff\",\"url\":\"https:\\\/\\\/bladnanews.com\\\/fr\\\/author\\\/bladna-news-staff\\\/\"}]}<\/script>\n<!-- \/ Yoast SEO Premium plugin. -->","yoast_head_json":{"title":"La star portugaise exprime son amour pour les Kaizer Chiefs au milieu des int\u00e9r\u00eats de transfert - Bladna News","robots":{"index":"index","follow":"follow","max-snippet":"max-snippet:-1","max-image-preview":"max-image-preview:large","max-video-preview":"max-video-preview:-1"},"canonical":"https:\/\/mediumseagreen-eel-531711.hostingersite.com\/portuguese-star-expresses-love-for-kaizer-chiefs-amid-transfer-interest\/","og_locale":"fr_FR","og_type":"article","og_title":"Portuguese star expresses love for Kaizer Chiefs amid transfer interest","og_description":"Portuguese top-flight player Rui Pedro has openly expressed his admiration for Kaizer Chiefs, signaling his openness to a move to [&hellip;]","og_url":"https:\/\/mediumseagreen-eel-531711.hostingersite.com\/portuguese-star-expresses-love-for-kaizer-chiefs-amid-transfer-interest\/","og_site_name":"Bladna News","article_published_time":"2026-01-02T15:18:20+00:00","og_image":[{"width":2560,"height":1440,"url":"https:\/\/mediumseagreen-eel-531711.hostingersite.com\/wp-content\/uploads\/2026\/01\/BladnaNews-Portuguese-star-expresses-love-for-Kaizer-Chiefs-amid-transfer-interest-2026-01-02T195046.341Z-scaled.jpg","type":"image\/jpeg"}],"author":"Bladna News Staff","twitter_card":"summary_large_image","twitter_misc":{"\u00c9crit par":"Bladna News Staff","Dur\u00e9e de lecture estim\u00e9e":"1 minute"},"schema":{"@context":"https:\/\/schema.org","@graph":[{"@type":"Article","@id":"https:\/\/mediumseagreen-eel-531711.hostingersite.com\/portuguese-star-expresses-love-for-kaizer-chiefs-amid-transfer-interest\/#article","isPartOf":{"@id":"https:\/\/mediumseagreen-eel-531711.hostingersite.com\/portuguese-star-expresses-love-for-kaizer-chiefs-amid-transfer-interest\/"},"author":{"name":"Bladna News Staff","@id":"https:\/\/mediumseagreen-eel-531711.hostingersite.com\/#\/schema\/person\/268e18a453ab080ebf76df6ef7845083"},"headline":"Portuguese star expresses love for Kaizer Chiefs amid transfer interest","datePublished":"2026-01-02T15:18:20+00:00","mainEntityOfPage":{"@id":"https:\/\/mediumseagreen-eel-531711.hostingersite.com\/portuguese-star-expresses-love-for-kaizer-chiefs-amid-transfer-interest\/"},"wordCount":228,"publisher":{"@id":"https:\/\/mediumseagreen-eel-531711.hostingersite.com\/#organization"},"image":{"@id":"https:\/\/mediumseagreen-eel-531711.hostingersite.com\/portuguese-star-expresses-love-for-kaizer-chiefs-amid-transfer-interest\/#primaryimage"},"thumbnailUrl":"https:\/\/bladnanews.com\/wp-content\/uploads\/2026\/01\/BladnaNews-Portuguese-star-expresses-love-for-Kaizer-Chiefs-amid-transfer-interest-2026-01-02T195046.341Z.jpg","articleSection":["International","Latest News"],"inLanguage":"fr-FR","copyrightYear":"2026","copyrightHolder":{"@id":"https:\/\/bladnanews.com\/fr\/#organization"}},{"@type":"WebPage","@id":"https:\/\/mediumseagreen-eel-531711.hostingersite.com\/portuguese-star-expresses-love-for-kaizer-chiefs-amid-transfer-interest\/","url":"https:\/\/mediumseagreen-eel-531711.hostingersite.com\/portuguese-star-expresses-love-for-kaizer-chiefs-amid-transfer-interest\/","name":"La star portugaise exprime son amour pour les Kaizer Chiefs au milieu des int\u00e9r\u00eats de transfert - Bladna News","isPartOf":{"@id":"https:\/\/mediumseagreen-eel-531711.hostingersite.com\/#website"},"primaryImageOfPage":{"@id":"https:\/\/mediumseagreen-eel-531711.hostingersite.com\/portuguese-star-expresses-love-for-kaizer-chiefs-amid-transfer-interest\/#primaryimage"},"image":{"@id":"https:\/\/mediumseagreen-eel-531711.hostingersite.com\/portuguese-star-expresses-love-for-kaizer-chiefs-amid-transfer-interest\/#primaryimage"},"thumbnailUrl":"https:\/\/bladnanews.com\/wp-content\/uploads\/2026\/01\/BladnaNews-Portuguese-star-expresses-love-for-Kaizer-Chiefs-amid-transfer-interest-2026-01-02T195046.341Z.jpg","datePublished":"2026-01-02T15:18:20+00:00","breadcrumb":{"@id":"https:\/\/mediumseagreen-eel-531711.hostingersite.com\/portuguese-star-expresses-love-for-kaizer-chiefs-amid-transfer-interest\/#breadcrumb"},"inLanguage":"fr-FR","potentialAction":[{"@type":"ReadAction","target":["https:\/\/mediumseagreen-eel-531711.hostingersite.com\/portuguese-star-expresses-love-for-kaizer-chiefs-amid-transfer-interest\/"]}]},{"@type":"ImageObject","inLanguage":"fr-FR","@id":"https:\/\/mediumseagreen-eel-531711.hostingersite.com\/portuguese-star-expresses-love-for-kaizer-chiefs-amid-transfer-interest\/#primaryimage","url":"https:\/\/bladnanews.com\/wp-content\/uploads\/2026\/01\/BladnaNews-Portuguese-star-expresses-love-for-Kaizer-Chiefs-amid-transfer-interest-2026-01-02T195046.341Z.jpg","contentUrl":"https:\/\/bladnanews.com\/wp-content\/uploads\/2026\/01\/BladnaNews-Portuguese-star-expresses-love-for-Kaizer-Chiefs-amid-transfer-interest-2026-01-02T195046.341Z.jpg","width":2560,"height":1440,"caption":"South African players celebrating a goal, wearing green jerseys with yellow accents, in an enthusiastic winner's moment during a match."},{"@type":"BreadcrumbList","@id":"https:\/\/mediumseagreen-eel-531711.hostingersite.com\/portuguese-star-expresses-love-for-kaizer-chiefs-amid-transfer-interest\/#breadcrumb","itemListElement":[{"@type":"ListItem","position":1,"name":"Home","item":"https:\/\/bladnanews.com\/"},{"@type":"ListItem","position":2,"name":"Portuguese star expresses love for Kaizer Chiefs amid transfer interest"}]},{"@type":"WebSite","@id":"https:\/\/mediumseagreen-eel-531711.hostingersite.com\/#website","url":"https:\/\/mediumseagreen-eel-531711.hostingersite.com\/","name":"Bladna News - Maroc","description":"Quand le football marocain rencontre le monde","publisher":{"@id":"https:\/\/mediumseagreen-eel-531711.hostingersite.com\/#organization"},"potentialAction":[{"@type":"SearchAction","target":{"@type":"EntryPoint","urlTemplate":"https:\/\/mediumseagreen-eel-531711.hostingersite.com\/?s={search_term_string}"},"query-input":{"@type":"PropertyValueSpecification","valueRequired":true,"valueName":"search_term_string"}}],"inLanguage":"fr-FR"},{"@type":"Organization","@id":"https:\/\/mediumseagreen-eel-531711.hostingersite.com\/#organization","name":"Bladna News.com","url":"https:\/\/mediumseagreen-eel-531711.hostingersite.com\/","logo":{"@type":"ImageObject","inLanguage":"fr-FR","@id":"https:\/\/mediumseagreen-eel-531711.hostingersite.com\/#\/schema\/logo\/image\/","url":"https:\/\/bladnanews.com\/wp-content\/uploads\/2025\/12\/logo-bladnanews-V2-web-black-red.png","contentUrl":"https:\/\/bladnanews.com\/wp-content\/uploads\/2025\/12\/logo-bladnanews-V2-web-black-red.png","width":703,"height":287,"caption":"Bladna News.com"},"image":{"@id":"https:\/\/mediumseagreen-eel-531711.hostingersite.com\/#\/schema\/logo\/image\/"},"email":"info@bladnanews.com","legalName":"Bladna News"},{"@type":"Person","@id":"https:\/\/mediumseagreen-eel-531711.hostingersite.com\/#\/schema\/person\/268e18a453ab080ebf76df6ef7845083","name":"\u00c9quipe r\u00e9dactionnelle de Bladna News","url":"https:\/\/bladnanews.com\/fr\/author\/bladna-news-staff\/"}]}},"_links":{"self":[{"href":"https:\/\/bladnanews.com\/fr\/wp-json\/wp\/v2\/posts\/1454","targetHints":{"allow":["GET"]}}],"collection":[{"href":"https:\/\/bladnanews.com\/fr\/wp-json\/wp\/v2\/posts"}],"about":[{"href":"https:\/\/bladnanews.com\/fr\/wp-json\/wp\/v2\/types\/post"}],"author":[{"embeddable":true,"href":"https:\/\/bladnanews.com\/fr\/wp-json\/wp\/v2\/users\/3"}],"replies":[{"embeddable":true,"href":"https:\/\/bladnanews.com\/fr\/wp-json\/wp\/v2\/comments?post=1454"}],"version-history":[{"count":0,"href":"https:\/\/bladnanews.com\/fr\/wp-json\/wp\/v2\/posts\/1454\/revisions"}],"wp:featuredmedia":[{"embeddable":true,"href":"https:\/\/bladnanews.com\/fr\/wp-json\/wp\/v2\/media\/1453"}],"wp:attachment":[{"href":"https:\/\/bladnanews.com\/fr\/wp-json\/wp\/v2\/media?parent=1454"}],"wp:term":[{"taxonomy":"category","embeddable":true,"href":"https:\/\/bladnanews.com\/fr\/wp-json\/wp\/v2\/categories?post=1454"},{"taxonomy":"post_tag","embeddable":true,"href":"https:\/\/bladnanews.com\/fr\/wp-json\/wp\/v2\/tags?post=1454"}],"curies":[{"name":"wp","href":"https:\/\/api.w.org\/{rel}","templated":true}]}}