{"id":1456,"date":"2026-01-02T15:32:26","date_gmt":"2026-01-02T15:32:26","guid":{"rendered":"https:\/\/bladnanews.com\/mexico-international-julian-araujo-joins-celtic-on-loan\/"},"modified":"2026-01-02T15:32:26","modified_gmt":"2026-01-02T15:32:26","slug":"le-mexique-international-julian-araujo-rejoint-le-celtic-en-pret","status":"publish","type":"post","link":"https:\/\/bladnanews.com\/fr\/le-mexique-international-julian-araujo-rejoint-le-celtic-en-pret\/","title":{"rendered":"Le Mexicain international Juli\u00e1n Araujo rejoint le Celtic en pr\u00eat"},"content":{"rendered":"<p>Le international mexicain Juli\u00e1n Araujo a compl\u00e9t\u00e9 un pr\u00eat au club de la Premiership \u00e9cossaise Celtic, visant \u00e0 avoir un impact imm\u00e9diat lors de la prochaine saison. Le d\u00e9fenseur de 23 ans arrive de LA Galaxy, apportant son exp\u00e9rience de la Major League Soccer \u00e0 l'un des clubs les plus historiques d'\u00c9cosse.<\/p>\n<p>Araujo a exprim\u00e9 sa compr\u00e9hension des attentes qui accompagnent la repr\u00e9sentation de Celtic. \u201cJe sais ce qui est exig\u00e9 dans un club comme celui-ci,\u201d a-t-il d\u00e9clar\u00e9, soulignant sa volont\u00e9 de se lever et de contribuer sur et en dehors du terrain. Ce transfert marque sa premi\u00e8re exp\u00e9rience dans le football europ\u00e9en, un pas qu'il croit renforcera son d\u00e9veloppement et son exposition.<\/p>\n<p>Depuis qu'il a fait ses d\u00e9buts sur la sc\u00e8ne professionnelle, Araujo a \u00e9t\u00e9 une pr\u00e9sence constante tant sur le plan national qu'international. Il a accumul\u00e9 plus de 80 apparitions pour LA Galaxy et a obtenu plusieurs s\u00e9lections pour l'\u00e9quipe nationale du Mexique. Sa polyvalence en d\u00e9fense et sa capacit\u00e9 \u00e0 avancer font de lui un atout pour la campagne de Celtic dans les comp\u00e9titions nationales et europ\u00e9ennes.<\/p>\n<p>L'entra\u00eeneur de Celtic a accueilli l'arriv\u00e9e d'Araujo, soulignant la qualit\u00e9 et le potentiel du d\u00e9fenseur pour renforcer l'\u00e9quipe. Le pr\u00eat vise \u00e0 renforcer les options d\u00e9fensives de Celtic alors qu'ils luttent pour des troph\u00e9es et participent \u00e0 des tournois europ\u00e9ens cette saison.<\/p>\n<p>Avec le transfert d\u00e9sormais officiel, Araujo est pr\u00eat \u00e0 rev\u00eatir le maillot de Celtic alors que le club se pr\u00e9pare pour des matchs cl\u00e9s dans la Premiership \u00e9cossaise et les \u00e9tapes continentales. Les fans seront impatients de voir comment l'international mexicain s'adapte aux exigences du football \u00e9cossais et contribue aux ambitions de Celtic dans la nouvelle saison.<\/p>","protected":false},"excerpt":{"rendered":"<p>Mexico international Juli\u00e1n Araujo has completed a loan move to Scottish Premiership club Celtic, aiming to make an immediate impact [&hellip;]<\/p>\n","protected":false},"author":3,"featured_media":1455,"comment_status":"","ping_status":"open","sticky":false,"template":"","format":"standard","meta":{"googlesitekit_rrm_CAow_uzEDA:productID":"","site-sidebar-layout":"default","site-content-layout":"","ast-site-content-layout":"default","site-content-style":"default","site-sidebar-style":"default","ast-global-header-display":"","ast-banner-title-visibility":"","ast-main-header-display":"","ast-hfb-above-header-display":"","ast-hfb-below-header-display":"","ast-hfb-mobile-header-display":"","site-post-title":"","ast-breadcrumbs-content":"","ast-featured-img":"","footer-sml-layout":"","ast-disable-related-posts":"","theme-transparent-header-meta":"","adv-header-id-meta":"","stick-header-meta":"","header-above-stick-meta":"","header-main-stick-meta":"","header-below-stick-meta":"","astra-migrate-meta-layouts":"default","ast-page-background-enabled":"default","ast-page-background-meta":{"desktop":{"background-color":"var(--ast-global-color-5)","background-image":"","background-repeat":"repeat","background-position":"center center","background-size":"auto","background-attachment":"scroll","background-type":"","background-media":"","overlay-type":"","overlay-color":"","overlay-opacity":"","overlay-gradient":""},"tablet":{"background-color":"","background-image":"","background-repeat":"repeat","background-position":"center center","background-size":"auto","background-attachment":"scroll","background-type":"","background-media":"","overlay-type":"","overlay-color":"","overlay-opacity":"","overlay-gradient":""},"mobile":{"background-color":"","background-image":"","background-repeat":"repeat","background-position":"center center","background-size":"auto","background-attachment":"scroll","background-type":"","background-media":"","overlay-type":"","overlay-color":"","overlay-opacity":"","overlay-gradient":""}},"ast-content-background-meta":{"desktop":{"background-color":"var(--ast-global-color-4)","background-image":"","background-repeat":"repeat","background-position":"center center","background-size":"auto","background-attachment":"scroll","background-type":"","background-media":"","overlay-type":"","overlay-color":"","overlay-opacity":"","overlay-gradient":""},"tablet":{"background-color":"var(--ast-global-color-4)","background-image":"","background-repeat":"repeat","background-position":"center center","background-size":"auto","background-attachment":"scroll","background-type":"","background-media":"","overlay-type":"","overlay-color":"","overlay-opacity":"","overlay-gradient":""},"mobile":{"background-color":"var(--ast-global-color-4)","background-image":"","background-repeat":"repeat","background-position":"center center","background-size":"auto","background-attachment":"scroll","background-type":"","background-media":"","overlay-type":"","overlay-color":"","overlay-opacity":"","overlay-gradient":""}},"footnotes":""},"categories":[20,1],"tags":[],"class_list":["post-1456","post","type-post","status-publish","format-standard","has-post-thumbnail","hentry","category-international","category-football-latest-news"],"yoast_head":"<!-- This site is optimized with the Yoast SEO Premium plugin v26.6 (Yoast SEO v27.5) - https:\/\/yoast.com\/product\/yoast-seo-premium-wordpress\/ -->\n<title>Mexico international Juli\u00e1n Araujo joins Celtic on loan - Bladna News<\/title>\n<meta name=\"robots\" content=\"index, follow, max-snippet:-1, max-image-preview:large, max-video-preview:-1\" \/>\n<link rel=\"canonical\" href=\"https:\/\/mediumseagreen-eel-531711.hostingersite.com\/mexico-international-julian-araujo-joins-celtic-on-loan\/\" \/>\n<meta property=\"og:locale\" content=\"fr_FR\" \/>\n<meta property=\"og:type\" content=\"article\" \/>\n<meta property=\"og:title\" content=\"Mexico international Juli\u00e1n Araujo joins Celtic on loan\" \/>\n<meta property=\"og:description\" content=\"Mexico international Juli\u00e1n Araujo has completed a loan move to Scottish Premiership club Celtic, aiming to make an immediate impact [&hellip;]\" \/>\n<meta property=\"og:url\" content=\"https:\/\/mediumseagreen-eel-531711.hostingersite.com\/mexico-international-julian-araujo-joins-celtic-on-loan\/\" \/>\n<meta property=\"og:site_name\" content=\"Bladna News\" \/>\n<meta property=\"article:published_time\" content=\"2026-01-02T15:32:26+00:00\" \/>\n<meta property=\"og:image\" content=\"https:\/\/mediumseagreen-eel-531711.hostingersite.com\/wp-content\/uploads\/2026\/01\/BladnaNews-Mexico-international-Julian-Araujo-joins-Celtic-on-loan-2026-01-02T195103.055Z-scaled.jpg\" \/>\n\t<meta property=\"og:image:width\" content=\"2560\" \/>\n\t<meta property=\"og:image:height\" content=\"1440\" \/>\n\t<meta property=\"og:image:type\" content=\"image\/jpeg\" \/>\n<meta name=\"author\" content=\"Bladna News Staff\" \/>\n<meta name=\"twitter:card\" content=\"summary_large_image\" \/>\n<meta name=\"twitter:label1\" content=\"\u00c9crit par\" \/>\n\t<meta name=\"twitter:data1\" content=\"Bladna News Staff\" \/>\n\t<meta name=\"twitter:label2\" content=\"Dur\u00e9e de lecture estim\u00e9e\" \/>\n\t<meta name=\"twitter:data2\" content=\"1 minute\" \/>\n<script type=\"application\/ld+json\" class=\"yoast-schema-graph\">{\"@context\":\"https:\\\/\\\/schema.org\",\"@graph\":[{\"@type\":\"Article\",\"@id\":\"https:\\\/\\\/mediumseagreen-eel-531711.hostingersite.com\\\/mexico-international-julian-araujo-joins-celtic-on-loan\\\/#article\",\"isPartOf\":{\"@id\":\"https:\\\/\\\/mediumseagreen-eel-531711.hostingersite.com\\\/mexico-international-julian-araujo-joins-celtic-on-loan\\\/\"},\"author\":{\"name\":\"Bladna News Staff\",\"@id\":\"https:\\\/\\\/mediumseagreen-eel-531711.hostingersite.com\\\/#\\\/schema\\\/person\\\/268e18a453ab080ebf76df6ef7845083\"},\"headline\":\"Mexico international Juli\u00e1n Araujo joins Celtic on loan\",\"datePublished\":\"2026-01-02T15:32:26+00:00\",\"mainEntityOfPage\":{\"@id\":\"https:\\\/\\\/mediumseagreen-eel-531711.hostingersite.com\\\/mexico-international-julian-araujo-joins-celtic-on-loan\\\/\"},\"wordCount\":263,\"publisher\":{\"@id\":\"https:\\\/\\\/mediumseagreen-eel-531711.hostingersite.com\\\/#organization\"},\"image\":{\"@id\":\"https:\\\/\\\/mediumseagreen-eel-531711.hostingersite.com\\\/mexico-international-julian-araujo-joins-celtic-on-loan\\\/#primaryimage\"},\"thumbnailUrl\":\"https:\\\/\\\/bladnanews.com\\\/wp-content\\\/uploads\\\/2026\\\/01\\\/BladnaNews-Mexico-international-Julian-Araujo-joins-Celtic-on-loan-2026-01-02T195103.055Z.jpg\",\"articleSection\":[\"International\",\"Latest News\"],\"inLanguage\":\"fr-FR\",\"copyrightYear\":\"2026\",\"copyrightHolder\":{\"@id\":\"https:\\\/\\\/bladnanews.com\\\/fr\\\/#organization\"}},{\"@type\":\"WebPage\",\"@id\":\"https:\\\/\\\/mediumseagreen-eel-531711.hostingersite.com\\\/mexico-international-julian-araujo-joins-celtic-on-loan\\\/\",\"url\":\"https:\\\/\\\/mediumseagreen-eel-531711.hostingersite.com\\\/mexico-international-julian-araujo-joins-celtic-on-loan\\\/\",\"name\":\"Mexico international Juli\u00e1n Araujo joins Celtic on loan - Bladna News\",\"isPartOf\":{\"@id\":\"https:\\\/\\\/mediumseagreen-eel-531711.hostingersite.com\\\/#website\"},\"primaryImageOfPage\":{\"@id\":\"https:\\\/\\\/mediumseagreen-eel-531711.hostingersite.com\\\/mexico-international-julian-araujo-joins-celtic-on-loan\\\/#primaryimage\"},\"image\":{\"@id\":\"https:\\\/\\\/mediumseagreen-eel-531711.hostingersite.com\\\/mexico-international-julian-araujo-joins-celtic-on-loan\\\/#primaryimage\"},\"thumbnailUrl\":\"https:\\\/\\\/bladnanews.com\\\/wp-content\\\/uploads\\\/2026\\\/01\\\/BladnaNews-Mexico-international-Julian-Araujo-joins-Celtic-on-loan-2026-01-02T195103.055Z.jpg\",\"datePublished\":\"2026-01-02T15:32:26+00:00\",\"breadcrumb\":{\"@id\":\"https:\\\/\\\/mediumseagreen-eel-531711.hostingersite.com\\\/mexico-international-julian-araujo-joins-celtic-on-loan\\\/#breadcrumb\"},\"inLanguage\":\"fr-FR\",\"potentialAction\":[{\"@type\":\"ReadAction\",\"target\":[\"https:\\\/\\\/mediumseagreen-eel-531711.hostingersite.com\\\/mexico-international-julian-araujo-joins-celtic-on-loan\\\/\"]}]},{\"@type\":\"ImageObject\",\"inLanguage\":\"fr-FR\",\"@id\":\"https:\\\/\\\/mediumseagreen-eel-531711.hostingersite.com\\\/mexico-international-julian-araujo-joins-celtic-on-loan\\\/#primaryimage\",\"url\":\"https:\\\/\\\/bladnanews.com\\\/wp-content\\\/uploads\\\/2026\\\/01\\\/BladnaNews-Mexico-international-Julian-Araujo-joins-Celtic-on-loan-2026-01-02T195103.055Z.jpg\",\"contentUrl\":\"https:\\\/\\\/bladnanews.com\\\/wp-content\\\/uploads\\\/2026\\\/01\\\/BladnaNews-Mexico-international-Julian-Araujo-joins-Celtic-on-loan-2026-01-02T195103.055Z.jpg\",\"width\":2560,\"height\":1440,\"caption\":\"Julian Araujo wearing AFC Bournemouth's black and red striped kit, gazing intently during a match, showcasing determination.\"},{\"@type\":\"BreadcrumbList\",\"@id\":\"https:\\\/\\\/mediumseagreen-eel-531711.hostingersite.com\\\/mexico-international-julian-araujo-joins-celtic-on-loan\\\/#breadcrumb\",\"itemListElement\":[{\"@type\":\"ListItem\",\"position\":1,\"name\":\"Home\",\"item\":\"https:\\\/\\\/bladnanews.com\\\/\"},{\"@type\":\"ListItem\",\"position\":2,\"name\":\"Mexico international Juli\u00e1n Araujo joins Celtic on loan\"}]},{\"@type\":\"WebSite\",\"@id\":\"https:\\\/\\\/mediumseagreen-eel-531711.hostingersite.com\\\/#website\",\"url\":\"https:\\\/\\\/mediumseagreen-eel-531711.hostingersite.com\\\/\",\"name\":\"Bladna News - Morocco\",\"description\":\"Where Moroccan Football Meets the World\",\"publisher\":{\"@id\":\"https:\\\/\\\/mediumseagreen-eel-531711.hostingersite.com\\\/#organization\"},\"potentialAction\":[{\"@type\":\"SearchAction\",\"target\":{\"@type\":\"EntryPoint\",\"urlTemplate\":\"https:\\\/\\\/mediumseagreen-eel-531711.hostingersite.com\\\/?s={search_term_string}\"},\"query-input\":{\"@type\":\"PropertyValueSpecification\",\"valueRequired\":true,\"valueName\":\"search_term_string\"}}],\"inLanguage\":\"fr-FR\"},{\"@type\":\"Organization\",\"@id\":\"https:\\\/\\\/mediumseagreen-eel-531711.hostingersite.com\\\/#organization\",\"name\":\"Bladna News.com\",\"url\":\"https:\\\/\\\/mediumseagreen-eel-531711.hostingersite.com\\\/\",\"logo\":{\"@type\":\"ImageObject\",\"inLanguage\":\"fr-FR\",\"@id\":\"https:\\\/\\\/mediumseagreen-eel-531711.hostingersite.com\\\/#\\\/schema\\\/logo\\\/image\\\/\",\"url\":\"https:\\\/\\\/bladnanews.com\\\/wp-content\\\/uploads\\\/2025\\\/12\\\/logo-bladnanews-V2-web-black-red.png\",\"contentUrl\":\"https:\\\/\\\/bladnanews.com\\\/wp-content\\\/uploads\\\/2025\\\/12\\\/logo-bladnanews-V2-web-black-red.png\",\"width\":703,\"height\":287,\"caption\":\"Bladna News.com\"},\"image\":{\"@id\":\"https:\\\/\\\/mediumseagreen-eel-531711.hostingersite.com\\\/#\\\/schema\\\/logo\\\/image\\\/\"},\"email\":\"info@bladnanews.com\",\"legalName\":\"Bladna News\"},{\"@type\":\"Person\",\"@id\":\"https:\\\/\\\/mediumseagreen-eel-531711.hostingersite.com\\\/#\\\/schema\\\/person\\\/268e18a453ab080ebf76df6ef7845083\",\"name\":\"Bladna News Staff\",\"url\":\"https:\\\/\\\/bladnanews.com\\\/fr\\\/author\\\/bladna-news-staff\\\/\"}]}<\/script>\n<!-- \/ Yoast SEO Premium plugin. -->","yoast_head_json":{"title":"Le international mexicain Juli\u00e1n Araujo rejoint le Celtic en pr\u00eat - Bladna News","robots":{"index":"index","follow":"follow","max-snippet":"max-snippet:-1","max-image-preview":"max-image-preview:large","max-video-preview":"max-video-preview:-1"},"canonical":"https:\/\/mediumseagreen-eel-531711.hostingersite.com\/mexico-international-julian-araujo-joins-celtic-on-loan\/","og_locale":"fr_FR","og_type":"article","og_title":"Mexico international Juli\u00e1n Araujo joins Celtic on loan","og_description":"Mexico international Juli\u00e1n Araujo has completed a loan move to Scottish Premiership club Celtic, aiming to make an immediate impact [&hellip;]","og_url":"https:\/\/mediumseagreen-eel-531711.hostingersite.com\/mexico-international-julian-araujo-joins-celtic-on-loan\/","og_site_name":"Bladna News","article_published_time":"2026-01-02T15:32:26+00:00","og_image":[{"width":2560,"height":1440,"url":"https:\/\/mediumseagreen-eel-531711.hostingersite.com\/wp-content\/uploads\/2026\/01\/BladnaNews-Mexico-international-Julian-Araujo-joins-Celtic-on-loan-2026-01-02T195103.055Z-scaled.jpg","type":"image\/jpeg"}],"author":"Bladna News Staff","twitter_card":"summary_large_image","twitter_misc":{"\u00c9crit par":"Bladna News Staff","Dur\u00e9e de lecture estim\u00e9e":"1 minute"},"schema":{"@context":"https:\/\/schema.org","@graph":[{"@type":"Article","@id":"https:\/\/mediumseagreen-eel-531711.hostingersite.com\/mexico-international-julian-araujo-joins-celtic-on-loan\/#article","isPartOf":{"@id":"https:\/\/mediumseagreen-eel-531711.hostingersite.com\/mexico-international-julian-araujo-joins-celtic-on-loan\/"},"author":{"name":"Bladna News Staff","@id":"https:\/\/mediumseagreen-eel-531711.hostingersite.com\/#\/schema\/person\/268e18a453ab080ebf76df6ef7845083"},"headline":"Mexico international Juli\u00e1n Araujo joins Celtic on loan","datePublished":"2026-01-02T15:32:26+00:00","mainEntityOfPage":{"@id":"https:\/\/mediumseagreen-eel-531711.hostingersite.com\/mexico-international-julian-araujo-joins-celtic-on-loan\/"},"wordCount":263,"publisher":{"@id":"https:\/\/mediumseagreen-eel-531711.hostingersite.com\/#organization"},"image":{"@id":"https:\/\/mediumseagreen-eel-531711.hostingersite.com\/mexico-international-julian-araujo-joins-celtic-on-loan\/#primaryimage"},"thumbnailUrl":"https:\/\/bladnanews.com\/wp-content\/uploads\/2026\/01\/BladnaNews-Mexico-international-Julian-Araujo-joins-Celtic-on-loan-2026-01-02T195103.055Z.jpg","articleSection":["International","Latest News"],"inLanguage":"fr-FR","copyrightYear":"2026","copyrightHolder":{"@id":"https:\/\/bladnanews.com\/fr\/#organization"}},{"@type":"WebPage","@id":"https:\/\/mediumseagreen-eel-531711.hostingersite.com\/mexico-international-julian-araujo-joins-celtic-on-loan\/","url":"https:\/\/mediumseagreen-eel-531711.hostingersite.com\/mexico-international-julian-araujo-joins-celtic-on-loan\/","name":"Le international mexicain Juli\u00e1n Araujo rejoint le Celtic en pr\u00eat - Bladna News","isPartOf":{"@id":"https:\/\/mediumseagreen-eel-531711.hostingersite.com\/#website"},"primaryImageOfPage":{"@id":"https:\/\/mediumseagreen-eel-531711.hostingersite.com\/mexico-international-julian-araujo-joins-celtic-on-loan\/#primaryimage"},"image":{"@id":"https:\/\/mediumseagreen-eel-531711.hostingersite.com\/mexico-international-julian-araujo-joins-celtic-on-loan\/#primaryimage"},"thumbnailUrl":"https:\/\/bladnanews.com\/wp-content\/uploads\/2026\/01\/BladnaNews-Mexico-international-Julian-Araujo-joins-Celtic-on-loan-2026-01-02T195103.055Z.jpg","datePublished":"2026-01-02T15:32:26+00:00","breadcrumb":{"@id":"https:\/\/mediumseagreen-eel-531711.hostingersite.com\/mexico-international-julian-araujo-joins-celtic-on-loan\/#breadcrumb"},"inLanguage":"fr-FR","potentialAction":[{"@type":"ReadAction","target":["https:\/\/mediumseagreen-eel-531711.hostingersite.com\/mexico-international-julian-araujo-joins-celtic-on-loan\/"]}]},{"@type":"ImageObject","inLanguage":"fr-FR","@id":"https:\/\/mediumseagreen-eel-531711.hostingersite.com\/mexico-international-julian-araujo-joins-celtic-on-loan\/#primaryimage","url":"https:\/\/bladnanews.com\/wp-content\/uploads\/2026\/01\/BladnaNews-Mexico-international-Julian-Araujo-joins-Celtic-on-loan-2026-01-02T195103.055Z.jpg","contentUrl":"https:\/\/bladnanews.com\/wp-content\/uploads\/2026\/01\/BladnaNews-Mexico-international-Julian-Araujo-joins-Celtic-on-loan-2026-01-02T195103.055Z.jpg","width":2560,"height":1440,"caption":"Julian Araujo wearing AFC Bournemouth's black and red striped kit, gazing intently during a match, showcasing determination."},{"@type":"BreadcrumbList","@id":"https:\/\/mediumseagreen-eel-531711.hostingersite.com\/mexico-international-julian-araujo-joins-celtic-on-loan\/#breadcrumb","itemListElement":[{"@type":"ListItem","position":1,"name":"Home","item":"https:\/\/bladnanews.com\/"},{"@type":"ListItem","position":2,"name":"Mexico international Juli\u00e1n Araujo joins Celtic on loan"}]},{"@type":"WebSite","@id":"https:\/\/mediumseagreen-eel-531711.hostingersite.com\/#website","url":"https:\/\/mediumseagreen-eel-531711.hostingersite.com\/","name":"Bladna News - Maroc","description":"Quand le football marocain rencontre le monde","publisher":{"@id":"https:\/\/mediumseagreen-eel-531711.hostingersite.com\/#organization"},"potentialAction":[{"@type":"SearchAction","target":{"@type":"EntryPoint","urlTemplate":"https:\/\/mediumseagreen-eel-531711.hostingersite.com\/?s={search_term_string}"},"query-input":{"@type":"PropertyValueSpecification","valueRequired":true,"valueName":"search_term_string"}}],"inLanguage":"fr-FR"},{"@type":"Organization","@id":"https:\/\/mediumseagreen-eel-531711.hostingersite.com\/#organization","name":"Bladna News.com","url":"https:\/\/mediumseagreen-eel-531711.hostingersite.com\/","logo":{"@type":"ImageObject","inLanguage":"fr-FR","@id":"https:\/\/mediumseagreen-eel-531711.hostingersite.com\/#\/schema\/logo\/image\/","url":"https:\/\/bladnanews.com\/wp-content\/uploads\/2025\/12\/logo-bladnanews-V2-web-black-red.png","contentUrl":"https:\/\/bladnanews.com\/wp-content\/uploads\/2025\/12\/logo-bladnanews-V2-web-black-red.png","width":703,"height":287,"caption":"Bladna News.com"},"image":{"@id":"https:\/\/mediumseagreen-eel-531711.hostingersite.com\/#\/schema\/logo\/image\/"},"email":"info@bladnanews.com","legalName":"Bladna News"},{"@type":"Person","@id":"https:\/\/mediumseagreen-eel-531711.hostingersite.com\/#\/schema\/person\/268e18a453ab080ebf76df6ef7845083","name":"\u00c9quipe r\u00e9dactionnelle de Bladna News","url":"https:\/\/bladnanews.com\/fr\/author\/bladna-news-staff\/"}]}},"_links":{"self":[{"href":"https:\/\/bladnanews.com\/fr\/wp-json\/wp\/v2\/posts\/1456","targetHints":{"allow":["GET"]}}],"collection":[{"href":"https:\/\/bladnanews.com\/fr\/wp-json\/wp\/v2\/posts"}],"about":[{"href":"https:\/\/bladnanews.com\/fr\/wp-json\/wp\/v2\/types\/post"}],"author":[{"embeddable":true,"href":"https:\/\/bladnanews.com\/fr\/wp-json\/wp\/v2\/users\/3"}],"replies":[{"embeddable":true,"href":"https:\/\/bladnanews.com\/fr\/wp-json\/wp\/v2\/comments?post=1456"}],"version-history":[{"count":0,"href":"https:\/\/bladnanews.com\/fr\/wp-json\/wp\/v2\/posts\/1456\/revisions"}],"wp:featuredmedia":[{"embeddable":true,"href":"https:\/\/bladnanews.com\/fr\/wp-json\/wp\/v2\/media\/1455"}],"wp:attachment":[{"href":"https:\/\/bladnanews.com\/fr\/wp-json\/wp\/v2\/media?parent=1456"}],"wp:term":[{"taxonomy":"category","embeddable":true,"href":"https:\/\/bladnanews.com\/fr\/wp-json\/wp\/v2\/categories?post=1456"},{"taxonomy":"post_tag","embeddable":true,"href":"https:\/\/bladnanews.com\/fr\/wp-json\/wp\/v2\/tags?post=1456"}],"curies":[{"name":"wp","href":"https:\/\/api.w.org\/{rel}","templated":true}]}}