{"id":1482,"date":"2026-01-02T16:32:54","date_gmt":"2026-01-02T16:32:54","guid":{"rendered":"https:\/\/bladnanews.com\/tottenham-confirm-brennan-johnsons-transfer-to-crystal-palace-for-35m\/"},"modified":"2026-01-02T16:32:54","modified_gmt":"2026-01-02T16:32:54","slug":"tottenham-confirme-le-transfert-de-brennan-johnson-a-crystal-palace-pour-35-millions","status":"publish","type":"post","link":"https:\/\/bladnanews.com\/fr\/tottenham-confirme-le-transfert-de-brennan-johnson-a-crystal-palace-pour-35-millions\/","title":{"rendered":"Tottenham confirme le transfert de Brennan Johnson \u00e0 Crystal Palace pour 35 millions de livres sterling."},"content":{"rendered":"<p>Tottenham Hotspur a officiellement confirm\u00e9 le transfert de Brennan Johnson \u00e0 Crystal Palace pour un montant estim\u00e9 \u00e0 35 millions de livres sterling.<\/p>\n<p>Johnson, qui a jou\u00e9 un r\u00f4le d\u00e9terminant dans la campagne de Tottenham en Ligue Europa, marquant notamment le but victorieux qui a assur\u00e9 leur qualification, a d\u00e9sormais rejoint ce rival de Premier League \u00e0 l\u2019or\u00e9e de la nouvelle saison.<\/p>\n<p>Le transfert de l\u2019attaquant international gallois a \u00e9t\u00e9 finalis\u00e9 un mardi, marquant un d\u00e9part significatif pour Tottenham. Le club a publi\u00e9 un communiqu\u00e9 officiel remerciant Johnson pour ses contributions et lui souhaitant succ\u00e8s dans la suite de sa carri\u00e8re.<\/p>\n<p>Durant son passage \u00e0 Tottenham, Johnson a impressionn\u00e9 par sa vitesse et sa qualit\u00e9 de finition, qui ont \u00e9t\u00e9 d\u00e9cisives dans plusieurs rencontres europ\u00e9ennes cruciales. Son but d\u00e9cisif en phase \u00e0 \u00e9limination directe de la Ligue Europa a \u00e9t\u00e9 un temps fort, soulignant son potentiel en tant que talent montant du football anglais.<\/p>\n<p>Crystal Palace, cherchant \u00e0 renforcer ses options offensives, a annonc\u00e9 l\u2019arriv\u00e9e de Johnson avec optimisme. Le club consid\u00e8re sa signature comme une d\u00e9claration d\u2019intention avant une saison de Premier League exigeante.<\/p>\n<p>La d\u00e9cision de Tottenham d\u2019approuver l\u2019accord de 35 millions de livres sterling refl\u00e8te l\u2019\u00e9volution de la strat\u00e9gie de son effectif, tout en reconnaissant la valeur apport\u00e9e par Johnson au club. Alors qu\u2019il s\u2019appr\u00eate \u00e0 rejoindre Palace, les supporters seront attentifs \u00e0 son adaptation et \u00e0 ses contributions \u00e0 Selhurst Park.<\/p>","protected":false},"excerpt":{"rendered":"<p>Tottenham Hotspur have officially confirmed the transfer of Brennan Johnson to Crystal Palace for a reported fee of \u00a335 million. [&hellip;]<\/p>\n","protected":false},"author":3,"featured_media":1481,"comment_status":"","ping_status":"open","sticky":false,"template":"","format":"standard","meta":{"googlesitekit_rrm_CAow_uzEDA:productID":"","site-sidebar-layout":"default","site-content-layout":"","ast-site-content-layout":"default","site-content-style":"default","site-sidebar-style":"default","ast-global-header-display":"","ast-banner-title-visibility":"","ast-main-header-display":"","ast-hfb-above-header-display":"","ast-hfb-below-header-display":"","ast-hfb-mobile-header-display":"","site-post-title":"","ast-breadcrumbs-content":"","ast-featured-img":"","footer-sml-layout":"","ast-disable-related-posts":"","theme-transparent-header-meta":"","adv-header-id-meta":"","stick-header-meta":"","header-above-stick-meta":"","header-main-stick-meta":"","header-below-stick-meta":"","astra-migrate-meta-layouts":"default","ast-page-background-enabled":"default","ast-page-background-meta":{"desktop":{"background-color":"var(--ast-global-color-5)","background-image":"","background-repeat":"repeat","background-position":"center center","background-size":"auto","background-attachment":"scroll","background-type":"","background-media":"","overlay-type":"","overlay-color":"","overlay-opacity":"","overlay-gradient":""},"tablet":{"background-color":"","background-image":"","background-repeat":"repeat","background-position":"center center","background-size":"auto","background-attachment":"scroll","background-type":"","background-media":"","overlay-type":"","overlay-color":"","overlay-opacity":"","overlay-gradient":""},"mobile":{"background-color":"","background-image":"","background-repeat":"repeat","background-position":"center center","background-size":"auto","background-attachment":"scroll","background-type":"","background-media":"","overlay-type":"","overlay-color":"","overlay-opacity":"","overlay-gradient":""}},"ast-content-background-meta":{"desktop":{"background-color":"var(--ast-global-color-4)","background-image":"","background-repeat":"repeat","background-position":"center center","background-size":"auto","background-attachment":"scroll","background-type":"","background-media":"","overlay-type":"","overlay-color":"","overlay-opacity":"","overlay-gradient":""},"tablet":{"background-color":"var(--ast-global-color-4)","background-image":"","background-repeat":"repeat","background-position":"center center","background-size":"auto","background-attachment":"scroll","background-type":"","background-media":"","overlay-type":"","overlay-color":"","overlay-opacity":"","overlay-gradient":""},"mobile":{"background-color":"var(--ast-global-color-4)","background-image":"","background-repeat":"repeat","background-position":"center center","background-size":"auto","background-attachment":"scroll","background-type":"","background-media":"","overlay-type":"","overlay-color":"","overlay-opacity":"","overlay-gradient":""}},"footnotes":""},"categories":[20,1],"tags":[],"class_list":["post-1482","post","type-post","status-publish","format-standard","has-post-thumbnail","hentry","category-international","category-football-latest-news"],"yoast_head":"<!-- This site is optimized with the Yoast SEO Premium plugin v26.6 (Yoast SEO v27.5) - https:\/\/yoast.com\/product\/yoast-seo-premium-wordpress\/ -->\n<title>Tottenham confirm Brennan Johnson&#039;s transfer to Crystal Palace for \u00a335m - Bladna News<\/title>\n<meta name=\"robots\" content=\"index, follow, max-snippet:-1, max-image-preview:large, max-video-preview:-1\" \/>\n<link rel=\"canonical\" href=\"https:\/\/bladnanews.com\/fr\/tottenham-confirme-le-transfert-de-brennan-johnson-a-crystal-palace-pour-35-millions\/\" \/>\n<meta property=\"og:locale\" content=\"fr_FR\" \/>\n<meta property=\"og:type\" content=\"article\" \/>\n<meta property=\"og:title\" content=\"Tottenham confirm Brennan Johnson&#039;s transfer to Crystal Palace for \u00a335m\" \/>\n<meta property=\"og:description\" content=\"Tottenham Hotspur have officially confirmed the transfer of Brennan Johnson to Crystal Palace for a reported fee of \u00a335 million. [&hellip;]\" \/>\n<meta property=\"og:url\" content=\"https:\/\/bladnanews.com\/fr\/tottenham-confirme-le-transfert-de-brennan-johnson-a-crystal-palace-pour-35-millions\/\" \/>\n<meta property=\"og:site_name\" content=\"Bladna News\" \/>\n<meta property=\"article:published_time\" content=\"2026-01-02T16:32:54+00:00\" \/>\n<meta property=\"og:image\" content=\"https:\/\/bladnanews.com\/wp-content\/uploads\/2026\/01\/BladnaNews-Tottenham-confirm-Brennan-Johnsons-transfer-to-Crystal-Palace-for-35m-2026-01-02T215103.737Z.jpg\" \/>\n\t<meta property=\"og:image:width\" content=\"2112\" \/>\n\t<meta property=\"og:image:height\" content=\"1188\" \/>\n\t<meta property=\"og:image:type\" content=\"image\/jpeg\" \/>\n<meta name=\"author\" content=\"Bladna News Staff\" \/>\n<meta name=\"twitter:card\" content=\"summary_large_image\" \/>\n<meta name=\"twitter:label1\" content=\"\u00c9crit par\" \/>\n\t<meta name=\"twitter:data1\" content=\"Bladna News Staff\" \/>\n\t<meta name=\"twitter:label2\" content=\"Dur\u00e9e de lecture estim\u00e9e\" \/>\n\t<meta name=\"twitter:data2\" content=\"1 minute\" \/>\n<script type=\"application\/ld+json\" class=\"yoast-schema-graph\">{\"@context\":\"https:\\\/\\\/schema.org\",\"@graph\":[{\"@type\":\"Article\",\"@id\":\"https:\\\/\\\/bladnanews.com\\\/tottenham-confirm-brennan-johnsons-transfer-to-crystal-palace-for-35m\\\/#article\",\"isPartOf\":{\"@id\":\"https:\\\/\\\/bladnanews.com\\\/tottenham-confirm-brennan-johnsons-transfer-to-crystal-palace-for-35m\\\/\"},\"author\":{\"name\":\"Bladna News Staff\",\"@id\":\"https:\\\/\\\/mediumseagreen-eel-531711.hostingersite.com\\\/#\\\/schema\\\/person\\\/268e18a453ab080ebf76df6ef7845083\"},\"headline\":\"Tottenham confirm Brennan Johnson&#8217;s transfer to Crystal Palace for \u00a335m\",\"datePublished\":\"2026-01-02T16:32:54+00:00\",\"mainEntityOfPage\":{\"@id\":\"https:\\\/\\\/bladnanews.com\\\/tottenham-confirm-brennan-johnsons-transfer-to-crystal-palace-for-35m\\\/\"},\"wordCount\":219,\"publisher\":{\"@id\":\"https:\\\/\\\/mediumseagreen-eel-531711.hostingersite.com\\\/#organization\"},\"image\":{\"@id\":\"https:\\\/\\\/bladnanews.com\\\/tottenham-confirm-brennan-johnsons-transfer-to-crystal-palace-for-35m\\\/#primaryimage\"},\"thumbnailUrl\":\"https:\\\/\\\/bladnanews.com\\\/wp-content\\\/uploads\\\/2026\\\/01\\\/BladnaNews-Tottenham-confirm-Brennan-Johnsons-transfer-to-Crystal-Palace-for-35m-2026-01-02T215103.737Z.jpg\",\"articleSection\":[\"International\",\"Latest News\"],\"inLanguage\":\"fr-FR\",\"copyrightYear\":\"2026\",\"copyrightHolder\":{\"@id\":\"https:\\\/\\\/bladnanews.com\\\/fr\\\/#organization\"}},{\"@type\":\"WebPage\",\"@id\":\"https:\\\/\\\/bladnanews.com\\\/tottenham-confirm-brennan-johnsons-transfer-to-crystal-palace-for-35m\\\/\",\"url\":\"https:\\\/\\\/bladnanews.com\\\/tottenham-confirm-brennan-johnsons-transfer-to-crystal-palace-for-35m\\\/\",\"name\":\"Tottenham confirm Brennan Johnson's transfer to Crystal Palace for \u00a335m - Bladna News\",\"isPartOf\":{\"@id\":\"https:\\\/\\\/mediumseagreen-eel-531711.hostingersite.com\\\/#website\"},\"primaryImageOfPage\":{\"@id\":\"https:\\\/\\\/bladnanews.com\\\/tottenham-confirm-brennan-johnsons-transfer-to-crystal-palace-for-35m\\\/#primaryimage\"},\"image\":{\"@id\":\"https:\\\/\\\/bladnanews.com\\\/tottenham-confirm-brennan-johnsons-transfer-to-crystal-palace-for-35m\\\/#primaryimage\"},\"thumbnailUrl\":\"https:\\\/\\\/bladnanews.com\\\/wp-content\\\/uploads\\\/2026\\\/01\\\/BladnaNews-Tottenham-confirm-Brennan-Johnsons-transfer-to-Crystal-Palace-for-35m-2026-01-02T215103.737Z.jpg\",\"datePublished\":\"2026-01-02T16:32:54+00:00\",\"breadcrumb\":{\"@id\":\"https:\\\/\\\/bladnanews.com\\\/tottenham-confirm-brennan-johnsons-transfer-to-crystal-palace-for-35m\\\/#breadcrumb\"},\"inLanguage\":\"fr-FR\",\"potentialAction\":[{\"@type\":\"ReadAction\",\"target\":[\"https:\\\/\\\/bladnanews.com\\\/tottenham-confirm-brennan-johnsons-transfer-to-crystal-palace-for-35m\\\/\"]}]},{\"@type\":\"ImageObject\",\"inLanguage\":\"fr-FR\",\"@id\":\"https:\\\/\\\/bladnanews.com\\\/tottenham-confirm-brennan-johnsons-transfer-to-crystal-palace-for-35m\\\/#primaryimage\",\"url\":\"https:\\\/\\\/bladnanews.com\\\/wp-content\\\/uploads\\\/2026\\\/01\\\/BladnaNews-Tottenham-confirm-Brennan-Johnsons-transfer-to-Crystal-Palace-for-35m-2026-01-02T215103.737Z.jpg\",\"contentUrl\":\"https:\\\/\\\/bladnanews.com\\\/wp-content\\\/uploads\\\/2026\\\/01\\\/BladnaNews-Tottenham-confirm-Brennan-Johnsons-transfer-to-Crystal-Palace-for-35m-2026-01-02T215103.737Z.jpg\",\"width\":1600,\"height\":900,\"caption\":\"Brennan Johnson in Tottenham's white and navy kit, looking focused during a match, with a blurred stadium background.\"},{\"@type\":\"BreadcrumbList\",\"@id\":\"https:\\\/\\\/bladnanews.com\\\/tottenham-confirm-brennan-johnsons-transfer-to-crystal-palace-for-35m\\\/#breadcrumb\",\"itemListElement\":[{\"@type\":\"ListItem\",\"position\":1,\"name\":\"Home\",\"item\":\"https:\\\/\\\/bladnanews.com\\\/\"},{\"@type\":\"ListItem\",\"position\":2,\"name\":\"Tottenham confirm Brennan Johnson&#8217;s transfer to Crystal Palace for \u00a335m\"}]},{\"@type\":\"WebSite\",\"@id\":\"https:\\\/\\\/mediumseagreen-eel-531711.hostingersite.com\\\/#website\",\"url\":\"https:\\\/\\\/mediumseagreen-eel-531711.hostingersite.com\\\/\",\"name\":\"Bladna News - Morocco\",\"description\":\"Where Moroccan Football Meets the World\",\"publisher\":{\"@id\":\"https:\\\/\\\/mediumseagreen-eel-531711.hostingersite.com\\\/#organization\"},\"potentialAction\":[{\"@type\":\"SearchAction\",\"target\":{\"@type\":\"EntryPoint\",\"urlTemplate\":\"https:\\\/\\\/mediumseagreen-eel-531711.hostingersite.com\\\/?s={search_term_string}\"},\"query-input\":{\"@type\":\"PropertyValueSpecification\",\"valueRequired\":true,\"valueName\":\"search_term_string\"}}],\"inLanguage\":\"fr-FR\"},{\"@type\":\"Organization\",\"@id\":\"https:\\\/\\\/mediumseagreen-eel-531711.hostingersite.com\\\/#organization\",\"name\":\"Bladna News.com\",\"url\":\"https:\\\/\\\/mediumseagreen-eel-531711.hostingersite.com\\\/\",\"logo\":{\"@type\":\"ImageObject\",\"inLanguage\":\"fr-FR\",\"@id\":\"https:\\\/\\\/mediumseagreen-eel-531711.hostingersite.com\\\/#\\\/schema\\\/logo\\\/image\\\/\",\"url\":\"https:\\\/\\\/bladnanews.com\\\/wp-content\\\/uploads\\\/2025\\\/12\\\/logo-bladnanews-V2-web-black-red.png\",\"contentUrl\":\"https:\\\/\\\/bladnanews.com\\\/wp-content\\\/uploads\\\/2025\\\/12\\\/logo-bladnanews-V2-web-black-red.png\",\"width\":703,\"height\":287,\"caption\":\"Bladna News.com\"},\"image\":{\"@id\":\"https:\\\/\\\/mediumseagreen-eel-531711.hostingersite.com\\\/#\\\/schema\\\/logo\\\/image\\\/\"},\"email\":\"info@bladnanews.com\",\"legalName\":\"Bladna News\"},{\"@type\":\"Person\",\"@id\":\"https:\\\/\\\/mediumseagreen-eel-531711.hostingersite.com\\\/#\\\/schema\\\/person\\\/268e18a453ab080ebf76df6ef7845083\",\"name\":\"Bladna News Staff\",\"url\":\"https:\\\/\\\/bladnanews.com\\\/fr\\\/author\\\/bladna-news-staff\\\/\"}]}<\/script>\n<!-- \/ Yoast SEO Premium plugin. -->","yoast_head_json":{"title":"Tottenham confirme le transfert de Brennan Johnson \u00e0 Crystal Palace pour 35 millions de livres sterling - Bladna News","robots":{"index":"index","follow":"follow","max-snippet":"max-snippet:-1","max-image-preview":"max-image-preview:large","max-video-preview":"max-video-preview:-1"},"canonical":"https:\/\/bladnanews.com\/fr\/tottenham-confirme-le-transfert-de-brennan-johnson-a-crystal-palace-pour-35-millions\/","og_locale":"fr_FR","og_type":"article","og_title":"Tottenham confirm Brennan Johnson's transfer to Crystal Palace for \u00a335m","og_description":"Tottenham Hotspur have officially confirmed the transfer of Brennan Johnson to Crystal Palace for a reported fee of \u00a335 million. [&hellip;]","og_url":"https:\/\/bladnanews.com\/fr\/tottenham-confirme-le-transfert-de-brennan-johnson-a-crystal-palace-pour-35-millions\/","og_site_name":"Bladna News","article_published_time":"2026-01-02T16:32:54+00:00","og_image":[{"width":2112,"height":1188,"url":"https:\/\/bladnanews.com\/wp-content\/uploads\/2026\/01\/BladnaNews-Tottenham-confirm-Brennan-Johnsons-transfer-to-Crystal-Palace-for-35m-2026-01-02T215103.737Z.jpg","type":"image\/jpeg"}],"author":"Bladna News Staff","twitter_card":"summary_large_image","twitter_misc":{"\u00c9crit par":"Bladna News Staff","Dur\u00e9e de lecture estim\u00e9e":"1 minute"},"schema":{"@context":"https:\/\/schema.org","@graph":[{"@type":"Article","@id":"https:\/\/bladnanews.com\/tottenham-confirm-brennan-johnsons-transfer-to-crystal-palace-for-35m\/#article","isPartOf":{"@id":"https:\/\/bladnanews.com\/tottenham-confirm-brennan-johnsons-transfer-to-crystal-palace-for-35m\/"},"author":{"name":"Bladna News Staff","@id":"https:\/\/mediumseagreen-eel-531711.hostingersite.com\/#\/schema\/person\/268e18a453ab080ebf76df6ef7845083"},"headline":"Tottenham confirm Brennan Johnson&#8217;s transfer to Crystal Palace for \u00a335m","datePublished":"2026-01-02T16:32:54+00:00","mainEntityOfPage":{"@id":"https:\/\/bladnanews.com\/tottenham-confirm-brennan-johnsons-transfer-to-crystal-palace-for-35m\/"},"wordCount":219,"publisher":{"@id":"https:\/\/mediumseagreen-eel-531711.hostingersite.com\/#organization"},"image":{"@id":"https:\/\/bladnanews.com\/tottenham-confirm-brennan-johnsons-transfer-to-crystal-palace-for-35m\/#primaryimage"},"thumbnailUrl":"https:\/\/bladnanews.com\/wp-content\/uploads\/2026\/01\/BladnaNews-Tottenham-confirm-Brennan-Johnsons-transfer-to-Crystal-Palace-for-35m-2026-01-02T215103.737Z.jpg","articleSection":["International","Latest News"],"inLanguage":"fr-FR","copyrightYear":"2026","copyrightHolder":{"@id":"https:\/\/bladnanews.com\/fr\/#organization"}},{"@type":"WebPage","@id":"https:\/\/bladnanews.com\/tottenham-confirm-brennan-johnsons-transfer-to-crystal-palace-for-35m\/","url":"https:\/\/bladnanews.com\/tottenham-confirm-brennan-johnsons-transfer-to-crystal-palace-for-35m\/","name":"Tottenham confirme le transfert de Brennan Johnson \u00e0 Crystal Palace pour 35 millions de livres sterling - Bladna News","isPartOf":{"@id":"https:\/\/mediumseagreen-eel-531711.hostingersite.com\/#website"},"primaryImageOfPage":{"@id":"https:\/\/bladnanews.com\/tottenham-confirm-brennan-johnsons-transfer-to-crystal-palace-for-35m\/#primaryimage"},"image":{"@id":"https:\/\/bladnanews.com\/tottenham-confirm-brennan-johnsons-transfer-to-crystal-palace-for-35m\/#primaryimage"},"thumbnailUrl":"https:\/\/bladnanews.com\/wp-content\/uploads\/2026\/01\/BladnaNews-Tottenham-confirm-Brennan-Johnsons-transfer-to-Crystal-Palace-for-35m-2026-01-02T215103.737Z.jpg","datePublished":"2026-01-02T16:32:54+00:00","breadcrumb":{"@id":"https:\/\/bladnanews.com\/tottenham-confirm-brennan-johnsons-transfer-to-crystal-palace-for-35m\/#breadcrumb"},"inLanguage":"fr-FR","potentialAction":[{"@type":"ReadAction","target":["https:\/\/bladnanews.com\/tottenham-confirm-brennan-johnsons-transfer-to-crystal-palace-for-35m\/"]}]},{"@type":"ImageObject","inLanguage":"fr-FR","@id":"https:\/\/bladnanews.com\/tottenham-confirm-brennan-johnsons-transfer-to-crystal-palace-for-35m\/#primaryimage","url":"https:\/\/bladnanews.com\/wp-content\/uploads\/2026\/01\/BladnaNews-Tottenham-confirm-Brennan-Johnsons-transfer-to-Crystal-Palace-for-35m-2026-01-02T215103.737Z.jpg","contentUrl":"https:\/\/bladnanews.com\/wp-content\/uploads\/2026\/01\/BladnaNews-Tottenham-confirm-Brennan-Johnsons-transfer-to-Crystal-Palace-for-35m-2026-01-02T215103.737Z.jpg","width":1600,"height":900,"caption":"Brennan Johnson in Tottenham's white and navy kit, looking focused during a match, with a blurred stadium background."},{"@type":"BreadcrumbList","@id":"https:\/\/bladnanews.com\/tottenham-confirm-brennan-johnsons-transfer-to-crystal-palace-for-35m\/#breadcrumb","itemListElement":[{"@type":"ListItem","position":1,"name":"Home","item":"https:\/\/bladnanews.com\/"},{"@type":"ListItem","position":2,"name":"Tottenham confirm Brennan Johnson&#8217;s transfer to Crystal Palace for \u00a335m"}]},{"@type":"WebSite","@id":"https:\/\/mediumseagreen-eel-531711.hostingersite.com\/#website","url":"https:\/\/mediumseagreen-eel-531711.hostingersite.com\/","name":"Bladna News - Maroc","description":"Quand le football marocain rencontre le monde","publisher":{"@id":"https:\/\/mediumseagreen-eel-531711.hostingersite.com\/#organization"},"potentialAction":[{"@type":"SearchAction","target":{"@type":"EntryPoint","urlTemplate":"https:\/\/mediumseagreen-eel-531711.hostingersite.com\/?s={search_term_string}"},"query-input":{"@type":"PropertyValueSpecification","valueRequired":true,"valueName":"search_term_string"}}],"inLanguage":"fr-FR"},{"@type":"Organization","@id":"https:\/\/mediumseagreen-eel-531711.hostingersite.com\/#organization","name":"Bladna News.com","url":"https:\/\/mediumseagreen-eel-531711.hostingersite.com\/","logo":{"@type":"ImageObject","inLanguage":"fr-FR","@id":"https:\/\/mediumseagreen-eel-531711.hostingersite.com\/#\/schema\/logo\/image\/","url":"https:\/\/bladnanews.com\/wp-content\/uploads\/2025\/12\/logo-bladnanews-V2-web-black-red.png","contentUrl":"https:\/\/bladnanews.com\/wp-content\/uploads\/2025\/12\/logo-bladnanews-V2-web-black-red.png","width":703,"height":287,"caption":"Bladna News.com"},"image":{"@id":"https:\/\/mediumseagreen-eel-531711.hostingersite.com\/#\/schema\/logo\/image\/"},"email":"info@bladnanews.com","legalName":"Bladna News"},{"@type":"Person","@id":"https:\/\/mediumseagreen-eel-531711.hostingersite.com\/#\/schema\/person\/268e18a453ab080ebf76df6ef7845083","name":"\u00c9quipe r\u00e9dactionnelle de Bladna News","url":"https:\/\/bladnanews.com\/fr\/author\/bladna-news-staff\/"}]}},"_links":{"self":[{"href":"https:\/\/bladnanews.com\/fr\/wp-json\/wp\/v2\/posts\/1482","targetHints":{"allow":["GET"]}}],"collection":[{"href":"https:\/\/bladnanews.com\/fr\/wp-json\/wp\/v2\/posts"}],"about":[{"href":"https:\/\/bladnanews.com\/fr\/wp-json\/wp\/v2\/types\/post"}],"author":[{"embeddable":true,"href":"https:\/\/bladnanews.com\/fr\/wp-json\/wp\/v2\/users\/3"}],"replies":[{"embeddable":true,"href":"https:\/\/bladnanews.com\/fr\/wp-json\/wp\/v2\/comments?post=1482"}],"version-history":[{"count":0,"href":"https:\/\/bladnanews.com\/fr\/wp-json\/wp\/v2\/posts\/1482\/revisions"}],"wp:featuredmedia":[{"embeddable":true,"href":"https:\/\/bladnanews.com\/fr\/wp-json\/wp\/v2\/media\/1481"}],"wp:attachment":[{"href":"https:\/\/bladnanews.com\/fr\/wp-json\/wp\/v2\/media?parent=1482"}],"wp:term":[{"taxonomy":"category","embeddable":true,"href":"https:\/\/bladnanews.com\/fr\/wp-json\/wp\/v2\/categories?post=1482"},{"taxonomy":"post_tag","embeddable":true,"href":"https:\/\/bladnanews.com\/fr\/wp-json\/wp\/v2\/tags?post=1482"}],"curies":[{"name":"wp","href":"https:\/\/api.w.org\/{rel}","templated":true}]}}