{"id":1504,"date":"2026-01-02T17:40:00","date_gmt":"2026-01-02T17:40:00","guid":{"rendered":"https:\/\/bladnanews.com\/chelseas-january-transfer-plans-revealed-after-enzo-marescas-exit\/"},"modified":"2026-01-02T17:40:00","modified_gmt":"2026-01-02T17:40:00","slug":"les-plans-de-transfert-de-janvier-de-chelsea-reveles-apres-le-depart-denzo-maresca","status":"publish","type":"post","link":"https:\/\/bladnanews.com\/fr\/les-plans-de-transfert-de-janvier-de-chelsea-reveles-apres-le-depart-denzo-maresca\/","title":{"rendered":"Les plans de transfert de Chelsea pour janvier r\u00e9v\u00e9l\u00e9s apr\u00e8s le d\u00e9part d'Enzo Maresca"},"content":{"rendered":"<p>Chelsea a expos\u00e9 ses plans pour le mercato de janvier suite au d\u00e9part inattendu d'Enzo Maresca du staff technique. Le club a confirm\u00e9 le d\u00e9part de Maresca plus t\u00f4t cette semaine, marquant un changement significatif en coulisses \u00e0 Stamford Bridge.<\/p>\n<p>Les Blues se concentrent d\u00e9sormais sur le renforcement de leur effectif pour am\u00e9liorer les performances en Premier League et dans d'autres comp\u00e9titions. Des sources internes au club ont r\u00e9v\u00e9l\u00e9 que les dirigeants priorisent les renforts au milieu de terrain et en attaque, des domaines identifi\u00e9s comme cruciaux apr\u00e8s une premi\u00e8re moiti\u00e9 de saison difficile.<\/p>\n<p>Selon des sources, Chelsea p\u00e8se plusieurs signatures potentielles, y compris des transferts permanents et des pr\u00eats. Le club vise \u00e0 agir rapidement, avec des cibles cl\u00e9s devant \u00eatre finalis\u00e9es avant la date limite de janvier. L'\u00e9quipe de recrutement de Chelsea travaille en \u00e9troite collaboration avec le staff technique pour s'assurer que toute addition corresponde \u00e0 l'approche tactique de l'\u00e9quipe.<\/p>\n<p>En plus des cibles de transfert, le club est pr\u00eat \u00e0 se s\u00e9parer d'un certain nombre de joueurs marginaux pour faire de la place aux nouvelles recrues. Ces d\u00e9parts s'inscrivent dans la strat\u00e9gie de Chelsea visant \u00e0 rationaliser l'effectif et \u00e0 g\u00e9rer les salaires de mani\u00e8re efficace.<\/p>\n<p>Le d\u00e9part d'Enzo Maresca, d\u00e9crit par des repr\u00e9sentants du club comme \u201cmutuel et amical\u201d, survient au milieu des sp\u00e9culations sur son prochain r\u00f4le dans la gestion du football. Chelsea a d\u00e9j\u00e0 nomm\u00e9 un rempla\u00e7ant qui s'int\u00e9grera \u00e0 l'\u00e9quipe d'entra\u00eeneurs actuelle pour maintenir la continuit\u00e9.<\/p>\n<p>\u00c0 mesure que le mercato de janvier progresse, les supporters de Chelsea suivront de pr\u00e8s les d\u00e9veloppements, esp\u00e9rant que les renforts pr\u00e9vus pourront aider \u00e0 redresser la situation du club lors de la seconde moiti\u00e9 de la saison.<\/p>","protected":false},"excerpt":{"rendered":"<p>Chelsea have laid out their plans for the January transfer window following the unexpected departure of Enzo Maresca from the [&hellip;]<\/p>\n","protected":false},"author":3,"featured_media":1503,"comment_status":"","ping_status":"open","sticky":false,"template":"","format":"standard","meta":{"googlesitekit_rrm_CAow_uzEDA:productID":"","site-sidebar-layout":"default","site-content-layout":"","ast-site-content-layout":"default","site-content-style":"default","site-sidebar-style":"default","ast-global-header-display":"","ast-banner-title-visibility":"","ast-main-header-display":"","ast-hfb-above-header-display":"","ast-hfb-below-header-display":"","ast-hfb-mobile-header-display":"","site-post-title":"","ast-breadcrumbs-content":"","ast-featured-img":"","footer-sml-layout":"","ast-disable-related-posts":"","theme-transparent-header-meta":"","adv-header-id-meta":"","stick-header-meta":"","header-above-stick-meta":"","header-main-stick-meta":"","header-below-stick-meta":"","astra-migrate-meta-layouts":"default","ast-page-background-enabled":"default","ast-page-background-meta":{"desktop":{"background-color":"var(--ast-global-color-5)","background-image":"","background-repeat":"repeat","background-position":"center center","background-size":"auto","background-attachment":"scroll","background-type":"","background-media":"","overlay-type":"","overlay-color":"","overlay-opacity":"","overlay-gradient":""},"tablet":{"background-color":"","background-image":"","background-repeat":"repeat","background-position":"center center","background-size":"auto","background-attachment":"scroll","background-type":"","background-media":"","overlay-type":"","overlay-color":"","overlay-opacity":"","overlay-gradient":""},"mobile":{"background-color":"","background-image":"","background-repeat":"repeat","background-position":"center center","background-size":"auto","background-attachment":"scroll","background-type":"","background-media":"","overlay-type":"","overlay-color":"","overlay-opacity":"","overlay-gradient":""}},"ast-content-background-meta":{"desktop":{"background-color":"var(--ast-global-color-4)","background-image":"","background-repeat":"repeat","background-position":"center center","background-size":"auto","background-attachment":"scroll","background-type":"","background-media":"","overlay-type":"","overlay-color":"","overlay-opacity":"","overlay-gradient":""},"tablet":{"background-color":"var(--ast-global-color-4)","background-image":"","background-repeat":"repeat","background-position":"center center","background-size":"auto","background-attachment":"scroll","background-type":"","background-media":"","overlay-type":"","overlay-color":"","overlay-opacity":"","overlay-gradient":""},"mobile":{"background-color":"var(--ast-global-color-4)","background-image":"","background-repeat":"repeat","background-position":"center center","background-size":"auto","background-attachment":"scroll","background-type":"","background-media":"","overlay-type":"","overlay-color":"","overlay-opacity":"","overlay-gradient":""}},"footnotes":""},"categories":[20,1],"tags":[],"class_list":["post-1504","post","type-post","status-publish","format-standard","has-post-thumbnail","hentry","category-international","category-football-latest-news"],"yoast_head":"<!-- This site is optimized with the Yoast SEO Premium plugin v26.6 (Yoast SEO v27.5) - https:\/\/yoast.com\/product\/yoast-seo-premium-wordpress\/ -->\n<title>Chelsea&#039;s January transfer plans revealed after Enzo Maresca&#039;s exit - Bladna News<\/title>\n<meta name=\"robots\" content=\"index, follow, max-snippet:-1, max-image-preview:large, max-video-preview:-1\" \/>\n<link rel=\"canonical\" href=\"https:\/\/bladnanews.com\/fr\/les-plans-de-transfert-de-janvier-de-chelsea-reveles-apres-le-depart-denzo-maresca\/\" \/>\n<meta property=\"og:locale\" content=\"fr_FR\" \/>\n<meta property=\"og:type\" content=\"article\" \/>\n<meta property=\"og:title\" content=\"Chelsea&#039;s January transfer plans revealed after Enzo Maresca&#039;s exit\" \/>\n<meta property=\"og:description\" content=\"Chelsea have laid out their plans for the January transfer window following the unexpected departure of Enzo Maresca from the [&hellip;]\" \/>\n<meta property=\"og:url\" content=\"https:\/\/bladnanews.com\/fr\/les-plans-de-transfert-de-janvier-de-chelsea-reveles-apres-le-depart-denzo-maresca\/\" \/>\n<meta property=\"og:site_name\" content=\"Bladna News\" \/>\n<meta property=\"article:published_time\" content=\"2026-01-02T17:40:00+00:00\" \/>\n<meta property=\"og:image\" content=\"https:\/\/bladnanews.com\/wp-content\/uploads\/2026\/01\/BladnaNews-Chelseas-January-transfer-plans-revealed-after-Enzo-Marescas-exit-2026-01-02T235033.752Z-scaled.jpg\" \/>\n\t<meta property=\"og:image:width\" content=\"2560\" \/>\n\t<meta property=\"og:image:height\" content=\"1440\" \/>\n\t<meta property=\"og:image:type\" content=\"image\/jpeg\" \/>\n<meta name=\"author\" content=\"Bladna News Staff\" \/>\n<meta name=\"twitter:card\" content=\"summary_large_image\" \/>\n<meta name=\"twitter:label1\" content=\"\u00c9crit par\" \/>\n\t<meta name=\"twitter:data1\" content=\"Bladna News Staff\" \/>\n\t<meta name=\"twitter:label2\" content=\"Dur\u00e9e de lecture estim\u00e9e\" \/>\n\t<meta name=\"twitter:data2\" content=\"1 minute\" \/>\n<script type=\"application\/ld+json\" class=\"yoast-schema-graph\">{\"@context\":\"https:\\\/\\\/schema.org\",\"@graph\":[{\"@type\":\"Article\",\"@id\":\"https:\\\/\\\/bladnanews.com\\\/chelseas-january-transfer-plans-revealed-after-enzo-marescas-exit\\\/#article\",\"isPartOf\":{\"@id\":\"https:\\\/\\\/bladnanews.com\\\/chelseas-january-transfer-plans-revealed-after-enzo-marescas-exit\\\/\"},\"author\":{\"name\":\"Bladna News Staff\",\"@id\":\"https:\\\/\\\/mediumseagreen-eel-531711.hostingersite.com\\\/#\\\/schema\\\/person\\\/268e18a453ab080ebf76df6ef7845083\"},\"headline\":\"Chelsea&#8217;s January transfer plans revealed after Enzo Maresca&#8217;s exit\",\"datePublished\":\"2026-01-02T17:40:00+00:00\",\"mainEntityOfPage\":{\"@id\":\"https:\\\/\\\/bladnanews.com\\\/chelseas-january-transfer-plans-revealed-after-enzo-marescas-exit\\\/\"},\"wordCount\":258,\"publisher\":{\"@id\":\"https:\\\/\\\/mediumseagreen-eel-531711.hostingersite.com\\\/#organization\"},\"image\":{\"@id\":\"https:\\\/\\\/bladnanews.com\\\/chelseas-january-transfer-plans-revealed-after-enzo-marescas-exit\\\/#primaryimage\"},\"thumbnailUrl\":\"https:\\\/\\\/bladnanews.com\\\/wp-content\\\/uploads\\\/2026\\\/01\\\/BladnaNews-Chelseas-January-transfer-plans-revealed-after-Enzo-Marescas-exit-2026-01-02T235033.752Z.jpg\",\"articleSection\":[\"International\",\"Latest News\"],\"inLanguage\":\"fr-FR\",\"copyrightYear\":\"2026\",\"copyrightHolder\":{\"@id\":\"https:\\\/\\\/bladnanews.com\\\/fr\\\/#organization\"}},{\"@type\":\"WebPage\",\"@id\":\"https:\\\/\\\/bladnanews.com\\\/chelseas-january-transfer-plans-revealed-after-enzo-marescas-exit\\\/\",\"url\":\"https:\\\/\\\/bladnanews.com\\\/chelseas-january-transfer-plans-revealed-after-enzo-marescas-exit\\\/\",\"name\":\"Chelsea's January transfer plans revealed after Enzo Maresca's exit - Bladna News\",\"isPartOf\":{\"@id\":\"https:\\\/\\\/mediumseagreen-eel-531711.hostingersite.com\\\/#website\"},\"primaryImageOfPage\":{\"@id\":\"https:\\\/\\\/bladnanews.com\\\/chelseas-january-transfer-plans-revealed-after-enzo-marescas-exit\\\/#primaryimage\"},\"image\":{\"@id\":\"https:\\\/\\\/bladnanews.com\\\/chelseas-january-transfer-plans-revealed-after-enzo-marescas-exit\\\/#primaryimage\"},\"thumbnailUrl\":\"https:\\\/\\\/bladnanews.com\\\/wp-content\\\/uploads\\\/2026\\\/01\\\/BladnaNews-Chelseas-January-transfer-plans-revealed-after-Enzo-Marescas-exit-2026-01-02T235033.752Z.jpg\",\"datePublished\":\"2026-01-02T17:40:00+00:00\",\"breadcrumb\":{\"@id\":\"https:\\\/\\\/bladnanews.com\\\/chelseas-january-transfer-plans-revealed-after-enzo-marescas-exit\\\/#breadcrumb\"},\"inLanguage\":\"fr-FR\",\"potentialAction\":[{\"@type\":\"ReadAction\",\"target\":[\"https:\\\/\\\/bladnanews.com\\\/chelseas-january-transfer-plans-revealed-after-enzo-marescas-exit\\\/\"]}]},{\"@type\":\"ImageObject\",\"inLanguage\":\"fr-FR\",\"@id\":\"https:\\\/\\\/bladnanews.com\\\/chelseas-january-transfer-plans-revealed-after-enzo-marescas-exit\\\/#primaryimage\",\"url\":\"https:\\\/\\\/bladnanews.com\\\/wp-content\\\/uploads\\\/2026\\\/01\\\/BladnaNews-Chelseas-January-transfer-plans-revealed-after-Enzo-Marescas-exit-2026-01-02T235033.752Z.jpg\",\"contentUrl\":\"https:\\\/\\\/bladnanews.com\\\/wp-content\\\/uploads\\\/2026\\\/01\\\/BladnaNews-Chelseas-January-transfer-plans-revealed-after-Enzo-Marescas-exit-2026-01-02T235033.752Z.jpg\",\"width\":2560,\"height\":1440,\"caption\":\"Enzo Maresca, wearing a dark coat, shows a pensive expression as he gazes downward, emphasising a moment of contemplation.\"},{\"@type\":\"BreadcrumbList\",\"@id\":\"https:\\\/\\\/bladnanews.com\\\/chelseas-january-transfer-plans-revealed-after-enzo-marescas-exit\\\/#breadcrumb\",\"itemListElement\":[{\"@type\":\"ListItem\",\"position\":1,\"name\":\"Home\",\"item\":\"https:\\\/\\\/bladnanews.com\\\/\"},{\"@type\":\"ListItem\",\"position\":2,\"name\":\"Chelsea&#8217;s January transfer plans revealed after Enzo Maresca&#8217;s exit\"}]},{\"@type\":\"WebSite\",\"@id\":\"https:\\\/\\\/mediumseagreen-eel-531711.hostingersite.com\\\/#website\",\"url\":\"https:\\\/\\\/mediumseagreen-eel-531711.hostingersite.com\\\/\",\"name\":\"Bladna News - Morocco\",\"description\":\"Where Moroccan Football Meets the World\",\"publisher\":{\"@id\":\"https:\\\/\\\/mediumseagreen-eel-531711.hostingersite.com\\\/#organization\"},\"potentialAction\":[{\"@type\":\"SearchAction\",\"target\":{\"@type\":\"EntryPoint\",\"urlTemplate\":\"https:\\\/\\\/mediumseagreen-eel-531711.hostingersite.com\\\/?s={search_term_string}\"},\"query-input\":{\"@type\":\"PropertyValueSpecification\",\"valueRequired\":true,\"valueName\":\"search_term_string\"}}],\"inLanguage\":\"fr-FR\"},{\"@type\":\"Organization\",\"@id\":\"https:\\\/\\\/mediumseagreen-eel-531711.hostingersite.com\\\/#organization\",\"name\":\"Bladna News.com\",\"url\":\"https:\\\/\\\/mediumseagreen-eel-531711.hostingersite.com\\\/\",\"logo\":{\"@type\":\"ImageObject\",\"inLanguage\":\"fr-FR\",\"@id\":\"https:\\\/\\\/mediumseagreen-eel-531711.hostingersite.com\\\/#\\\/schema\\\/logo\\\/image\\\/\",\"url\":\"https:\\\/\\\/bladnanews.com\\\/wp-content\\\/uploads\\\/2025\\\/12\\\/logo-bladnanews-V2-web-black-red.png\",\"contentUrl\":\"https:\\\/\\\/bladnanews.com\\\/wp-content\\\/uploads\\\/2025\\\/12\\\/logo-bladnanews-V2-web-black-red.png\",\"width\":703,\"height\":287,\"caption\":\"Bladna News.com\"},\"image\":{\"@id\":\"https:\\\/\\\/mediumseagreen-eel-531711.hostingersite.com\\\/#\\\/schema\\\/logo\\\/image\\\/\"},\"email\":\"info@bladnanews.com\",\"legalName\":\"Bladna News\"},{\"@type\":\"Person\",\"@id\":\"https:\\\/\\\/mediumseagreen-eel-531711.hostingersite.com\\\/#\\\/schema\\\/person\\\/268e18a453ab080ebf76df6ef7845083\",\"name\":\"Bladna News Staff\",\"url\":\"https:\\\/\\\/bladnanews.com\\\/fr\\\/author\\\/bladna-news-staff\\\/\"}]}<\/script>\n<!-- \/ Yoast SEO Premium plugin. -->","yoast_head_json":{"title":"Les plans de transfert de Chelsea pour janvier r\u00e9v\u00e9l\u00e9s apr\u00e8s le d\u00e9part d'Enzo Maresca - Bladna News","robots":{"index":"index","follow":"follow","max-snippet":"max-snippet:-1","max-image-preview":"max-image-preview:large","max-video-preview":"max-video-preview:-1"},"canonical":"https:\/\/bladnanews.com\/fr\/les-plans-de-transfert-de-janvier-de-chelsea-reveles-apres-le-depart-denzo-maresca\/","og_locale":"fr_FR","og_type":"article","og_title":"Chelsea's January transfer plans revealed after Enzo Maresca's exit","og_description":"Chelsea have laid out their plans for the January transfer window following the unexpected departure of Enzo Maresca from the [&hellip;]","og_url":"https:\/\/bladnanews.com\/fr\/les-plans-de-transfert-de-janvier-de-chelsea-reveles-apres-le-depart-denzo-maresca\/","og_site_name":"Bladna News","article_published_time":"2026-01-02T17:40:00+00:00","og_image":[{"width":2560,"height":1440,"url":"https:\/\/bladnanews.com\/wp-content\/uploads\/2026\/01\/BladnaNews-Chelseas-January-transfer-plans-revealed-after-Enzo-Marescas-exit-2026-01-02T235033.752Z-scaled.jpg","type":"image\/jpeg"}],"author":"Bladna News Staff","twitter_card":"summary_large_image","twitter_misc":{"\u00c9crit par":"Bladna News Staff","Dur\u00e9e de lecture estim\u00e9e":"1 minute"},"schema":{"@context":"https:\/\/schema.org","@graph":[{"@type":"Article","@id":"https:\/\/bladnanews.com\/chelseas-january-transfer-plans-revealed-after-enzo-marescas-exit\/#article","isPartOf":{"@id":"https:\/\/bladnanews.com\/chelseas-january-transfer-plans-revealed-after-enzo-marescas-exit\/"},"author":{"name":"Bladna News Staff","@id":"https:\/\/mediumseagreen-eel-531711.hostingersite.com\/#\/schema\/person\/268e18a453ab080ebf76df6ef7845083"},"headline":"Chelsea&#8217;s January transfer plans revealed after Enzo Maresca&#8217;s exit","datePublished":"2026-01-02T17:40:00+00:00","mainEntityOfPage":{"@id":"https:\/\/bladnanews.com\/chelseas-january-transfer-plans-revealed-after-enzo-marescas-exit\/"},"wordCount":258,"publisher":{"@id":"https:\/\/mediumseagreen-eel-531711.hostingersite.com\/#organization"},"image":{"@id":"https:\/\/bladnanews.com\/chelseas-january-transfer-plans-revealed-after-enzo-marescas-exit\/#primaryimage"},"thumbnailUrl":"https:\/\/bladnanews.com\/wp-content\/uploads\/2026\/01\/BladnaNews-Chelseas-January-transfer-plans-revealed-after-Enzo-Marescas-exit-2026-01-02T235033.752Z.jpg","articleSection":["International","Latest News"],"inLanguage":"fr-FR","copyrightYear":"2026","copyrightHolder":{"@id":"https:\/\/bladnanews.com\/fr\/#organization"}},{"@type":"WebPage","@id":"https:\/\/bladnanews.com\/chelseas-january-transfer-plans-revealed-after-enzo-marescas-exit\/","url":"https:\/\/bladnanews.com\/chelseas-january-transfer-plans-revealed-after-enzo-marescas-exit\/","name":"Les plans de transfert de Chelsea pour janvier r\u00e9v\u00e9l\u00e9s apr\u00e8s le d\u00e9part d'Enzo Maresca - Bladna News","isPartOf":{"@id":"https:\/\/mediumseagreen-eel-531711.hostingersite.com\/#website"},"primaryImageOfPage":{"@id":"https:\/\/bladnanews.com\/chelseas-january-transfer-plans-revealed-after-enzo-marescas-exit\/#primaryimage"},"image":{"@id":"https:\/\/bladnanews.com\/chelseas-january-transfer-plans-revealed-after-enzo-marescas-exit\/#primaryimage"},"thumbnailUrl":"https:\/\/bladnanews.com\/wp-content\/uploads\/2026\/01\/BladnaNews-Chelseas-January-transfer-plans-revealed-after-Enzo-Marescas-exit-2026-01-02T235033.752Z.jpg","datePublished":"2026-01-02T17:40:00+00:00","breadcrumb":{"@id":"https:\/\/bladnanews.com\/chelseas-january-transfer-plans-revealed-after-enzo-marescas-exit\/#breadcrumb"},"inLanguage":"fr-FR","potentialAction":[{"@type":"ReadAction","target":["https:\/\/bladnanews.com\/chelseas-january-transfer-plans-revealed-after-enzo-marescas-exit\/"]}]},{"@type":"ImageObject","inLanguage":"fr-FR","@id":"https:\/\/bladnanews.com\/chelseas-january-transfer-plans-revealed-after-enzo-marescas-exit\/#primaryimage","url":"https:\/\/bladnanews.com\/wp-content\/uploads\/2026\/01\/BladnaNews-Chelseas-January-transfer-plans-revealed-after-Enzo-Marescas-exit-2026-01-02T235033.752Z.jpg","contentUrl":"https:\/\/bladnanews.com\/wp-content\/uploads\/2026\/01\/BladnaNews-Chelseas-January-transfer-plans-revealed-after-Enzo-Marescas-exit-2026-01-02T235033.752Z.jpg","width":2560,"height":1440,"caption":"Enzo Maresca, wearing a dark coat, shows a pensive expression as he gazes downward, emphasising a moment of contemplation."},{"@type":"BreadcrumbList","@id":"https:\/\/bladnanews.com\/chelseas-january-transfer-plans-revealed-after-enzo-marescas-exit\/#breadcrumb","itemListElement":[{"@type":"ListItem","position":1,"name":"Home","item":"https:\/\/bladnanews.com\/"},{"@type":"ListItem","position":2,"name":"Chelsea&#8217;s January transfer plans revealed after Enzo Maresca&#8217;s exit"}]},{"@type":"WebSite","@id":"https:\/\/mediumseagreen-eel-531711.hostingersite.com\/#website","url":"https:\/\/mediumseagreen-eel-531711.hostingersite.com\/","name":"Bladna News - Maroc","description":"Quand le football marocain rencontre le monde","publisher":{"@id":"https:\/\/mediumseagreen-eel-531711.hostingersite.com\/#organization"},"potentialAction":[{"@type":"SearchAction","target":{"@type":"EntryPoint","urlTemplate":"https:\/\/mediumseagreen-eel-531711.hostingersite.com\/?s={search_term_string}"},"query-input":{"@type":"PropertyValueSpecification","valueRequired":true,"valueName":"search_term_string"}}],"inLanguage":"fr-FR"},{"@type":"Organization","@id":"https:\/\/mediumseagreen-eel-531711.hostingersite.com\/#organization","name":"Bladna News.com","url":"https:\/\/mediumseagreen-eel-531711.hostingersite.com\/","logo":{"@type":"ImageObject","inLanguage":"fr-FR","@id":"https:\/\/mediumseagreen-eel-531711.hostingersite.com\/#\/schema\/logo\/image\/","url":"https:\/\/bladnanews.com\/wp-content\/uploads\/2025\/12\/logo-bladnanews-V2-web-black-red.png","contentUrl":"https:\/\/bladnanews.com\/wp-content\/uploads\/2025\/12\/logo-bladnanews-V2-web-black-red.png","width":703,"height":287,"caption":"Bladna News.com"},"image":{"@id":"https:\/\/mediumseagreen-eel-531711.hostingersite.com\/#\/schema\/logo\/image\/"},"email":"info@bladnanews.com","legalName":"Bladna News"},{"@type":"Person","@id":"https:\/\/mediumseagreen-eel-531711.hostingersite.com\/#\/schema\/person\/268e18a453ab080ebf76df6ef7845083","name":"\u00c9quipe r\u00e9dactionnelle de Bladna News","url":"https:\/\/bladnanews.com\/fr\/author\/bladna-news-staff\/"}]}},"_links":{"self":[{"href":"https:\/\/bladnanews.com\/fr\/wp-json\/wp\/v2\/posts\/1504","targetHints":{"allow":["GET"]}}],"collection":[{"href":"https:\/\/bladnanews.com\/fr\/wp-json\/wp\/v2\/posts"}],"about":[{"href":"https:\/\/bladnanews.com\/fr\/wp-json\/wp\/v2\/types\/post"}],"author":[{"embeddable":true,"href":"https:\/\/bladnanews.com\/fr\/wp-json\/wp\/v2\/users\/3"}],"replies":[{"embeddable":true,"href":"https:\/\/bladnanews.com\/fr\/wp-json\/wp\/v2\/comments?post=1504"}],"version-history":[{"count":0,"href":"https:\/\/bladnanews.com\/fr\/wp-json\/wp\/v2\/posts\/1504\/revisions"}],"wp:featuredmedia":[{"embeddable":true,"href":"https:\/\/bladnanews.com\/fr\/wp-json\/wp\/v2\/media\/1503"}],"wp:attachment":[{"href":"https:\/\/bladnanews.com\/fr\/wp-json\/wp\/v2\/media?parent=1504"}],"wp:term":[{"taxonomy":"category","embeddable":true,"href":"https:\/\/bladnanews.com\/fr\/wp-json\/wp\/v2\/categories?post=1504"},{"taxonomy":"post_tag","embeddable":true,"href":"https:\/\/bladnanews.com\/fr\/wp-json\/wp\/v2\/tags?post=1504"}],"curies":[{"name":"wp","href":"https:\/\/api.w.org\/{rel}","templated":true}]}}