{"id":1510,"date":"2026-01-02T20:10:56","date_gmt":"2026-01-02T20:10:56","guid":{"rendered":"https:\/\/bladnanews.com\/americans-abroad-aaronson-and-mckennie-aim-to-build-momentum-in-europe\/"},"modified":"2026-01-02T20:10:56","modified_gmt":"2026-01-02T20:10:56","slug":"les-americains-a-letranger-aaronson-et-mckennie-visent-a-prendre-de-lelan-en-europe","status":"publish","type":"post","link":"https:\/\/bladnanews.com\/fr\/les-americains-a-letranger-aaronson-et-mckennie-visent-a-prendre-de-lelan-en-europe\/","title":{"rendered":"Am\u00e9ricains \u00e0 l'\u00e9tranger : Aaronson et McKennie visent \u00e0 cr\u00e9er un \u00e9lan en Europe"},"content":{"rendered":"<p>Les stars am\u00e9ricaines Brenden Aaronson et Weston McKennie cherchent \u00e0 prendre de l'\u00e9lan dans leurs clubs europ\u00e9ens respectifs cette semaine, tandis que Folarin Balogun s'appr\u00eate \u00e0 affronter son compatriote Tanner Tessmann en Ligue 1.<\/p>\n<p>Le RB Leipzig de Brenden Aaronson sera d\u00e9sireux de poursuivre sa bonne s\u00e9rie en Bundesliga. Apr\u00e8s un d\u00e9but de saison prometteur, Aaronson devrait occuper une place importante alors que Leipzig vise \u00e0 grimper au classement. Ses performances r\u00e9centes ont fait preuve d'une confiance accrue, et on attend de ce milieu de terrain qu'il continue \u00e0 apporter cr\u00e9ativit\u00e9 et \u00e9nergie.<\/p>\n<p>Weston McKennie a \u00e9galement trouv\u00e9 son rythme \u00e0 la Juventus. Ce milieu de terrain s'est progressivement int\u00e9gr\u00e9 \u00e0 l'effectif cette saison et cherche \u00e0 obtenir un temps de jeu plus r\u00e9gulier sous la nouvelle direction. La Juventus, en lice pour des titres dans plusieurs comp\u00e9titions, comptera sur la polyvalence et l'intensit\u00e9 de travail de McKennie pour s\u00e9curiser des points cruciaux.<\/p>\n<p>En Ligue 1, le Reims de Folarin Balogun affrontera Montpellier, o\u00f9 \u00e9volue Tanner Tessmann. Les deux jeunes Am\u00e9ricains chercheront \u00e0 peser sur une rencontre qui s'annonce serr\u00e9e. Balogun a d\u00e9montr\u00e9 un r\u00e9el talent de buteur, tandis que Tessmann apporte solidit\u00e9 et t\u00e9nacit\u00e9 au milieu de terrain.<\/p>\n<p>Les matches de cette semaine offrent \u00e0 ces joueurs une occasion importante de mettre en valeur leurs talents et de progresser dans leur carri\u00e8re europ\u00e9enne. Avec des performances r\u00e9guli\u00e8res, Aaronson, McKennie, Balogun et Tessmann peuvent continuer \u00e0 b\u00e2tir leur r\u00e9putation sur la sc\u00e8ne continentale.<\/p>","protected":false},"excerpt":{"rendered":"<p>American stars Brenden Aaronson and Weston McKennie are looking to build momentum in their respective European clubs this week, while [&hellip;]<\/p>\n","protected":false},"author":3,"featured_media":1509,"comment_status":"","ping_status":"open","sticky":false,"template":"","format":"standard","meta":{"googlesitekit_rrm_CAow_uzEDA:productID":"","site-sidebar-layout":"default","site-content-layout":"","ast-site-content-layout":"default","site-content-style":"default","site-sidebar-style":"default","ast-global-header-display":"","ast-banner-title-visibility":"","ast-main-header-display":"","ast-hfb-above-header-display":"","ast-hfb-below-header-display":"","ast-hfb-mobile-header-display":"","site-post-title":"","ast-breadcrumbs-content":"","ast-featured-img":"","footer-sml-layout":"","ast-disable-related-posts":"","theme-transparent-header-meta":"","adv-header-id-meta":"","stick-header-meta":"","header-above-stick-meta":"","header-main-stick-meta":"","header-below-stick-meta":"","astra-migrate-meta-layouts":"default","ast-page-background-enabled":"default","ast-page-background-meta":{"desktop":{"background-color":"var(--ast-global-color-5)","background-image":"","background-repeat":"repeat","background-position":"center center","background-size":"auto","background-attachment":"scroll","background-type":"","background-media":"","overlay-type":"","overlay-color":"","overlay-opacity":"","overlay-gradient":""},"tablet":{"background-color":"","background-image":"","background-repeat":"repeat","background-position":"center center","background-size":"auto","background-attachment":"scroll","background-type":"","background-media":"","overlay-type":"","overlay-color":"","overlay-opacity":"","overlay-gradient":""},"mobile":{"background-color":"","background-image":"","background-repeat":"repeat","background-position":"center center","background-size":"auto","background-attachment":"scroll","background-type":"","background-media":"","overlay-type":"","overlay-color":"","overlay-opacity":"","overlay-gradient":""}},"ast-content-background-meta":{"desktop":{"background-color":"var(--ast-global-color-4)","background-image":"","background-repeat":"repeat","background-position":"center center","background-size":"auto","background-attachment":"scroll","background-type":"","background-media":"","overlay-type":"","overlay-color":"","overlay-opacity":"","overlay-gradient":""},"tablet":{"background-color":"var(--ast-global-color-4)","background-image":"","background-repeat":"repeat","background-position":"center center","background-size":"auto","background-attachment":"scroll","background-type":"","background-media":"","overlay-type":"","overlay-color":"","overlay-opacity":"","overlay-gradient":""},"mobile":{"background-color":"var(--ast-global-color-4)","background-image":"","background-repeat":"repeat","background-position":"center center","background-size":"auto","background-attachment":"scroll","background-type":"","background-media":"","overlay-type":"","overlay-color":"","overlay-opacity":"","overlay-gradient":""}},"footnotes":""},"categories":[20,1],"tags":[],"class_list":["post-1510","post","type-post","status-publish","format-standard","has-post-thumbnail","hentry","category-international","category-football-latest-news"],"yoast_head":"<!-- This site is optimized with the Yoast SEO Premium plugin v26.6 (Yoast SEO v27.5) - https:\/\/yoast.com\/product\/yoast-seo-premium-wordpress\/ -->\n<title>Americans abroad: Aaronson and McKennie aim to build momentum in Europe - Bladna News<\/title>\n<meta name=\"robots\" content=\"index, follow, max-snippet:-1, max-image-preview:large, max-video-preview:-1\" \/>\n<link rel=\"canonical\" href=\"https:\/\/bladnanews.com\/fr\/les-americains-a-letranger-aaronson-et-mckennie-visent-a-prendre-de-lelan-en-europe\/\" \/>\n<meta property=\"og:locale\" content=\"fr_FR\" \/>\n<meta property=\"og:type\" content=\"article\" \/>\n<meta property=\"og:title\" content=\"Americans abroad: Aaronson and McKennie aim to build momentum in Europe\" \/>\n<meta property=\"og:description\" content=\"American stars Brenden Aaronson and Weston McKennie are looking to build momentum in their respective European clubs this week, while [&hellip;]\" \/>\n<meta property=\"og:url\" content=\"https:\/\/bladnanews.com\/fr\/les-americains-a-letranger-aaronson-et-mckennie-visent-a-prendre-de-lelan-en-europe\/\" \/>\n<meta property=\"og:site_name\" content=\"Bladna News\" \/>\n<meta property=\"article:published_time\" content=\"2026-01-02T20:10:56+00:00\" \/>\n<meta property=\"og:image\" content=\"https:\/\/bladnanews.com\/wp-content\/uploads\/2026\/01\/BladnaNews-Americans-abroad-Aaronson-and-McKennie-aim-to-build-momentum-in-Europe-2026-01-02T235117.132Z.jpg\" \/>\n\t<meta property=\"og:image:width\" content=\"1920\" \/>\n\t<meta property=\"og:image:height\" content=\"1080\" \/>\n\t<meta property=\"og:image:type\" content=\"image\/jpeg\" \/>\n<meta name=\"author\" content=\"Bladna News Staff\" \/>\n<meta name=\"twitter:card\" content=\"summary_large_image\" \/>\n<meta name=\"twitter:label1\" content=\"\u00c9crit par\" \/>\n\t<meta name=\"twitter:data1\" content=\"Bladna News Staff\" \/>\n\t<meta name=\"twitter:label2\" content=\"Dur\u00e9e de lecture estim\u00e9e\" \/>\n\t<meta name=\"twitter:data2\" content=\"1 minute\" \/>\n<script type=\"application\/ld+json\" class=\"yoast-schema-graph\">{\"@context\":\"https:\\\/\\\/schema.org\",\"@graph\":[{\"@type\":\"Article\",\"@id\":\"https:\\\/\\\/bladnanews.com\\\/americans-abroad-aaronson-and-mckennie-aim-to-build-momentum-in-europe\\\/#article\",\"isPartOf\":{\"@id\":\"https:\\\/\\\/bladnanews.com\\\/americans-abroad-aaronson-and-mckennie-aim-to-build-momentum-in-europe\\\/\"},\"author\":{\"name\":\"Bladna News Staff\",\"@id\":\"https:\\\/\\\/mediumseagreen-eel-531711.hostingersite.com\\\/#\\\/schema\\\/person\\\/268e18a453ab080ebf76df6ef7845083\"},\"headline\":\"Americans abroad: Aaronson and McKennie aim to build momentum in Europe\",\"datePublished\":\"2026-01-02T20:10:56+00:00\",\"mainEntityOfPage\":{\"@id\":\"https:\\\/\\\/bladnanews.com\\\/americans-abroad-aaronson-and-mckennie-aim-to-build-momentum-in-europe\\\/\"},\"wordCount\":235,\"publisher\":{\"@id\":\"https:\\\/\\\/mediumseagreen-eel-531711.hostingersite.com\\\/#organization\"},\"image\":{\"@id\":\"https:\\\/\\\/bladnanews.com\\\/americans-abroad-aaronson-and-mckennie-aim-to-build-momentum-in-europe\\\/#primaryimage\"},\"thumbnailUrl\":\"https:\\\/\\\/bladnanews.com\\\/wp-content\\\/uploads\\\/2026\\\/01\\\/BladnaNews-Americans-abroad-Aaronson-and-McKennie-aim-to-build-momentum-in-Europe-2026-01-02T235117.132Z.jpg\",\"articleSection\":[\"International\",\"Latest News\"],\"inLanguage\":\"fr-FR\",\"copyrightYear\":\"2026\",\"copyrightHolder\":{\"@id\":\"https:\\\/\\\/bladnanews.com\\\/fr\\\/#organization\"}},{\"@type\":\"WebPage\",\"@id\":\"https:\\\/\\\/bladnanews.com\\\/americans-abroad-aaronson-and-mckennie-aim-to-build-momentum-in-europe\\\/\",\"url\":\"https:\\\/\\\/bladnanews.com\\\/americans-abroad-aaronson-and-mckennie-aim-to-build-momentum-in-europe\\\/\",\"name\":\"Americans abroad: Aaronson and McKennie aim to build momentum in Europe - Bladna News\",\"isPartOf\":{\"@id\":\"https:\\\/\\\/mediumseagreen-eel-531711.hostingersite.com\\\/#website\"},\"primaryImageOfPage\":{\"@id\":\"https:\\\/\\\/bladnanews.com\\\/americans-abroad-aaronson-and-mckennie-aim-to-build-momentum-in-europe\\\/#primaryimage\"},\"image\":{\"@id\":\"https:\\\/\\\/bladnanews.com\\\/americans-abroad-aaronson-and-mckennie-aim-to-build-momentum-in-europe\\\/#primaryimage\"},\"thumbnailUrl\":\"https:\\\/\\\/bladnanews.com\\\/wp-content\\\/uploads\\\/2026\\\/01\\\/BladnaNews-Americans-abroad-Aaronson-and-McKennie-aim-to-build-momentum-in-Europe-2026-01-02T235117.132Z.jpg\",\"datePublished\":\"2026-01-02T20:10:56+00:00\",\"breadcrumb\":{\"@id\":\"https:\\\/\\\/bladnanews.com\\\/americans-abroad-aaronson-and-mckennie-aim-to-build-momentum-in-europe\\\/#breadcrumb\"},\"inLanguage\":\"fr-FR\",\"potentialAction\":[{\"@type\":\"ReadAction\",\"target\":[\"https:\\\/\\\/bladnanews.com\\\/americans-abroad-aaronson-and-mckennie-aim-to-build-momentum-in-europe\\\/\"]}]},{\"@type\":\"ImageObject\",\"inLanguage\":\"fr-FR\",\"@id\":\"https:\\\/\\\/bladnanews.com\\\/americans-abroad-aaronson-and-mckennie-aim-to-build-momentum-in-europe\\\/#primaryimage\",\"url\":\"https:\\\/\\\/bladnanews.com\\\/wp-content\\\/uploads\\\/2026\\\/01\\\/BladnaNews-Americans-abroad-Aaronson-and-McKennie-aim-to-build-momentum-in-Europe-2026-01-02T235117.132Z.jpg\",\"contentUrl\":\"https:\\\/\\\/bladnanews.com\\\/wp-content\\\/uploads\\\/2026\\\/01\\\/BladnaNews-Americans-abroad-Aaronson-and-McKennie-aim-to-build-momentum-in-Europe-2026-01-02T235117.132Z.jpg\",\"width\":1600,\"height\":900,\"caption\":\"Brenden Aaronson in Black Leeds kit, flanked by American players in club jerseys: Weston McKennie (Juventus) and another in red. Stars background.\"},{\"@type\":\"BreadcrumbList\",\"@id\":\"https:\\\/\\\/bladnanews.com\\\/americans-abroad-aaronson-and-mckennie-aim-to-build-momentum-in-europe\\\/#breadcrumb\",\"itemListElement\":[{\"@type\":\"ListItem\",\"position\":1,\"name\":\"Home\",\"item\":\"https:\\\/\\\/bladnanews.com\\\/\"},{\"@type\":\"ListItem\",\"position\":2,\"name\":\"Americans abroad: Aaronson and McKennie aim to build momentum in Europe\"}]},{\"@type\":\"WebSite\",\"@id\":\"https:\\\/\\\/mediumseagreen-eel-531711.hostingersite.com\\\/#website\",\"url\":\"https:\\\/\\\/mediumseagreen-eel-531711.hostingersite.com\\\/\",\"name\":\"Bladna News - Morocco\",\"description\":\"Where Moroccan Football Meets the World\",\"publisher\":{\"@id\":\"https:\\\/\\\/mediumseagreen-eel-531711.hostingersite.com\\\/#organization\"},\"potentialAction\":[{\"@type\":\"SearchAction\",\"target\":{\"@type\":\"EntryPoint\",\"urlTemplate\":\"https:\\\/\\\/mediumseagreen-eel-531711.hostingersite.com\\\/?s={search_term_string}\"},\"query-input\":{\"@type\":\"PropertyValueSpecification\",\"valueRequired\":true,\"valueName\":\"search_term_string\"}}],\"inLanguage\":\"fr-FR\"},{\"@type\":\"Organization\",\"@id\":\"https:\\\/\\\/mediumseagreen-eel-531711.hostingersite.com\\\/#organization\",\"name\":\"Bladna News.com\",\"url\":\"https:\\\/\\\/mediumseagreen-eel-531711.hostingersite.com\\\/\",\"logo\":{\"@type\":\"ImageObject\",\"inLanguage\":\"fr-FR\",\"@id\":\"https:\\\/\\\/mediumseagreen-eel-531711.hostingersite.com\\\/#\\\/schema\\\/logo\\\/image\\\/\",\"url\":\"https:\\\/\\\/bladnanews.com\\\/wp-content\\\/uploads\\\/2025\\\/12\\\/logo-bladnanews-V2-web-black-red.png\",\"contentUrl\":\"https:\\\/\\\/bladnanews.com\\\/wp-content\\\/uploads\\\/2025\\\/12\\\/logo-bladnanews-V2-web-black-red.png\",\"width\":703,\"height\":287,\"caption\":\"Bladna News.com\"},\"image\":{\"@id\":\"https:\\\/\\\/mediumseagreen-eel-531711.hostingersite.com\\\/#\\\/schema\\\/logo\\\/image\\\/\"},\"email\":\"info@bladnanews.com\",\"legalName\":\"Bladna News\"},{\"@type\":\"Person\",\"@id\":\"https:\\\/\\\/mediumseagreen-eel-531711.hostingersite.com\\\/#\\\/schema\\\/person\\\/268e18a453ab080ebf76df6ef7845083\",\"name\":\"Bladna News Staff\",\"url\":\"https:\\\/\\\/bladnanews.com\\\/fr\\\/author\\\/bladna-news-staff\\\/\"}]}<\/script>\n<!-- \/ Yoast SEO Premium plugin. -->","yoast_head_json":{"title":"Am\u00e9ricains \u00e0 l'\u00e9tranger : Aaronson et McKennie visent \u00e0 cr\u00e9er un \u00e9lan en Europe - Bladna News","robots":{"index":"index","follow":"follow","max-snippet":"max-snippet:-1","max-image-preview":"max-image-preview:large","max-video-preview":"max-video-preview:-1"},"canonical":"https:\/\/bladnanews.com\/fr\/les-americains-a-letranger-aaronson-et-mckennie-visent-a-prendre-de-lelan-en-europe\/","og_locale":"fr_FR","og_type":"article","og_title":"Americans abroad: Aaronson and McKennie aim to build momentum in Europe","og_description":"American stars Brenden Aaronson and Weston McKennie are looking to build momentum in their respective European clubs this week, while [&hellip;]","og_url":"https:\/\/bladnanews.com\/fr\/les-americains-a-letranger-aaronson-et-mckennie-visent-a-prendre-de-lelan-en-europe\/","og_site_name":"Bladna News","article_published_time":"2026-01-02T20:10:56+00:00","og_image":[{"width":1920,"height":1080,"url":"https:\/\/bladnanews.com\/wp-content\/uploads\/2026\/01\/BladnaNews-Americans-abroad-Aaronson-and-McKennie-aim-to-build-momentum-in-Europe-2026-01-02T235117.132Z.jpg","type":"image\/jpeg"}],"author":"Bladna News Staff","twitter_card":"summary_large_image","twitter_misc":{"\u00c9crit par":"Bladna News Staff","Dur\u00e9e de lecture estim\u00e9e":"1 minute"},"schema":{"@context":"https:\/\/schema.org","@graph":[{"@type":"Article","@id":"https:\/\/bladnanews.com\/americans-abroad-aaronson-and-mckennie-aim-to-build-momentum-in-europe\/#article","isPartOf":{"@id":"https:\/\/bladnanews.com\/americans-abroad-aaronson-and-mckennie-aim-to-build-momentum-in-europe\/"},"author":{"name":"Bladna News Staff","@id":"https:\/\/mediumseagreen-eel-531711.hostingersite.com\/#\/schema\/person\/268e18a453ab080ebf76df6ef7845083"},"headline":"Americans abroad: Aaronson and McKennie aim to build momentum in Europe","datePublished":"2026-01-02T20:10:56+00:00","mainEntityOfPage":{"@id":"https:\/\/bladnanews.com\/americans-abroad-aaronson-and-mckennie-aim-to-build-momentum-in-europe\/"},"wordCount":235,"publisher":{"@id":"https:\/\/mediumseagreen-eel-531711.hostingersite.com\/#organization"},"image":{"@id":"https:\/\/bladnanews.com\/americans-abroad-aaronson-and-mckennie-aim-to-build-momentum-in-europe\/#primaryimage"},"thumbnailUrl":"https:\/\/bladnanews.com\/wp-content\/uploads\/2026\/01\/BladnaNews-Americans-abroad-Aaronson-and-McKennie-aim-to-build-momentum-in-Europe-2026-01-02T235117.132Z.jpg","articleSection":["International","Latest News"],"inLanguage":"fr-FR","copyrightYear":"2026","copyrightHolder":{"@id":"https:\/\/bladnanews.com\/fr\/#organization"}},{"@type":"WebPage","@id":"https:\/\/bladnanews.com\/americans-abroad-aaronson-and-mckennie-aim-to-build-momentum-in-europe\/","url":"https:\/\/bladnanews.com\/americans-abroad-aaronson-and-mckennie-aim-to-build-momentum-in-europe\/","name":"Am\u00e9ricains \u00e0 l'\u00e9tranger : Aaronson et McKennie visent \u00e0 cr\u00e9er un \u00e9lan en Europe - Bladna News","isPartOf":{"@id":"https:\/\/mediumseagreen-eel-531711.hostingersite.com\/#website"},"primaryImageOfPage":{"@id":"https:\/\/bladnanews.com\/americans-abroad-aaronson-and-mckennie-aim-to-build-momentum-in-europe\/#primaryimage"},"image":{"@id":"https:\/\/bladnanews.com\/americans-abroad-aaronson-and-mckennie-aim-to-build-momentum-in-europe\/#primaryimage"},"thumbnailUrl":"https:\/\/bladnanews.com\/wp-content\/uploads\/2026\/01\/BladnaNews-Americans-abroad-Aaronson-and-McKennie-aim-to-build-momentum-in-Europe-2026-01-02T235117.132Z.jpg","datePublished":"2026-01-02T20:10:56+00:00","breadcrumb":{"@id":"https:\/\/bladnanews.com\/americans-abroad-aaronson-and-mckennie-aim-to-build-momentum-in-europe\/#breadcrumb"},"inLanguage":"fr-FR","potentialAction":[{"@type":"ReadAction","target":["https:\/\/bladnanews.com\/americans-abroad-aaronson-and-mckennie-aim-to-build-momentum-in-europe\/"]}]},{"@type":"ImageObject","inLanguage":"fr-FR","@id":"https:\/\/bladnanews.com\/americans-abroad-aaronson-and-mckennie-aim-to-build-momentum-in-europe\/#primaryimage","url":"https:\/\/bladnanews.com\/wp-content\/uploads\/2026\/01\/BladnaNews-Americans-abroad-Aaronson-and-McKennie-aim-to-build-momentum-in-Europe-2026-01-02T235117.132Z.jpg","contentUrl":"https:\/\/bladnanews.com\/wp-content\/uploads\/2026\/01\/BladnaNews-Americans-abroad-Aaronson-and-McKennie-aim-to-build-momentum-in-Europe-2026-01-02T235117.132Z.jpg","width":1600,"height":900,"caption":"Brenden Aaronson in Black Leeds kit, flanked by American players in club jerseys: Weston McKennie (Juventus) and another in red. Stars background."},{"@type":"BreadcrumbList","@id":"https:\/\/bladnanews.com\/americans-abroad-aaronson-and-mckennie-aim-to-build-momentum-in-europe\/#breadcrumb","itemListElement":[{"@type":"ListItem","position":1,"name":"Home","item":"https:\/\/bladnanews.com\/"},{"@type":"ListItem","position":2,"name":"Americans abroad: Aaronson and McKennie aim to build momentum in Europe"}]},{"@type":"WebSite","@id":"https:\/\/mediumseagreen-eel-531711.hostingersite.com\/#website","url":"https:\/\/mediumseagreen-eel-531711.hostingersite.com\/","name":"Bladna News - Maroc","description":"Quand le football marocain rencontre le monde","publisher":{"@id":"https:\/\/mediumseagreen-eel-531711.hostingersite.com\/#organization"},"potentialAction":[{"@type":"SearchAction","target":{"@type":"EntryPoint","urlTemplate":"https:\/\/mediumseagreen-eel-531711.hostingersite.com\/?s={search_term_string}"},"query-input":{"@type":"PropertyValueSpecification","valueRequired":true,"valueName":"search_term_string"}}],"inLanguage":"fr-FR"},{"@type":"Organization","@id":"https:\/\/mediumseagreen-eel-531711.hostingersite.com\/#organization","name":"Bladna News.com","url":"https:\/\/mediumseagreen-eel-531711.hostingersite.com\/","logo":{"@type":"ImageObject","inLanguage":"fr-FR","@id":"https:\/\/mediumseagreen-eel-531711.hostingersite.com\/#\/schema\/logo\/image\/","url":"https:\/\/bladnanews.com\/wp-content\/uploads\/2025\/12\/logo-bladnanews-V2-web-black-red.png","contentUrl":"https:\/\/bladnanews.com\/wp-content\/uploads\/2025\/12\/logo-bladnanews-V2-web-black-red.png","width":703,"height":287,"caption":"Bladna News.com"},"image":{"@id":"https:\/\/mediumseagreen-eel-531711.hostingersite.com\/#\/schema\/logo\/image\/"},"email":"info@bladnanews.com","legalName":"Bladna News"},{"@type":"Person","@id":"https:\/\/mediumseagreen-eel-531711.hostingersite.com\/#\/schema\/person\/268e18a453ab080ebf76df6ef7845083","name":"\u00c9quipe r\u00e9dactionnelle de Bladna News","url":"https:\/\/bladnanews.com\/fr\/author\/bladna-news-staff\/"}]}},"_links":{"self":[{"href":"https:\/\/bladnanews.com\/fr\/wp-json\/wp\/v2\/posts\/1510","targetHints":{"allow":["GET"]}}],"collection":[{"href":"https:\/\/bladnanews.com\/fr\/wp-json\/wp\/v2\/posts"}],"about":[{"href":"https:\/\/bladnanews.com\/fr\/wp-json\/wp\/v2\/types\/post"}],"author":[{"embeddable":true,"href":"https:\/\/bladnanews.com\/fr\/wp-json\/wp\/v2\/users\/3"}],"replies":[{"embeddable":true,"href":"https:\/\/bladnanews.com\/fr\/wp-json\/wp\/v2\/comments?post=1510"}],"version-history":[{"count":0,"href":"https:\/\/bladnanews.com\/fr\/wp-json\/wp\/v2\/posts\/1510\/revisions"}],"wp:featuredmedia":[{"embeddable":true,"href":"https:\/\/bladnanews.com\/fr\/wp-json\/wp\/v2\/media\/1509"}],"wp:attachment":[{"href":"https:\/\/bladnanews.com\/fr\/wp-json\/wp\/v2\/media?parent=1510"}],"wp:term":[{"taxonomy":"category","embeddable":true,"href":"https:\/\/bladnanews.com\/fr\/wp-json\/wp\/v2\/categories?post=1510"},{"taxonomy":"post_tag","embeddable":true,"href":"https:\/\/bladnanews.com\/fr\/wp-json\/wp\/v2\/tags?post=1510"}],"curies":[{"name":"wp","href":"https:\/\/api.w.org\/{rel}","templated":true}]}}