{"id":1518,"date":"2026-01-02T21:00:00","date_gmt":"2026-01-02T21:00:00","guid":{"rendered":"https:\/\/bladnanews.com\/confirmed-club-details-for-upcoming-transfer-window-revealed\/"},"modified":"2026-01-02T21:00:00","modified_gmt":"2026-01-02T21:00:00","slug":"details-du-club-confirmes-pour-la-prochaine-fenetre-de-transfert-reveles","status":"publish","type":"post","link":"https:\/\/bladnanews.com\/fr\/details-du-club-confirmes-pour-la-prochaine-fenetre-de-transfert-reveles\/","title":{"rendered":"Confirm\u00e9 : les d\u00e9tails du club pour la prochaine fen\u00eatre de transfert r\u00e9v\u00e9l\u00e9s"},"content":{"rendered":"<p>La prochaine fen\u00eatre de transfert de football verra plusieurs clubs finaliser leurs plans bien \u00e0 l'avance, comme le r\u00e9v\u00e8lent des rapports r\u00e9cents.<\/p>\n<p>Les clubs des grandes ligues posent d\u00e9j\u00e0 les bases pour r\u00e9pondre aux besoins de l'\u00e9quipe. Des initi\u00e9s confirment que la fen\u00eatre s'ouvrira le 1er janvier 2023 et se fermera le 31 janvier 2023, permettant aux \u00e9quipes quatre semaines pour ex\u00e9cuter leurs transactions de transfert.<\/p>\n<p>Une attention particuli\u00e8re sera port\u00e9e sur les \u00e9quipes de la Premier League, dont beaucoup se pr\u00e9parent \u00e0 investir massivement pour renforcer leurs effectifs en milieu de saison. Pendant ce temps, les clubs de La Liga et de la Serie A devraient \u00e9galement effectuer des signatures strat\u00e9giques.<\/p>\n<p>\u201c Nous avons une clart\u00e9 sur les dates et l'\u00e9tendue de la fen\u00eatre de transfert, ce qui permet \u00e0 notre club de planifier m\u00e9ticuleusement \u201d, a d\u00e9clar\u00e9 un responsable d'un club de premi\u00e8re division. \u201c Il est crucial de finaliser les cibles t\u00f4t et d'\u00e9viter les obstacles de derni\u00e8re minute. \u201d<\/p>\n<p>Les calendriers de comp\u00e9tition confirm\u00e9s p\u00e8sent lourdement dans ces plans. Les \u00e9quipes engag\u00e9es dans des tournois europ\u00e9ens sont susceptibles d'acc\u00e9l\u00e9rer l'activit\u00e9 de transfert pour garantir une profondeur suffisante.<\/p>\n<p>La r\u00e9v\u00e9lation de ces d\u00e9tails fournit une image plus claire de la fa\u00e7on dont la prochaine fen\u00eatre de transfert se d\u00e9roulera. Les clubs ont maintenant pour objectif de renforcer efficacement leurs effectifs dans le d\u00e9lai fix\u00e9, marquant ce qui promet d'\u00eatre une p\u00e9riode active et strat\u00e9gique dans le calendrier du football.<\/p>","protected":false},"excerpt":{"rendered":"<p>The upcoming football transfer window will see several clubs finalizing their plans well in advance, as revealed in recent reports. [&hellip;]<\/p>\n","protected":false},"author":3,"featured_media":0,"comment_status":"","ping_status":"open","sticky":false,"template":"","format":"standard","meta":{"googlesitekit_rrm_CAow_uzEDA:productID":"","site-sidebar-layout":"default","site-content-layout":"","ast-site-content-layout":"default","site-content-style":"default","site-sidebar-style":"default","ast-global-header-display":"","ast-banner-title-visibility":"","ast-main-header-display":"","ast-hfb-above-header-display":"","ast-hfb-below-header-display":"","ast-hfb-mobile-header-display":"","site-post-title":"","ast-breadcrumbs-content":"","ast-featured-img":"","footer-sml-layout":"","ast-disable-related-posts":"","theme-transparent-header-meta":"","adv-header-id-meta":"","stick-header-meta":"","header-above-stick-meta":"","header-main-stick-meta":"","header-below-stick-meta":"","astra-migrate-meta-layouts":"default","ast-page-background-enabled":"default","ast-page-background-meta":{"desktop":{"background-color":"var(--ast-global-color-5)","background-image":"","background-repeat":"repeat","background-position":"center center","background-size":"auto","background-attachment":"scroll","background-type":"","background-media":"","overlay-type":"","overlay-color":"","overlay-opacity":"","overlay-gradient":""},"tablet":{"background-color":"","background-image":"","background-repeat":"repeat","background-position":"center center","background-size":"auto","background-attachment":"scroll","background-type":"","background-media":"","overlay-type":"","overlay-color":"","overlay-opacity":"","overlay-gradient":""},"mobile":{"background-color":"","background-image":"","background-repeat":"repeat","background-position":"center center","background-size":"auto","background-attachment":"scroll","background-type":"","background-media":"","overlay-type":"","overlay-color":"","overlay-opacity":"","overlay-gradient":""}},"ast-content-background-meta":{"desktop":{"background-color":"var(--ast-global-color-4)","background-image":"","background-repeat":"repeat","background-position":"center center","background-size":"auto","background-attachment":"scroll","background-type":"","background-media":"","overlay-type":"","overlay-color":"","overlay-opacity":"","overlay-gradient":""},"tablet":{"background-color":"var(--ast-global-color-4)","background-image":"","background-repeat":"repeat","background-position":"center center","background-size":"auto","background-attachment":"scroll","background-type":"","background-media":"","overlay-type":"","overlay-color":"","overlay-opacity":"","overlay-gradient":""},"mobile":{"background-color":"var(--ast-global-color-4)","background-image":"","background-repeat":"repeat","background-position":"center center","background-size":"auto","background-attachment":"scroll","background-type":"","background-media":"","overlay-type":"","overlay-color":"","overlay-opacity":"","overlay-gradient":""}},"footnotes":""},"categories":[20,1],"tags":[],"class_list":["post-1518","post","type-post","status-publish","format-standard","hentry","category-international","category-football-latest-news"],"yoast_head":"<!-- This site is optimized with the Yoast SEO Premium plugin v26.6 (Yoast SEO v27.5) - https:\/\/yoast.com\/product\/yoast-seo-premium-wordpress\/ -->\n<title>Confirmed: club details for upcoming transfer window revealed - Bladna News<\/title>\n<meta name=\"robots\" content=\"index, follow, max-snippet:-1, max-image-preview:large, max-video-preview:-1\" \/>\n<link rel=\"canonical\" href=\"https:\/\/bladnanews.com\/fr\/details-du-club-confirmes-pour-la-prochaine-fenetre-de-transfert-reveles\/\" \/>\n<meta property=\"og:locale\" content=\"fr_FR\" \/>\n<meta property=\"og:type\" content=\"article\" \/>\n<meta property=\"og:title\" content=\"Confirmed: club details for upcoming transfer window revealed\" \/>\n<meta property=\"og:description\" content=\"The upcoming football transfer window will see several clubs finalizing their plans well in advance, as revealed in recent reports. [&hellip;]\" \/>\n<meta property=\"og:url\" content=\"https:\/\/bladnanews.com\/fr\/details-du-club-confirmes-pour-la-prochaine-fenetre-de-transfert-reveles\/\" \/>\n<meta property=\"og:site_name\" content=\"Bladna News\" \/>\n<meta property=\"article:published_time\" content=\"2026-01-02T21:00:00+00:00\" \/>\n<meta property=\"og:image\" content=\"https:\/\/bladnanews.com\/wp-content\/uploads\/2026\/01\/BladnaNews-Confirmed-club-details-for-upcoming-transfer-window-revealed-2026-01-03T015042.524Z.jpg\" \/>\n\t<meta property=\"og:image:width\" content=\"1200\" \/>\n\t<meta property=\"og:image:height\" content=\"630\" \/>\n\t<meta property=\"og:image:type\" content=\"image\/jpeg\" \/>\n<meta name=\"author\" content=\"Bladna News Staff\" \/>\n<meta name=\"twitter:card\" content=\"summary_large_image\" \/>\n<meta name=\"twitter:label1\" content=\"\u00c9crit par\" \/>\n\t<meta name=\"twitter:data1\" content=\"Bladna News Staff\" \/>\n\t<meta name=\"twitter:label2\" content=\"Dur\u00e9e de lecture estim\u00e9e\" \/>\n\t<meta name=\"twitter:data2\" content=\"1 minute\" \/>\n<script type=\"application\/ld+json\" class=\"yoast-schema-graph\">{\"@context\":\"https:\\\/\\\/schema.org\",\"@graph\":[{\"@type\":\"Article\",\"@id\":\"https:\\\/\\\/bladnanews.com\\\/confirmed-club-details-for-upcoming-transfer-window-revealed\\\/#article\",\"isPartOf\":{\"@id\":\"https:\\\/\\\/bladnanews.com\\\/confirmed-club-details-for-upcoming-transfer-window-revealed\\\/\"},\"author\":{\"name\":\"Bladna News Staff\",\"@id\":\"https:\\\/\\\/mediumseagreen-eel-531711.hostingersite.com\\\/#\\\/schema\\\/person\\\/268e18a453ab080ebf76df6ef7845083\"},\"headline\":\"Confirmed: club details for upcoming transfer window revealed\",\"datePublished\":\"2026-01-02T21:00:00+00:00\",\"mainEntityOfPage\":{\"@id\":\"https:\\\/\\\/bladnanews.com\\\/confirmed-club-details-for-upcoming-transfer-window-revealed\\\/\"},\"wordCount\":236,\"publisher\":{\"@id\":\"https:\\\/\\\/mediumseagreen-eel-531711.hostingersite.com\\\/#organization\"},\"articleSection\":[\"International\",\"Latest News\"],\"inLanguage\":\"fr-FR\",\"copyrightYear\":\"2026\",\"copyrightHolder\":{\"@id\":\"https:\\\/\\\/bladnanews.com\\\/fr\\\/#organization\"}},{\"@type\":\"WebPage\",\"@id\":\"https:\\\/\\\/bladnanews.com\\\/confirmed-club-details-for-upcoming-transfer-window-revealed\\\/\",\"url\":\"https:\\\/\\\/bladnanews.com\\\/confirmed-club-details-for-upcoming-transfer-window-revealed\\\/\",\"name\":\"Confirmed: club details for upcoming transfer window revealed - Bladna News\",\"isPartOf\":{\"@id\":\"https:\\\/\\\/mediumseagreen-eel-531711.hostingersite.com\\\/#website\"},\"datePublished\":\"2026-01-02T21:00:00+00:00\",\"breadcrumb\":{\"@id\":\"https:\\\/\\\/bladnanews.com\\\/confirmed-club-details-for-upcoming-transfer-window-revealed\\\/#breadcrumb\"},\"inLanguage\":\"fr-FR\",\"potentialAction\":[{\"@type\":\"ReadAction\",\"target\":[\"https:\\\/\\\/bladnanews.com\\\/confirmed-club-details-for-upcoming-transfer-window-revealed\\\/\"]}]},{\"@type\":\"BreadcrumbList\",\"@id\":\"https:\\\/\\\/bladnanews.com\\\/confirmed-club-details-for-upcoming-transfer-window-revealed\\\/#breadcrumb\",\"itemListElement\":[{\"@type\":\"ListItem\",\"position\":1,\"name\":\"Home\",\"item\":\"https:\\\/\\\/bladnanews.com\\\/\"},{\"@type\":\"ListItem\",\"position\":2,\"name\":\"Confirmed: club details for upcoming transfer window revealed\"}]},{\"@type\":\"WebSite\",\"@id\":\"https:\\\/\\\/mediumseagreen-eel-531711.hostingersite.com\\\/#website\",\"url\":\"https:\\\/\\\/mediumseagreen-eel-531711.hostingersite.com\\\/\",\"name\":\"Bladna News - Morocco\",\"description\":\"Where Moroccan Football Meets the World\",\"publisher\":{\"@id\":\"https:\\\/\\\/mediumseagreen-eel-531711.hostingersite.com\\\/#organization\"},\"potentialAction\":[{\"@type\":\"SearchAction\",\"target\":{\"@type\":\"EntryPoint\",\"urlTemplate\":\"https:\\\/\\\/mediumseagreen-eel-531711.hostingersite.com\\\/?s={search_term_string}\"},\"query-input\":{\"@type\":\"PropertyValueSpecification\",\"valueRequired\":true,\"valueName\":\"search_term_string\"}}],\"inLanguage\":\"fr-FR\"},{\"@type\":\"Organization\",\"@id\":\"https:\\\/\\\/mediumseagreen-eel-531711.hostingersite.com\\\/#organization\",\"name\":\"Bladna News.com\",\"url\":\"https:\\\/\\\/mediumseagreen-eel-531711.hostingersite.com\\\/\",\"logo\":{\"@type\":\"ImageObject\",\"inLanguage\":\"fr-FR\",\"@id\":\"https:\\\/\\\/mediumseagreen-eel-531711.hostingersite.com\\\/#\\\/schema\\\/logo\\\/image\\\/\",\"url\":\"https:\\\/\\\/bladnanews.com\\\/wp-content\\\/uploads\\\/2025\\\/12\\\/logo-bladnanews-V2-web-black-red.png\",\"contentUrl\":\"https:\\\/\\\/bladnanews.com\\\/wp-content\\\/uploads\\\/2025\\\/12\\\/logo-bladnanews-V2-web-black-red.png\",\"width\":703,\"height\":287,\"caption\":\"Bladna News.com\"},\"image\":{\"@id\":\"https:\\\/\\\/mediumseagreen-eel-531711.hostingersite.com\\\/#\\\/schema\\\/logo\\\/image\\\/\"},\"email\":\"info@bladnanews.com\",\"legalName\":\"Bladna News\"},{\"@type\":\"Person\",\"@id\":\"https:\\\/\\\/mediumseagreen-eel-531711.hostingersite.com\\\/#\\\/schema\\\/person\\\/268e18a453ab080ebf76df6ef7845083\",\"name\":\"Bladna News Staff\",\"url\":\"https:\\\/\\\/bladnanews.com\\\/fr\\\/author\\\/bladna-news-staff\\\/\"}]}<\/script>\n<!-- \/ Yoast SEO Premium plugin. -->","yoast_head_json":{"title":"Confirm\u00e9 : d\u00e9tails du club pour la prochaine fen\u00eatre de transfert r\u00e9v\u00e9l\u00e9s - Bladna News","robots":{"index":"index","follow":"follow","max-snippet":"max-snippet:-1","max-image-preview":"max-image-preview:large","max-video-preview":"max-video-preview:-1"},"canonical":"https:\/\/bladnanews.com\/fr\/details-du-club-confirmes-pour-la-prochaine-fenetre-de-transfert-reveles\/","og_locale":"fr_FR","og_type":"article","og_title":"Confirmed: club details for upcoming transfer window revealed","og_description":"The upcoming football transfer window will see several clubs finalizing their plans well in advance, as revealed in recent reports. [&hellip;]","og_url":"https:\/\/bladnanews.com\/fr\/details-du-club-confirmes-pour-la-prochaine-fenetre-de-transfert-reveles\/","og_site_name":"Bladna News","article_published_time":"2026-01-02T21:00:00+00:00","og_image":[{"width":1200,"height":630,"url":"https:\/\/bladnanews.com\/wp-content\/uploads\/2026\/01\/BladnaNews-Confirmed-club-details-for-upcoming-transfer-window-revealed-2026-01-03T015042.524Z.jpg","type":"image\/jpeg"}],"author":"Bladna News Staff","twitter_card":"summary_large_image","twitter_misc":{"\u00c9crit par":"Bladna News Staff","Dur\u00e9e de lecture estim\u00e9e":"1 minute"},"schema":{"@context":"https:\/\/schema.org","@graph":[{"@type":"Article","@id":"https:\/\/bladnanews.com\/confirmed-club-details-for-upcoming-transfer-window-revealed\/#article","isPartOf":{"@id":"https:\/\/bladnanews.com\/confirmed-club-details-for-upcoming-transfer-window-revealed\/"},"author":{"name":"Bladna News Staff","@id":"https:\/\/mediumseagreen-eel-531711.hostingersite.com\/#\/schema\/person\/268e18a453ab080ebf76df6ef7845083"},"headline":"Confirmed: club details for upcoming transfer window revealed","datePublished":"2026-01-02T21:00:00+00:00","mainEntityOfPage":{"@id":"https:\/\/bladnanews.com\/confirmed-club-details-for-upcoming-transfer-window-revealed\/"},"wordCount":236,"publisher":{"@id":"https:\/\/mediumseagreen-eel-531711.hostingersite.com\/#organization"},"articleSection":["International","Latest News"],"inLanguage":"fr-FR","copyrightYear":"2026","copyrightHolder":{"@id":"https:\/\/bladnanews.com\/fr\/#organization"}},{"@type":"WebPage","@id":"https:\/\/bladnanews.com\/confirmed-club-details-for-upcoming-transfer-window-revealed\/","url":"https:\/\/bladnanews.com\/confirmed-club-details-for-upcoming-transfer-window-revealed\/","name":"Confirm\u00e9 : d\u00e9tails du club pour la prochaine fen\u00eatre de transfert r\u00e9v\u00e9l\u00e9s - Bladna News","isPartOf":{"@id":"https:\/\/mediumseagreen-eel-531711.hostingersite.com\/#website"},"datePublished":"2026-01-02T21:00:00+00:00","breadcrumb":{"@id":"https:\/\/bladnanews.com\/confirmed-club-details-for-upcoming-transfer-window-revealed\/#breadcrumb"},"inLanguage":"fr-FR","potentialAction":[{"@type":"ReadAction","target":["https:\/\/bladnanews.com\/confirmed-club-details-for-upcoming-transfer-window-revealed\/"]}]},{"@type":"BreadcrumbList","@id":"https:\/\/bladnanews.com\/confirmed-club-details-for-upcoming-transfer-window-revealed\/#breadcrumb","itemListElement":[{"@type":"ListItem","position":1,"name":"Home","item":"https:\/\/bladnanews.com\/"},{"@type":"ListItem","position":2,"name":"Confirmed: club details for upcoming transfer window revealed"}]},{"@type":"WebSite","@id":"https:\/\/mediumseagreen-eel-531711.hostingersite.com\/#website","url":"https:\/\/mediumseagreen-eel-531711.hostingersite.com\/","name":"Bladna News - Maroc","description":"Quand le football marocain rencontre le monde","publisher":{"@id":"https:\/\/mediumseagreen-eel-531711.hostingersite.com\/#organization"},"potentialAction":[{"@type":"SearchAction","target":{"@type":"EntryPoint","urlTemplate":"https:\/\/mediumseagreen-eel-531711.hostingersite.com\/?s={search_term_string}"},"query-input":{"@type":"PropertyValueSpecification","valueRequired":true,"valueName":"search_term_string"}}],"inLanguage":"fr-FR"},{"@type":"Organization","@id":"https:\/\/mediumseagreen-eel-531711.hostingersite.com\/#organization","name":"Bladna News.com","url":"https:\/\/mediumseagreen-eel-531711.hostingersite.com\/","logo":{"@type":"ImageObject","inLanguage":"fr-FR","@id":"https:\/\/mediumseagreen-eel-531711.hostingersite.com\/#\/schema\/logo\/image\/","url":"https:\/\/bladnanews.com\/wp-content\/uploads\/2025\/12\/logo-bladnanews-V2-web-black-red.png","contentUrl":"https:\/\/bladnanews.com\/wp-content\/uploads\/2025\/12\/logo-bladnanews-V2-web-black-red.png","width":703,"height":287,"caption":"Bladna News.com"},"image":{"@id":"https:\/\/mediumseagreen-eel-531711.hostingersite.com\/#\/schema\/logo\/image\/"},"email":"info@bladnanews.com","legalName":"Bladna News"},{"@type":"Person","@id":"https:\/\/mediumseagreen-eel-531711.hostingersite.com\/#\/schema\/person\/268e18a453ab080ebf76df6ef7845083","name":"\u00c9quipe r\u00e9dactionnelle de Bladna News","url":"https:\/\/bladnanews.com\/fr\/author\/bladna-news-staff\/"}]}},"_links":{"self":[{"href":"https:\/\/bladnanews.com\/fr\/wp-json\/wp\/v2\/posts\/1518","targetHints":{"allow":["GET"]}}],"collection":[{"href":"https:\/\/bladnanews.com\/fr\/wp-json\/wp\/v2\/posts"}],"about":[{"href":"https:\/\/bladnanews.com\/fr\/wp-json\/wp\/v2\/types\/post"}],"author":[{"embeddable":true,"href":"https:\/\/bladnanews.com\/fr\/wp-json\/wp\/v2\/users\/3"}],"replies":[{"embeddable":true,"href":"https:\/\/bladnanews.com\/fr\/wp-json\/wp\/v2\/comments?post=1518"}],"version-history":[{"count":0,"href":"https:\/\/bladnanews.com\/fr\/wp-json\/wp\/v2\/posts\/1518\/revisions"}],"wp:attachment":[{"href":"https:\/\/bladnanews.com\/fr\/wp-json\/wp\/v2\/media?parent=1518"}],"wp:term":[{"taxonomy":"category","embeddable":true,"href":"https:\/\/bladnanews.com\/fr\/wp-json\/wp\/v2\/categories?post=1518"},{"taxonomy":"post_tag","embeddable":true,"href":"https:\/\/bladnanews.com\/fr\/wp-json\/wp\/v2\/tags?post=1518"}],"curies":[{"name":"wp","href":"https:\/\/api.w.org\/{rel}","templated":true}]}}