{"id":1524,"date":"2026-01-02T21:53:45","date_gmt":"2026-01-02T21:53:45","guid":{"rendered":"https:\/\/bladnanews.com\/chelsea-under-21s-coach-excited-to-replace-enzo-maresca-ahead-of-city-clash\/"},"modified":"2026-01-02T21:53:45","modified_gmt":"2026-01-02T21:53:45","slug":"lentraineur-des-moins-de-21-ans-de-chelsea-est-impatient-de-remplacer-enzo-maresca-avant-le-match-contre-city","status":"publish","type":"post","link":"https:\/\/bladnanews.com\/fr\/lentraineur-des-moins-de-21-ans-de-chelsea-est-impatient-de-remplacer-enzo-maresca-avant-le-match-contre-city\/","title":{"rendered":"L'entra\u00eeneur des moins de 21 ans de Chelsea est enthousiaste \u00e0 l'id\u00e9e de remplacer Enzo Maresca avant le choc contre City"},"content":{"rendered":"<p>Joe Edwards, l'entra\u00eeneur des moins de 21 ans de Chelsea, a qualifi\u00e9 son nouveau r\u00f4le de \u201cvraiment agr\u00e9able et excitant\u201d apr\u00e8s avoir remplac\u00e9 Enzo Maresca. Edwards dirigera la jeune \u00e9quipe des Blues qui se pr\u00e9pare \u00e0 affronter les moins de 21 ans de Manchester City en Premier League 2.<\/p>\n<p>Ayant pris ses fonctions r\u00e9cemment, Edwards a parl\u00e9 en termes positifs de l'\u00e9nergie au sein du groupe et de l'opportunit\u00e9 de guider les joueurs dans un match exigeant. \u201cIl y a vraiment une bonne \u00e9nergie au sein de l'\u00e9quipe\u201d, a-t-il d\u00e9clar\u00e9 en \u00e9voquant l'atmosph\u00e8re qui r\u00e9gnait avant le match.<\/p>\n<p>Le match contre City s'annonce comme un d\u00e9fi de taille, les deux \u00e9quipes cherchant \u00e0 faire forte impression dans la comp\u00e9tition. Edwards a reconnu l'importance de ce match, soulignant l'importance de la concentration et de l'engagement de son \u00e9quipe.<\/p>\n<p>Il a \u00e9galement \u00e9voqu\u00e9 la transition qui a suivi le d\u00e9part de Maresca, saluant les fondations laiss\u00e9es derri\u00e8re lui et le potentiel de croissance sous sa direction. \u201cLe travail d'Enzo a donn\u00e9 un excellent ton et je suis heureux de poursuivre dans cette voie\u201d, a ajout\u00e9 M. Edwards, soulignant son enthousiasme pour le poste.<\/p>\n<p>Avec des joueurs motiv\u00e9s et des pr\u00e9parations en cours, les jeunes talents de Chelsea ont l'intention de s'appuyer sur leurs r\u00e9centes performances et de d\u00e9montrer leur qualit\u00e9 face \u00e0 l'une des meilleures \u00e9quipes de jeunes de la ligue. Le match, qui devrait avoir lieu prochainement, constituera le premier grand test pour Edwards \u00e0 la t\u00eate de l'\u00e9quipe.<\/p>","protected":false},"excerpt":{"rendered":"<p>Chelsea Under-21s coach Joe Edwards has described his new role as \u201creally enjoyable and exciting\u201d after stepping in as the [&hellip;]<\/p>\n","protected":false},"author":3,"featured_media":1523,"comment_status":"","ping_status":"open","sticky":false,"template":"","format":"standard","meta":{"googlesitekit_rrm_CAow_uzEDA:productID":"","site-sidebar-layout":"default","site-content-layout":"","ast-site-content-layout":"default","site-content-style":"default","site-sidebar-style":"default","ast-global-header-display":"","ast-banner-title-visibility":"","ast-main-header-display":"","ast-hfb-above-header-display":"","ast-hfb-below-header-display":"","ast-hfb-mobile-header-display":"","site-post-title":"","ast-breadcrumbs-content":"","ast-featured-img":"","footer-sml-layout":"","ast-disable-related-posts":"","theme-transparent-header-meta":"","adv-header-id-meta":"","stick-header-meta":"","header-above-stick-meta":"","header-main-stick-meta":"","header-below-stick-meta":"","astra-migrate-meta-layouts":"default","ast-page-background-enabled":"default","ast-page-background-meta":{"desktop":{"background-color":"var(--ast-global-color-5)","background-image":"","background-repeat":"repeat","background-position":"center center","background-size":"auto","background-attachment":"scroll","background-type":"","background-media":"","overlay-type":"","overlay-color":"","overlay-opacity":"","overlay-gradient":""},"tablet":{"background-color":"","background-image":"","background-repeat":"repeat","background-position":"center center","background-size":"auto","background-attachment":"scroll","background-type":"","background-media":"","overlay-type":"","overlay-color":"","overlay-opacity":"","overlay-gradient":""},"mobile":{"background-color":"","background-image":"","background-repeat":"repeat","background-position":"center center","background-size":"auto","background-attachment":"scroll","background-type":"","background-media":"","overlay-type":"","overlay-color":"","overlay-opacity":"","overlay-gradient":""}},"ast-content-background-meta":{"desktop":{"background-color":"var(--ast-global-color-4)","background-image":"","background-repeat":"repeat","background-position":"center center","background-size":"auto","background-attachment":"scroll","background-type":"","background-media":"","overlay-type":"","overlay-color":"","overlay-opacity":"","overlay-gradient":""},"tablet":{"background-color":"var(--ast-global-color-4)","background-image":"","background-repeat":"repeat","background-position":"center center","background-size":"auto","background-attachment":"scroll","background-type":"","background-media":"","overlay-type":"","overlay-color":"","overlay-opacity":"","overlay-gradient":""},"mobile":{"background-color":"var(--ast-global-color-4)","background-image":"","background-repeat":"repeat","background-position":"center center","background-size":"auto","background-attachment":"scroll","background-type":"","background-media":"","overlay-type":"","overlay-color":"","overlay-opacity":"","overlay-gradient":""}},"footnotes":""},"categories":[20,1],"tags":[],"class_list":["post-1524","post","type-post","status-publish","format-standard","has-post-thumbnail","hentry","category-international","category-football-latest-news"],"yoast_head":"<!-- This site is optimized with the Yoast SEO Premium plugin v26.6 (Yoast SEO v27.5) - https:\/\/yoast.com\/product\/yoast-seo-premium-wordpress\/ -->\n<title>Chelsea Under-21s coach excited to replace Enzo Maresca ahead of City clash - Bladna News<\/title>\n<meta name=\"robots\" content=\"index, follow, max-snippet:-1, max-image-preview:large, max-video-preview:-1\" \/>\n<link rel=\"canonical\" href=\"https:\/\/bladnanews.com\/fr\/lentraineur-des-moins-de-21-ans-de-chelsea-est-impatient-de-remplacer-enzo-maresca-avant-le-match-contre-city\/\" \/>\n<meta property=\"og:locale\" content=\"fr_FR\" \/>\n<meta property=\"og:type\" content=\"article\" \/>\n<meta property=\"og:title\" content=\"Chelsea Under-21s coach excited to replace Enzo Maresca ahead of City clash\" \/>\n<meta property=\"og:description\" content=\"Chelsea Under-21s coach Joe Edwards has described his new role as \u201creally enjoyable and exciting\u201d after stepping in as the [&hellip;]\" \/>\n<meta property=\"og:url\" content=\"https:\/\/bladnanews.com\/fr\/lentraineur-des-moins-de-21-ans-de-chelsea-est-impatient-de-remplacer-enzo-maresca-avant-le-match-contre-city\/\" \/>\n<meta property=\"og:site_name\" content=\"Bladna News\" \/>\n<meta property=\"article:published_time\" content=\"2026-01-02T21:53:45+00:00\" \/>\n<meta property=\"og:image\" content=\"https:\/\/bladnanews.com\/wp-content\/uploads\/2026\/01\/BladnaNews-Chelsea-Under-21s-coach-excited-to-replace-Enzo-Maresca-ahead-of-City-clash-2026-01-03T035034.058Z.jpg\" \/>\n\t<meta property=\"og:image:width\" content=\"1600\" \/>\n\t<meta property=\"og:image:height\" content=\"900\" \/>\n\t<meta property=\"og:image:type\" content=\"image\/jpeg\" \/>\n<meta name=\"author\" content=\"Bladna News Staff\" \/>\n<meta name=\"twitter:card\" content=\"summary_large_image\" \/>\n<meta name=\"twitter:label1\" content=\"\u00c9crit par\" \/>\n\t<meta name=\"twitter:data1\" content=\"Bladna News Staff\" \/>\n\t<meta name=\"twitter:label2\" content=\"Dur\u00e9e de lecture estim\u00e9e\" \/>\n\t<meta name=\"twitter:data2\" content=\"1 minute\" \/>\n<script type=\"application\/ld+json\" class=\"yoast-schema-graph\">{\"@context\":\"https:\\\/\\\/schema.org\",\"@graph\":[{\"@type\":\"Article\",\"@id\":\"https:\\\/\\\/bladnanews.com\\\/chelsea-under-21s-coach-excited-to-replace-enzo-maresca-ahead-of-city-clash\\\/#article\",\"isPartOf\":{\"@id\":\"https:\\\/\\\/bladnanews.com\\\/chelsea-under-21s-coach-excited-to-replace-enzo-maresca-ahead-of-city-clash\\\/\"},\"author\":{\"name\":\"Bladna News Staff\",\"@id\":\"https:\\\/\\\/mediumseagreen-eel-531711.hostingersite.com\\\/#\\\/schema\\\/person\\\/268e18a453ab080ebf76df6ef7845083\"},\"headline\":\"Chelsea Under-21s coach excited to replace Enzo Maresca ahead of City clash\",\"datePublished\":\"2026-01-02T21:53:45+00:00\",\"mainEntityOfPage\":{\"@id\":\"https:\\\/\\\/bladnanews.com\\\/chelsea-under-21s-coach-excited-to-replace-enzo-maresca-ahead-of-city-clash\\\/\"},\"wordCount\":237,\"publisher\":{\"@id\":\"https:\\\/\\\/mediumseagreen-eel-531711.hostingersite.com\\\/#organization\"},\"image\":{\"@id\":\"https:\\\/\\\/bladnanews.com\\\/chelsea-under-21s-coach-excited-to-replace-enzo-maresca-ahead-of-city-clash\\\/#primaryimage\"},\"thumbnailUrl\":\"https:\\\/\\\/bladnanews.com\\\/wp-content\\\/uploads\\\/2026\\\/01\\\/BladnaNews-Chelsea-Under-21s-coach-excited-to-replace-Enzo-Maresca-ahead-of-City-clash-2026-01-03T035034.058Z.jpg\",\"articleSection\":[\"International\",\"Latest News\"],\"inLanguage\":\"fr-FR\",\"copyrightYear\":\"2026\",\"copyrightHolder\":{\"@id\":\"https:\\\/\\\/bladnanews.com\\\/fr\\\/#organization\"}},{\"@type\":\"WebPage\",\"@id\":\"https:\\\/\\\/bladnanews.com\\\/chelsea-under-21s-coach-excited-to-replace-enzo-maresca-ahead-of-city-clash\\\/\",\"url\":\"https:\\\/\\\/bladnanews.com\\\/chelsea-under-21s-coach-excited-to-replace-enzo-maresca-ahead-of-city-clash\\\/\",\"name\":\"Chelsea Under-21s coach excited to replace Enzo Maresca ahead of City clash - Bladna News\",\"isPartOf\":{\"@id\":\"https:\\\/\\\/mediumseagreen-eel-531711.hostingersite.com\\\/#website\"},\"primaryImageOfPage\":{\"@id\":\"https:\\\/\\\/bladnanews.com\\\/chelsea-under-21s-coach-excited-to-replace-enzo-maresca-ahead-of-city-clash\\\/#primaryimage\"},\"image\":{\"@id\":\"https:\\\/\\\/bladnanews.com\\\/chelsea-under-21s-coach-excited-to-replace-enzo-maresca-ahead-of-city-clash\\\/#primaryimage\"},\"thumbnailUrl\":\"https:\\\/\\\/bladnanews.com\\\/wp-content\\\/uploads\\\/2026\\\/01\\\/BladnaNews-Chelsea-Under-21s-coach-excited-to-replace-Enzo-Maresca-ahead-of-City-clash-2026-01-03T035034.058Z.jpg\",\"datePublished\":\"2026-01-02T21:53:45+00:00\",\"breadcrumb\":{\"@id\":\"https:\\\/\\\/bladnanews.com\\\/chelsea-under-21s-coach-excited-to-replace-enzo-maresca-ahead-of-city-clash\\\/#breadcrumb\"},\"inLanguage\":\"fr-FR\",\"potentialAction\":[{\"@type\":\"ReadAction\",\"target\":[\"https:\\\/\\\/bladnanews.com\\\/chelsea-under-21s-coach-excited-to-replace-enzo-maresca-ahead-of-city-clash\\\/\"]}]},{\"@type\":\"ImageObject\",\"inLanguage\":\"fr-FR\",\"@id\":\"https:\\\/\\\/bladnanews.com\\\/chelsea-under-21s-coach-excited-to-replace-enzo-maresca-ahead-of-city-clash\\\/#primaryimage\",\"url\":\"https:\\\/\\\/bladnanews.com\\\/wp-content\\\/uploads\\\/2026\\\/01\\\/BladnaNews-Chelsea-Under-21s-coach-excited-to-replace-Enzo-Maresca-ahead-of-City-clash-2026-01-03T035034.058Z.jpg\",\"contentUrl\":\"https:\\\/\\\/bladnanews.com\\\/wp-content\\\/uploads\\\/2026\\\/01\\\/BladnaNews-Chelsea-Under-21s-coach-excited-to-replace-Enzo-Maresca-ahead-of-City-clash-2026-01-03T035034.058Z.jpg\",\"width\":1600,\"height\":900,\"caption\":\"Chelsea Under-21s coach smiles at a press conference, while former coach Enzo Maresca looks thoughtful in the background, both in team attire.\"},{\"@type\":\"BreadcrumbList\",\"@id\":\"https:\\\/\\\/bladnanews.com\\\/chelsea-under-21s-coach-excited-to-replace-enzo-maresca-ahead-of-city-clash\\\/#breadcrumb\",\"itemListElement\":[{\"@type\":\"ListItem\",\"position\":1,\"name\":\"Home\",\"item\":\"https:\\\/\\\/bladnanews.com\\\/\"},{\"@type\":\"ListItem\",\"position\":2,\"name\":\"Chelsea Under-21s coach excited to replace Enzo Maresca ahead of City clash\"}]},{\"@type\":\"WebSite\",\"@id\":\"https:\\\/\\\/mediumseagreen-eel-531711.hostingersite.com\\\/#website\",\"url\":\"https:\\\/\\\/mediumseagreen-eel-531711.hostingersite.com\\\/\",\"name\":\"Bladna News - Morocco\",\"description\":\"Where Moroccan Football Meets the World\",\"publisher\":{\"@id\":\"https:\\\/\\\/mediumseagreen-eel-531711.hostingersite.com\\\/#organization\"},\"potentialAction\":[{\"@type\":\"SearchAction\",\"target\":{\"@type\":\"EntryPoint\",\"urlTemplate\":\"https:\\\/\\\/mediumseagreen-eel-531711.hostingersite.com\\\/?s={search_term_string}\"},\"query-input\":{\"@type\":\"PropertyValueSpecification\",\"valueRequired\":true,\"valueName\":\"search_term_string\"}}],\"inLanguage\":\"fr-FR\"},{\"@type\":\"Organization\",\"@id\":\"https:\\\/\\\/mediumseagreen-eel-531711.hostingersite.com\\\/#organization\",\"name\":\"Bladna News.com\",\"url\":\"https:\\\/\\\/mediumseagreen-eel-531711.hostingersite.com\\\/\",\"logo\":{\"@type\":\"ImageObject\",\"inLanguage\":\"fr-FR\",\"@id\":\"https:\\\/\\\/mediumseagreen-eel-531711.hostingersite.com\\\/#\\\/schema\\\/logo\\\/image\\\/\",\"url\":\"https:\\\/\\\/bladnanews.com\\\/wp-content\\\/uploads\\\/2025\\\/12\\\/logo-bladnanews-V2-web-black-red.png\",\"contentUrl\":\"https:\\\/\\\/bladnanews.com\\\/wp-content\\\/uploads\\\/2025\\\/12\\\/logo-bladnanews-V2-web-black-red.png\",\"width\":703,\"height\":287,\"caption\":\"Bladna News.com\"},\"image\":{\"@id\":\"https:\\\/\\\/mediumseagreen-eel-531711.hostingersite.com\\\/#\\\/schema\\\/logo\\\/image\\\/\"},\"email\":\"info@bladnanews.com\",\"legalName\":\"Bladna News\"},{\"@type\":\"Person\",\"@id\":\"https:\\\/\\\/mediumseagreen-eel-531711.hostingersite.com\\\/#\\\/schema\\\/person\\\/268e18a453ab080ebf76df6ef7845083\",\"name\":\"Bladna News Staff\",\"url\":\"https:\\\/\\\/bladnanews.com\\\/fr\\\/author\\\/bladna-news-staff\\\/\"}]}<\/script>\n<!-- \/ Yoast SEO Premium plugin. -->","yoast_head_json":{"title":"L'entra\u00eeneur des moins de 21 ans de Chelsea est excit\u00e9 \u00e0 l'id\u00e9e de remplacer Enzo Maresca avant le match contre City - Bladna News","robots":{"index":"index","follow":"follow","max-snippet":"max-snippet:-1","max-image-preview":"max-image-preview:large","max-video-preview":"max-video-preview:-1"},"canonical":"https:\/\/bladnanews.com\/fr\/lentraineur-des-moins-de-21-ans-de-chelsea-est-impatient-de-remplacer-enzo-maresca-avant-le-match-contre-city\/","og_locale":"fr_FR","og_type":"article","og_title":"Chelsea Under-21s coach excited to replace Enzo Maresca ahead of City clash","og_description":"Chelsea Under-21s coach Joe Edwards has described his new role as \u201creally enjoyable and exciting\u201d after stepping in as the [&hellip;]","og_url":"https:\/\/bladnanews.com\/fr\/lentraineur-des-moins-de-21-ans-de-chelsea-est-impatient-de-remplacer-enzo-maresca-avant-le-match-contre-city\/","og_site_name":"Bladna News","article_published_time":"2026-01-02T21:53:45+00:00","og_image":[{"width":1600,"height":900,"url":"https:\/\/bladnanews.com\/wp-content\/uploads\/2026\/01\/BladnaNews-Chelsea-Under-21s-coach-excited-to-replace-Enzo-Maresca-ahead-of-City-clash-2026-01-03T035034.058Z.jpg","type":"image\/jpeg"}],"author":"Bladna News Staff","twitter_card":"summary_large_image","twitter_misc":{"\u00c9crit par":"Bladna News Staff","Dur\u00e9e de lecture estim\u00e9e":"1 minute"},"schema":{"@context":"https:\/\/schema.org","@graph":[{"@type":"Article","@id":"https:\/\/bladnanews.com\/chelsea-under-21s-coach-excited-to-replace-enzo-maresca-ahead-of-city-clash\/#article","isPartOf":{"@id":"https:\/\/bladnanews.com\/chelsea-under-21s-coach-excited-to-replace-enzo-maresca-ahead-of-city-clash\/"},"author":{"name":"Bladna News Staff","@id":"https:\/\/mediumseagreen-eel-531711.hostingersite.com\/#\/schema\/person\/268e18a453ab080ebf76df6ef7845083"},"headline":"Chelsea Under-21s coach excited to replace Enzo Maresca ahead of City clash","datePublished":"2026-01-02T21:53:45+00:00","mainEntityOfPage":{"@id":"https:\/\/bladnanews.com\/chelsea-under-21s-coach-excited-to-replace-enzo-maresca-ahead-of-city-clash\/"},"wordCount":237,"publisher":{"@id":"https:\/\/mediumseagreen-eel-531711.hostingersite.com\/#organization"},"image":{"@id":"https:\/\/bladnanews.com\/chelsea-under-21s-coach-excited-to-replace-enzo-maresca-ahead-of-city-clash\/#primaryimage"},"thumbnailUrl":"https:\/\/bladnanews.com\/wp-content\/uploads\/2026\/01\/BladnaNews-Chelsea-Under-21s-coach-excited-to-replace-Enzo-Maresca-ahead-of-City-clash-2026-01-03T035034.058Z.jpg","articleSection":["International","Latest News"],"inLanguage":"fr-FR","copyrightYear":"2026","copyrightHolder":{"@id":"https:\/\/bladnanews.com\/fr\/#organization"}},{"@type":"WebPage","@id":"https:\/\/bladnanews.com\/chelsea-under-21s-coach-excited-to-replace-enzo-maresca-ahead-of-city-clash\/","url":"https:\/\/bladnanews.com\/chelsea-under-21s-coach-excited-to-replace-enzo-maresca-ahead-of-city-clash\/","name":"L'entra\u00eeneur des moins de 21 ans de Chelsea est excit\u00e9 \u00e0 l'id\u00e9e de remplacer Enzo Maresca avant le match contre City - Bladna News","isPartOf":{"@id":"https:\/\/mediumseagreen-eel-531711.hostingersite.com\/#website"},"primaryImageOfPage":{"@id":"https:\/\/bladnanews.com\/chelsea-under-21s-coach-excited-to-replace-enzo-maresca-ahead-of-city-clash\/#primaryimage"},"image":{"@id":"https:\/\/bladnanews.com\/chelsea-under-21s-coach-excited-to-replace-enzo-maresca-ahead-of-city-clash\/#primaryimage"},"thumbnailUrl":"https:\/\/bladnanews.com\/wp-content\/uploads\/2026\/01\/BladnaNews-Chelsea-Under-21s-coach-excited-to-replace-Enzo-Maresca-ahead-of-City-clash-2026-01-03T035034.058Z.jpg","datePublished":"2026-01-02T21:53:45+00:00","breadcrumb":{"@id":"https:\/\/bladnanews.com\/chelsea-under-21s-coach-excited-to-replace-enzo-maresca-ahead-of-city-clash\/#breadcrumb"},"inLanguage":"fr-FR","potentialAction":[{"@type":"ReadAction","target":["https:\/\/bladnanews.com\/chelsea-under-21s-coach-excited-to-replace-enzo-maresca-ahead-of-city-clash\/"]}]},{"@type":"ImageObject","inLanguage":"fr-FR","@id":"https:\/\/bladnanews.com\/chelsea-under-21s-coach-excited-to-replace-enzo-maresca-ahead-of-city-clash\/#primaryimage","url":"https:\/\/bladnanews.com\/wp-content\/uploads\/2026\/01\/BladnaNews-Chelsea-Under-21s-coach-excited-to-replace-Enzo-Maresca-ahead-of-City-clash-2026-01-03T035034.058Z.jpg","contentUrl":"https:\/\/bladnanews.com\/wp-content\/uploads\/2026\/01\/BladnaNews-Chelsea-Under-21s-coach-excited-to-replace-Enzo-Maresca-ahead-of-City-clash-2026-01-03T035034.058Z.jpg","width":1600,"height":900,"caption":"Chelsea Under-21s coach smiles at a press conference, while former coach Enzo Maresca looks thoughtful in the background, both in team attire."},{"@type":"BreadcrumbList","@id":"https:\/\/bladnanews.com\/chelsea-under-21s-coach-excited-to-replace-enzo-maresca-ahead-of-city-clash\/#breadcrumb","itemListElement":[{"@type":"ListItem","position":1,"name":"Home","item":"https:\/\/bladnanews.com\/"},{"@type":"ListItem","position":2,"name":"Chelsea Under-21s coach excited to replace Enzo Maresca ahead of City clash"}]},{"@type":"WebSite","@id":"https:\/\/mediumseagreen-eel-531711.hostingersite.com\/#website","url":"https:\/\/mediumseagreen-eel-531711.hostingersite.com\/","name":"Bladna News - Maroc","description":"Quand le football marocain rencontre le monde","publisher":{"@id":"https:\/\/mediumseagreen-eel-531711.hostingersite.com\/#organization"},"potentialAction":[{"@type":"SearchAction","target":{"@type":"EntryPoint","urlTemplate":"https:\/\/mediumseagreen-eel-531711.hostingersite.com\/?s={search_term_string}"},"query-input":{"@type":"PropertyValueSpecification","valueRequired":true,"valueName":"search_term_string"}}],"inLanguage":"fr-FR"},{"@type":"Organization","@id":"https:\/\/mediumseagreen-eel-531711.hostingersite.com\/#organization","name":"Bladna News.com","url":"https:\/\/mediumseagreen-eel-531711.hostingersite.com\/","logo":{"@type":"ImageObject","inLanguage":"fr-FR","@id":"https:\/\/mediumseagreen-eel-531711.hostingersite.com\/#\/schema\/logo\/image\/","url":"https:\/\/bladnanews.com\/wp-content\/uploads\/2025\/12\/logo-bladnanews-V2-web-black-red.png","contentUrl":"https:\/\/bladnanews.com\/wp-content\/uploads\/2025\/12\/logo-bladnanews-V2-web-black-red.png","width":703,"height":287,"caption":"Bladna News.com"},"image":{"@id":"https:\/\/mediumseagreen-eel-531711.hostingersite.com\/#\/schema\/logo\/image\/"},"email":"info@bladnanews.com","legalName":"Bladna News"},{"@type":"Person","@id":"https:\/\/mediumseagreen-eel-531711.hostingersite.com\/#\/schema\/person\/268e18a453ab080ebf76df6ef7845083","name":"\u00c9quipe r\u00e9dactionnelle de Bladna News","url":"https:\/\/bladnanews.com\/fr\/author\/bladna-news-staff\/"}]}},"_links":{"self":[{"href":"https:\/\/bladnanews.com\/fr\/wp-json\/wp\/v2\/posts\/1524","targetHints":{"allow":["GET"]}}],"collection":[{"href":"https:\/\/bladnanews.com\/fr\/wp-json\/wp\/v2\/posts"}],"about":[{"href":"https:\/\/bladnanews.com\/fr\/wp-json\/wp\/v2\/types\/post"}],"author":[{"embeddable":true,"href":"https:\/\/bladnanews.com\/fr\/wp-json\/wp\/v2\/users\/3"}],"replies":[{"embeddable":true,"href":"https:\/\/bladnanews.com\/fr\/wp-json\/wp\/v2\/comments?post=1524"}],"version-history":[{"count":0,"href":"https:\/\/bladnanews.com\/fr\/wp-json\/wp\/v2\/posts\/1524\/revisions"}],"wp:featuredmedia":[{"embeddable":true,"href":"https:\/\/bladnanews.com\/fr\/wp-json\/wp\/v2\/media\/1523"}],"wp:attachment":[{"href":"https:\/\/bladnanews.com\/fr\/wp-json\/wp\/v2\/media?parent=1524"}],"wp:term":[{"taxonomy":"category","embeddable":true,"href":"https:\/\/bladnanews.com\/fr\/wp-json\/wp\/v2\/categories?post=1524"},{"taxonomy":"post_tag","embeddable":true,"href":"https:\/\/bladnanews.com\/fr\/wp-json\/wp\/v2\/tags?post=1524"}],"curies":[{"name":"wp","href":"https:\/\/api.w.org\/{rel}","templated":true}]}}