{"id":1526,"date":"2026-01-02T22:00:49","date_gmt":"2026-01-02T22:00:49","guid":{"rendered":"https:\/\/bladnanews.com\/adidas-and-mls-reveal-official-match-ball-for-2026-season\/"},"modified":"2026-01-02T22:00:49","modified_gmt":"2026-01-02T22:00:49","slug":"adidas-et-la-mls-decouvrent-le-ballon-officiel-de-la-saison-2026","status":"publish","type":"post","link":"https:\/\/bladnanews.com\/fr\/adidas-et-la-mls-decouvrent-le-ballon-officiel-de-la-saison-2026\/","title":{"rendered":"adidas et la MLS r\u00e9v\u00e8lent le ballon officiel du match pour la saison 2026"},"content":{"rendered":"<p>adidas et la Major League Soccer ont officiellement d\u00e9voil\u00e9 le ballon officiel de la saison 2026, marquant un moment important alors que les deux parties se pr\u00e9parent \u00e0 une ann\u00e9e charni\u00e8re. Le nouveau ballon a \u00e9t\u00e9 con\u00e7u pour incarner l'esprit et l'enthousiasme de la MLS tout en pr\u00e9sentant une technologie innovante adapt\u00e9e au style de jeu de la ligue.<\/p>\n<p>Le ballon, officiellement baptis\u00e9 \u201cThe Catalyst\u201d, refl\u00e8te l'\u00e9lan croissant de la ligue qui se pr\u00e9pare \u00e0 la Coupe du monde 2026, que les \u00c9tats-Unis co-organiseront. adidas a r\u00e9v\u00e9l\u00e9 que le design met en avant des \u00e9l\u00e9ments cl\u00e9s inspir\u00e9s des villes h\u00f4tes et vise \u00e0 am\u00e9liorer les performances sur le terrain.<\/p>\n<p>En termes de technologie, \u201cThe Catalyst\u201d pr\u00e9sente une nouvelle configuration de panneaux et une surface textur\u00e9e qui am\u00e9liore l'adh\u00e9rence et le contr\u00f4le dans diverses conditions m\u00e9t\u00e9orologiques. Ces avanc\u00e9es sont destin\u00e9es \u00e0 donner aux joueurs plus de pr\u00e9cision et de confiance pendant les matchs.<\/p>\n<p>Don Garber, commissaire de la MLS, s'est montr\u00e9 enthousiaste \u00e0 propos de ce partenariat : \u201cCe ballon repr\u00e9sente une \u00e9tape importante dans l'\u00e9volution de la MLS. Il allie parfaitement tradition et innovation, alors que nous nous appr\u00eatons \u00e0 vivre une saison passionnante et \u00e0 \u00eatre sous les feux de la rampe l'ann\u00e9e prochaine.\u201d<\/p>\n<p>La r\u00e9v\u00e9lation intervient avant le coup d'envoi de la saison 2026, au cours de laquelle les \u00e9quipes s'affronteront dans le cadre d'un calendrier \u00e9largi mettant en valeur de nouveaux talents et des rencontres vari\u00e9es. adidas et la MLS ont soulign\u00e9 que \u201cThe Catalyst\u201d serait utilis\u00e9 lors de tous les matchs officiels de la ligue, renfor\u00e7ant ainsi sa pr\u00e9sence tout au long de la saison.<\/p>\n<p>Les fans et les joueurs peuvent s'attendre \u00e0 voir \u201cThe Catalyst\u201d en action d\u00e8s les premi\u00e8res rencontres, symbolisant une nouvelle \u00e8re pour la Major League Soccer et la croissance mondiale du sport.<\/p>","protected":false},"excerpt":{"rendered":"<p>adidas and Major League Soccer have officially unveiled the 2026 season\u2019s official match ball, marking a significant moment as both [&hellip;]<\/p>\n","protected":false},"author":3,"featured_media":1525,"comment_status":"","ping_status":"open","sticky":false,"template":"","format":"standard","meta":{"googlesitekit_rrm_CAow_uzEDA:productID":"","site-sidebar-layout":"default","site-content-layout":"","ast-site-content-layout":"default","site-content-style":"default","site-sidebar-style":"default","ast-global-header-display":"","ast-banner-title-visibility":"","ast-main-header-display":"","ast-hfb-above-header-display":"","ast-hfb-below-header-display":"","ast-hfb-mobile-header-display":"","site-post-title":"","ast-breadcrumbs-content":"","ast-featured-img":"","footer-sml-layout":"","ast-disable-related-posts":"","theme-transparent-header-meta":"","adv-header-id-meta":"","stick-header-meta":"","header-above-stick-meta":"","header-main-stick-meta":"","header-below-stick-meta":"","astra-migrate-meta-layouts":"default","ast-page-background-enabled":"default","ast-page-background-meta":{"desktop":{"background-color":"var(--ast-global-color-5)","background-image":"","background-repeat":"repeat","background-position":"center center","background-size":"auto","background-attachment":"scroll","background-type":"","background-media":"","overlay-type":"","overlay-color":"","overlay-opacity":"","overlay-gradient":""},"tablet":{"background-color":"","background-image":"","background-repeat":"repeat","background-position":"center center","background-size":"auto","background-attachment":"scroll","background-type":"","background-media":"","overlay-type":"","overlay-color":"","overlay-opacity":"","overlay-gradient":""},"mobile":{"background-color":"","background-image":"","background-repeat":"repeat","background-position":"center center","background-size":"auto","background-attachment":"scroll","background-type":"","background-media":"","overlay-type":"","overlay-color":"","overlay-opacity":"","overlay-gradient":""}},"ast-content-background-meta":{"desktop":{"background-color":"var(--ast-global-color-4)","background-image":"","background-repeat":"repeat","background-position":"center center","background-size":"auto","background-attachment":"scroll","background-type":"","background-media":"","overlay-type":"","overlay-color":"","overlay-opacity":"","overlay-gradient":""},"tablet":{"background-color":"var(--ast-global-color-4)","background-image":"","background-repeat":"repeat","background-position":"center center","background-size":"auto","background-attachment":"scroll","background-type":"","background-media":"","overlay-type":"","overlay-color":"","overlay-opacity":"","overlay-gradient":""},"mobile":{"background-color":"var(--ast-global-color-4)","background-image":"","background-repeat":"repeat","background-position":"center center","background-size":"auto","background-attachment":"scroll","background-type":"","background-media":"","overlay-type":"","overlay-color":"","overlay-opacity":"","overlay-gradient":""}},"footnotes":""},"categories":[20,1],"tags":[],"class_list":["post-1526","post","type-post","status-publish","format-standard","has-post-thumbnail","hentry","category-international","category-football-latest-news"],"yoast_head":"<!-- This site is optimized with the Yoast SEO Premium plugin v26.6 (Yoast SEO v27.5) - https:\/\/yoast.com\/product\/yoast-seo-premium-wordpress\/ -->\n<title>adidas and MLS reveal official match ball for 2026 season - Bladna News<\/title>\n<meta name=\"robots\" content=\"index, follow, max-snippet:-1, max-image-preview:large, max-video-preview:-1\" \/>\n<link rel=\"canonical\" href=\"https:\/\/bladnanews.com\/fr\/adidas-et-la-mls-decouvrent-le-ballon-officiel-de-la-saison-2026\/\" \/>\n<meta property=\"og:locale\" content=\"fr_FR\" \/>\n<meta property=\"og:type\" content=\"article\" \/>\n<meta property=\"og:title\" content=\"adidas and MLS reveal official match ball for 2026 season\" \/>\n<meta property=\"og:description\" content=\"adidas and Major League Soccer have officially unveiled the 2026 season\u2019s official match ball, marking a significant moment as both [&hellip;]\" \/>\n<meta property=\"og:url\" content=\"https:\/\/bladnanews.com\/fr\/adidas-et-la-mls-decouvrent-le-ballon-officiel-de-la-saison-2026\/\" \/>\n<meta property=\"og:site_name\" content=\"Bladna News\" \/>\n<meta property=\"article:published_time\" content=\"2026-01-02T22:00:49+00:00\" \/>\n<meta property=\"og:image\" content=\"https:\/\/bladnanews.com\/wp-content\/uploads\/2026\/01\/BladnaNews-adidas-and-MLS-reveal-official-match-ball-for-2026-season-2026-01-03T035046.960Z.jpg\" \/>\n\t<meta property=\"og:image:width\" content=\"697\" \/>\n\t<meta property=\"og:image:height\" content=\"392\" \/>\n\t<meta property=\"og:image:type\" content=\"image\/jpeg\" \/>\n<meta name=\"author\" content=\"Bladna News Staff\" \/>\n<meta name=\"twitter:card\" content=\"summary_large_image\" \/>\n<meta name=\"twitter:label1\" content=\"\u00c9crit par\" \/>\n\t<meta name=\"twitter:data1\" content=\"Bladna News Staff\" \/>\n\t<meta name=\"twitter:label2\" content=\"Dur\u00e9e de lecture estim\u00e9e\" \/>\n\t<meta name=\"twitter:data2\" content=\"1 minute\" \/>\n<script type=\"application\/ld+json\" class=\"yoast-schema-graph\">{\"@context\":\"https:\\\/\\\/schema.org\",\"@graph\":[{\"@type\":\"Article\",\"@id\":\"https:\\\/\\\/bladnanews.com\\\/adidas-and-mls-reveal-official-match-ball-for-2026-season\\\/#article\",\"isPartOf\":{\"@id\":\"https:\\\/\\\/bladnanews.com\\\/adidas-and-mls-reveal-official-match-ball-for-2026-season\\\/\"},\"author\":{\"name\":\"Bladna News Staff\",\"@id\":\"https:\\\/\\\/mediumseagreen-eel-531711.hostingersite.com\\\/#\\\/schema\\\/person\\\/268e18a453ab080ebf76df6ef7845083\"},\"headline\":\"adidas and MLS reveal official match ball for 2026 season\",\"datePublished\":\"2026-01-02T22:00:49+00:00\",\"mainEntityOfPage\":{\"@id\":\"https:\\\/\\\/bladnanews.com\\\/adidas-and-mls-reveal-official-match-ball-for-2026-season\\\/\"},\"wordCount\":261,\"publisher\":{\"@id\":\"https:\\\/\\\/mediumseagreen-eel-531711.hostingersite.com\\\/#organization\"},\"image\":{\"@id\":\"https:\\\/\\\/bladnanews.com\\\/adidas-and-mls-reveal-official-match-ball-for-2026-season\\\/#primaryimage\"},\"thumbnailUrl\":\"https:\\\/\\\/bladnanews.com\\\/wp-content\\\/uploads\\\/2026\\\/01\\\/BladnaNews-adidas-and-MLS-reveal-official-match-ball-for-2026-season-2026-01-03T035046.960Z.jpg\",\"articleSection\":[\"International\",\"Latest News\"],\"inLanguage\":\"fr-FR\",\"copyrightYear\":\"2026\",\"copyrightHolder\":{\"@id\":\"https:\\\/\\\/bladnanews.com\\\/fr\\\/#organization\"}},{\"@type\":\"WebPage\",\"@id\":\"https:\\\/\\\/bladnanews.com\\\/adidas-and-mls-reveal-official-match-ball-for-2026-season\\\/\",\"url\":\"https:\\\/\\\/bladnanews.com\\\/adidas-and-mls-reveal-official-match-ball-for-2026-season\\\/\",\"name\":\"adidas and MLS reveal official match ball for 2026 season - Bladna News\",\"isPartOf\":{\"@id\":\"https:\\\/\\\/mediumseagreen-eel-531711.hostingersite.com\\\/#website\"},\"primaryImageOfPage\":{\"@id\":\"https:\\\/\\\/bladnanews.com\\\/adidas-and-mls-reveal-official-match-ball-for-2026-season\\\/#primaryimage\"},\"image\":{\"@id\":\"https:\\\/\\\/bladnanews.com\\\/adidas-and-mls-reveal-official-match-ball-for-2026-season\\\/#primaryimage\"},\"thumbnailUrl\":\"https:\\\/\\\/bladnanews.com\\\/wp-content\\\/uploads\\\/2026\\\/01\\\/BladnaNews-adidas-and-MLS-reveal-official-match-ball-for-2026-season-2026-01-03T035046.960Z.jpg\",\"datePublished\":\"2026-01-02T22:00:49+00:00\",\"breadcrumb\":{\"@id\":\"https:\\\/\\\/bladnanews.com\\\/adidas-and-mls-reveal-official-match-ball-for-2026-season\\\/#breadcrumb\"},\"inLanguage\":\"fr-FR\",\"potentialAction\":[{\"@type\":\"ReadAction\",\"target\":[\"https:\\\/\\\/bladnanews.com\\\/adidas-and-mls-reveal-official-match-ball-for-2026-season\\\/\"]}]},{\"@type\":\"ImageObject\",\"inLanguage\":\"fr-FR\",\"@id\":\"https:\\\/\\\/bladnanews.com\\\/adidas-and-mls-reveal-official-match-ball-for-2026-season\\\/#primaryimage\",\"url\":\"https:\\\/\\\/bladnanews.com\\\/wp-content\\\/uploads\\\/2026\\\/01\\\/BladnaNews-adidas-and-MLS-reveal-official-match-ball-for-2026-season-2026-01-03T035046.960Z.jpg\",\"contentUrl\":\"https:\\\/\\\/bladnanews.com\\\/wp-content\\\/uploads\\\/2026\\\/01\\\/BladnaNews-adidas-and-MLS-reveal-official-match-ball-for-2026-season-2026-01-03T035046.960Z.jpg\",\"width\":697,\"height\":392,\"caption\":\"Official MLS match ball featuring a grey design with red and blue stripes, signed by Commissioner Don Garber, showcasing its unique features.\"},{\"@type\":\"BreadcrumbList\",\"@id\":\"https:\\\/\\\/bladnanews.com\\\/adidas-and-mls-reveal-official-match-ball-for-2026-season\\\/#breadcrumb\",\"itemListElement\":[{\"@type\":\"ListItem\",\"position\":1,\"name\":\"Home\",\"item\":\"https:\\\/\\\/bladnanews.com\\\/\"},{\"@type\":\"ListItem\",\"position\":2,\"name\":\"adidas and MLS reveal official match ball for 2026 season\"}]},{\"@type\":\"WebSite\",\"@id\":\"https:\\\/\\\/mediumseagreen-eel-531711.hostingersite.com\\\/#website\",\"url\":\"https:\\\/\\\/mediumseagreen-eel-531711.hostingersite.com\\\/\",\"name\":\"Bladna News - Morocco\",\"description\":\"Where Moroccan Football Meets the World\",\"publisher\":{\"@id\":\"https:\\\/\\\/mediumseagreen-eel-531711.hostingersite.com\\\/#organization\"},\"potentialAction\":[{\"@type\":\"SearchAction\",\"target\":{\"@type\":\"EntryPoint\",\"urlTemplate\":\"https:\\\/\\\/mediumseagreen-eel-531711.hostingersite.com\\\/?s={search_term_string}\"},\"query-input\":{\"@type\":\"PropertyValueSpecification\",\"valueRequired\":true,\"valueName\":\"search_term_string\"}}],\"inLanguage\":\"fr-FR\"},{\"@type\":\"Organization\",\"@id\":\"https:\\\/\\\/mediumseagreen-eel-531711.hostingersite.com\\\/#organization\",\"name\":\"Bladna News.com\",\"url\":\"https:\\\/\\\/mediumseagreen-eel-531711.hostingersite.com\\\/\",\"logo\":{\"@type\":\"ImageObject\",\"inLanguage\":\"fr-FR\",\"@id\":\"https:\\\/\\\/mediumseagreen-eel-531711.hostingersite.com\\\/#\\\/schema\\\/logo\\\/image\\\/\",\"url\":\"https:\\\/\\\/bladnanews.com\\\/wp-content\\\/uploads\\\/2025\\\/12\\\/logo-bladnanews-V2-web-black-red.png\",\"contentUrl\":\"https:\\\/\\\/bladnanews.com\\\/wp-content\\\/uploads\\\/2025\\\/12\\\/logo-bladnanews-V2-web-black-red.png\",\"width\":703,\"height\":287,\"caption\":\"Bladna News.com\"},\"image\":{\"@id\":\"https:\\\/\\\/mediumseagreen-eel-531711.hostingersite.com\\\/#\\\/schema\\\/logo\\\/image\\\/\"},\"email\":\"info@bladnanews.com\",\"legalName\":\"Bladna News\"},{\"@type\":\"Person\",\"@id\":\"https:\\\/\\\/mediumseagreen-eel-531711.hostingersite.com\\\/#\\\/schema\\\/person\\\/268e18a453ab080ebf76df6ef7845083\",\"name\":\"Bladna News Staff\",\"url\":\"https:\\\/\\\/bladnanews.com\\\/fr\\\/author\\\/bladna-news-staff\\\/\"}]}<\/script>\n<!-- \/ Yoast SEO Premium plugin. -->","yoast_head_json":{"title":"adidas et la MLS d\u00e9voilent le ballon officiel de la saison 2026 - Bladna News","robots":{"index":"index","follow":"follow","max-snippet":"max-snippet:-1","max-image-preview":"max-image-preview:large","max-video-preview":"max-video-preview:-1"},"canonical":"https:\/\/bladnanews.com\/fr\/adidas-et-la-mls-decouvrent-le-ballon-officiel-de-la-saison-2026\/","og_locale":"fr_FR","og_type":"article","og_title":"adidas and MLS reveal official match ball for 2026 season","og_description":"adidas and Major League Soccer have officially unveiled the 2026 season\u2019s official match ball, marking a significant moment as both [&hellip;]","og_url":"https:\/\/bladnanews.com\/fr\/adidas-et-la-mls-decouvrent-le-ballon-officiel-de-la-saison-2026\/","og_site_name":"Bladna News","article_published_time":"2026-01-02T22:00:49+00:00","og_image":[{"width":697,"height":392,"url":"https:\/\/bladnanews.com\/wp-content\/uploads\/2026\/01\/BladnaNews-adidas-and-MLS-reveal-official-match-ball-for-2026-season-2026-01-03T035046.960Z.jpg","type":"image\/jpeg"}],"author":"Bladna News Staff","twitter_card":"summary_large_image","twitter_misc":{"\u00c9crit par":"Bladna News Staff","Dur\u00e9e de lecture estim\u00e9e":"1 minute"},"schema":{"@context":"https:\/\/schema.org","@graph":[{"@type":"Article","@id":"https:\/\/bladnanews.com\/adidas-and-mls-reveal-official-match-ball-for-2026-season\/#article","isPartOf":{"@id":"https:\/\/bladnanews.com\/adidas-and-mls-reveal-official-match-ball-for-2026-season\/"},"author":{"name":"Bladna News Staff","@id":"https:\/\/mediumseagreen-eel-531711.hostingersite.com\/#\/schema\/person\/268e18a453ab080ebf76df6ef7845083"},"headline":"adidas and MLS reveal official match ball for 2026 season","datePublished":"2026-01-02T22:00:49+00:00","mainEntityOfPage":{"@id":"https:\/\/bladnanews.com\/adidas-and-mls-reveal-official-match-ball-for-2026-season\/"},"wordCount":261,"publisher":{"@id":"https:\/\/mediumseagreen-eel-531711.hostingersite.com\/#organization"},"image":{"@id":"https:\/\/bladnanews.com\/adidas-and-mls-reveal-official-match-ball-for-2026-season\/#primaryimage"},"thumbnailUrl":"https:\/\/bladnanews.com\/wp-content\/uploads\/2026\/01\/BladnaNews-adidas-and-MLS-reveal-official-match-ball-for-2026-season-2026-01-03T035046.960Z.jpg","articleSection":["International","Latest News"],"inLanguage":"fr-FR","copyrightYear":"2026","copyrightHolder":{"@id":"https:\/\/bladnanews.com\/fr\/#organization"}},{"@type":"WebPage","@id":"https:\/\/bladnanews.com\/adidas-and-mls-reveal-official-match-ball-for-2026-season\/","url":"https:\/\/bladnanews.com\/adidas-and-mls-reveal-official-match-ball-for-2026-season\/","name":"adidas et la MLS d\u00e9voilent le ballon officiel de la saison 2026 - Bladna News","isPartOf":{"@id":"https:\/\/mediumseagreen-eel-531711.hostingersite.com\/#website"},"primaryImageOfPage":{"@id":"https:\/\/bladnanews.com\/adidas-and-mls-reveal-official-match-ball-for-2026-season\/#primaryimage"},"image":{"@id":"https:\/\/bladnanews.com\/adidas-and-mls-reveal-official-match-ball-for-2026-season\/#primaryimage"},"thumbnailUrl":"https:\/\/bladnanews.com\/wp-content\/uploads\/2026\/01\/BladnaNews-adidas-and-MLS-reveal-official-match-ball-for-2026-season-2026-01-03T035046.960Z.jpg","datePublished":"2026-01-02T22:00:49+00:00","breadcrumb":{"@id":"https:\/\/bladnanews.com\/adidas-and-mls-reveal-official-match-ball-for-2026-season\/#breadcrumb"},"inLanguage":"fr-FR","potentialAction":[{"@type":"ReadAction","target":["https:\/\/bladnanews.com\/adidas-and-mls-reveal-official-match-ball-for-2026-season\/"]}]},{"@type":"ImageObject","inLanguage":"fr-FR","@id":"https:\/\/bladnanews.com\/adidas-and-mls-reveal-official-match-ball-for-2026-season\/#primaryimage","url":"https:\/\/bladnanews.com\/wp-content\/uploads\/2026\/01\/BladnaNews-adidas-and-MLS-reveal-official-match-ball-for-2026-season-2026-01-03T035046.960Z.jpg","contentUrl":"https:\/\/bladnanews.com\/wp-content\/uploads\/2026\/01\/BladnaNews-adidas-and-MLS-reveal-official-match-ball-for-2026-season-2026-01-03T035046.960Z.jpg","width":697,"height":392,"caption":"Official MLS match ball featuring a grey design with red and blue stripes, signed by Commissioner Don Garber, showcasing its unique features."},{"@type":"BreadcrumbList","@id":"https:\/\/bladnanews.com\/adidas-and-mls-reveal-official-match-ball-for-2026-season\/#breadcrumb","itemListElement":[{"@type":"ListItem","position":1,"name":"Home","item":"https:\/\/bladnanews.com\/"},{"@type":"ListItem","position":2,"name":"adidas and MLS reveal official match ball for 2026 season"}]},{"@type":"WebSite","@id":"https:\/\/mediumseagreen-eel-531711.hostingersite.com\/#website","url":"https:\/\/mediumseagreen-eel-531711.hostingersite.com\/","name":"Bladna News - Maroc","description":"Quand le football marocain rencontre le monde","publisher":{"@id":"https:\/\/mediumseagreen-eel-531711.hostingersite.com\/#organization"},"potentialAction":[{"@type":"SearchAction","target":{"@type":"EntryPoint","urlTemplate":"https:\/\/mediumseagreen-eel-531711.hostingersite.com\/?s={search_term_string}"},"query-input":{"@type":"PropertyValueSpecification","valueRequired":true,"valueName":"search_term_string"}}],"inLanguage":"fr-FR"},{"@type":"Organization","@id":"https:\/\/mediumseagreen-eel-531711.hostingersite.com\/#organization","name":"Bladna News.com","url":"https:\/\/mediumseagreen-eel-531711.hostingersite.com\/","logo":{"@type":"ImageObject","inLanguage":"fr-FR","@id":"https:\/\/mediumseagreen-eel-531711.hostingersite.com\/#\/schema\/logo\/image\/","url":"https:\/\/bladnanews.com\/wp-content\/uploads\/2025\/12\/logo-bladnanews-V2-web-black-red.png","contentUrl":"https:\/\/bladnanews.com\/wp-content\/uploads\/2025\/12\/logo-bladnanews-V2-web-black-red.png","width":703,"height":287,"caption":"Bladna News.com"},"image":{"@id":"https:\/\/mediumseagreen-eel-531711.hostingersite.com\/#\/schema\/logo\/image\/"},"email":"info@bladnanews.com","legalName":"Bladna News"},{"@type":"Person","@id":"https:\/\/mediumseagreen-eel-531711.hostingersite.com\/#\/schema\/person\/268e18a453ab080ebf76df6ef7845083","name":"\u00c9quipe r\u00e9dactionnelle de Bladna News","url":"https:\/\/bladnanews.com\/fr\/author\/bladna-news-staff\/"}]}},"_links":{"self":[{"href":"https:\/\/bladnanews.com\/fr\/wp-json\/wp\/v2\/posts\/1526","targetHints":{"allow":["GET"]}}],"collection":[{"href":"https:\/\/bladnanews.com\/fr\/wp-json\/wp\/v2\/posts"}],"about":[{"href":"https:\/\/bladnanews.com\/fr\/wp-json\/wp\/v2\/types\/post"}],"author":[{"embeddable":true,"href":"https:\/\/bladnanews.com\/fr\/wp-json\/wp\/v2\/users\/3"}],"replies":[{"embeddable":true,"href":"https:\/\/bladnanews.com\/fr\/wp-json\/wp\/v2\/comments?post=1526"}],"version-history":[{"count":0,"href":"https:\/\/bladnanews.com\/fr\/wp-json\/wp\/v2\/posts\/1526\/revisions"}],"wp:featuredmedia":[{"embeddable":true,"href":"https:\/\/bladnanews.com\/fr\/wp-json\/wp\/v2\/media\/1525"}],"wp:attachment":[{"href":"https:\/\/bladnanews.com\/fr\/wp-json\/wp\/v2\/media?parent=1526"}],"wp:term":[{"taxonomy":"category","embeddable":true,"href":"https:\/\/bladnanews.com\/fr\/wp-json\/wp\/v2\/categories?post=1526"},{"taxonomy":"post_tag","embeddable":true,"href":"https:\/\/bladnanews.com\/fr\/wp-json\/wp\/v2\/tags?post=1526"}],"curies":[{"name":"wp","href":"https:\/\/api.w.org\/{rel}","templated":true}]}}