{"id":1532,"date":"2026-01-03T00:00:04","date_gmt":"2026-01-03T00:00:04","guid":{"rendered":"https:\/\/bladnanews.com\/ruben-amorim-defends-formation-in-tense-exchange-with-manchester-united-boss\/"},"modified":"2026-01-03T00:00:04","modified_gmt":"2026-01-03T00:00:04","slug":"ruben-amorim-defend-la-formation-dans-un-echange-tendu-avec-le-patron-de-manchester-united","status":"publish","type":"post","link":"https:\/\/bladnanews.com\/fr\/ruben-amorim-defend-la-formation-dans-un-echange-tendu-avec-le-patron-de-manchester-united\/","title":{"rendered":"Ruben Amorim d\u00e9fend la formation dans un \u00e9change tendu avec le patron de Manchester United"},"content":{"rendered":"<p>Ruben Amorim a fermement d\u00e9fendu son approche tactique lors d'un \u00e9change tendu apr\u00e8s la victoire 3-0 du Sporting CP sur Manchester United, mercredi soir, en Ligue des champions de l'UEFA.<\/p>\n<p>Apr\u00e8s le match, des questions ont surgi concernant la formation en 3-4-3 du Sporting, un dispositif qui a sembl\u00e9 prendre les Red Devils au d\u00e9pourvu. Interrog\u00e9 pour expliquer son choix tactique, Amorim a r\u00e9pondu avec vivacit\u00e9 : \u201c Je ne veux pas parler de cela. \u201d<\/p>\n<p>Le manager de Manchester United, Erik ten Hag, a quant \u00e0 lui reconnu la difficult\u00e9 \u00e0 cerner la tactique du Sporting. Il a admis : \u201c Il est difficile de comprendre certaines choses qu'ils font, mais nous devons respecter leur plan de jeu et nous concentrer sur notre propre performance. \u201d<\/p>\n<p>La premi\u00e8re mi-temps a vu le Sporting prendre le contr\u00f4le rapidement gr\u00e2ce \u00e0 un marquage serr\u00e9 et un pressing intense. Paulinho a ouvert le score \u00e0 la 28e minute, donnant l'avantage \u00e0 l'\u00e9quipe locale. Marcus Edwards a doubl\u00e9 la mise juste avant la pause, en transformant une contre-attaque rapide \u00e0 la 43e minute.<\/p>\n<p>Malgr\u00e9 les efforts de United pour se r\u00e9organiser, le Sporting a scell\u00e9 la victoire par un but tardif de Pedro Porro \u00e0 la 87e minute. Ce r\u00e9sultat place le Sporting sur une excellente dynamique dans le Groupe E, tandis que United devra r\u00e9\u00e9valuer sa strat\u00e9gie avant les prochaines rencontres.<\/p>\n<p>Le refus d'Amorim de d\u00e9tailler ses plans tactiques a ajout\u00e9 \u00e0 l'atmosph\u00e8re d\u00e9j\u00e0 tendue entre les deux entra\u00eeneurs. Pourtant, les deux managers ont exprim\u00e9 leur respect pour les \u00e9quipes adverses, malgr\u00e9 leurs divergences de vues sur la pr\u00e9paration du match et les formations.<\/p>","protected":false},"excerpt":{"rendered":"<p>Ruben Amorim firmly defended his tactical approach in a tense exchange following Sporting CP\u2019s 3-0 victory over Manchester United in [&hellip;]<\/p>\n","protected":false},"author":3,"featured_media":1531,"comment_status":"","ping_status":"open","sticky":false,"template":"","format":"standard","meta":{"googlesitekit_rrm_CAow_uzEDA:productID":"","site-sidebar-layout":"default","site-content-layout":"","ast-site-content-layout":"default","site-content-style":"default","site-sidebar-style":"default","ast-global-header-display":"","ast-banner-title-visibility":"","ast-main-header-display":"","ast-hfb-above-header-display":"","ast-hfb-below-header-display":"","ast-hfb-mobile-header-display":"","site-post-title":"","ast-breadcrumbs-content":"","ast-featured-img":"","footer-sml-layout":"","ast-disable-related-posts":"","theme-transparent-header-meta":"","adv-header-id-meta":"","stick-header-meta":"","header-above-stick-meta":"","header-main-stick-meta":"","header-below-stick-meta":"","astra-migrate-meta-layouts":"default","ast-page-background-enabled":"default","ast-page-background-meta":{"desktop":{"background-color":"var(--ast-global-color-5)","background-image":"","background-repeat":"repeat","background-position":"center center","background-size":"auto","background-attachment":"scroll","background-type":"","background-media":"","overlay-type":"","overlay-color":"","overlay-opacity":"","overlay-gradient":""},"tablet":{"background-color":"","background-image":"","background-repeat":"repeat","background-position":"center center","background-size":"auto","background-attachment":"scroll","background-type":"","background-media":"","overlay-type":"","overlay-color":"","overlay-opacity":"","overlay-gradient":""},"mobile":{"background-color":"","background-image":"","background-repeat":"repeat","background-position":"center center","background-size":"auto","background-attachment":"scroll","background-type":"","background-media":"","overlay-type":"","overlay-color":"","overlay-opacity":"","overlay-gradient":""}},"ast-content-background-meta":{"desktop":{"background-color":"var(--ast-global-color-4)","background-image":"","background-repeat":"repeat","background-position":"center center","background-size":"auto","background-attachment":"scroll","background-type":"","background-media":"","overlay-type":"","overlay-color":"","overlay-opacity":"","overlay-gradient":""},"tablet":{"background-color":"var(--ast-global-color-4)","background-image":"","background-repeat":"repeat","background-position":"center center","background-size":"auto","background-attachment":"scroll","background-type":"","background-media":"","overlay-type":"","overlay-color":"","overlay-opacity":"","overlay-gradient":""},"mobile":{"background-color":"var(--ast-global-color-4)","background-image":"","background-repeat":"repeat","background-position":"center center","background-size":"auto","background-attachment":"scroll","background-type":"","background-media":"","overlay-type":"","overlay-color":"","overlay-opacity":"","overlay-gradient":""}},"footnotes":""},"categories":[20,1],"tags":[],"class_list":["post-1532","post","type-post","status-publish","format-standard","has-post-thumbnail","hentry","category-international","category-football-latest-news"],"yoast_head":"<!-- This site is optimized with the Yoast SEO Premium plugin v26.6 (Yoast SEO v27.5) - https:\/\/yoast.com\/product\/yoast-seo-premium-wordpress\/ -->\n<title>Ruben Amorim defends formation in tense exchange with Manchester United boss - Bladna News<\/title>\n<meta name=\"robots\" content=\"index, follow, max-snippet:-1, max-image-preview:large, max-video-preview:-1\" \/>\n<link rel=\"canonical\" href=\"https:\/\/bladnanews.com\/fr\/ruben-amorim-defend-la-formation-dans-un-echange-tendu-avec-le-patron-de-manchester-united\/\" \/>\n<meta property=\"og:locale\" content=\"fr_FR\" \/>\n<meta property=\"og:type\" content=\"article\" \/>\n<meta property=\"og:title\" content=\"Ruben Amorim defends formation in tense exchange with Manchester United boss\" \/>\n<meta property=\"og:description\" content=\"Ruben Amorim firmly defended his tactical approach in a tense exchange following Sporting CP\u2019s 3-0 victory over Manchester United in [&hellip;]\" \/>\n<meta property=\"og:url\" content=\"https:\/\/bladnanews.com\/fr\/ruben-amorim-defend-la-formation-dans-un-echange-tendu-avec-le-patron-de-manchester-united\/\" \/>\n<meta property=\"og:site_name\" content=\"Bladna News\" \/>\n<meta property=\"article:published_time\" content=\"2026-01-03T00:00:04+00:00\" \/>\n<meta property=\"og:image\" content=\"https:\/\/bladnanews.com\/wp-content\/uploads\/2026\/01\/BladnaNews-Ruben-Amorim-defends-formation-in-tense-exchange-with-Manchester-United-boss-2026-01-03T055035.968Z.jpg\" \/>\n\t<meta property=\"og:image:width\" content=\"2480\" \/>\n\t<meta property=\"og:image:height\" content=\"1395\" \/>\n\t<meta property=\"og:image:type\" content=\"image\/jpeg\" \/>\n<meta name=\"author\" content=\"Bladna News Staff\" \/>\n<meta name=\"twitter:card\" content=\"summary_large_image\" \/>\n<meta name=\"twitter:label1\" content=\"\u00c9crit par\" \/>\n\t<meta name=\"twitter:data1\" content=\"Bladna News Staff\" \/>\n\t<meta name=\"twitter:label2\" content=\"Dur\u00e9e de lecture estim\u00e9e\" \/>\n\t<meta name=\"twitter:data2\" content=\"1 minute\" \/>\n<script type=\"application\/ld+json\" class=\"yoast-schema-graph\">{\"@context\":\"https:\\\/\\\/schema.org\",\"@graph\":[{\"@type\":\"Article\",\"@id\":\"https:\\\/\\\/bladnanews.com\\\/ruben-amorim-defends-formation-in-tense-exchange-with-manchester-united-boss\\\/#article\",\"isPartOf\":{\"@id\":\"https:\\\/\\\/bladnanews.com\\\/ruben-amorim-defends-formation-in-tense-exchange-with-manchester-united-boss\\\/\"},\"author\":{\"name\":\"Bladna News Staff\",\"@id\":\"https:\\\/\\\/mediumseagreen-eel-531711.hostingersite.com\\\/#\\\/schema\\\/person\\\/268e18a453ab080ebf76df6ef7845083\"},\"headline\":\"Ruben Amorim defends formation in tense exchange with Manchester United boss\",\"datePublished\":\"2026-01-03T00:00:04+00:00\",\"mainEntityOfPage\":{\"@id\":\"https:\\\/\\\/bladnanews.com\\\/ruben-amorim-defends-formation-in-tense-exchange-with-manchester-united-boss\\\/\"},\"wordCount\":249,\"publisher\":{\"@id\":\"https:\\\/\\\/mediumseagreen-eel-531711.hostingersite.com\\\/#organization\"},\"image\":{\"@id\":\"https:\\\/\\\/bladnanews.com\\\/ruben-amorim-defends-formation-in-tense-exchange-with-manchester-united-boss\\\/#primaryimage\"},\"thumbnailUrl\":\"https:\\\/\\\/bladnanews.com\\\/wp-content\\\/uploads\\\/2026\\\/01\\\/BladnaNews-Ruben-Amorim-defends-formation-in-tense-exchange-with-Manchester-United-boss-2026-01-03T055035.968Z.jpg\",\"articleSection\":[\"International\",\"Latest News\"],\"inLanguage\":\"fr-FR\",\"copyrightYear\":\"2026\",\"copyrightHolder\":{\"@id\":\"https:\\\/\\\/bladnanews.com\\\/fr\\\/#organization\"}},{\"@type\":\"WebPage\",\"@id\":\"https:\\\/\\\/bladnanews.com\\\/ruben-amorim-defends-formation-in-tense-exchange-with-manchester-united-boss\\\/\",\"url\":\"https:\\\/\\\/bladnanews.com\\\/ruben-amorim-defends-formation-in-tense-exchange-with-manchester-united-boss\\\/\",\"name\":\"Ruben Amorim defends formation in tense exchange with Manchester United boss - Bladna News\",\"isPartOf\":{\"@id\":\"https:\\\/\\\/mediumseagreen-eel-531711.hostingersite.com\\\/#website\"},\"primaryImageOfPage\":{\"@id\":\"https:\\\/\\\/bladnanews.com\\\/ruben-amorim-defends-formation-in-tense-exchange-with-manchester-united-boss\\\/#primaryimage\"},\"image\":{\"@id\":\"https:\\\/\\\/bladnanews.com\\\/ruben-amorim-defends-formation-in-tense-exchange-with-manchester-united-boss\\\/#primaryimage\"},\"thumbnailUrl\":\"https:\\\/\\\/bladnanews.com\\\/wp-content\\\/uploads\\\/2026\\\/01\\\/BladnaNews-Ruben-Amorim-defends-formation-in-tense-exchange-with-Manchester-United-boss-2026-01-03T055035.968Z.jpg\",\"datePublished\":\"2026-01-03T00:00:04+00:00\",\"breadcrumb\":{\"@id\":\"https:\\\/\\\/bladnanews.com\\\/ruben-amorim-defends-formation-in-tense-exchange-with-manchester-united-boss\\\/#breadcrumb\"},\"inLanguage\":\"fr-FR\",\"potentialAction\":[{\"@type\":\"ReadAction\",\"target\":[\"https:\\\/\\\/bladnanews.com\\\/ruben-amorim-defends-formation-in-tense-exchange-with-manchester-united-boss\\\/\"]}]},{\"@type\":\"ImageObject\",\"inLanguage\":\"fr-FR\",\"@id\":\"https:\\\/\\\/bladnanews.com\\\/ruben-amorim-defends-formation-in-tense-exchange-with-manchester-united-boss\\\/#primaryimage\",\"url\":\"https:\\\/\\\/bladnanews.com\\\/wp-content\\\/uploads\\\/2026\\\/01\\\/BladnaNews-Ruben-Amorim-defends-formation-in-tense-exchange-with-Manchester-United-boss-2026-01-03T055035.968Z.jpg\",\"contentUrl\":\"https:\\\/\\\/bladnanews.com\\\/wp-content\\\/uploads\\\/2026\\\/01\\\/BladnaNews-Ruben-Amorim-defends-formation-in-tense-exchange-with-Manchester-United-boss-2026-01-03T055035.968Z.jpg\",\"width\":1600,\"height\":900,\"caption\":\"Ruben Amorim passionately gestures on the sidelines in a puffy black jacket, as Manchester United fans watch during a tense match.\"},{\"@type\":\"BreadcrumbList\",\"@id\":\"https:\\\/\\\/bladnanews.com\\\/ruben-amorim-defends-formation-in-tense-exchange-with-manchester-united-boss\\\/#breadcrumb\",\"itemListElement\":[{\"@type\":\"ListItem\",\"position\":1,\"name\":\"Home\",\"item\":\"https:\\\/\\\/bladnanews.com\\\/\"},{\"@type\":\"ListItem\",\"position\":2,\"name\":\"Ruben Amorim defends formation in tense exchange with Manchester United boss\"}]},{\"@type\":\"WebSite\",\"@id\":\"https:\\\/\\\/mediumseagreen-eel-531711.hostingersite.com\\\/#website\",\"url\":\"https:\\\/\\\/mediumseagreen-eel-531711.hostingersite.com\\\/\",\"name\":\"Bladna News - Morocco\",\"description\":\"Where Moroccan Football Meets the World\",\"publisher\":{\"@id\":\"https:\\\/\\\/mediumseagreen-eel-531711.hostingersite.com\\\/#organization\"},\"potentialAction\":[{\"@type\":\"SearchAction\",\"target\":{\"@type\":\"EntryPoint\",\"urlTemplate\":\"https:\\\/\\\/mediumseagreen-eel-531711.hostingersite.com\\\/?s={search_term_string}\"},\"query-input\":{\"@type\":\"PropertyValueSpecification\",\"valueRequired\":true,\"valueName\":\"search_term_string\"}}],\"inLanguage\":\"fr-FR\"},{\"@type\":\"Organization\",\"@id\":\"https:\\\/\\\/mediumseagreen-eel-531711.hostingersite.com\\\/#organization\",\"name\":\"Bladna News.com\",\"url\":\"https:\\\/\\\/mediumseagreen-eel-531711.hostingersite.com\\\/\",\"logo\":{\"@type\":\"ImageObject\",\"inLanguage\":\"fr-FR\",\"@id\":\"https:\\\/\\\/mediumseagreen-eel-531711.hostingersite.com\\\/#\\\/schema\\\/logo\\\/image\\\/\",\"url\":\"https:\\\/\\\/bladnanews.com\\\/wp-content\\\/uploads\\\/2025\\\/12\\\/logo-bladnanews-V2-web-black-red.png\",\"contentUrl\":\"https:\\\/\\\/bladnanews.com\\\/wp-content\\\/uploads\\\/2025\\\/12\\\/logo-bladnanews-V2-web-black-red.png\",\"width\":703,\"height\":287,\"caption\":\"Bladna News.com\"},\"image\":{\"@id\":\"https:\\\/\\\/mediumseagreen-eel-531711.hostingersite.com\\\/#\\\/schema\\\/logo\\\/image\\\/\"},\"email\":\"info@bladnanews.com\",\"legalName\":\"Bladna News\"},{\"@type\":\"Person\",\"@id\":\"https:\\\/\\\/mediumseagreen-eel-531711.hostingersite.com\\\/#\\\/schema\\\/person\\\/268e18a453ab080ebf76df6ef7845083\",\"name\":\"Bladna News Staff\",\"url\":\"https:\\\/\\\/bladnanews.com\\\/fr\\\/author\\\/bladna-news-staff\\\/\"}]}<\/script>\n<!-- \/ Yoast SEO Premium plugin. -->","yoast_head_json":{"title":"Ruben Amorim d\u00e9fend la formation dans un \u00e9change tendu avec le patron de Manchester United - Bladna News","robots":{"index":"index","follow":"follow","max-snippet":"max-snippet:-1","max-image-preview":"max-image-preview:large","max-video-preview":"max-video-preview:-1"},"canonical":"https:\/\/bladnanews.com\/fr\/ruben-amorim-defend-la-formation-dans-un-echange-tendu-avec-le-patron-de-manchester-united\/","og_locale":"fr_FR","og_type":"article","og_title":"Ruben Amorim defends formation in tense exchange with Manchester United boss","og_description":"Ruben Amorim firmly defended his tactical approach in a tense exchange following Sporting CP\u2019s 3-0 victory over Manchester United in [&hellip;]","og_url":"https:\/\/bladnanews.com\/fr\/ruben-amorim-defend-la-formation-dans-un-echange-tendu-avec-le-patron-de-manchester-united\/","og_site_name":"Bladna News","article_published_time":"2026-01-03T00:00:04+00:00","og_image":[{"width":2480,"height":1395,"url":"https:\/\/bladnanews.com\/wp-content\/uploads\/2026\/01\/BladnaNews-Ruben-Amorim-defends-formation-in-tense-exchange-with-Manchester-United-boss-2026-01-03T055035.968Z.jpg","type":"image\/jpeg"}],"author":"Bladna News Staff","twitter_card":"summary_large_image","twitter_misc":{"\u00c9crit par":"Bladna News Staff","Dur\u00e9e de lecture estim\u00e9e":"1 minute"},"schema":{"@context":"https:\/\/schema.org","@graph":[{"@type":"Article","@id":"https:\/\/bladnanews.com\/ruben-amorim-defends-formation-in-tense-exchange-with-manchester-united-boss\/#article","isPartOf":{"@id":"https:\/\/bladnanews.com\/ruben-amorim-defends-formation-in-tense-exchange-with-manchester-united-boss\/"},"author":{"name":"Bladna News Staff","@id":"https:\/\/mediumseagreen-eel-531711.hostingersite.com\/#\/schema\/person\/268e18a453ab080ebf76df6ef7845083"},"headline":"Ruben Amorim defends formation in tense exchange with Manchester United boss","datePublished":"2026-01-03T00:00:04+00:00","mainEntityOfPage":{"@id":"https:\/\/bladnanews.com\/ruben-amorim-defends-formation-in-tense-exchange-with-manchester-united-boss\/"},"wordCount":249,"publisher":{"@id":"https:\/\/mediumseagreen-eel-531711.hostingersite.com\/#organization"},"image":{"@id":"https:\/\/bladnanews.com\/ruben-amorim-defends-formation-in-tense-exchange-with-manchester-united-boss\/#primaryimage"},"thumbnailUrl":"https:\/\/bladnanews.com\/wp-content\/uploads\/2026\/01\/BladnaNews-Ruben-Amorim-defends-formation-in-tense-exchange-with-Manchester-United-boss-2026-01-03T055035.968Z.jpg","articleSection":["International","Latest News"],"inLanguage":"fr-FR","copyrightYear":"2026","copyrightHolder":{"@id":"https:\/\/bladnanews.com\/fr\/#organization"}},{"@type":"WebPage","@id":"https:\/\/bladnanews.com\/ruben-amorim-defends-formation-in-tense-exchange-with-manchester-united-boss\/","url":"https:\/\/bladnanews.com\/ruben-amorim-defends-formation-in-tense-exchange-with-manchester-united-boss\/","name":"Ruben Amorim d\u00e9fend la formation dans un \u00e9change tendu avec le patron de Manchester United - Bladna News","isPartOf":{"@id":"https:\/\/mediumseagreen-eel-531711.hostingersite.com\/#website"},"primaryImageOfPage":{"@id":"https:\/\/bladnanews.com\/ruben-amorim-defends-formation-in-tense-exchange-with-manchester-united-boss\/#primaryimage"},"image":{"@id":"https:\/\/bladnanews.com\/ruben-amorim-defends-formation-in-tense-exchange-with-manchester-united-boss\/#primaryimage"},"thumbnailUrl":"https:\/\/bladnanews.com\/wp-content\/uploads\/2026\/01\/BladnaNews-Ruben-Amorim-defends-formation-in-tense-exchange-with-Manchester-United-boss-2026-01-03T055035.968Z.jpg","datePublished":"2026-01-03T00:00:04+00:00","breadcrumb":{"@id":"https:\/\/bladnanews.com\/ruben-amorim-defends-formation-in-tense-exchange-with-manchester-united-boss\/#breadcrumb"},"inLanguage":"fr-FR","potentialAction":[{"@type":"ReadAction","target":["https:\/\/bladnanews.com\/ruben-amorim-defends-formation-in-tense-exchange-with-manchester-united-boss\/"]}]},{"@type":"ImageObject","inLanguage":"fr-FR","@id":"https:\/\/bladnanews.com\/ruben-amorim-defends-formation-in-tense-exchange-with-manchester-united-boss\/#primaryimage","url":"https:\/\/bladnanews.com\/wp-content\/uploads\/2026\/01\/BladnaNews-Ruben-Amorim-defends-formation-in-tense-exchange-with-Manchester-United-boss-2026-01-03T055035.968Z.jpg","contentUrl":"https:\/\/bladnanews.com\/wp-content\/uploads\/2026\/01\/BladnaNews-Ruben-Amorim-defends-formation-in-tense-exchange-with-Manchester-United-boss-2026-01-03T055035.968Z.jpg","width":1600,"height":900,"caption":"Ruben Amorim passionately gestures on the sidelines in a puffy black jacket, as Manchester United fans watch during a tense match."},{"@type":"BreadcrumbList","@id":"https:\/\/bladnanews.com\/ruben-amorim-defends-formation-in-tense-exchange-with-manchester-united-boss\/#breadcrumb","itemListElement":[{"@type":"ListItem","position":1,"name":"Home","item":"https:\/\/bladnanews.com\/"},{"@type":"ListItem","position":2,"name":"Ruben Amorim defends formation in tense exchange with Manchester United boss"}]},{"@type":"WebSite","@id":"https:\/\/mediumseagreen-eel-531711.hostingersite.com\/#website","url":"https:\/\/mediumseagreen-eel-531711.hostingersite.com\/","name":"Bladna News - Maroc","description":"Quand le football marocain rencontre le monde","publisher":{"@id":"https:\/\/mediumseagreen-eel-531711.hostingersite.com\/#organization"},"potentialAction":[{"@type":"SearchAction","target":{"@type":"EntryPoint","urlTemplate":"https:\/\/mediumseagreen-eel-531711.hostingersite.com\/?s={search_term_string}"},"query-input":{"@type":"PropertyValueSpecification","valueRequired":true,"valueName":"search_term_string"}}],"inLanguage":"fr-FR"},{"@type":"Organization","@id":"https:\/\/mediumseagreen-eel-531711.hostingersite.com\/#organization","name":"Bladna News.com","url":"https:\/\/mediumseagreen-eel-531711.hostingersite.com\/","logo":{"@type":"ImageObject","inLanguage":"fr-FR","@id":"https:\/\/mediumseagreen-eel-531711.hostingersite.com\/#\/schema\/logo\/image\/","url":"https:\/\/bladnanews.com\/wp-content\/uploads\/2025\/12\/logo-bladnanews-V2-web-black-red.png","contentUrl":"https:\/\/bladnanews.com\/wp-content\/uploads\/2025\/12\/logo-bladnanews-V2-web-black-red.png","width":703,"height":287,"caption":"Bladna News.com"},"image":{"@id":"https:\/\/mediumseagreen-eel-531711.hostingersite.com\/#\/schema\/logo\/image\/"},"email":"info@bladnanews.com","legalName":"Bladna News"},{"@type":"Person","@id":"https:\/\/mediumseagreen-eel-531711.hostingersite.com\/#\/schema\/person\/268e18a453ab080ebf76df6ef7845083","name":"\u00c9quipe r\u00e9dactionnelle de Bladna News","url":"https:\/\/bladnanews.com\/fr\/author\/bladna-news-staff\/"}]}},"_links":{"self":[{"href":"https:\/\/bladnanews.com\/fr\/wp-json\/wp\/v2\/posts\/1532","targetHints":{"allow":["GET"]}}],"collection":[{"href":"https:\/\/bladnanews.com\/fr\/wp-json\/wp\/v2\/posts"}],"about":[{"href":"https:\/\/bladnanews.com\/fr\/wp-json\/wp\/v2\/types\/post"}],"author":[{"embeddable":true,"href":"https:\/\/bladnanews.com\/fr\/wp-json\/wp\/v2\/users\/3"}],"replies":[{"embeddable":true,"href":"https:\/\/bladnanews.com\/fr\/wp-json\/wp\/v2\/comments?post=1532"}],"version-history":[{"count":0,"href":"https:\/\/bladnanews.com\/fr\/wp-json\/wp\/v2\/posts\/1532\/revisions"}],"wp:featuredmedia":[{"embeddable":true,"href":"https:\/\/bladnanews.com\/fr\/wp-json\/wp\/v2\/media\/1531"}],"wp:attachment":[{"href":"https:\/\/bladnanews.com\/fr\/wp-json\/wp\/v2\/media?parent=1532"}],"wp:term":[{"taxonomy":"category","embeddable":true,"href":"https:\/\/bladnanews.com\/fr\/wp-json\/wp\/v2\/categories?post=1532"},{"taxonomy":"post_tag","embeddable":true,"href":"https:\/\/bladnanews.com\/fr\/wp-json\/wp\/v2\/tags?post=1532"}],"curies":[{"name":"wp","href":"https:\/\/api.w.org\/{rel}","templated":true}]}}