{"id":1534,"date":"2026-01-03T06:00:00","date_gmt":"2026-01-03T06:00:00","guid":{"rendered":"https:\/\/bladnanews.com\/neil-el-aynaoui-becomes-key-but-quiet-force-for-morocco\/"},"modified":"2026-01-03T06:00:00","modified_gmt":"2026-01-03T06:00:00","slug":"neil-el-aynaoui-devient-une-force-cle-mais-discrete-pour-le-maroc","status":"publish","type":"post","link":"https:\/\/bladnanews.com\/fr\/neil-el-aynaoui-devient-une-force-cle-mais-discrete-pour-le-maroc\/","title":{"rendered":"Neil El Aynaoui devient une force cl\u00e9 mais discr\u00e8te pour le Maroc"},"content":{"rendered":"<p>Neil El Aynaoui devient progressivement une force cl\u00e9 mais discr\u00e8te pour le Maroc. Le milieu de terrain ne cherche pas les projecteurs, mais son influence devient de plus en plus difficile \u00e0 ignorer alors qu'il continue de se d\u00e9velopper en une partie importante de l'\u00e9quipe.<\/p>\n<p>El Aynaoui apporte \u00e9quilibre et contr\u00f4le au milieu du terrain. Il garde les choses simples, remporte des duels et aide le Maroc \u00e0 faire avancer le ballon sans prendre de risques inutiles. Ce n'est pas toujours le genre de travail qui se distingue dans les moments forts, mais cela compte \u00e0 chaque phase du jeu.<\/p>\n<p>Ce qui a \u00e9galement \u00e9t\u00e9 r\u00e9v\u00e9l\u00e9, c'est qu'El Aynaoui a fait un choix clair pour le Maroc. Cette d\u00e9cision confirme o\u00f9 se situe son avenir international et explique pourquoi il est d\u00e9sormais de plus en plus consid\u00e9r\u00e9 comme un joueur autour duquel l'\u00e9quipe nationale peut se construire.<\/p>\n<p>Son style correspond aux besoins actuels de l'\u00e9quipe. Le Maroc dispose de nombreux talents offensifs, et la pr\u00e9sence calme d'El Aynaoui permet aux autres de jouer avec plus de libert\u00e9. Il maintient la structure, lit le danger t\u00f4t et offre une option fiable en possession.<\/p>\n<p>Au sein du groupe, il est per\u00e7u comme quelqu'un qui fait son travail sans bruit. Cette mentalit\u00e9 discr\u00e8te se refl\u00e8te dans ses performances : concentr\u00e9, disciplin\u00e9 et constant. Pas \u00e0 pas, El Aynaoui devient l'un des joueurs qui font fonctionner l'\u00e9quipe, m\u00eame lorsque l'attention se porte ailleurs.<\/p>\n<p>Le Maroc gagne un milieu de terrain qui ne capte peut-\u00eatre pas toujours les gros titres, mais dont l'importance grandit \u00e0 chaque apparition. Pour El Aynaoui, les progr\u00e8s sont clairs : il n'est plus seulement un talent en arri\u00e8re-plan, mais un moteur constant au c\u0153ur de l'\u00e9quipe.<\/p>","protected":false},"excerpt":{"rendered":"<p>Neil El Aynaoui is steadily growing into a key but quiet force for Morocco. The midfielder does not seek the [&hellip;]<\/p>\n","protected":false},"author":4,"featured_media":1533,"comment_status":"","ping_status":"open","sticky":false,"template":"","format":"standard","meta":{"googlesitekit_rrm_CAow_uzEDA:productID":"","site-sidebar-layout":"default","site-content-layout":"","ast-site-content-layout":"default","site-content-style":"default","site-sidebar-style":"default","ast-global-header-display":"","ast-banner-title-visibility":"","ast-main-header-display":"","ast-hfb-above-header-display":"","ast-hfb-below-header-display":"","ast-hfb-mobile-header-display":"","site-post-title":"","ast-breadcrumbs-content":"","ast-featured-img":"","footer-sml-layout":"","ast-disable-related-posts":"","theme-transparent-header-meta":"","adv-header-id-meta":"","stick-header-meta":"","header-above-stick-meta":"","header-main-stick-meta":"","header-below-stick-meta":"","astra-migrate-meta-layouts":"default","ast-page-background-enabled":"default","ast-page-background-meta":{"desktop":{"background-color":"var(--ast-global-color-5)","background-image":"","background-repeat":"repeat","background-position":"center center","background-size":"auto","background-attachment":"scroll","background-type":"","background-media":"","overlay-type":"","overlay-color":"","overlay-opacity":"","overlay-gradient":""},"tablet":{"background-color":"","background-image":"","background-repeat":"repeat","background-position":"center center","background-size":"auto","background-attachment":"scroll","background-type":"","background-media":"","overlay-type":"","overlay-color":"","overlay-opacity":"","overlay-gradient":""},"mobile":{"background-color":"","background-image":"","background-repeat":"repeat","background-position":"center center","background-size":"auto","background-attachment":"scroll","background-type":"","background-media":"","overlay-type":"","overlay-color":"","overlay-opacity":"","overlay-gradient":""}},"ast-content-background-meta":{"desktop":{"background-color":"var(--ast-global-color-4)","background-image":"","background-repeat":"repeat","background-position":"center center","background-size":"auto","background-attachment":"scroll","background-type":"","background-media":"","overlay-type":"","overlay-color":"","overlay-opacity":"","overlay-gradient":""},"tablet":{"background-color":"var(--ast-global-color-4)","background-image":"","background-repeat":"repeat","background-position":"center center","background-size":"auto","background-attachment":"scroll","background-type":"","background-media":"","overlay-type":"","overlay-color":"","overlay-opacity":"","overlay-gradient":""},"mobile":{"background-color":"var(--ast-global-color-4)","background-image":"","background-repeat":"repeat","background-position":"center center","background-size":"auto","background-attachment":"scroll","background-type":"","background-media":"","overlay-type":"","overlay-color":"","overlay-opacity":"","overlay-gradient":""}},"footnotes":""},"categories":[1,168],"tags":[],"class_list":["post-1534","post","type-post","status-publish","format-standard","has-post-thumbnail","hentry","category-football-latest-news","category-morocco-national-team"],"yoast_head":"<!-- This site is optimized with the Yoast SEO Premium plugin v26.6 (Yoast SEO v27.5) - https:\/\/yoast.com\/product\/yoast-seo-premium-wordpress\/ -->\n<title>Neil El Aynaoui becomes key but quiet force for Morocco - Bladna News<\/title>\n<meta name=\"robots\" content=\"index, follow, max-snippet:-1, max-image-preview:large, max-video-preview:-1\" \/>\n<link rel=\"canonical\" href=\"https:\/\/bladnanews.com\/fr\/neil-el-aynaoui-devient-une-force-cle-mais-discrete-pour-le-maroc\/\" \/>\n<meta property=\"og:locale\" content=\"fr_FR\" \/>\n<meta property=\"og:type\" content=\"article\" \/>\n<meta property=\"og:title\" content=\"Neil El Aynaoui becomes key but quiet force for Morocco\" \/>\n<meta property=\"og:description\" content=\"Neil El Aynaoui is steadily growing into a key but quiet force for Morocco. The midfielder does not seek the [&hellip;]\" \/>\n<meta property=\"og:url\" content=\"https:\/\/bladnanews.com\/fr\/neil-el-aynaoui-devient-une-force-cle-mais-discrete-pour-le-maroc\/\" \/>\n<meta property=\"og:site_name\" content=\"Bladna News\" \/>\n<meta property=\"article:published_time\" content=\"2026-01-03T06:00:00+00:00\" \/>\n<meta property=\"og:image\" content=\"https:\/\/bladnanews.com\/wp-content\/uploads\/2026\/01\/neil-el-aynaoui-middenvelder-marokkaans-elftal.webp\" \/>\n\t<meta property=\"og:image:width\" content=\"1200\" \/>\n\t<meta property=\"og:image:height\" content=\"750\" \/>\n\t<meta property=\"og:image:type\" content=\"image\/webp\" \/>\n<meta name=\"author\" content=\"Bladna Sports Desk\" \/>\n<meta name=\"twitter:card\" content=\"summary_large_image\" \/>\n<meta name=\"twitter:label1\" content=\"\u00c9crit par\" \/>\n\t<meta name=\"twitter:data1\" content=\"Bladna Sports Desk\" \/>\n\t<meta name=\"twitter:label2\" content=\"Dur\u00e9e de lecture estim\u00e9e\" \/>\n\t<meta name=\"twitter:data2\" content=\"1 minute\" \/>\n<script type=\"application\/ld+json\" class=\"yoast-schema-graph\">{\"@context\":\"https:\\\/\\\/schema.org\",\"@graph\":[{\"@type\":\"Article\",\"@id\":\"https:\\\/\\\/bladnanews.com\\\/neil-el-aynaoui-becomes-key-but-quiet-force-for-morocco\\\/#article\",\"isPartOf\":{\"@id\":\"https:\\\/\\\/bladnanews.com\\\/neil-el-aynaoui-becomes-key-but-quiet-force-for-morocco\\\/\"},\"author\":{\"name\":\"Bladna Sports Desk\",\"@id\":\"https:\\\/\\\/mediumseagreen-eel-531711.hostingersite.com\\\/#\\\/schema\\\/person\\\/6712b38fabe810f7eb8d15ed30d90f1e\"},\"headline\":\"Neil El Aynaoui becomes key but quiet force for Morocco\",\"datePublished\":\"2026-01-03T06:00:00+00:00\",\"mainEntityOfPage\":{\"@id\":\"https:\\\/\\\/bladnanews.com\\\/neil-el-aynaoui-becomes-key-but-quiet-force-for-morocco\\\/\"},\"wordCount\":282,\"publisher\":{\"@id\":\"https:\\\/\\\/mediumseagreen-eel-531711.hostingersite.com\\\/#organization\"},\"image\":{\"@id\":\"https:\\\/\\\/bladnanews.com\\\/neil-el-aynaoui-becomes-key-but-quiet-force-for-morocco\\\/#primaryimage\"},\"thumbnailUrl\":\"https:\\\/\\\/bladnanews.com\\\/wp-content\\\/uploads\\\/2026\\\/01\\\/neil-el-aynaoui-middenvelder-marokkaans-elftal.webp\",\"articleSection\":[\"Latest News\",\"Morocco National Team\"],\"inLanguage\":\"fr-FR\",\"copyrightYear\":\"2026\",\"copyrightHolder\":{\"@id\":\"https:\\\/\\\/bladnanews.com\\\/fr\\\/#organization\"}},{\"@type\":\"WebPage\",\"@id\":\"https:\\\/\\\/bladnanews.com\\\/neil-el-aynaoui-becomes-key-but-quiet-force-for-morocco\\\/\",\"url\":\"https:\\\/\\\/bladnanews.com\\\/neil-el-aynaoui-becomes-key-but-quiet-force-for-morocco\\\/\",\"name\":\"Neil El Aynaoui becomes key but quiet force for Morocco - Bladna News\",\"isPartOf\":{\"@id\":\"https:\\\/\\\/mediumseagreen-eel-531711.hostingersite.com\\\/#website\"},\"primaryImageOfPage\":{\"@id\":\"https:\\\/\\\/bladnanews.com\\\/neil-el-aynaoui-becomes-key-but-quiet-force-for-morocco\\\/#primaryimage\"},\"image\":{\"@id\":\"https:\\\/\\\/bladnanews.com\\\/neil-el-aynaoui-becomes-key-but-quiet-force-for-morocco\\\/#primaryimage\"},\"thumbnailUrl\":\"https:\\\/\\\/bladnanews.com\\\/wp-content\\\/uploads\\\/2026\\\/01\\\/neil-el-aynaoui-middenvelder-marokkaans-elftal.webp\",\"datePublished\":\"2026-01-03T06:00:00+00:00\",\"breadcrumb\":{\"@id\":\"https:\\\/\\\/bladnanews.com\\\/neil-el-aynaoui-becomes-key-but-quiet-force-for-morocco\\\/#breadcrumb\"},\"inLanguage\":\"fr-FR\",\"potentialAction\":[{\"@type\":\"ReadAction\",\"target\":[\"https:\\\/\\\/bladnanews.com\\\/neil-el-aynaoui-becomes-key-but-quiet-force-for-morocco\\\/\"]}]},{\"@type\":\"ImageObject\",\"inLanguage\":\"fr-FR\",\"@id\":\"https:\\\/\\\/bladnanews.com\\\/neil-el-aynaoui-becomes-key-but-quiet-force-for-morocco\\\/#primaryimage\",\"url\":\"https:\\\/\\\/bladnanews.com\\\/wp-content\\\/uploads\\\/2026\\\/01\\\/neil-el-aynaoui-middenvelder-marokkaans-elftal.webp\",\"contentUrl\":\"https:\\\/\\\/bladnanews.com\\\/wp-content\\\/uploads\\\/2026\\\/01\\\/neil-el-aynaoui-middenvelder-marokkaans-elftal.webp\",\"width\":1200,\"height\":750,\"caption\":\"Neil El Aynaoui in Morocco's white kit with green accents, looking pensive during a match, reflects the intensity of competition.\"},{\"@type\":\"BreadcrumbList\",\"@id\":\"https:\\\/\\\/bladnanews.com\\\/neil-el-aynaoui-becomes-key-but-quiet-force-for-morocco\\\/#breadcrumb\",\"itemListElement\":[{\"@type\":\"ListItem\",\"position\":1,\"name\":\"Home\",\"item\":\"https:\\\/\\\/bladnanews.com\\\/\"},{\"@type\":\"ListItem\",\"position\":2,\"name\":\"Neil El Aynaoui becomes key but quiet force for Morocco\"}]},{\"@type\":\"WebSite\",\"@id\":\"https:\\\/\\\/mediumseagreen-eel-531711.hostingersite.com\\\/#website\",\"url\":\"https:\\\/\\\/mediumseagreen-eel-531711.hostingersite.com\\\/\",\"name\":\"Bladna News - Morocco\",\"description\":\"Where Moroccan Football Meets the World\",\"publisher\":{\"@id\":\"https:\\\/\\\/mediumseagreen-eel-531711.hostingersite.com\\\/#organization\"},\"potentialAction\":[{\"@type\":\"SearchAction\",\"target\":{\"@type\":\"EntryPoint\",\"urlTemplate\":\"https:\\\/\\\/mediumseagreen-eel-531711.hostingersite.com\\\/?s={search_term_string}\"},\"query-input\":{\"@type\":\"PropertyValueSpecification\",\"valueRequired\":true,\"valueName\":\"search_term_string\"}}],\"inLanguage\":\"fr-FR\"},{\"@type\":\"Organization\",\"@id\":\"https:\\\/\\\/mediumseagreen-eel-531711.hostingersite.com\\\/#organization\",\"name\":\"Bladna News.com\",\"url\":\"https:\\\/\\\/mediumseagreen-eel-531711.hostingersite.com\\\/\",\"logo\":{\"@type\":\"ImageObject\",\"inLanguage\":\"fr-FR\",\"@id\":\"https:\\\/\\\/mediumseagreen-eel-531711.hostingersite.com\\\/#\\\/schema\\\/logo\\\/image\\\/\",\"url\":\"https:\\\/\\\/bladnanews.com\\\/wp-content\\\/uploads\\\/2025\\\/12\\\/logo-bladnanews-V2-web-black-red.png\",\"contentUrl\":\"https:\\\/\\\/bladnanews.com\\\/wp-content\\\/uploads\\\/2025\\\/12\\\/logo-bladnanews-V2-web-black-red.png\",\"width\":703,\"height\":287,\"caption\":\"Bladna News.com\"},\"image\":{\"@id\":\"https:\\\/\\\/mediumseagreen-eel-531711.hostingersite.com\\\/#\\\/schema\\\/logo\\\/image\\\/\"},\"email\":\"info@bladnanews.com\",\"legalName\":\"Bladna News\"},{\"@type\":\"Person\",\"@id\":\"https:\\\/\\\/mediumseagreen-eel-531711.hostingersite.com\\\/#\\\/schema\\\/person\\\/6712b38fabe810f7eb8d15ed30d90f1e\",\"name\":\"Bladna Sports Desk\",\"url\":\"https:\\\/\\\/bladnanews.com\\\/fr\\\/author\\\/bladna-sports-desk\\\/\"}]}<\/script>\n<!-- \/ Yoast SEO Premium plugin. -->","yoast_head_json":{"title":"Neil El Aynaoui devient une force cl\u00e9 mais discr\u00e8te pour le Maroc - Bladna News","robots":{"index":"index","follow":"follow","max-snippet":"max-snippet:-1","max-image-preview":"max-image-preview:large","max-video-preview":"max-video-preview:-1"},"canonical":"https:\/\/bladnanews.com\/fr\/neil-el-aynaoui-devient-une-force-cle-mais-discrete-pour-le-maroc\/","og_locale":"fr_FR","og_type":"article","og_title":"Neil El Aynaoui becomes key but quiet force for Morocco","og_description":"Neil El Aynaoui is steadily growing into a key but quiet force for Morocco. The midfielder does not seek the [&hellip;]","og_url":"https:\/\/bladnanews.com\/fr\/neil-el-aynaoui-devient-une-force-cle-mais-discrete-pour-le-maroc\/","og_site_name":"Bladna News","article_published_time":"2026-01-03T06:00:00+00:00","og_image":[{"width":1200,"height":750,"url":"https:\/\/bladnanews.com\/wp-content\/uploads\/2026\/01\/neil-el-aynaoui-middenvelder-marokkaans-elftal.webp","type":"image\/webp"}],"author":"Bladna Sports Desk","twitter_card":"summary_large_image","twitter_misc":{"\u00c9crit par":"Bladna Sports Desk","Dur\u00e9e de lecture estim\u00e9e":"1 minute"},"schema":{"@context":"https:\/\/schema.org","@graph":[{"@type":"Article","@id":"https:\/\/bladnanews.com\/neil-el-aynaoui-becomes-key-but-quiet-force-for-morocco\/#article","isPartOf":{"@id":"https:\/\/bladnanews.com\/neil-el-aynaoui-becomes-key-but-quiet-force-for-morocco\/"},"author":{"name":"Bladna Sports Desk","@id":"https:\/\/mediumseagreen-eel-531711.hostingersite.com\/#\/schema\/person\/6712b38fabe810f7eb8d15ed30d90f1e"},"headline":"Neil El Aynaoui becomes key but quiet force for Morocco","datePublished":"2026-01-03T06:00:00+00:00","mainEntityOfPage":{"@id":"https:\/\/bladnanews.com\/neil-el-aynaoui-becomes-key-but-quiet-force-for-morocco\/"},"wordCount":282,"publisher":{"@id":"https:\/\/mediumseagreen-eel-531711.hostingersite.com\/#organization"},"image":{"@id":"https:\/\/bladnanews.com\/neil-el-aynaoui-becomes-key-but-quiet-force-for-morocco\/#primaryimage"},"thumbnailUrl":"https:\/\/bladnanews.com\/wp-content\/uploads\/2026\/01\/neil-el-aynaoui-middenvelder-marokkaans-elftal.webp","articleSection":["Latest News","Morocco National Team"],"inLanguage":"fr-FR","copyrightYear":"2026","copyrightHolder":{"@id":"https:\/\/bladnanews.com\/fr\/#organization"}},{"@type":"WebPage","@id":"https:\/\/bladnanews.com\/neil-el-aynaoui-becomes-key-but-quiet-force-for-morocco\/","url":"https:\/\/bladnanews.com\/neil-el-aynaoui-becomes-key-but-quiet-force-for-morocco\/","name":"Neil El Aynaoui devient une force cl\u00e9 mais discr\u00e8te pour le Maroc - Bladna News","isPartOf":{"@id":"https:\/\/mediumseagreen-eel-531711.hostingersite.com\/#website"},"primaryImageOfPage":{"@id":"https:\/\/bladnanews.com\/neil-el-aynaoui-becomes-key-but-quiet-force-for-morocco\/#primaryimage"},"image":{"@id":"https:\/\/bladnanews.com\/neil-el-aynaoui-becomes-key-but-quiet-force-for-morocco\/#primaryimage"},"thumbnailUrl":"https:\/\/bladnanews.com\/wp-content\/uploads\/2026\/01\/neil-el-aynaoui-middenvelder-marokkaans-elftal.webp","datePublished":"2026-01-03T06:00:00+00:00","breadcrumb":{"@id":"https:\/\/bladnanews.com\/neil-el-aynaoui-becomes-key-but-quiet-force-for-morocco\/#breadcrumb"},"inLanguage":"fr-FR","potentialAction":[{"@type":"ReadAction","target":["https:\/\/bladnanews.com\/neil-el-aynaoui-becomes-key-but-quiet-force-for-morocco\/"]}]},{"@type":"ImageObject","inLanguage":"fr-FR","@id":"https:\/\/bladnanews.com\/neil-el-aynaoui-becomes-key-but-quiet-force-for-morocco\/#primaryimage","url":"https:\/\/bladnanews.com\/wp-content\/uploads\/2026\/01\/neil-el-aynaoui-middenvelder-marokkaans-elftal.webp","contentUrl":"https:\/\/bladnanews.com\/wp-content\/uploads\/2026\/01\/neil-el-aynaoui-middenvelder-marokkaans-elftal.webp","width":1200,"height":750,"caption":"Neil El Aynaoui in Morocco's white kit with green accents, looking pensive during a match, reflects the intensity of competition."},{"@type":"BreadcrumbList","@id":"https:\/\/bladnanews.com\/neil-el-aynaoui-becomes-key-but-quiet-force-for-morocco\/#breadcrumb","itemListElement":[{"@type":"ListItem","position":1,"name":"Home","item":"https:\/\/bladnanews.com\/"},{"@type":"ListItem","position":2,"name":"Neil El Aynaoui becomes key but quiet force for Morocco"}]},{"@type":"WebSite","@id":"https:\/\/mediumseagreen-eel-531711.hostingersite.com\/#website","url":"https:\/\/mediumseagreen-eel-531711.hostingersite.com\/","name":"Bladna News - Maroc","description":"Quand le football marocain rencontre le monde","publisher":{"@id":"https:\/\/mediumseagreen-eel-531711.hostingersite.com\/#organization"},"potentialAction":[{"@type":"SearchAction","target":{"@type":"EntryPoint","urlTemplate":"https:\/\/mediumseagreen-eel-531711.hostingersite.com\/?s={search_term_string}"},"query-input":{"@type":"PropertyValueSpecification","valueRequired":true,"valueName":"search_term_string"}}],"inLanguage":"fr-FR"},{"@type":"Organization","@id":"https:\/\/mediumseagreen-eel-531711.hostingersite.com\/#organization","name":"Bladna News.com","url":"https:\/\/mediumseagreen-eel-531711.hostingersite.com\/","logo":{"@type":"ImageObject","inLanguage":"fr-FR","@id":"https:\/\/mediumseagreen-eel-531711.hostingersite.com\/#\/schema\/logo\/image\/","url":"https:\/\/bladnanews.com\/wp-content\/uploads\/2025\/12\/logo-bladnanews-V2-web-black-red.png","contentUrl":"https:\/\/bladnanews.com\/wp-content\/uploads\/2025\/12\/logo-bladnanews-V2-web-black-red.png","width":703,"height":287,"caption":"Bladna News.com"},"image":{"@id":"https:\/\/mediumseagreen-eel-531711.hostingersite.com\/#\/schema\/logo\/image\/"},"email":"info@bladnanews.com","legalName":"Bladna News"},{"@type":"Person","@id":"https:\/\/mediumseagreen-eel-531711.hostingersite.com\/#\/schema\/person\/6712b38fabe810f7eb8d15ed30d90f1e","name":"Bladna Sports Desk","url":"https:\/\/bladnanews.com\/fr\/author\/bladna-sports-desk\/"}]}},"_links":{"self":[{"href":"https:\/\/bladnanews.com\/fr\/wp-json\/wp\/v2\/posts\/1534","targetHints":{"allow":["GET"]}}],"collection":[{"href":"https:\/\/bladnanews.com\/fr\/wp-json\/wp\/v2\/posts"}],"about":[{"href":"https:\/\/bladnanews.com\/fr\/wp-json\/wp\/v2\/types\/post"}],"author":[{"embeddable":true,"href":"https:\/\/bladnanews.com\/fr\/wp-json\/wp\/v2\/users\/4"}],"replies":[{"embeddable":true,"href":"https:\/\/bladnanews.com\/fr\/wp-json\/wp\/v2\/comments?post=1534"}],"version-history":[{"count":0,"href":"https:\/\/bladnanews.com\/fr\/wp-json\/wp\/v2\/posts\/1534\/revisions"}],"wp:featuredmedia":[{"embeddable":true,"href":"https:\/\/bladnanews.com\/fr\/wp-json\/wp\/v2\/media\/1533"}],"wp:attachment":[{"href":"https:\/\/bladnanews.com\/fr\/wp-json\/wp\/v2\/media?parent=1534"}],"wp:term":[{"taxonomy":"category","embeddable":true,"href":"https:\/\/bladnanews.com\/fr\/wp-json\/wp\/v2\/categories?post=1534"},{"taxonomy":"post_tag","embeddable":true,"href":"https:\/\/bladnanews.com\/fr\/wp-json\/wp\/v2\/tags?post=1534"}],"curies":[{"name":"wp","href":"https:\/\/api.w.org\/{rel}","templated":true}]}}